{"id":51661,"date":"2021-07-20T08:21:16","date_gmt":"2021-07-20T11:21:16","guid":{"rendered":"https:\/\/dana.com.br\/canaldana\/?p=51661"},"modified":"2021-07-20T08:21:16","modified_gmt":"2021-07-20T11:21:16","slug":"retorno-da-producao-de-modelos-populares-deve-demorar","status":"publish","type":"post","link":"https:\/\/dana.com.br\/canaldana\/2021\/07\/20\/retorno-da-producao-de-modelos-populares-deve-demorar\/","title":{"rendered":"Retorno da produ\u00e7\u00e3o de modelos populares deve demorar"},"content":{"rendered":"<p><em>O Estado de S. Paulo<\/em><\/p>\n<p>&nbsp;<\/p>\n<p>A ruptura provocada pela escassez de chips atingiu a ind\u00fastria automotiva de forma indiscriminada, gerando perdas de US$ 100 bilh\u00f5es, segundo estimativas da consultoria KPMG. Ao menos 5 milh\u00f5es de ve\u00edculos deixar\u00e3o de ser produzidos neste ano, calcula a Boston Consulting Group (BCG). No Brasil, estima-se que at\u00e9 120 mil unidades tenham deixado de ser fabricadas no primeiro semestre.<\/p>\n<p>&nbsp;<\/p>\n<p>Nesse quadro de alta seletividade na fabrica\u00e7\u00e3o, o Brasil tem a desvantagem de seu parque produtivo depender de modelos que n\u00e3o est\u00e3o, no momento, na lista de prioridades. Eles devem ser os \u00faltimos a voltar a uma produ\u00e7\u00e3o sem restri\u00e7\u00f5es.<\/p>\n<p>&nbsp;<\/p>\n<p>Os planos de produ\u00e7\u00e3o das montadoras na Am\u00e9rica do Sul, onde o Brasil \u00e9 o principal produtor, est\u00e3o mais comprometidos do que os de fabricantes da Europa. Essa \u00e9 uma das conclus\u00f5es extra\u00eddas do estudo da BCG usado como base na estimativa feita recentemente pela Anfavea, a associa\u00e7\u00e3o da ind\u00fastria nacional de ve\u00edculos, de que o Brasil j\u00e1 deixou de produzir neste ano entre 100 mil e 120 mil ve\u00edculos por falta de pe\u00e7as.<\/p>\n<p>&nbsp;<\/p>\n<p>Segundo estima a BCG com base em dados do segundo trimestre, a falta de eletr\u00f4nicos impediu 14% da produ\u00e7\u00e3o planejada por montadoras sul-americanas. Na Europa, as f\u00e1bricas deixam de produzir 9% do volume esperado. S\u00f3 na Am\u00e9rica do Norte, onde as paralisa\u00e7\u00f5es tamb\u00e9m viraram rotina, o impacto \u00e9 maior do que aqui: 20% do total previsto.<\/p>\n<p>&nbsp;<\/p>\n<p>Na avalia\u00e7\u00e3o do consultor Paulo Cardamone, da Bright Consulting, al\u00e9m de os pr\u00f3prios fornecedores de semicondutores privilegiarem a ind\u00fastria de tecnologia, em detrimento das montadoras, a cadeia automotiva direciona as mat\u00e9rias-primas para os produtos mais rent\u00e1veis. Nessa din\u00e2mica, modelos populares v\u00e3o para o fim da fila. \u201cN\u00e3o s\u00f3 no Brasil, mas em todo o mundo, esse tipo de produto ser\u00e1 o \u00faltimo a voltar\u201d, diz o consultor.<\/p>\n<p>&nbsp;<\/p>\n<p>Segundo Besaliel Botelho, presidente da Bosch, grupo que fornece sistemas eletr\u00f4nicos para as montadoras, a cadeia de suprimentos costuma evitar que apenas um ou poucos clientes fiquem com todo o volume dispon\u00edvel. No entanto, a escolha de quais carros ser\u00e3o produzidos \u00e9 uma decis\u00e3o individual das montadoras. \u201cEstamos numa situa\u00e7\u00e3o em que o cobertor ficou mais curto para todo mundo\u201d, diz Botelho. (Frota &amp; Cia\/\u00c9poca Neg\u00f3cios)<\/p>\n","protected":false},"excerpt":{"rendered":"<p>O Estado de S. Paulo &nbsp; A ruptura provocada pela escassez de chips atingiu a ind\u00fastria automotiva de forma indiscriminada, gerando perdas de US$ 100 bilh\u00f5es, segundo estimativas da consultoria KPMG. Ao menos 5 milh\u00f5es de ve\u00edculos deixar\u00e3o de ser produzidos neste ano, calcula a Boston Consulting Group (BCG). No Brasil, estima-se que at\u00e9 120\u2026 <a class=\"readmore\" href=\"https:\/\/dana.com.br\/canaldana\/2021\/07\/20\/retorno-da-producao-de-modelos-populares-deve-demorar\/\">Leia mais \u00bb<\/a><\/p>\n","protected":false},"author":3,"featured_media":0,"comment_status":"closed","ping_status":"closed","sticky":false,"template":"","format":"standard","meta":{"_acf_changed":false,"footnotes":""},"categories":[79],"tags":[],"class_list":["post-51661","post","type-post","status-publish","format-standard","hentry","category-mercado"],"acf":[],"yoast_head":"<!-- This site is optimized with the Yoast SEO plugin v27.3 - https:\/\/yoast.com\/product\/yoast-seo-wordpress\/ -->\n<title>Retorno da produ\u00e7\u00e3o de modelos populares deve demorar - Canal Dana<\/title>\n<meta name=\"robots\" content=\"index, follow, max-snippet:-1, max-image-preview:large, max-video-preview:-1\" \/>\n<link rel=\"canonical\" href=\"https:\/\/dana.com.br\/canaldana\/2021\/07\/20\/retorno-da-producao-de-modelos-populares-deve-demorar\/\" \/>\n<meta property=\"og:locale\" content=\"pt_BR\" \/>\n<meta property=\"og:type\" content=\"article\" \/>\n<meta property=\"og:title\" content=\"Retorno da produ\u00e7\u00e3o de modelos populares deve demorar - Canal Dana\" \/>\n<meta property=\"og:description\" content=\"O Estado de S. Paulo &nbsp; A ruptura provocada pela escassez de chips atingiu a ind\u00fastria automotiva de forma indiscriminada, gerando perdas de US$ 100 bilh\u00f5es, segundo estimativas da consultoria KPMG. Ao menos 5 milh\u00f5es de ve\u00edculos deixar\u00e3o de ser produzidos neste ano, calcula a Boston Consulting Group (BCG). No Brasil, estima-se que at\u00e9 120\u2026 Leia mais \u00bb\" \/>\n<meta property=\"og:url\" content=\"https:\/\/dana.com.br\/canaldana\/2021\/07\/20\/retorno-da-producao-de-modelos-populares-deve-demorar\/\" \/>\n<meta property=\"og:site_name\" content=\"Canal Dana\" \/>\n<meta property=\"article:published_time\" content=\"2021-07-20T11:21:16+00:00\" \/>\n<meta name=\"author\" content=\"Canal Dana\" \/>\n<meta name=\"twitter:card\" content=\"summary_large_image\" \/>\n<meta name=\"twitter:label1\" content=\"Escrito por\" \/>\n\t<meta name=\"twitter:data1\" content=\"Canal Dana\" \/>\n\t<meta name=\"twitter:label2\" content=\"Est. tempo de leitura\" \/>\n\t<meta name=\"twitter:data2\" content=\"2 minutos\" \/>\n<script type=\"application\/ld+json\" class=\"yoast-schema-graph\">{\"@context\":\"https:\\\/\\\/schema.org\",\"@graph\":[{\"@type\":\"Article\",\"@id\":\"https:\\\/\\\/dana.com.br\\\/canaldana\\\/2021\\\/07\\\/20\\\/retorno-da-producao-de-modelos-populares-deve-demorar\\\/#article\",\"isPartOf\":{\"@id\":\"https:\\\/\\\/dana.com.br\\\/canaldana\\\/2021\\\/07\\\/20\\\/retorno-da-producao-de-modelos-populares-deve-demorar\\\/\"},\"author\":{\"name\":\"Canal Dana\",\"@id\":\"https:\\\/\\\/dana.com.br\\\/canaldana\\\/#\\\/schema\\\/person\\\/3c21f22f56fcf3bc46b94bc60ea4fef6\"},\"headline\":\"Retorno da produ\u00e7\u00e3o de modelos populares deve demorar\",\"datePublished\":\"2021-07-20T11:21:16+00:00\",\"mainEntityOfPage\":{\"@id\":\"https:\\\/\\\/dana.com.br\\\/canaldana\\\/2021\\\/07\\\/20\\\/retorno-da-producao-de-modelos-populares-deve-demorar\\\/\"},\"wordCount\":412,\"articleSection\":[\"Mercado\"],\"inLanguage\":\"pt-BR\"},{\"@type\":\"WebPage\",\"@id\":\"https:\\\/\\\/dana.com.br\\\/canaldana\\\/2021\\\/07\\\/20\\\/retorno-da-producao-de-modelos-populares-deve-demorar\\\/\",\"url\":\"https:\\\/\\\/dana.com.br\\\/canaldana\\\/2021\\\/07\\\/20\\\/retorno-da-producao-de-modelos-populares-deve-demorar\\\/\",\"name\":\"Retorno da produ\u00e7\u00e3o de modelos populares deve demorar - Canal Dana\",\"isPartOf\":{\"@id\":\"https:\\\/\\\/dana.com.br\\\/canaldana\\\/#website\"},\"datePublished\":\"2021-07-20T11:21:16+00:00\",\"author\":{\"@id\":\"https:\\\/\\\/dana.com.br\\\/canaldana\\\/#\\\/schema\\\/person\\\/3c21f22f56fcf3bc46b94bc60ea4fef6\"},\"breadcrumb\":{\"@id\":\"https:\\\/\\\/dana.com.br\\\/canaldana\\\/2021\\\/07\\\/20\\\/retorno-da-producao-de-modelos-populares-deve-demorar\\\/#breadcrumb\"},\"inLanguage\":\"pt-BR\",\"potentialAction\":[{\"@type\":\"ReadAction\",\"target\":[\"https:\\\/\\\/dana.com.br\\\/canaldana\\\/2021\\\/07\\\/20\\\/retorno-da-producao-de-modelos-populares-deve-demorar\\\/\"]}]},{\"@type\":\"BreadcrumbList\",\"@id\":\"https:\\\/\\\/dana.com.br\\\/canaldana\\\/2021\\\/07\\\/20\\\/retorno-da-producao-de-modelos-populares-deve-demorar\\\/#breadcrumb\",\"itemListElement\":[{\"@type\":\"ListItem\",\"position\":1,\"name\":\"Home\",\"item\":\"https:\\\/\\\/dana.com.br\\\/canaldana\\\/\"},{\"@type\":\"ListItem\",\"position\":2,\"name\":\"Mercado\",\"item\":\"https:\\\/\\\/dana.com.br\\\/canaldana\\\/mercado\\\/\"},{\"@type\":\"ListItem\",\"position\":3,\"name\":\"Retorno da produ\u00e7\u00e3o de modelos populares deve demorar\"}]},{\"@type\":\"WebSite\",\"@id\":\"https:\\\/\\\/dana.com.br\\\/canaldana\\\/#website\",\"url\":\"https:\\\/\\\/dana.com.br\\\/canaldana\\\/\",\"name\":\"Canal Dana\",\"description\":\"Informativo com as principais not\u00edcias da ind\u00fastria automotiva\",\"potentialAction\":[{\"@type\":\"SearchAction\",\"target\":{\"@type\":\"EntryPoint\",\"urlTemplate\":\"https:\\\/\\\/dana.com.br\\\/canaldana\\\/?s={search_term_string}\"},\"query-input\":{\"@type\":\"PropertyValueSpecification\",\"valueRequired\":true,\"valueName\":\"search_term_string\"}}],\"inLanguage\":\"pt-BR\"},{\"@type\":\"Person\",\"@id\":\"https:\\\/\\\/dana.com.br\\\/canaldana\\\/#\\\/schema\\\/person\\\/3c21f22f56fcf3bc46b94bc60ea4fef6\",\"name\":\"Canal Dana\",\"image\":{\"@type\":\"ImageObject\",\"inLanguage\":\"pt-BR\",\"@id\":\"https:\\\/\\\/secure.gravatar.com\\\/avatar\\\/420aaf9278582877d9018637c6817617705899d2858d7572ef0fe59a6b6454b4?s=96&d=mm&r=g\",\"url\":\"https:\\\/\\\/secure.gravatar.com\\\/avatar\\\/420aaf9278582877d9018637c6817617705899d2858d7572ef0fe59a6b6454b4?s=96&d=mm&r=g\",\"contentUrl\":\"https:\\\/\\\/secure.gravatar.com\\\/avatar\\\/420aaf9278582877d9018637c6817617705899d2858d7572ef0fe59a6b6454b4?s=96&d=mm&r=g\",\"caption\":\"Canal Dana\"},\"url\":\"https:\\\/\\\/dana.com.br\\\/canaldana\\\/author\\\/cdeditor\\\/\"}]}<\/script>\n<!-- \/ Yoast SEO plugin. -->","yoast_head_json":{"title":"Retorno da produ\u00e7\u00e3o de modelos populares deve demorar - Canal Dana","robots":{"index":"index","follow":"follow","max-snippet":"max-snippet:-1","max-image-preview":"max-image-preview:large","max-video-preview":"max-video-preview:-1"},"canonical":"https:\/\/dana.com.br\/canaldana\/2021\/07\/20\/retorno-da-producao-de-modelos-populares-deve-demorar\/","og_locale":"pt_BR","og_type":"article","og_title":"Retorno da produ\u00e7\u00e3o de modelos populares deve demorar - Canal Dana","og_description":"O Estado de S. Paulo &nbsp; A ruptura provocada pela escassez de chips atingiu a ind\u00fastria automotiva de forma indiscriminada, gerando perdas de US$ 100 bilh\u00f5es, segundo estimativas da consultoria KPMG. Ao menos 5 milh\u00f5es de ve\u00edculos deixar\u00e3o de ser produzidos neste ano, calcula a Boston Consulting Group (BCG). No Brasil, estima-se que at\u00e9 120\u2026 Leia mais \u00bb","og_url":"https:\/\/dana.com.br\/canaldana\/2021\/07\/20\/retorno-da-producao-de-modelos-populares-deve-demorar\/","og_site_name":"Canal Dana","article_published_time":"2021-07-20T11:21:16+00:00","author":"Canal Dana","twitter_card":"summary_large_image","twitter_misc":{"Escrito por":"Canal Dana","Est. tempo de leitura":"2 minutos"},"schema":{"@context":"https:\/\/schema.org","@graph":[{"@type":"Article","@id":"https:\/\/dana.com.br\/canaldana\/2021\/07\/20\/retorno-da-producao-de-modelos-populares-deve-demorar\/#article","isPartOf":{"@id":"https:\/\/dana.com.br\/canaldana\/2021\/07\/20\/retorno-da-producao-de-modelos-populares-deve-demorar\/"},"author":{"name":"Canal Dana","@id":"https:\/\/dana.com.br\/canaldana\/#\/schema\/person\/3c21f22f56fcf3bc46b94bc60ea4fef6"},"headline":"Retorno da produ\u00e7\u00e3o de modelos populares deve demorar","datePublished":"2021-07-20T11:21:16+00:00","mainEntityOfPage":{"@id":"https:\/\/dana.com.br\/canaldana\/2021\/07\/20\/retorno-da-producao-de-modelos-populares-deve-demorar\/"},"wordCount":412,"articleSection":["Mercado"],"inLanguage":"pt-BR"},{"@type":"WebPage","@id":"https:\/\/dana.com.br\/canaldana\/2021\/07\/20\/retorno-da-producao-de-modelos-populares-deve-demorar\/","url":"https:\/\/dana.com.br\/canaldana\/2021\/07\/20\/retorno-da-producao-de-modelos-populares-deve-demorar\/","name":"Retorno da produ\u00e7\u00e3o de modelos populares deve demorar - Canal Dana","isPartOf":{"@id":"https:\/\/dana.com.br\/canaldana\/#website"},"datePublished":"2021-07-20T11:21:16+00:00","author":{"@id":"https:\/\/dana.com.br\/canaldana\/#\/schema\/person\/3c21f22f56fcf3bc46b94bc60ea4fef6"},"breadcrumb":{"@id":"https:\/\/dana.com.br\/canaldana\/2021\/07\/20\/retorno-da-producao-de-modelos-populares-deve-demorar\/#breadcrumb"},"inLanguage":"pt-BR","potentialAction":[{"@type":"ReadAction","target":["https:\/\/dana.com.br\/canaldana\/2021\/07\/20\/retorno-da-producao-de-modelos-populares-deve-demorar\/"]}]},{"@type":"BreadcrumbList","@id":"https:\/\/dana.com.br\/canaldana\/2021\/07\/20\/retorno-da-producao-de-modelos-populares-deve-demorar\/#breadcrumb","itemListElement":[{"@type":"ListItem","position":1,"name":"Home","item":"https:\/\/dana.com.br\/canaldana\/"},{"@type":"ListItem","position":2,"name":"Mercado","item":"https:\/\/dana.com.br\/canaldana\/mercado\/"},{"@type":"ListItem","position":3,"name":"Retorno da produ\u00e7\u00e3o de modelos populares deve demorar"}]},{"@type":"WebSite","@id":"https:\/\/dana.com.br\/canaldana\/#website","url":"https:\/\/dana.com.br\/canaldana\/","name":"Canal Dana","description":"Informativo com as principais not\u00edcias da ind\u00fastria automotiva","potentialAction":[{"@type":"SearchAction","target":{"@type":"EntryPoint","urlTemplate":"https:\/\/dana.com.br\/canaldana\/?s={search_term_string}"},"query-input":{"@type":"PropertyValueSpecification","valueRequired":true,"valueName":"search_term_string"}}],"inLanguage":"pt-BR"},{"@type":"Person","@id":"https:\/\/dana.com.br\/canaldana\/#\/schema\/person\/3c21f22f56fcf3bc46b94bc60ea4fef6","name":"Canal Dana","image":{"@type":"ImageObject","inLanguage":"pt-BR","@id":"https:\/\/secure.gravatar.com\/avatar\/420aaf9278582877d9018637c6817617705899d2858d7572ef0fe59a6b6454b4?s=96&d=mm&r=g","url":"https:\/\/secure.gravatar.com\/avatar\/420aaf9278582877d9018637c6817617705899d2858d7572ef0fe59a6b6454b4?s=96&d=mm&r=g","contentUrl":"https:\/\/secure.gravatar.com\/avatar\/420aaf9278582877d9018637c6817617705899d2858d7572ef0fe59a6b6454b4?s=96&d=mm&r=g","caption":"Canal Dana"},"url":"https:\/\/dana.com.br\/canaldana\/author\/cdeditor\/"}]}},"_links":{"self":[{"href":"https:\/\/dana.com.br\/canaldana\/wp-json\/wp\/v2\/posts\/51661","targetHints":{"allow":["GET"]}}],"collection":[{"href":"https:\/\/dana.com.br\/canaldana\/wp-json\/wp\/v2\/posts"}],"about":[{"href":"https:\/\/dana.com.br\/canaldana\/wp-json\/wp\/v2\/types\/post"}],"author":[{"embeddable":true,"href":"https:\/\/dana.com.br\/canaldana\/wp-json\/wp\/v2\/users\/3"}],"replies":[{"embeddable":true,"href":"https:\/\/dana.com.br\/canaldana\/wp-json\/wp\/v2\/comments?post=51661"}],"version-history":[{"count":0,"href":"https:\/\/dana.com.br\/canaldana\/wp-json\/wp\/v2\/posts\/51661\/revisions"}],"wp:attachment":[{"href":"https:\/\/dana.com.br\/canaldana\/wp-json\/wp\/v2\/media?parent=51661"}],"wp:term":[{"taxonomy":"category","embeddable":true,"href":"https:\/\/dana.com.br\/canaldana\/wp-json\/wp\/v2\/categories?post=51661"},{"taxonomy":"post_tag","embeddable":true,"href":"https:\/\/dana.com.br\/canaldana\/wp-json\/wp\/v2\/tags?post=51661"}],"curies":[{"name":"wp","href":"https:\/\/api.w.org\/{rel}","templated":true}]}}