{"id":51645,"date":"2021-07-20T08:12:48","date_gmt":"2021-07-20T11:12:48","guid":{"rendered":"https:\/\/dana.com.br\/canaldana\/?p=51645"},"modified":"2021-07-20T08:12:48","modified_gmt":"2021-07-20T11:12:48","slug":"conheca-a-tecnologia-eletrica-da-vw-caminhoes-e-onibus","status":"publish","type":"post","link":"https:\/\/dana.com.br\/canaldana\/2021\/07\/20\/conheca-a-tecnologia-eletrica-da-vw-caminhoes-e-onibus\/","title":{"rendered":"Conhe\u00e7a a tecnologia el\u00e9trica da VW Caminh\u00f5es e \u00d4nibus"},"content":{"rendered":"<p><em>Revista Torque<\/em><\/p>\n<p>&nbsp;<\/p>\n<p>Do que \u00e9 feito um caminh\u00e3o el\u00e9trico? Certamente muita tecnologia embarcada. Na dire\u00e7\u00e3o, o intuito da Volkswagen Caminh\u00f5es e \u00d4nibus \u00e9 propiciar uma experi\u00eancia muito pr\u00f3xima da vers\u00e3o diesel da fam\u00edlia Delivery, consagrada como uma das preferidas do mercado. No entanto, no funcionamento, os componentes atuam de forma bastante diferente.<\/p>\n<p>&nbsp;<\/p>\n<p>S\u00e3o v\u00e1rios os sistemas inteligentes por tr\u00e1s da opera\u00e7\u00e3o que trocam informa\u00e7\u00f5es entre si quase instantaneamente. A atividade desses componentes come\u00e7a assim que o motorista liga o ve\u00edculo e o comando chega \u00e0 central de controle, que interpreta a mensagem de que \u00e9 preciso ativar a bateria de alta tens\u00e3o para o e-Delivery come\u00e7ar a rodar.<\/p>\n<p>&nbsp;<\/p>\n<p>Esses dados s\u00e3o compartilhados com o sistema de gerenciamento da bateria, que funciona como um guardi\u00e3o e controla seu ritmo de opera\u00e7\u00e3o. Da\u00ed a energia segue para a central de distribui\u00e7\u00e3o, que a compartilha com todos os demais componentes de alta tens\u00e3o, como o inversor de tra\u00e7\u00e3o do motor el\u00e9trico, que \u00e9 respons\u00e1vel pelo comando de pot\u00eancia e torque do ve\u00edculo.<\/p>\n<p>&nbsp;<\/p>\n<p>Quando o motor entra em a\u00e7\u00e3o, a for\u00e7a dele no e-Delivery vai diretamente para o card\u00e3, que distribui para o eixo trativo do caminh\u00e3o, sem uso de transmiss\u00e3o. A partir desse momento, \u00e9 como em qualquer caminh\u00e3o: as rodas do e-Delivery come\u00e7am a girar e o ve\u00edculo el\u00e9trico inicia sua opera\u00e7\u00e3o. Parece um longo caminho, mas tudo acontece de forma imediata e com muita intelig\u00eancia para a m\u00e1xima efici\u00eancia.<\/p>\n<p>&nbsp;<\/p>\n<p>Todo o projeto do e-Delivery foi constru\u00eddo ao redor das baterias, em m\u00f3dulos, numa verdadeira arquitetura flex\u00edvel. Esse design concebido pela engenharia da marca no Brasil \u00e9 \u00fanico e patenteado, com um melhor aproveitamento do chassi para comportar a tecnologia el\u00e9trica de forma inovadora.<\/p>\n<p>&nbsp;<\/p>\n<p>\u00c9 um novo conceito para caminh\u00e3o el\u00e9trico. Nesta configura\u00e7\u00e3o em m\u00f3dulos, a parte frontal acondiciona cabine e auxiliares. Entre os eixos, ficam as baterias, trabalhando essa dist\u00e2ncia para maximizar a \u00e1rea de estoque da energia. Por fim, est\u00e1 o trem de for\u00e7a: trata-se de um caminh\u00e3o com motor el\u00e9trico de tra\u00e7\u00e3o posicionado na traseira do ve\u00edculo, uma novidade no mercado. Toda essa arquitetura supera o desafio de disponibilizar uma capacidade energ\u00e9tica sob medida \u00e0 aplica\u00e7\u00e3o dos clientes, com robustez e confiabilidade.<\/p>\n<p>&nbsp;<\/p>\n<p><strong>Veja o v\u00eddeo:<\/strong> <a href=\"https:\/\/vwtbpress.com\/noticia\/bem-vindo-a-tecnologia-eletrica-da-vw-caminhoes-e-onibus\" target=\"_blank\" rel=\"noopener noreferrer\">https:\/\/vwtbpress.com\/noticia\/bem-vindo-a-tecnologia-eletrica-da-vw-caminhoes-e-onibus<\/a> (Revista Torque)<\/p>\n","protected":false},"excerpt":{"rendered":"<p>Revista Torque &nbsp; Do que \u00e9 feito um caminh\u00e3o el\u00e9trico? Certamente muita tecnologia embarcada. Na dire\u00e7\u00e3o, o intuito da Volkswagen Caminh\u00f5es e \u00d4nibus \u00e9 propiciar uma experi\u00eancia muito pr\u00f3xima da vers\u00e3o diesel da fam\u00edlia Delivery, consagrada como uma das preferidas do mercado. No entanto, no funcionamento, os componentes atuam de forma bastante diferente. &nbsp; S\u00e3o\u2026 <a class=\"readmore\" href=\"https:\/\/dana.com.br\/canaldana\/2021\/07\/20\/conheca-a-tecnologia-eletrica-da-vw-caminhoes-e-onibus\/\">Leia mais \u00bb<\/a><\/p>\n","protected":false},"author":3,"featured_media":0,"comment_status":"closed","ping_status":"closed","sticky":false,"template":"","format":"standard","meta":{"_acf_changed":false,"footnotes":""},"categories":[110],"tags":[],"class_list":["post-51645","post","type-post","status-publish","format-standard","hentry","category-eletricos"],"acf":[],"yoast_head":"<!-- This site is optimized with the Yoast SEO plugin v27.3 - https:\/\/yoast.com\/product\/yoast-seo-wordpress\/ -->\n<title>Conhe\u00e7a a tecnologia el\u00e9trica da VW Caminh\u00f5es e \u00d4nibus - Canal Dana<\/title>\n<meta name=\"robots\" content=\"index, follow, max-snippet:-1, max-image-preview:large, max-video-preview:-1\" \/>\n<link rel=\"canonical\" href=\"https:\/\/dana.com.br\/canaldana\/2021\/07\/20\/conheca-a-tecnologia-eletrica-da-vw-caminhoes-e-onibus\/\" \/>\n<meta property=\"og:locale\" content=\"pt_BR\" \/>\n<meta property=\"og:type\" content=\"article\" \/>\n<meta property=\"og:title\" content=\"Conhe\u00e7a a tecnologia el\u00e9trica da VW Caminh\u00f5es e \u00d4nibus - Canal Dana\" \/>\n<meta property=\"og:description\" content=\"Revista Torque &nbsp; Do que \u00e9 feito um caminh\u00e3o el\u00e9trico? Certamente muita tecnologia embarcada. Na dire\u00e7\u00e3o, o intuito da Volkswagen Caminh\u00f5es e \u00d4nibus \u00e9 propiciar uma experi\u00eancia muito pr\u00f3xima da vers\u00e3o diesel da fam\u00edlia Delivery, consagrada como uma das preferidas do mercado. No entanto, no funcionamento, os componentes atuam de forma bastante diferente. &nbsp; S\u00e3o\u2026 Leia mais \u00bb\" \/>\n<meta property=\"og:url\" content=\"https:\/\/dana.com.br\/canaldana\/2021\/07\/20\/conheca-a-tecnologia-eletrica-da-vw-caminhoes-e-onibus\/\" \/>\n<meta property=\"og:site_name\" content=\"Canal Dana\" \/>\n<meta property=\"article:published_time\" content=\"2021-07-20T11:12:48+00:00\" \/>\n<meta name=\"author\" content=\"Canal Dana\" \/>\n<meta name=\"twitter:card\" content=\"summary_large_image\" \/>\n<meta name=\"twitter:label1\" content=\"Escrito por\" \/>\n\t<meta name=\"twitter:data1\" content=\"Canal Dana\" \/>\n\t<meta name=\"twitter:label2\" content=\"Est. tempo de leitura\" \/>\n\t<meta name=\"twitter:data2\" content=\"2 minutos\" \/>\n<script type=\"application\/ld+json\" class=\"yoast-schema-graph\">{\"@context\":\"https:\\\/\\\/schema.org\",\"@graph\":[{\"@type\":\"Article\",\"@id\":\"https:\\\/\\\/dana.com.br\\\/canaldana\\\/2021\\\/07\\\/20\\\/conheca-a-tecnologia-eletrica-da-vw-caminhoes-e-onibus\\\/#article\",\"isPartOf\":{\"@id\":\"https:\\\/\\\/dana.com.br\\\/canaldana\\\/2021\\\/07\\\/20\\\/conheca-a-tecnologia-eletrica-da-vw-caminhoes-e-onibus\\\/\"},\"author\":{\"name\":\"Canal Dana\",\"@id\":\"https:\\\/\\\/dana.com.br\\\/canaldana\\\/#\\\/schema\\\/person\\\/3c21f22f56fcf3bc46b94bc60ea4fef6\"},\"headline\":\"Conhe\u00e7a a tecnologia el\u00e9trica da VW Caminh\u00f5es e \u00d4nibus\",\"datePublished\":\"2021-07-20T11:12:48+00:00\",\"mainEntityOfPage\":{\"@id\":\"https:\\\/\\\/dana.com.br\\\/canaldana\\\/2021\\\/07\\\/20\\\/conheca-a-tecnologia-eletrica-da-vw-caminhoes-e-onibus\\\/\"},\"wordCount\":439,\"articleSection\":[\"El\u00e9tricos\"],\"inLanguage\":\"pt-BR\"},{\"@type\":\"WebPage\",\"@id\":\"https:\\\/\\\/dana.com.br\\\/canaldana\\\/2021\\\/07\\\/20\\\/conheca-a-tecnologia-eletrica-da-vw-caminhoes-e-onibus\\\/\",\"url\":\"https:\\\/\\\/dana.com.br\\\/canaldana\\\/2021\\\/07\\\/20\\\/conheca-a-tecnologia-eletrica-da-vw-caminhoes-e-onibus\\\/\",\"name\":\"Conhe\u00e7a a tecnologia el\u00e9trica da VW Caminh\u00f5es e \u00d4nibus - Canal Dana\",\"isPartOf\":{\"@id\":\"https:\\\/\\\/dana.com.br\\\/canaldana\\\/#website\"},\"datePublished\":\"2021-07-20T11:12:48+00:00\",\"author\":{\"@id\":\"https:\\\/\\\/dana.com.br\\\/canaldana\\\/#\\\/schema\\\/person\\\/3c21f22f56fcf3bc46b94bc60ea4fef6\"},\"breadcrumb\":{\"@id\":\"https:\\\/\\\/dana.com.br\\\/canaldana\\\/2021\\\/07\\\/20\\\/conheca-a-tecnologia-eletrica-da-vw-caminhoes-e-onibus\\\/#breadcrumb\"},\"inLanguage\":\"pt-BR\",\"potentialAction\":[{\"@type\":\"ReadAction\",\"target\":[\"https:\\\/\\\/dana.com.br\\\/canaldana\\\/2021\\\/07\\\/20\\\/conheca-a-tecnologia-eletrica-da-vw-caminhoes-e-onibus\\\/\"]}]},{\"@type\":\"BreadcrumbList\",\"@id\":\"https:\\\/\\\/dana.com.br\\\/canaldana\\\/2021\\\/07\\\/20\\\/conheca-a-tecnologia-eletrica-da-vw-caminhoes-e-onibus\\\/#breadcrumb\",\"itemListElement\":[{\"@type\":\"ListItem\",\"position\":1,\"name\":\"Home\",\"item\":\"https:\\\/\\\/dana.com.br\\\/canaldana\\\/\"},{\"@type\":\"ListItem\",\"position\":2,\"name\":\"El\u00e9tricos\",\"item\":\"https:\\\/\\\/dana.com.br\\\/canaldana\\\/eletricos\\\/\"},{\"@type\":\"ListItem\",\"position\":3,\"name\":\"Conhe\u00e7a a tecnologia el\u00e9trica da VW Caminh\u00f5es e \u00d4nibus\"}]},{\"@type\":\"WebSite\",\"@id\":\"https:\\\/\\\/dana.com.br\\\/canaldana\\\/#website\",\"url\":\"https:\\\/\\\/dana.com.br\\\/canaldana\\\/\",\"name\":\"Canal Dana\",\"description\":\"Informativo com as principais not\u00edcias da ind\u00fastria automotiva\",\"potentialAction\":[{\"@type\":\"SearchAction\",\"target\":{\"@type\":\"EntryPoint\",\"urlTemplate\":\"https:\\\/\\\/dana.com.br\\\/canaldana\\\/?s={search_term_string}\"},\"query-input\":{\"@type\":\"PropertyValueSpecification\",\"valueRequired\":true,\"valueName\":\"search_term_string\"}}],\"inLanguage\":\"pt-BR\"},{\"@type\":\"Person\",\"@id\":\"https:\\\/\\\/dana.com.br\\\/canaldana\\\/#\\\/schema\\\/person\\\/3c21f22f56fcf3bc46b94bc60ea4fef6\",\"name\":\"Canal Dana\",\"image\":{\"@type\":\"ImageObject\",\"inLanguage\":\"pt-BR\",\"@id\":\"https:\\\/\\\/secure.gravatar.com\\\/avatar\\\/420aaf9278582877d9018637c6817617705899d2858d7572ef0fe59a6b6454b4?s=96&d=mm&r=g\",\"url\":\"https:\\\/\\\/secure.gravatar.com\\\/avatar\\\/420aaf9278582877d9018637c6817617705899d2858d7572ef0fe59a6b6454b4?s=96&d=mm&r=g\",\"contentUrl\":\"https:\\\/\\\/secure.gravatar.com\\\/avatar\\\/420aaf9278582877d9018637c6817617705899d2858d7572ef0fe59a6b6454b4?s=96&d=mm&r=g\",\"caption\":\"Canal Dana\"},\"url\":\"https:\\\/\\\/dana.com.br\\\/canaldana\\\/author\\\/cdeditor\\\/\"}]}<\/script>\n<!-- \/ Yoast SEO plugin. -->","yoast_head_json":{"title":"Conhe\u00e7a a tecnologia el\u00e9trica da VW Caminh\u00f5es e \u00d4nibus - Canal Dana","robots":{"index":"index","follow":"follow","max-snippet":"max-snippet:-1","max-image-preview":"max-image-preview:large","max-video-preview":"max-video-preview:-1"},"canonical":"https:\/\/dana.com.br\/canaldana\/2021\/07\/20\/conheca-a-tecnologia-eletrica-da-vw-caminhoes-e-onibus\/","og_locale":"pt_BR","og_type":"article","og_title":"Conhe\u00e7a a tecnologia el\u00e9trica da VW Caminh\u00f5es e \u00d4nibus - Canal Dana","og_description":"Revista Torque &nbsp; Do que \u00e9 feito um caminh\u00e3o el\u00e9trico? Certamente muita tecnologia embarcada. Na dire\u00e7\u00e3o, o intuito da Volkswagen Caminh\u00f5es e \u00d4nibus \u00e9 propiciar uma experi\u00eancia muito pr\u00f3xima da vers\u00e3o diesel da fam\u00edlia Delivery, consagrada como uma das preferidas do mercado. No entanto, no funcionamento, os componentes atuam de forma bastante diferente. &nbsp; S\u00e3o\u2026 Leia mais \u00bb","og_url":"https:\/\/dana.com.br\/canaldana\/2021\/07\/20\/conheca-a-tecnologia-eletrica-da-vw-caminhoes-e-onibus\/","og_site_name":"Canal Dana","article_published_time":"2021-07-20T11:12:48+00:00","author":"Canal Dana","twitter_card":"summary_large_image","twitter_misc":{"Escrito por":"Canal Dana","Est. tempo de leitura":"2 minutos"},"schema":{"@context":"https:\/\/schema.org","@graph":[{"@type":"Article","@id":"https:\/\/dana.com.br\/canaldana\/2021\/07\/20\/conheca-a-tecnologia-eletrica-da-vw-caminhoes-e-onibus\/#article","isPartOf":{"@id":"https:\/\/dana.com.br\/canaldana\/2021\/07\/20\/conheca-a-tecnologia-eletrica-da-vw-caminhoes-e-onibus\/"},"author":{"name":"Canal Dana","@id":"https:\/\/dana.com.br\/canaldana\/#\/schema\/person\/3c21f22f56fcf3bc46b94bc60ea4fef6"},"headline":"Conhe\u00e7a a tecnologia el\u00e9trica da VW Caminh\u00f5es e \u00d4nibus","datePublished":"2021-07-20T11:12:48+00:00","mainEntityOfPage":{"@id":"https:\/\/dana.com.br\/canaldana\/2021\/07\/20\/conheca-a-tecnologia-eletrica-da-vw-caminhoes-e-onibus\/"},"wordCount":439,"articleSection":["El\u00e9tricos"],"inLanguage":"pt-BR"},{"@type":"WebPage","@id":"https:\/\/dana.com.br\/canaldana\/2021\/07\/20\/conheca-a-tecnologia-eletrica-da-vw-caminhoes-e-onibus\/","url":"https:\/\/dana.com.br\/canaldana\/2021\/07\/20\/conheca-a-tecnologia-eletrica-da-vw-caminhoes-e-onibus\/","name":"Conhe\u00e7a a tecnologia el\u00e9trica da VW Caminh\u00f5es e \u00d4nibus - Canal Dana","isPartOf":{"@id":"https:\/\/dana.com.br\/canaldana\/#website"},"datePublished":"2021-07-20T11:12:48+00:00","author":{"@id":"https:\/\/dana.com.br\/canaldana\/#\/schema\/person\/3c21f22f56fcf3bc46b94bc60ea4fef6"},"breadcrumb":{"@id":"https:\/\/dana.com.br\/canaldana\/2021\/07\/20\/conheca-a-tecnologia-eletrica-da-vw-caminhoes-e-onibus\/#breadcrumb"},"inLanguage":"pt-BR","potentialAction":[{"@type":"ReadAction","target":["https:\/\/dana.com.br\/canaldana\/2021\/07\/20\/conheca-a-tecnologia-eletrica-da-vw-caminhoes-e-onibus\/"]}]},{"@type":"BreadcrumbList","@id":"https:\/\/dana.com.br\/canaldana\/2021\/07\/20\/conheca-a-tecnologia-eletrica-da-vw-caminhoes-e-onibus\/#breadcrumb","itemListElement":[{"@type":"ListItem","position":1,"name":"Home","item":"https:\/\/dana.com.br\/canaldana\/"},{"@type":"ListItem","position":2,"name":"El\u00e9tricos","item":"https:\/\/dana.com.br\/canaldana\/eletricos\/"},{"@type":"ListItem","position":3,"name":"Conhe\u00e7a a tecnologia el\u00e9trica da VW Caminh\u00f5es e \u00d4nibus"}]},{"@type":"WebSite","@id":"https:\/\/dana.com.br\/canaldana\/#website","url":"https:\/\/dana.com.br\/canaldana\/","name":"Canal Dana","description":"Informativo com as principais not\u00edcias da ind\u00fastria automotiva","potentialAction":[{"@type":"SearchAction","target":{"@type":"EntryPoint","urlTemplate":"https:\/\/dana.com.br\/canaldana\/?s={search_term_string}"},"query-input":{"@type":"PropertyValueSpecification","valueRequired":true,"valueName":"search_term_string"}}],"inLanguage":"pt-BR"},{"@type":"Person","@id":"https:\/\/dana.com.br\/canaldana\/#\/schema\/person\/3c21f22f56fcf3bc46b94bc60ea4fef6","name":"Canal Dana","image":{"@type":"ImageObject","inLanguage":"pt-BR","@id":"https:\/\/secure.gravatar.com\/avatar\/420aaf9278582877d9018637c6817617705899d2858d7572ef0fe59a6b6454b4?s=96&d=mm&r=g","url":"https:\/\/secure.gravatar.com\/avatar\/420aaf9278582877d9018637c6817617705899d2858d7572ef0fe59a6b6454b4?s=96&d=mm&r=g","contentUrl":"https:\/\/secure.gravatar.com\/avatar\/420aaf9278582877d9018637c6817617705899d2858d7572ef0fe59a6b6454b4?s=96&d=mm&r=g","caption":"Canal Dana"},"url":"https:\/\/dana.com.br\/canaldana\/author\/cdeditor\/"}]}},"_links":{"self":[{"href":"https:\/\/dana.com.br\/canaldana\/wp-json\/wp\/v2\/posts\/51645","targetHints":{"allow":["GET"]}}],"collection":[{"href":"https:\/\/dana.com.br\/canaldana\/wp-json\/wp\/v2\/posts"}],"about":[{"href":"https:\/\/dana.com.br\/canaldana\/wp-json\/wp\/v2\/types\/post"}],"author":[{"embeddable":true,"href":"https:\/\/dana.com.br\/canaldana\/wp-json\/wp\/v2\/users\/3"}],"replies":[{"embeddable":true,"href":"https:\/\/dana.com.br\/canaldana\/wp-json\/wp\/v2\/comments?post=51645"}],"version-history":[{"count":0,"href":"https:\/\/dana.com.br\/canaldana\/wp-json\/wp\/v2\/posts\/51645\/revisions"}],"wp:attachment":[{"href":"https:\/\/dana.com.br\/canaldana\/wp-json\/wp\/v2\/media?parent=51645"}],"wp:term":[{"taxonomy":"category","embeddable":true,"href":"https:\/\/dana.com.br\/canaldana\/wp-json\/wp\/v2\/categories?post=51645"},{"taxonomy":"post_tag","embeddable":true,"href":"https:\/\/dana.com.br\/canaldana\/wp-json\/wp\/v2\/tags?post=51645"}],"curies":[{"name":"wp","href":"https:\/\/api.w.org\/{rel}","templated":true}]}}