{"id":51643,"date":"2021-07-20T08:12:02","date_gmt":"2021-07-20T11:12:02","guid":{"rendered":"https:\/\/dana.com.br\/canaldana\/?p=51643"},"modified":"2021-07-20T08:12:02","modified_gmt":"2021-07-20T11:12:02","slug":"jaguar-i-pace-completa-trajeto-com-inclinacao-equivalente-a-subida-do-everest-com-apenas-uma-carga","status":"publish","type":"post","link":"https:\/\/dana.com.br\/canaldana\/2021\/07\/20\/jaguar-i-pace-completa-trajeto-com-inclinacao-equivalente-a-subida-do-everest-com-apenas-uma-carga\/","title":{"rendered":"Jaguar I-Pace completa trajeto com inclina\u00e7\u00e3o equivalente \u00e0 subida do Everest com apenas uma carga"},"content":{"rendered":"<p><em>Coisas de Agora<\/em><\/p>\n<p>&nbsp;<\/p>\n<p>O Jaguar I-Pace, ve\u00edculo 100% el\u00e9trico da marca, completou o Everesting Challenge, enfrentando uma s\u00e9rie subidas at\u00e9 atingir o equivalente a uma eleva\u00e7\u00e3o de 8.848 m, que corresponde \u00e0 altura do Monte Everest, com apenas uma carga.<\/p>\n<p>&nbsp;<\/p>\n<p>Elinor Barker, cliclista profissional experiente no desafio, foi a convidada para pilotar o ve\u00edculo, que utilizou a tecnologia de frenagem regenerativa do I-PACE para gerar aproximadamente 60% de energia extra dispon\u00edvel ao longo das 16 descidas do percurso.<\/p>\n<p>&nbsp;<\/p>\n<p>O local escolhido para o desafio foi a Great Dun Fell, tamb\u00e9m conhecida como \u201cMont Ventoux da Gr\u00e3-Bretanha\u201d, numa refer\u00eancia \u00e0 assustadora etapa de montanha alpina do Tour de France. O local abriga a estrada mais alta de superf\u00edcie do Reino Unido, composta por uma estreita faixa de asfalto definida por uma s\u00e9rie de curvas e gradientes de at\u00e9 20%, \u00e0 medida que sobe 547 m desde o ponto de partida utilizado para o desafio at\u00e9 um pico de 8.848 m.<\/p>\n<p>&nbsp;<\/p>\n<p>A chave para a conclus\u00e3o do Everesting Challenge foi o sistema de frenagem regenerativa do I-PACE. Desenvolvido utilizando tecnologia do programa de F\u00f3rmula E da Jaguar Racing, o apelidado \u201cregen\u201d, \u00e9 um capacitador essencial para o sucesso na pista. Em uma corrida m\u00e9dia, o I-TYPE 5 gera cerca de 30% de energia adicional a partir do regen. Sem ele, o carro simplesmente n\u00e3o conseguiria completar a prova e chegar at\u00e9 a bandeira quadriculada do final.<\/p>\n<p>&nbsp;<\/p>\n<p>\u201cAssisti com fasc\u00ednio enquanto os ciclistas enfrentavam o Everesting Challenge durante o lockdown. Mesmo como ciclista profissional, \u00e9 um feito incr\u00edvel de resist\u00eancia, ent\u00e3o fiquei feliz em faz\u00ea-lo pilotando o Jaguar I-PACE totalmente el\u00e9trico\u201d, diz Elinor Baker.<\/p>\n<p>&nbsp;<\/p>\n<p>\u201cQuando descobri que os pilotos da Jaguar Racing normalmente precisam regenerar 30% da capacidade da bateria de seus I-TYPEs em uma corrida de F\u00f3rmula E, como atleta eu naturalmente quis bater esse n\u00famero! Estou encantada por ter atingido esse objetivo enquanto desfrutava do conforto, do fornecimento silencioso de energia e da condu\u00e7\u00e3o em um \u00fanico pedal do I-PACE\u201d, acrescenta a ciclista, que foi apoiada durante toda a viagem por membros das equipes de engenharia da Jaguar Racing e do I-PACE.<\/p>\n<p>&nbsp;<\/p>\n<p>\u201cO avan\u00e7ado sistema de frenagem regenerativa desenvolvido para o I-PACE \u00e9 uma caracter\u00edstica marcante da experi\u00eancia de pilotagem. As li\u00e7\u00f5es aprendidas durante a F\u00f3rmula E garantem aos clientes do I-PACE as maiores vantagens na estrada em termos de alcance otimizado. A frenagem regenerativa tamb\u00e9m proporciona at\u00e9 0,4 g de desacelera\u00e7\u00e3o, o que fez com que Elinor precisasse usar apenas os freios de fric\u00e7\u00e3o convencionais em dois ou tr\u00eas pontos de cada corrida\u201d, explica Jack Lambert, engenheiro do time Jaguar Racing.<\/p>\n<p>&nbsp;<\/p>\n<p>Como prepara\u00e7\u00e3o para o desafio, o I-PACE foi pr\u00e9-condicionado utilizando o aplicativo Jaguar Remote App. Enquanto o ve\u00edculo est\u00e1 conectado, o pr\u00e9-condicionamento aquece ou resfria automaticamente a bateria para atingir sua temperatura ideal de opera\u00e7\u00e3o. A temperatura desejada da cabine \u00e9 estabelecida a partir da energia da rede el\u00e9trica cujo uso substitui a extra\u00e7\u00e3o de energia da corrente da bateria do ve\u00edculo, o que otimiza o alcance da dire\u00e7\u00e3o, especialmente em tempo frio.<\/p>\n<p>&nbsp;<\/p>\n<p>Outra caracter\u00edstica que aumenta a efici\u00eancia do I-PACE \u00e9 o Smart Climate, que usa os sensores do cinto de seguran\u00e7a para determinar quantos ocupantes est\u00e3o viajando no interior. De acordo com a quantidade de passageiros, o sistema aquece ou refrigera as \u00e1reas relevantes da cabine, mantendo o conforto enquanto minimiza o uso de energia.<\/p>\n<p>&nbsp;<\/p>\n<p>O Jaguar I-PACE oferece desempenho excepcional com acelera\u00e7\u00e3o de zero a 100 km\/h em 4,8 segundos e at\u00e9 470 km\/292 milhas de alcance. A carga em viagens mais longas \u00e9 facilitada pois o sistema de navega\u00e7\u00e3o Pivi Pro do I-PACE \u00e9 capaz de localizar conex\u00f5es adequadas e dados de rota apenas com alguns toques da tela inicial. Em apenas 15 minutos, carregadores de 50 kW DC e 100 kW DC podem somar, respectivamente, at\u00e9 63 km e 127 km de alcance, respectivamente. (Coisas de Agora)<\/p>\n","protected":false},"excerpt":{"rendered":"<p>Coisas de Agora &nbsp; O Jaguar I-Pace, ve\u00edculo 100% el\u00e9trico da marca, completou o Everesting Challenge, enfrentando uma s\u00e9rie subidas at\u00e9 atingir o equivalente a uma eleva\u00e7\u00e3o de 8.848 m, que corresponde \u00e0 altura do Monte Everest, com apenas uma carga. &nbsp; Elinor Barker, cliclista profissional experiente no desafio, foi a convidada para pilotar o\u2026 <a class=\"readmore\" href=\"https:\/\/dana.com.br\/canaldana\/2021\/07\/20\/jaguar-i-pace-completa-trajeto-com-inclinacao-equivalente-a-subida-do-everest-com-apenas-uma-carga\/\">Leia mais \u00bb<\/a><\/p>\n","protected":false},"author":3,"featured_media":0,"comment_status":"closed","ping_status":"closed","sticky":false,"template":"","format":"standard","meta":{"_acf_changed":false,"footnotes":""},"categories":[110],"tags":[],"class_list":["post-51643","post","type-post","status-publish","format-standard","hentry","category-eletricos"],"acf":[],"yoast_head":"<!-- This site is optimized with the Yoast SEO plugin v27.3 - https:\/\/yoast.com\/product\/yoast-seo-wordpress\/ -->\n<title>Jaguar I-Pace completa trajeto com inclina\u00e7\u00e3o equivalente \u00e0 subida do Everest com apenas uma carga - Canal Dana<\/title>\n<meta name=\"robots\" content=\"index, follow, max-snippet:-1, max-image-preview:large, max-video-preview:-1\" \/>\n<link rel=\"canonical\" href=\"https:\/\/dana.com.br\/canaldana\/2021\/07\/20\/jaguar-i-pace-completa-trajeto-com-inclinacao-equivalente-a-subida-do-everest-com-apenas-uma-carga\/\" \/>\n<meta property=\"og:locale\" content=\"pt_BR\" \/>\n<meta property=\"og:type\" content=\"article\" \/>\n<meta property=\"og:title\" content=\"Jaguar I-Pace completa trajeto com inclina\u00e7\u00e3o equivalente \u00e0 subida do Everest com apenas uma carga - Canal Dana\" \/>\n<meta property=\"og:description\" content=\"Coisas de Agora &nbsp; O Jaguar I-Pace, ve\u00edculo 100% el\u00e9trico da marca, completou o Everesting Challenge, enfrentando uma s\u00e9rie subidas at\u00e9 atingir o equivalente a uma eleva\u00e7\u00e3o de 8.848 m, que corresponde \u00e0 altura do Monte Everest, com apenas uma carga. &nbsp; Elinor Barker, cliclista profissional experiente no desafio, foi a convidada para pilotar o\u2026 Leia mais \u00bb\" \/>\n<meta property=\"og:url\" content=\"https:\/\/dana.com.br\/canaldana\/2021\/07\/20\/jaguar-i-pace-completa-trajeto-com-inclinacao-equivalente-a-subida-do-everest-com-apenas-uma-carga\/\" \/>\n<meta property=\"og:site_name\" content=\"Canal Dana\" \/>\n<meta property=\"article:published_time\" content=\"2021-07-20T11:12:02+00:00\" \/>\n<meta name=\"author\" content=\"Canal Dana\" \/>\n<meta name=\"twitter:card\" content=\"summary_large_image\" \/>\n<meta name=\"twitter:label1\" content=\"Escrito por\" \/>\n\t<meta name=\"twitter:data1\" content=\"Canal Dana\" \/>\n\t<meta name=\"twitter:label2\" content=\"Est. tempo de leitura\" \/>\n\t<meta name=\"twitter:data2\" content=\"3 minutos\" \/>\n<script type=\"application\/ld+json\" class=\"yoast-schema-graph\">{\"@context\":\"https:\\\/\\\/schema.org\",\"@graph\":[{\"@type\":\"Article\",\"@id\":\"https:\\\/\\\/dana.com.br\\\/canaldana\\\/2021\\\/07\\\/20\\\/jaguar-i-pace-completa-trajeto-com-inclinacao-equivalente-a-subida-do-everest-com-apenas-uma-carga\\\/#article\",\"isPartOf\":{\"@id\":\"https:\\\/\\\/dana.com.br\\\/canaldana\\\/2021\\\/07\\\/20\\\/jaguar-i-pace-completa-trajeto-com-inclinacao-equivalente-a-subida-do-everest-com-apenas-uma-carga\\\/\"},\"author\":{\"name\":\"Canal Dana\",\"@id\":\"https:\\\/\\\/dana.com.br\\\/canaldana\\\/#\\\/schema\\\/person\\\/3c21f22f56fcf3bc46b94bc60ea4fef6\"},\"headline\":\"Jaguar I-Pace completa trajeto com inclina\u00e7\u00e3o equivalente \u00e0 subida do Everest com apenas uma carga\",\"datePublished\":\"2021-07-20T11:12:02+00:00\",\"mainEntityOfPage\":{\"@id\":\"https:\\\/\\\/dana.com.br\\\/canaldana\\\/2021\\\/07\\\/20\\\/jaguar-i-pace-completa-trajeto-com-inclinacao-equivalente-a-subida-do-everest-com-apenas-uma-carga\\\/\"},\"wordCount\":689,\"articleSection\":[\"El\u00e9tricos\"],\"inLanguage\":\"pt-BR\"},{\"@type\":\"WebPage\",\"@id\":\"https:\\\/\\\/dana.com.br\\\/canaldana\\\/2021\\\/07\\\/20\\\/jaguar-i-pace-completa-trajeto-com-inclinacao-equivalente-a-subida-do-everest-com-apenas-uma-carga\\\/\",\"url\":\"https:\\\/\\\/dana.com.br\\\/canaldana\\\/2021\\\/07\\\/20\\\/jaguar-i-pace-completa-trajeto-com-inclinacao-equivalente-a-subida-do-everest-com-apenas-uma-carga\\\/\",\"name\":\"Jaguar I-Pace completa trajeto com inclina\u00e7\u00e3o equivalente \u00e0 subida do Everest com apenas uma carga - Canal Dana\",\"isPartOf\":{\"@id\":\"https:\\\/\\\/dana.com.br\\\/canaldana\\\/#website\"},\"datePublished\":\"2021-07-20T11:12:02+00:00\",\"author\":{\"@id\":\"https:\\\/\\\/dana.com.br\\\/canaldana\\\/#\\\/schema\\\/person\\\/3c21f22f56fcf3bc46b94bc60ea4fef6\"},\"breadcrumb\":{\"@id\":\"https:\\\/\\\/dana.com.br\\\/canaldana\\\/2021\\\/07\\\/20\\\/jaguar-i-pace-completa-trajeto-com-inclinacao-equivalente-a-subida-do-everest-com-apenas-uma-carga\\\/#breadcrumb\"},\"inLanguage\":\"pt-BR\",\"potentialAction\":[{\"@type\":\"ReadAction\",\"target\":[\"https:\\\/\\\/dana.com.br\\\/canaldana\\\/2021\\\/07\\\/20\\\/jaguar-i-pace-completa-trajeto-com-inclinacao-equivalente-a-subida-do-everest-com-apenas-uma-carga\\\/\"]}]},{\"@type\":\"BreadcrumbList\",\"@id\":\"https:\\\/\\\/dana.com.br\\\/canaldana\\\/2021\\\/07\\\/20\\\/jaguar-i-pace-completa-trajeto-com-inclinacao-equivalente-a-subida-do-everest-com-apenas-uma-carga\\\/#breadcrumb\",\"itemListElement\":[{\"@type\":\"ListItem\",\"position\":1,\"name\":\"Home\",\"item\":\"https:\\\/\\\/dana.com.br\\\/canaldana\\\/\"},{\"@type\":\"ListItem\",\"position\":2,\"name\":\"El\u00e9tricos\",\"item\":\"https:\\\/\\\/dana.com.br\\\/canaldana\\\/eletricos\\\/\"},{\"@type\":\"ListItem\",\"position\":3,\"name\":\"Jaguar I-Pace completa trajeto com inclina\u00e7\u00e3o equivalente \u00e0 subida do Everest com apenas uma carga\"}]},{\"@type\":\"WebSite\",\"@id\":\"https:\\\/\\\/dana.com.br\\\/canaldana\\\/#website\",\"url\":\"https:\\\/\\\/dana.com.br\\\/canaldana\\\/\",\"name\":\"Canal Dana\",\"description\":\"Informativo com as principais not\u00edcias da ind\u00fastria automotiva\",\"potentialAction\":[{\"@type\":\"SearchAction\",\"target\":{\"@type\":\"EntryPoint\",\"urlTemplate\":\"https:\\\/\\\/dana.com.br\\\/canaldana\\\/?s={search_term_string}\"},\"query-input\":{\"@type\":\"PropertyValueSpecification\",\"valueRequired\":true,\"valueName\":\"search_term_string\"}}],\"inLanguage\":\"pt-BR\"},{\"@type\":\"Person\",\"@id\":\"https:\\\/\\\/dana.com.br\\\/canaldana\\\/#\\\/schema\\\/person\\\/3c21f22f56fcf3bc46b94bc60ea4fef6\",\"name\":\"Canal Dana\",\"image\":{\"@type\":\"ImageObject\",\"inLanguage\":\"pt-BR\",\"@id\":\"https:\\\/\\\/secure.gravatar.com\\\/avatar\\\/420aaf9278582877d9018637c6817617705899d2858d7572ef0fe59a6b6454b4?s=96&d=mm&r=g\",\"url\":\"https:\\\/\\\/secure.gravatar.com\\\/avatar\\\/420aaf9278582877d9018637c6817617705899d2858d7572ef0fe59a6b6454b4?s=96&d=mm&r=g\",\"contentUrl\":\"https:\\\/\\\/secure.gravatar.com\\\/avatar\\\/420aaf9278582877d9018637c6817617705899d2858d7572ef0fe59a6b6454b4?s=96&d=mm&r=g\",\"caption\":\"Canal Dana\"},\"url\":\"https:\\\/\\\/dana.com.br\\\/canaldana\\\/author\\\/cdeditor\\\/\"}]}<\/script>\n<!-- \/ Yoast SEO plugin. -->","yoast_head_json":{"title":"Jaguar I-Pace completa trajeto com inclina\u00e7\u00e3o equivalente \u00e0 subida do Everest com apenas uma carga - Canal Dana","robots":{"index":"index","follow":"follow","max-snippet":"max-snippet:-1","max-image-preview":"max-image-preview:large","max-video-preview":"max-video-preview:-1"},"canonical":"https:\/\/dana.com.br\/canaldana\/2021\/07\/20\/jaguar-i-pace-completa-trajeto-com-inclinacao-equivalente-a-subida-do-everest-com-apenas-uma-carga\/","og_locale":"pt_BR","og_type":"article","og_title":"Jaguar I-Pace completa trajeto com inclina\u00e7\u00e3o equivalente \u00e0 subida do Everest com apenas uma carga - Canal Dana","og_description":"Coisas de Agora &nbsp; O Jaguar I-Pace, ve\u00edculo 100% el\u00e9trico da marca, completou o Everesting Challenge, enfrentando uma s\u00e9rie subidas at\u00e9 atingir o equivalente a uma eleva\u00e7\u00e3o de 8.848 m, que corresponde \u00e0 altura do Monte Everest, com apenas uma carga. &nbsp; Elinor Barker, cliclista profissional experiente no desafio, foi a convidada para pilotar o\u2026 Leia mais \u00bb","og_url":"https:\/\/dana.com.br\/canaldana\/2021\/07\/20\/jaguar-i-pace-completa-trajeto-com-inclinacao-equivalente-a-subida-do-everest-com-apenas-uma-carga\/","og_site_name":"Canal Dana","article_published_time":"2021-07-20T11:12:02+00:00","author":"Canal Dana","twitter_card":"summary_large_image","twitter_misc":{"Escrito por":"Canal Dana","Est. tempo de leitura":"3 minutos"},"schema":{"@context":"https:\/\/schema.org","@graph":[{"@type":"Article","@id":"https:\/\/dana.com.br\/canaldana\/2021\/07\/20\/jaguar-i-pace-completa-trajeto-com-inclinacao-equivalente-a-subida-do-everest-com-apenas-uma-carga\/#article","isPartOf":{"@id":"https:\/\/dana.com.br\/canaldana\/2021\/07\/20\/jaguar-i-pace-completa-trajeto-com-inclinacao-equivalente-a-subida-do-everest-com-apenas-uma-carga\/"},"author":{"name":"Canal Dana","@id":"https:\/\/dana.com.br\/canaldana\/#\/schema\/person\/3c21f22f56fcf3bc46b94bc60ea4fef6"},"headline":"Jaguar I-Pace completa trajeto com inclina\u00e7\u00e3o equivalente \u00e0 subida do Everest com apenas uma carga","datePublished":"2021-07-20T11:12:02+00:00","mainEntityOfPage":{"@id":"https:\/\/dana.com.br\/canaldana\/2021\/07\/20\/jaguar-i-pace-completa-trajeto-com-inclinacao-equivalente-a-subida-do-everest-com-apenas-uma-carga\/"},"wordCount":689,"articleSection":["El\u00e9tricos"],"inLanguage":"pt-BR"},{"@type":"WebPage","@id":"https:\/\/dana.com.br\/canaldana\/2021\/07\/20\/jaguar-i-pace-completa-trajeto-com-inclinacao-equivalente-a-subida-do-everest-com-apenas-uma-carga\/","url":"https:\/\/dana.com.br\/canaldana\/2021\/07\/20\/jaguar-i-pace-completa-trajeto-com-inclinacao-equivalente-a-subida-do-everest-com-apenas-uma-carga\/","name":"Jaguar I-Pace completa trajeto com inclina\u00e7\u00e3o equivalente \u00e0 subida do Everest com apenas uma carga - Canal Dana","isPartOf":{"@id":"https:\/\/dana.com.br\/canaldana\/#website"},"datePublished":"2021-07-20T11:12:02+00:00","author":{"@id":"https:\/\/dana.com.br\/canaldana\/#\/schema\/person\/3c21f22f56fcf3bc46b94bc60ea4fef6"},"breadcrumb":{"@id":"https:\/\/dana.com.br\/canaldana\/2021\/07\/20\/jaguar-i-pace-completa-trajeto-com-inclinacao-equivalente-a-subida-do-everest-com-apenas-uma-carga\/#breadcrumb"},"inLanguage":"pt-BR","potentialAction":[{"@type":"ReadAction","target":["https:\/\/dana.com.br\/canaldana\/2021\/07\/20\/jaguar-i-pace-completa-trajeto-com-inclinacao-equivalente-a-subida-do-everest-com-apenas-uma-carga\/"]}]},{"@type":"BreadcrumbList","@id":"https:\/\/dana.com.br\/canaldana\/2021\/07\/20\/jaguar-i-pace-completa-trajeto-com-inclinacao-equivalente-a-subida-do-everest-com-apenas-uma-carga\/#breadcrumb","itemListElement":[{"@type":"ListItem","position":1,"name":"Home","item":"https:\/\/dana.com.br\/canaldana\/"},{"@type":"ListItem","position":2,"name":"El\u00e9tricos","item":"https:\/\/dana.com.br\/canaldana\/eletricos\/"},{"@type":"ListItem","position":3,"name":"Jaguar I-Pace completa trajeto com inclina\u00e7\u00e3o equivalente \u00e0 subida do Everest com apenas uma carga"}]},{"@type":"WebSite","@id":"https:\/\/dana.com.br\/canaldana\/#website","url":"https:\/\/dana.com.br\/canaldana\/","name":"Canal Dana","description":"Informativo com as principais not\u00edcias da ind\u00fastria automotiva","potentialAction":[{"@type":"SearchAction","target":{"@type":"EntryPoint","urlTemplate":"https:\/\/dana.com.br\/canaldana\/?s={search_term_string}"},"query-input":{"@type":"PropertyValueSpecification","valueRequired":true,"valueName":"search_term_string"}}],"inLanguage":"pt-BR"},{"@type":"Person","@id":"https:\/\/dana.com.br\/canaldana\/#\/schema\/person\/3c21f22f56fcf3bc46b94bc60ea4fef6","name":"Canal Dana","image":{"@type":"ImageObject","inLanguage":"pt-BR","@id":"https:\/\/secure.gravatar.com\/avatar\/420aaf9278582877d9018637c6817617705899d2858d7572ef0fe59a6b6454b4?s=96&d=mm&r=g","url":"https:\/\/secure.gravatar.com\/avatar\/420aaf9278582877d9018637c6817617705899d2858d7572ef0fe59a6b6454b4?s=96&d=mm&r=g","contentUrl":"https:\/\/secure.gravatar.com\/avatar\/420aaf9278582877d9018637c6817617705899d2858d7572ef0fe59a6b6454b4?s=96&d=mm&r=g","caption":"Canal Dana"},"url":"https:\/\/dana.com.br\/canaldana\/author\/cdeditor\/"}]}},"_links":{"self":[{"href":"https:\/\/dana.com.br\/canaldana\/wp-json\/wp\/v2\/posts\/51643","targetHints":{"allow":["GET"]}}],"collection":[{"href":"https:\/\/dana.com.br\/canaldana\/wp-json\/wp\/v2\/posts"}],"about":[{"href":"https:\/\/dana.com.br\/canaldana\/wp-json\/wp\/v2\/types\/post"}],"author":[{"embeddable":true,"href":"https:\/\/dana.com.br\/canaldana\/wp-json\/wp\/v2\/users\/3"}],"replies":[{"embeddable":true,"href":"https:\/\/dana.com.br\/canaldana\/wp-json\/wp\/v2\/comments?post=51643"}],"version-history":[{"count":0,"href":"https:\/\/dana.com.br\/canaldana\/wp-json\/wp\/v2\/posts\/51643\/revisions"}],"wp:attachment":[{"href":"https:\/\/dana.com.br\/canaldana\/wp-json\/wp\/v2\/media?parent=51643"}],"wp:term":[{"taxonomy":"category","embeddable":true,"href":"https:\/\/dana.com.br\/canaldana\/wp-json\/wp\/v2\/categories?post=51643"},{"taxonomy":"post_tag","embeddable":true,"href":"https:\/\/dana.com.br\/canaldana\/wp-json\/wp\/v2\/tags?post=51643"}],"curies":[{"name":"wp","href":"https:\/\/api.w.org\/{rel}","templated":true}]}}