{"id":51631,"date":"2021-07-19T08:25:14","date_gmt":"2021-07-19T11:25:14","guid":{"rendered":"https:\/\/dana.com.br\/canaldana\/?p=51631"},"modified":"2021-07-19T08:26:33","modified_gmt":"2021-07-19T11:26:33","slug":"teto-de-r-140-mil-para-isencao-de-ipi-ja-agita-mercado-pcd","status":"publish","type":"post","link":"https:\/\/dana.com.br\/canaldana\/2021\/07\/19\/teto-de-r-140-mil-para-isencao-de-ipi-ja-agita-mercado-pcd\/","title":{"rendered":"Teto de R$ 140 mil para isen\u00e7\u00e3o de IPI j\u00e1 agita mercado PCD"},"content":{"rendered":"<p><em>AutoInd\u00fastria<\/em><\/p>\n<p>&nbsp;<\/p>\n<p>Publicada no Di\u00e1rio Oficial da Uni\u00e3o desta quinta-feira, 15, a Lei 14.183 elevou para R$ 140 mil o limite de pre\u00e7o de ve\u00edculos PCD com isen\u00e7\u00e3o de IPI, Imposto sobre Produtos Industrializados. O texto publicado ontem tamb\u00e9m reduz de quatro para tr\u00eas anos o prazo para a troca do ve\u00edculo com a manuten\u00e7\u00e3o da isen\u00e7\u00e3o de IPI.<\/p>\n<p>&nbsp;<\/p>\n<p>Com as altera\u00e7\u00f5es, a retomada e amplia\u00e7\u00e3o da oferta de modelos para o segmento promete deve ser imediata. A partir de 2020, com o aumento dos custos de produ\u00e7\u00e3o, as montadoras praticamente eliminaram de seus portf\u00f3lios as alternativas existentes para portadores de defici\u00eancia e que tinham teto de isen\u00e7\u00e3o de IPI limitado a R$ 70 mil desde 2012.<\/p>\n<p>&nbsp;<\/p>\n<p>Carros PCD ainda desfrutam de isen\u00e7\u00e3o do ICMS, tributo estadual. Pela legisla\u00e7\u00e3o atual, por\u00e9m, o benef\u00edcio segue limitado a ve\u00edculos com pre\u00e7o de at\u00e9 R$ 70 mil at\u00e9 mar\u00e7o do ano que vem.<\/p>\n<p>&nbsp;<\/p>\n<p>Potencialmente, o novo card\u00e1pio para clientes PCD ser\u00e1 de algumas dezenas de vers\u00f5es e modelos &#8211; sempre dotados de transmiss\u00e3o autom\u00e1tica, ainda que, para isso, as montadoras suprimam alguns itens de s\u00e9rie, a exemplo do que faziam quando o limite do IPI era a metade do atual.<\/p>\n<p>&nbsp;<\/p>\n<p>Rapidamente as montadoras come\u00e7am a se movimentar para retomar as ofertas e at\u00e9 j\u00e1 concedem descontos que possam compensar o ICMS sem altera\u00e7\u00e3o.<\/p>\n<p>&nbsp;<\/p>\n<p>A Stellantis saiu na frente, pelo menos nos an\u00fancios. J\u00e1 nesta sexta-feira, 16, a empresa liberou a venda do Jeep Renegade seguindo a nova regra e ainda concede desconto adicional de at\u00e9 12% sobre o pre\u00e7o com os incentivos. Mas, por enquanto, trata-se de oferta v\u00e1lida at\u00e9 4 de agosto. \u201cOu at\u00e9 quando durarem os estoques\u201d, refor\u00e7a em comunicado.<\/p>\n<p>&nbsp;<\/p>\n<p>A depender da vers\u00e3o, o SUV pode ficar R$ 25 mil mais barato. \u00c9 o caso da Longitude AT Flex, agora com o valor final de R$ 98 mil.\u00a0 A Sport AT Flex sai por R$ 84,2 mil, 19% mais barata, enquanto a Limited AT Flex tem pre\u00e7o reduzido de R$129,5 mil para R$ 105 mil.<\/p>\n<p>&nbsp;<\/p>\n<p>A Stellantis tamb\u00e9m adotou a mesma estrat\u00e9gia para Citro\u00ebn, outra de suas cinco marcas negociadas no Brasil. Toda a linha do SUV C4 Cactus, al\u00e9m de isenta de IPI, tem descontos que variam de acordo com a vers\u00e3o. A Live, por exemplo, custa a partir de R$ 85,8 mil e a Feel, que tem b\u00f4nus de R$ 13 mil, custa agora R$ 88,5 mil. (AutoInd\u00fastria)<\/p>\n","protected":false},"excerpt":{"rendered":"<p>AutoInd\u00fastria &nbsp; Publicada no Di\u00e1rio Oficial da Uni\u00e3o desta quinta-feira, 15, a Lei 14.183 elevou para R$ 140 mil o limite de pre\u00e7o de ve\u00edculos PCD com isen\u00e7\u00e3o de IPI, Imposto sobre Produtos Industrializados. O texto publicado ontem tamb\u00e9m reduz de quatro para tr\u00eas anos o prazo para a troca do ve\u00edculo com a manuten\u00e7\u00e3o\u2026 <a class=\"readmore\" href=\"https:\/\/dana.com.br\/canaldana\/2021\/07\/19\/teto-de-r-140-mil-para-isencao-de-ipi-ja-agita-mercado-pcd\/\">Leia mais \u00bb<\/a><\/p>\n","protected":false},"author":3,"featured_media":0,"comment_status":"closed","ping_status":"closed","sticky":false,"template":"","format":"standard","meta":{"_acf_changed":false,"footnotes":""},"categories":[61],"tags":[],"class_list":["post-51631","post","type-post","status-publish","format-standard","hentry","category-destaques"],"acf":[],"yoast_head":"<!-- This site is optimized with the Yoast SEO plugin v27.3 - https:\/\/yoast.com\/product\/yoast-seo-wordpress\/ -->\n<title>Teto de R$ 140 mil para isen\u00e7\u00e3o de IPI j\u00e1 agita mercado PCD - Canal Dana<\/title>\n<meta name=\"robots\" content=\"index, follow, max-snippet:-1, max-image-preview:large, max-video-preview:-1\" \/>\n<link rel=\"canonical\" href=\"https:\/\/dana.com.br\/canaldana\/2021\/07\/19\/teto-de-r-140-mil-para-isencao-de-ipi-ja-agita-mercado-pcd\/\" \/>\n<meta property=\"og:locale\" content=\"pt_BR\" \/>\n<meta property=\"og:type\" content=\"article\" \/>\n<meta property=\"og:title\" content=\"Teto de R$ 140 mil para isen\u00e7\u00e3o de IPI j\u00e1 agita mercado PCD - Canal Dana\" \/>\n<meta property=\"og:description\" content=\"AutoInd\u00fastria &nbsp; Publicada no Di\u00e1rio Oficial da Uni\u00e3o desta quinta-feira, 15, a Lei 14.183 elevou para R$ 140 mil o limite de pre\u00e7o de ve\u00edculos PCD com isen\u00e7\u00e3o de IPI, Imposto sobre Produtos Industrializados. O texto publicado ontem tamb\u00e9m reduz de quatro para tr\u00eas anos o prazo para a troca do ve\u00edculo com a manuten\u00e7\u00e3o\u2026 Leia mais \u00bb\" \/>\n<meta property=\"og:url\" content=\"https:\/\/dana.com.br\/canaldana\/2021\/07\/19\/teto-de-r-140-mil-para-isencao-de-ipi-ja-agita-mercado-pcd\/\" \/>\n<meta property=\"og:site_name\" content=\"Canal Dana\" \/>\n<meta property=\"article:published_time\" content=\"2021-07-19T11:25:14+00:00\" \/>\n<meta property=\"article:modified_time\" content=\"2021-07-19T11:26:33+00:00\" \/>\n<meta name=\"author\" content=\"Canal Dana\" \/>\n<meta name=\"twitter:card\" content=\"summary_large_image\" \/>\n<meta name=\"twitter:label1\" content=\"Escrito por\" \/>\n\t<meta name=\"twitter:data1\" content=\"Canal Dana\" \/>\n\t<meta name=\"twitter:label2\" content=\"Est. tempo de leitura\" \/>\n\t<meta name=\"twitter:data2\" content=\"2 minutos\" \/>\n<script type=\"application\/ld+json\" class=\"yoast-schema-graph\">{\"@context\":\"https:\\\/\\\/schema.org\",\"@graph\":[{\"@type\":\"Article\",\"@id\":\"https:\\\/\\\/dana.com.br\\\/canaldana\\\/2021\\\/07\\\/19\\\/teto-de-r-140-mil-para-isencao-de-ipi-ja-agita-mercado-pcd\\\/#article\",\"isPartOf\":{\"@id\":\"https:\\\/\\\/dana.com.br\\\/canaldana\\\/2021\\\/07\\\/19\\\/teto-de-r-140-mil-para-isencao-de-ipi-ja-agita-mercado-pcd\\\/\"},\"author\":{\"name\":\"Canal Dana\",\"@id\":\"https:\\\/\\\/dana.com.br\\\/canaldana\\\/#\\\/schema\\\/person\\\/3c21f22f56fcf3bc46b94bc60ea4fef6\"},\"headline\":\"Teto de R$ 140 mil para isen\u00e7\u00e3o de IPI j\u00e1 agita mercado PCD\",\"datePublished\":\"2021-07-19T11:25:14+00:00\",\"dateModified\":\"2021-07-19T11:26:33+00:00\",\"mainEntityOfPage\":{\"@id\":\"https:\\\/\\\/dana.com.br\\\/canaldana\\\/2021\\\/07\\\/19\\\/teto-de-r-140-mil-para-isencao-de-ipi-ja-agita-mercado-pcd\\\/\"},\"wordCount\":445,\"articleSection\":[\"Destaques\"],\"inLanguage\":\"pt-BR\"},{\"@type\":\"WebPage\",\"@id\":\"https:\\\/\\\/dana.com.br\\\/canaldana\\\/2021\\\/07\\\/19\\\/teto-de-r-140-mil-para-isencao-de-ipi-ja-agita-mercado-pcd\\\/\",\"url\":\"https:\\\/\\\/dana.com.br\\\/canaldana\\\/2021\\\/07\\\/19\\\/teto-de-r-140-mil-para-isencao-de-ipi-ja-agita-mercado-pcd\\\/\",\"name\":\"Teto de R$ 140 mil para isen\u00e7\u00e3o de IPI j\u00e1 agita mercado PCD - Canal Dana\",\"isPartOf\":{\"@id\":\"https:\\\/\\\/dana.com.br\\\/canaldana\\\/#website\"},\"datePublished\":\"2021-07-19T11:25:14+00:00\",\"dateModified\":\"2021-07-19T11:26:33+00:00\",\"author\":{\"@id\":\"https:\\\/\\\/dana.com.br\\\/canaldana\\\/#\\\/schema\\\/person\\\/3c21f22f56fcf3bc46b94bc60ea4fef6\"},\"breadcrumb\":{\"@id\":\"https:\\\/\\\/dana.com.br\\\/canaldana\\\/2021\\\/07\\\/19\\\/teto-de-r-140-mil-para-isencao-de-ipi-ja-agita-mercado-pcd\\\/#breadcrumb\"},\"inLanguage\":\"pt-BR\",\"potentialAction\":[{\"@type\":\"ReadAction\",\"target\":[\"https:\\\/\\\/dana.com.br\\\/canaldana\\\/2021\\\/07\\\/19\\\/teto-de-r-140-mil-para-isencao-de-ipi-ja-agita-mercado-pcd\\\/\"]}]},{\"@type\":\"BreadcrumbList\",\"@id\":\"https:\\\/\\\/dana.com.br\\\/canaldana\\\/2021\\\/07\\\/19\\\/teto-de-r-140-mil-para-isencao-de-ipi-ja-agita-mercado-pcd\\\/#breadcrumb\",\"itemListElement\":[{\"@type\":\"ListItem\",\"position\":1,\"name\":\"Home\",\"item\":\"https:\\\/\\\/dana.com.br\\\/canaldana\\\/\"},{\"@type\":\"ListItem\",\"position\":2,\"name\":\"Destaques\",\"item\":\"https:\\\/\\\/dana.com.br\\\/canaldana\\\/destaques\\\/\"},{\"@type\":\"ListItem\",\"position\":3,\"name\":\"Teto de R$ 140 mil para isen\u00e7\u00e3o de IPI j\u00e1 agita mercado PCD\"}]},{\"@type\":\"WebSite\",\"@id\":\"https:\\\/\\\/dana.com.br\\\/canaldana\\\/#website\",\"url\":\"https:\\\/\\\/dana.com.br\\\/canaldana\\\/\",\"name\":\"Canal Dana\",\"description\":\"Informativo com as principais not\u00edcias da ind\u00fastria automotiva\",\"potentialAction\":[{\"@type\":\"SearchAction\",\"target\":{\"@type\":\"EntryPoint\",\"urlTemplate\":\"https:\\\/\\\/dana.com.br\\\/canaldana\\\/?s={search_term_string}\"},\"query-input\":{\"@type\":\"PropertyValueSpecification\",\"valueRequired\":true,\"valueName\":\"search_term_string\"}}],\"inLanguage\":\"pt-BR\"},{\"@type\":\"Person\",\"@id\":\"https:\\\/\\\/dana.com.br\\\/canaldana\\\/#\\\/schema\\\/person\\\/3c21f22f56fcf3bc46b94bc60ea4fef6\",\"name\":\"Canal Dana\",\"image\":{\"@type\":\"ImageObject\",\"inLanguage\":\"pt-BR\",\"@id\":\"https:\\\/\\\/secure.gravatar.com\\\/avatar\\\/420aaf9278582877d9018637c6817617705899d2858d7572ef0fe59a6b6454b4?s=96&d=mm&r=g\",\"url\":\"https:\\\/\\\/secure.gravatar.com\\\/avatar\\\/420aaf9278582877d9018637c6817617705899d2858d7572ef0fe59a6b6454b4?s=96&d=mm&r=g\",\"contentUrl\":\"https:\\\/\\\/secure.gravatar.com\\\/avatar\\\/420aaf9278582877d9018637c6817617705899d2858d7572ef0fe59a6b6454b4?s=96&d=mm&r=g\",\"caption\":\"Canal Dana\"},\"url\":\"https:\\\/\\\/dana.com.br\\\/canaldana\\\/author\\\/cdeditor\\\/\"}]}<\/script>\n<!-- \/ Yoast SEO plugin. -->","yoast_head_json":{"title":"Teto de R$ 140 mil para isen\u00e7\u00e3o de IPI j\u00e1 agita mercado PCD - Canal Dana","robots":{"index":"index","follow":"follow","max-snippet":"max-snippet:-1","max-image-preview":"max-image-preview:large","max-video-preview":"max-video-preview:-1"},"canonical":"https:\/\/dana.com.br\/canaldana\/2021\/07\/19\/teto-de-r-140-mil-para-isencao-de-ipi-ja-agita-mercado-pcd\/","og_locale":"pt_BR","og_type":"article","og_title":"Teto de R$ 140 mil para isen\u00e7\u00e3o de IPI j\u00e1 agita mercado PCD - Canal Dana","og_description":"AutoInd\u00fastria &nbsp; Publicada no Di\u00e1rio Oficial da Uni\u00e3o desta quinta-feira, 15, a Lei 14.183 elevou para R$ 140 mil o limite de pre\u00e7o de ve\u00edculos PCD com isen\u00e7\u00e3o de IPI, Imposto sobre Produtos Industrializados. O texto publicado ontem tamb\u00e9m reduz de quatro para tr\u00eas anos o prazo para a troca do ve\u00edculo com a manuten\u00e7\u00e3o\u2026 Leia mais \u00bb","og_url":"https:\/\/dana.com.br\/canaldana\/2021\/07\/19\/teto-de-r-140-mil-para-isencao-de-ipi-ja-agita-mercado-pcd\/","og_site_name":"Canal Dana","article_published_time":"2021-07-19T11:25:14+00:00","article_modified_time":"2021-07-19T11:26:33+00:00","author":"Canal Dana","twitter_card":"summary_large_image","twitter_misc":{"Escrito por":"Canal Dana","Est. tempo de leitura":"2 minutos"},"schema":{"@context":"https:\/\/schema.org","@graph":[{"@type":"Article","@id":"https:\/\/dana.com.br\/canaldana\/2021\/07\/19\/teto-de-r-140-mil-para-isencao-de-ipi-ja-agita-mercado-pcd\/#article","isPartOf":{"@id":"https:\/\/dana.com.br\/canaldana\/2021\/07\/19\/teto-de-r-140-mil-para-isencao-de-ipi-ja-agita-mercado-pcd\/"},"author":{"name":"Canal Dana","@id":"https:\/\/dana.com.br\/canaldana\/#\/schema\/person\/3c21f22f56fcf3bc46b94bc60ea4fef6"},"headline":"Teto de R$ 140 mil para isen\u00e7\u00e3o de IPI j\u00e1 agita mercado PCD","datePublished":"2021-07-19T11:25:14+00:00","dateModified":"2021-07-19T11:26:33+00:00","mainEntityOfPage":{"@id":"https:\/\/dana.com.br\/canaldana\/2021\/07\/19\/teto-de-r-140-mil-para-isencao-de-ipi-ja-agita-mercado-pcd\/"},"wordCount":445,"articleSection":["Destaques"],"inLanguage":"pt-BR"},{"@type":"WebPage","@id":"https:\/\/dana.com.br\/canaldana\/2021\/07\/19\/teto-de-r-140-mil-para-isencao-de-ipi-ja-agita-mercado-pcd\/","url":"https:\/\/dana.com.br\/canaldana\/2021\/07\/19\/teto-de-r-140-mil-para-isencao-de-ipi-ja-agita-mercado-pcd\/","name":"Teto de R$ 140 mil para isen\u00e7\u00e3o de IPI j\u00e1 agita mercado PCD - Canal Dana","isPartOf":{"@id":"https:\/\/dana.com.br\/canaldana\/#website"},"datePublished":"2021-07-19T11:25:14+00:00","dateModified":"2021-07-19T11:26:33+00:00","author":{"@id":"https:\/\/dana.com.br\/canaldana\/#\/schema\/person\/3c21f22f56fcf3bc46b94bc60ea4fef6"},"breadcrumb":{"@id":"https:\/\/dana.com.br\/canaldana\/2021\/07\/19\/teto-de-r-140-mil-para-isencao-de-ipi-ja-agita-mercado-pcd\/#breadcrumb"},"inLanguage":"pt-BR","potentialAction":[{"@type":"ReadAction","target":["https:\/\/dana.com.br\/canaldana\/2021\/07\/19\/teto-de-r-140-mil-para-isencao-de-ipi-ja-agita-mercado-pcd\/"]}]},{"@type":"BreadcrumbList","@id":"https:\/\/dana.com.br\/canaldana\/2021\/07\/19\/teto-de-r-140-mil-para-isencao-de-ipi-ja-agita-mercado-pcd\/#breadcrumb","itemListElement":[{"@type":"ListItem","position":1,"name":"Home","item":"https:\/\/dana.com.br\/canaldana\/"},{"@type":"ListItem","position":2,"name":"Destaques","item":"https:\/\/dana.com.br\/canaldana\/destaques\/"},{"@type":"ListItem","position":3,"name":"Teto de R$ 140 mil para isen\u00e7\u00e3o de IPI j\u00e1 agita mercado PCD"}]},{"@type":"WebSite","@id":"https:\/\/dana.com.br\/canaldana\/#website","url":"https:\/\/dana.com.br\/canaldana\/","name":"Canal Dana","description":"Informativo com as principais not\u00edcias da ind\u00fastria automotiva","potentialAction":[{"@type":"SearchAction","target":{"@type":"EntryPoint","urlTemplate":"https:\/\/dana.com.br\/canaldana\/?s={search_term_string}"},"query-input":{"@type":"PropertyValueSpecification","valueRequired":true,"valueName":"search_term_string"}}],"inLanguage":"pt-BR"},{"@type":"Person","@id":"https:\/\/dana.com.br\/canaldana\/#\/schema\/person\/3c21f22f56fcf3bc46b94bc60ea4fef6","name":"Canal Dana","image":{"@type":"ImageObject","inLanguage":"pt-BR","@id":"https:\/\/secure.gravatar.com\/avatar\/420aaf9278582877d9018637c6817617705899d2858d7572ef0fe59a6b6454b4?s=96&d=mm&r=g","url":"https:\/\/secure.gravatar.com\/avatar\/420aaf9278582877d9018637c6817617705899d2858d7572ef0fe59a6b6454b4?s=96&d=mm&r=g","contentUrl":"https:\/\/secure.gravatar.com\/avatar\/420aaf9278582877d9018637c6817617705899d2858d7572ef0fe59a6b6454b4?s=96&d=mm&r=g","caption":"Canal Dana"},"url":"https:\/\/dana.com.br\/canaldana\/author\/cdeditor\/"}]}},"_links":{"self":[{"href":"https:\/\/dana.com.br\/canaldana\/wp-json\/wp\/v2\/posts\/51631","targetHints":{"allow":["GET"]}}],"collection":[{"href":"https:\/\/dana.com.br\/canaldana\/wp-json\/wp\/v2\/posts"}],"about":[{"href":"https:\/\/dana.com.br\/canaldana\/wp-json\/wp\/v2\/types\/post"}],"author":[{"embeddable":true,"href":"https:\/\/dana.com.br\/canaldana\/wp-json\/wp\/v2\/users\/3"}],"replies":[{"embeddable":true,"href":"https:\/\/dana.com.br\/canaldana\/wp-json\/wp\/v2\/comments?post=51631"}],"version-history":[{"count":0,"href":"https:\/\/dana.com.br\/canaldana\/wp-json\/wp\/v2\/posts\/51631\/revisions"}],"wp:attachment":[{"href":"https:\/\/dana.com.br\/canaldana\/wp-json\/wp\/v2\/media?parent=51631"}],"wp:term":[{"taxonomy":"category","embeddable":true,"href":"https:\/\/dana.com.br\/canaldana\/wp-json\/wp\/v2\/categories?post=51631"},{"taxonomy":"post_tag","embeddable":true,"href":"https:\/\/dana.com.br\/canaldana\/wp-json\/wp\/v2\/tags?post=51631"}],"curies":[{"name":"wp","href":"https:\/\/api.w.org\/{rel}","templated":true}]}}