{"id":51627,"date":"2021-07-19T08:23:50","date_gmt":"2021-07-19T11:23:50","guid":{"rendered":"https:\/\/dana.com.br\/canaldana\/?p=51627"},"modified":"2021-07-19T08:23:50","modified_gmt":"2021-07-19T11:23:50","slug":"setor-de-combustiveis-critica-veto-em-mp","status":"publish","type":"post","link":"https:\/\/dana.com.br\/canaldana\/2021\/07\/19\/setor-de-combustiveis-critica-veto-em-mp\/","title":{"rendered":"Setor de combust\u00edveis cr\u00edtica veto em MP"},"content":{"rendered":"<p><em>O Estado de S. Paulo<\/em><\/p>\n<p>&nbsp;<\/p>\n<p>As distribuidoras de combust\u00edveis estudam entrar com a\u00e7\u00e3o no Supremo Tribunal Federal (STF) contra a decis\u00e3o do presidente Jair Bolsonaro de vetar o artigo 8\u00ba da Medida Provis\u00f3ria (MP) 1034\/21, que acabaria com a possibilidade de isen\u00e7\u00e3o de PIS e Cofins sobre combust\u00edveis importados para a Zona Franca de Manaus.<\/p>\n<p>&nbsp;<\/p>\n<p>Bolsonaro sancionou o artigo na manh\u00e3 de quinta-feira, mas depois mudou de ideia e anunciou o veto. Com a decis\u00e3o do presidente, continua valendo a liminar que a distribuidora Atem tem desde 2017 para n\u00e3o recolher esses impostos. O setor afirma que a liminar \u00e9 ilegal.<\/p>\n<p>&nbsp;<\/p>\n<p>\u201cVamos tentar (derrubar o veto) pela via jur\u00eddica, talvez o STF. Estamos vendo o que se pode fazer\u201d, diz a diretora executiva de Downstream do Instituto Brasileiro de Petr\u00f3leo e G\u00e1s (IBP), Val\u00e9ria Lima. O artigo, se aprovado pelo presidente, anularia as liminares, o que colocaria as empresas do setor em igualdade, de acordo com a entidade.<\/p>\n<p>&nbsp;<\/p>\n<p>A BR Distribuidora j\u00e1 entrou com uma a\u00e7\u00e3o pedindo a uniformidade da cobran\u00e7a a todos importadores de combust\u00edveis na regi\u00e3o. A Petrobr\u00e1s e o Sindicom, que representa Ra\u00edzen e Ipiranga, tamb\u00e9m fazem parte da a\u00e7\u00e3o como parte solid\u00e1ria.<\/p>\n<p>&nbsp;<\/p>\n<p>Uma fonte de uma das principais distribuidoras do Pa\u00eds, que prefere n\u00e3o ser identificada, afirma que o veto causou perplexidade entre as empresas que recolhem os tributos normalmente. (O Estado de S. Paulo\/Wagner Gomes)<\/p>\n","protected":false},"excerpt":{"rendered":"<p>O Estado de S. Paulo &nbsp; As distribuidoras de combust\u00edveis estudam entrar com a\u00e7\u00e3o no Supremo Tribunal Federal (STF) contra a decis\u00e3o do presidente Jair Bolsonaro de vetar o artigo 8\u00ba da Medida Provis\u00f3ria (MP) 1034\/21, que acabaria com a possibilidade de isen\u00e7\u00e3o de PIS e Cofins sobre combust\u00edveis importados para a Zona Franca de\u2026 <a class=\"readmore\" href=\"https:\/\/dana.com.br\/canaldana\/2021\/07\/19\/setor-de-combustiveis-critica-veto-em-mp\/\">Leia mais \u00bb<\/a><\/p>\n","protected":false},"author":3,"featured_media":0,"comment_status":"closed","ping_status":"closed","sticky":false,"template":"","format":"standard","meta":{"_acf_changed":false,"footnotes":""},"categories":[79],"tags":[],"class_list":["post-51627","post","type-post","status-publish","format-standard","hentry","category-mercado"],"acf":[],"yoast_head":"<!-- This site is optimized with the Yoast SEO plugin v27.3 - https:\/\/yoast.com\/product\/yoast-seo-wordpress\/ -->\n<title>Setor de combust\u00edveis cr\u00edtica veto em MP - Canal Dana<\/title>\n<meta name=\"robots\" content=\"index, follow, max-snippet:-1, max-image-preview:large, max-video-preview:-1\" \/>\n<link rel=\"canonical\" href=\"https:\/\/dana.com.br\/canaldana\/2021\/07\/19\/setor-de-combustiveis-critica-veto-em-mp\/\" \/>\n<meta property=\"og:locale\" content=\"pt_BR\" \/>\n<meta property=\"og:type\" content=\"article\" \/>\n<meta property=\"og:title\" content=\"Setor de combust\u00edveis cr\u00edtica veto em MP - Canal Dana\" \/>\n<meta property=\"og:description\" content=\"O Estado de S. Paulo &nbsp; As distribuidoras de combust\u00edveis estudam entrar com a\u00e7\u00e3o no Supremo Tribunal Federal (STF) contra a decis\u00e3o do presidente Jair Bolsonaro de vetar o artigo 8\u00ba da Medida Provis\u00f3ria (MP) 1034\/21, que acabaria com a possibilidade de isen\u00e7\u00e3o de PIS e Cofins sobre combust\u00edveis importados para a Zona Franca de\u2026 Leia mais \u00bb\" \/>\n<meta property=\"og:url\" content=\"https:\/\/dana.com.br\/canaldana\/2021\/07\/19\/setor-de-combustiveis-critica-veto-em-mp\/\" \/>\n<meta property=\"og:site_name\" content=\"Canal Dana\" \/>\n<meta property=\"article:published_time\" content=\"2021-07-19T11:23:50+00:00\" \/>\n<meta name=\"author\" content=\"Canal Dana\" \/>\n<meta name=\"twitter:card\" content=\"summary_large_image\" \/>\n<meta name=\"twitter:label1\" content=\"Escrito por\" \/>\n\t<meta name=\"twitter:data1\" content=\"Canal Dana\" \/>\n\t<meta name=\"twitter:label2\" content=\"Est. tempo de leitura\" \/>\n\t<meta name=\"twitter:data2\" content=\"1 minuto\" \/>\n<script type=\"application\/ld+json\" class=\"yoast-schema-graph\">{\"@context\":\"https:\\\/\\\/schema.org\",\"@graph\":[{\"@type\":\"Article\",\"@id\":\"https:\\\/\\\/dana.com.br\\\/canaldana\\\/2021\\\/07\\\/19\\\/setor-de-combustiveis-critica-veto-em-mp\\\/#article\",\"isPartOf\":{\"@id\":\"https:\\\/\\\/dana.com.br\\\/canaldana\\\/2021\\\/07\\\/19\\\/setor-de-combustiveis-critica-veto-em-mp\\\/\"},\"author\":{\"name\":\"Canal Dana\",\"@id\":\"https:\\\/\\\/dana.com.br\\\/canaldana\\\/#\\\/schema\\\/person\\\/3c21f22f56fcf3bc46b94bc60ea4fef6\"},\"headline\":\"Setor de combust\u00edveis cr\u00edtica veto em MP\",\"datePublished\":\"2021-07-19T11:23:50+00:00\",\"mainEntityOfPage\":{\"@id\":\"https:\\\/\\\/dana.com.br\\\/canaldana\\\/2021\\\/07\\\/19\\\/setor-de-combustiveis-critica-veto-em-mp\\\/\"},\"wordCount\":264,\"articleSection\":[\"Mercado\"],\"inLanguage\":\"pt-BR\"},{\"@type\":\"WebPage\",\"@id\":\"https:\\\/\\\/dana.com.br\\\/canaldana\\\/2021\\\/07\\\/19\\\/setor-de-combustiveis-critica-veto-em-mp\\\/\",\"url\":\"https:\\\/\\\/dana.com.br\\\/canaldana\\\/2021\\\/07\\\/19\\\/setor-de-combustiveis-critica-veto-em-mp\\\/\",\"name\":\"Setor de combust\u00edveis cr\u00edtica veto em MP - Canal Dana\",\"isPartOf\":{\"@id\":\"https:\\\/\\\/dana.com.br\\\/canaldana\\\/#website\"},\"datePublished\":\"2021-07-19T11:23:50+00:00\",\"author\":{\"@id\":\"https:\\\/\\\/dana.com.br\\\/canaldana\\\/#\\\/schema\\\/person\\\/3c21f22f56fcf3bc46b94bc60ea4fef6\"},\"breadcrumb\":{\"@id\":\"https:\\\/\\\/dana.com.br\\\/canaldana\\\/2021\\\/07\\\/19\\\/setor-de-combustiveis-critica-veto-em-mp\\\/#breadcrumb\"},\"inLanguage\":\"pt-BR\",\"potentialAction\":[{\"@type\":\"ReadAction\",\"target\":[\"https:\\\/\\\/dana.com.br\\\/canaldana\\\/2021\\\/07\\\/19\\\/setor-de-combustiveis-critica-veto-em-mp\\\/\"]}]},{\"@type\":\"BreadcrumbList\",\"@id\":\"https:\\\/\\\/dana.com.br\\\/canaldana\\\/2021\\\/07\\\/19\\\/setor-de-combustiveis-critica-veto-em-mp\\\/#breadcrumb\",\"itemListElement\":[{\"@type\":\"ListItem\",\"position\":1,\"name\":\"Home\",\"item\":\"https:\\\/\\\/dana.com.br\\\/canaldana\\\/\"},{\"@type\":\"ListItem\",\"position\":2,\"name\":\"Mercado\",\"item\":\"https:\\\/\\\/dana.com.br\\\/canaldana\\\/mercado\\\/\"},{\"@type\":\"ListItem\",\"position\":3,\"name\":\"Setor de combust\u00edveis cr\u00edtica veto em MP\"}]},{\"@type\":\"WebSite\",\"@id\":\"https:\\\/\\\/dana.com.br\\\/canaldana\\\/#website\",\"url\":\"https:\\\/\\\/dana.com.br\\\/canaldana\\\/\",\"name\":\"Canal Dana\",\"description\":\"Informativo com as principais not\u00edcias da ind\u00fastria automotiva\",\"potentialAction\":[{\"@type\":\"SearchAction\",\"target\":{\"@type\":\"EntryPoint\",\"urlTemplate\":\"https:\\\/\\\/dana.com.br\\\/canaldana\\\/?s={search_term_string}\"},\"query-input\":{\"@type\":\"PropertyValueSpecification\",\"valueRequired\":true,\"valueName\":\"search_term_string\"}}],\"inLanguage\":\"pt-BR\"},{\"@type\":\"Person\",\"@id\":\"https:\\\/\\\/dana.com.br\\\/canaldana\\\/#\\\/schema\\\/person\\\/3c21f22f56fcf3bc46b94bc60ea4fef6\",\"name\":\"Canal Dana\",\"image\":{\"@type\":\"ImageObject\",\"inLanguage\":\"pt-BR\",\"@id\":\"https:\\\/\\\/secure.gravatar.com\\\/avatar\\\/420aaf9278582877d9018637c6817617705899d2858d7572ef0fe59a6b6454b4?s=96&d=mm&r=g\",\"url\":\"https:\\\/\\\/secure.gravatar.com\\\/avatar\\\/420aaf9278582877d9018637c6817617705899d2858d7572ef0fe59a6b6454b4?s=96&d=mm&r=g\",\"contentUrl\":\"https:\\\/\\\/secure.gravatar.com\\\/avatar\\\/420aaf9278582877d9018637c6817617705899d2858d7572ef0fe59a6b6454b4?s=96&d=mm&r=g\",\"caption\":\"Canal Dana\"},\"url\":\"https:\\\/\\\/dana.com.br\\\/canaldana\\\/author\\\/cdeditor\\\/\"}]}<\/script>\n<!-- \/ Yoast SEO plugin. -->","yoast_head_json":{"title":"Setor de combust\u00edveis cr\u00edtica veto em MP - Canal Dana","robots":{"index":"index","follow":"follow","max-snippet":"max-snippet:-1","max-image-preview":"max-image-preview:large","max-video-preview":"max-video-preview:-1"},"canonical":"https:\/\/dana.com.br\/canaldana\/2021\/07\/19\/setor-de-combustiveis-critica-veto-em-mp\/","og_locale":"pt_BR","og_type":"article","og_title":"Setor de combust\u00edveis cr\u00edtica veto em MP - Canal Dana","og_description":"O Estado de S. Paulo &nbsp; As distribuidoras de combust\u00edveis estudam entrar com a\u00e7\u00e3o no Supremo Tribunal Federal (STF) contra a decis\u00e3o do presidente Jair Bolsonaro de vetar o artigo 8\u00ba da Medida Provis\u00f3ria (MP) 1034\/21, que acabaria com a possibilidade de isen\u00e7\u00e3o de PIS e Cofins sobre combust\u00edveis importados para a Zona Franca de\u2026 Leia mais \u00bb","og_url":"https:\/\/dana.com.br\/canaldana\/2021\/07\/19\/setor-de-combustiveis-critica-veto-em-mp\/","og_site_name":"Canal Dana","article_published_time":"2021-07-19T11:23:50+00:00","author":"Canal Dana","twitter_card":"summary_large_image","twitter_misc":{"Escrito por":"Canal Dana","Est. tempo de leitura":"1 minuto"},"schema":{"@context":"https:\/\/schema.org","@graph":[{"@type":"Article","@id":"https:\/\/dana.com.br\/canaldana\/2021\/07\/19\/setor-de-combustiveis-critica-veto-em-mp\/#article","isPartOf":{"@id":"https:\/\/dana.com.br\/canaldana\/2021\/07\/19\/setor-de-combustiveis-critica-veto-em-mp\/"},"author":{"name":"Canal Dana","@id":"https:\/\/dana.com.br\/canaldana\/#\/schema\/person\/3c21f22f56fcf3bc46b94bc60ea4fef6"},"headline":"Setor de combust\u00edveis cr\u00edtica veto em MP","datePublished":"2021-07-19T11:23:50+00:00","mainEntityOfPage":{"@id":"https:\/\/dana.com.br\/canaldana\/2021\/07\/19\/setor-de-combustiveis-critica-veto-em-mp\/"},"wordCount":264,"articleSection":["Mercado"],"inLanguage":"pt-BR"},{"@type":"WebPage","@id":"https:\/\/dana.com.br\/canaldana\/2021\/07\/19\/setor-de-combustiveis-critica-veto-em-mp\/","url":"https:\/\/dana.com.br\/canaldana\/2021\/07\/19\/setor-de-combustiveis-critica-veto-em-mp\/","name":"Setor de combust\u00edveis cr\u00edtica veto em MP - Canal Dana","isPartOf":{"@id":"https:\/\/dana.com.br\/canaldana\/#website"},"datePublished":"2021-07-19T11:23:50+00:00","author":{"@id":"https:\/\/dana.com.br\/canaldana\/#\/schema\/person\/3c21f22f56fcf3bc46b94bc60ea4fef6"},"breadcrumb":{"@id":"https:\/\/dana.com.br\/canaldana\/2021\/07\/19\/setor-de-combustiveis-critica-veto-em-mp\/#breadcrumb"},"inLanguage":"pt-BR","potentialAction":[{"@type":"ReadAction","target":["https:\/\/dana.com.br\/canaldana\/2021\/07\/19\/setor-de-combustiveis-critica-veto-em-mp\/"]}]},{"@type":"BreadcrumbList","@id":"https:\/\/dana.com.br\/canaldana\/2021\/07\/19\/setor-de-combustiveis-critica-veto-em-mp\/#breadcrumb","itemListElement":[{"@type":"ListItem","position":1,"name":"Home","item":"https:\/\/dana.com.br\/canaldana\/"},{"@type":"ListItem","position":2,"name":"Mercado","item":"https:\/\/dana.com.br\/canaldana\/mercado\/"},{"@type":"ListItem","position":3,"name":"Setor de combust\u00edveis cr\u00edtica veto em MP"}]},{"@type":"WebSite","@id":"https:\/\/dana.com.br\/canaldana\/#website","url":"https:\/\/dana.com.br\/canaldana\/","name":"Canal Dana","description":"Informativo com as principais not\u00edcias da ind\u00fastria automotiva","potentialAction":[{"@type":"SearchAction","target":{"@type":"EntryPoint","urlTemplate":"https:\/\/dana.com.br\/canaldana\/?s={search_term_string}"},"query-input":{"@type":"PropertyValueSpecification","valueRequired":true,"valueName":"search_term_string"}}],"inLanguage":"pt-BR"},{"@type":"Person","@id":"https:\/\/dana.com.br\/canaldana\/#\/schema\/person\/3c21f22f56fcf3bc46b94bc60ea4fef6","name":"Canal Dana","image":{"@type":"ImageObject","inLanguage":"pt-BR","@id":"https:\/\/secure.gravatar.com\/avatar\/420aaf9278582877d9018637c6817617705899d2858d7572ef0fe59a6b6454b4?s=96&d=mm&r=g","url":"https:\/\/secure.gravatar.com\/avatar\/420aaf9278582877d9018637c6817617705899d2858d7572ef0fe59a6b6454b4?s=96&d=mm&r=g","contentUrl":"https:\/\/secure.gravatar.com\/avatar\/420aaf9278582877d9018637c6817617705899d2858d7572ef0fe59a6b6454b4?s=96&d=mm&r=g","caption":"Canal Dana"},"url":"https:\/\/dana.com.br\/canaldana\/author\/cdeditor\/"}]}},"_links":{"self":[{"href":"https:\/\/dana.com.br\/canaldana\/wp-json\/wp\/v2\/posts\/51627","targetHints":{"allow":["GET"]}}],"collection":[{"href":"https:\/\/dana.com.br\/canaldana\/wp-json\/wp\/v2\/posts"}],"about":[{"href":"https:\/\/dana.com.br\/canaldana\/wp-json\/wp\/v2\/types\/post"}],"author":[{"embeddable":true,"href":"https:\/\/dana.com.br\/canaldana\/wp-json\/wp\/v2\/users\/3"}],"replies":[{"embeddable":true,"href":"https:\/\/dana.com.br\/canaldana\/wp-json\/wp\/v2\/comments?post=51627"}],"version-history":[{"count":0,"href":"https:\/\/dana.com.br\/canaldana\/wp-json\/wp\/v2\/posts\/51627\/revisions"}],"wp:attachment":[{"href":"https:\/\/dana.com.br\/canaldana\/wp-json\/wp\/v2\/media?parent=51627"}],"wp:term":[{"taxonomy":"category","embeddable":true,"href":"https:\/\/dana.com.br\/canaldana\/wp-json\/wp\/v2\/categories?post=51627"},{"taxonomy":"post_tag","embeddable":true,"href":"https:\/\/dana.com.br\/canaldana\/wp-json\/wp\/v2\/tags?post=51627"}],"curies":[{"name":"wp","href":"https:\/\/api.w.org\/{rel}","templated":true}]}}