{"id":51447,"date":"2021-07-08T08:41:06","date_gmt":"2021-07-08T11:41:06","guid":{"rendered":"https:\/\/dana.com.br\/canaldana\/?p=51447"},"modified":"2021-07-08T08:41:06","modified_gmt":"2021-07-08T11:41:06","slug":"producao-de-caminhoes-registra-o-melhor-desempenho-do-ano-em-junho","status":"publish","type":"post","link":"https:\/\/dana.com.br\/canaldana\/2021\/07\/08\/producao-de-caminhoes-registra-o-melhor-desempenho-do-ano-em-junho\/","title":{"rendered":"Produ\u00e7\u00e3o de caminh\u00f5es registra o melhor desempenho do ano em junho"},"content":{"rendered":"<p><em>AutoInd\u00fastria <\/em><\/p>\n<p>&nbsp;<\/p>\n<p>A produ\u00e7\u00e3o de caminh\u00f5es no m\u00eas passado ultrapassou 14,6 mil unidades, volume 5,3% superior ao anotado em maio, de 13,9 mil. Segundo registros da Anfavea, o resultado se mostrou como o melhor do ano, bem como o mais robusto para junho desde 2013<\/p>\n<p>&nbsp;<\/p>\n<p>No confronto com o mesmo m\u00eas do ano passado, a alta chegou a quase 163%. Deve-se observar, no entanto, que a taxa de crescimento se deu em cima de uma base significativamente baixa, fruto de um momento no qual as f\u00e1bricas retornavam \u00e0s atividades ap\u00f3s interrup\u00e7\u00e3o nas linhas devido \u00e0 pandemia.<\/p>\n<p>&nbsp;<\/p>\n<p>Assim, com o volume de junho a produ\u00e7\u00e3o acumulada nos seis primeiros meses do ano somou 74,7 mil caminh\u00f5es, em alta de 115,1% sobre as 34,7 mil unidades produzidas um ano antes.<\/p>\n<p>&nbsp;<\/p>\n<p>\u201cEmbora a produ\u00e7\u00e3o se mantenha em alta, cabe observar que o ritmo nas f\u00e1bricas \u00e9 menos intenso devido \u00e0 dificuldade de fornecimento de semicondutores\u201d, lembrou Gustavo Bonini, vice-presidente da Anfavea durante apresenta\u00e7\u00e3o do balan\u00e7o do setor automotivo \u00e0 imprensa, na quarta-feira, 7. \u201cAinda assim, foi o melhor primeiro semestre melhor desde 2014 para a ind\u00fastria de caminh\u00f5es.\u201d<\/p>\n<p>&nbsp;<\/p>\n<p><strong>Produ\u00e7\u00e3o de chassi sofre impacto adicional de baixa demanda<\/strong><\/p>\n<p>&nbsp;<\/p>\n<p>No caso das atividades de montagem de chassi para \u00f4nibus, a demanda menor no transporte de passageiros se apresenta como um desafio adicional. No m\u00eas passado, a produ\u00e7\u00e3o anotou pequena baixa de 1,9% em rela\u00e7\u00e3o a maio, estabilizada no patamar de 1,6 mil unidades. Cresce 17% em rela\u00e7\u00e3o a junho do ano passado, quando quase 1,4 mil chassis foram produzidos. Mas tamb\u00e9m vale lembrar as condi\u00e7\u00f5es daquele per\u00edodo impostas pelas medidas de seguran\u00e7a sanit\u00e1ria.<\/p>\n<p>&nbsp;<\/p>\n<p>No acumulado de janeiro a junho, os 10,3 mil chassis produzidos representaram uma expans\u00e3o de 15% em rela\u00e7\u00e3o \u00e0s 8,9 mil unidades que sa\u00edram das linhas de montagem nos mesmos meses de 2020. \u201cO resultado s\u00f3 n\u00e3o se apresenta menor em fun\u00e7\u00e3o das entregas para o Programa Caminho da Escola e para os servi\u00e7os de fretamento\u201d, observou Bonini.<\/p>\n<p>&nbsp;<\/p>\n<p>Diante dos resultados registrados no primeiro semestre, a Anfavea revisou as proje\u00e7\u00f5es para 2021. No caso da produ\u00e7\u00e3o de pesados, a associa\u00e7\u00e3o estimativa em janeiro alta de 23% sobre 2020, para volume em torno de 123 mil caminh\u00f5es e \u00f4nibus. Agora, o progn\u00f3stico \u00e9 de crescimento de 42%, que se concretizado a ind\u00fastria produzir\u00e1 ao redor de 156 mi pesados.<\/p>\n<p>&nbsp;<\/p>\n<p>\u201c\u00c9 apenas uma refer\u00eancia, nunca esteve t\u00e3o dif\u00edcil fazer proje\u00e7\u00f5es. H\u00e1 muitos desafios no ambiente. Al\u00e9m da falta de semicondutores ou mesmo de pe\u00e7as e componentes, os custos est\u00e3o mais altos, a infla\u00e7\u00e3o est\u00e1 crescendo, bem como as taxas de juros, condi\u00e7\u00f5es que tornam a compra do consumidor mais dif\u00edceis\u201d, ponderou Luiz Carlos de Moraes, presidente da Anfavea. (AutoInd\u00fastria\/D\u00e9cio Costa)<\/p>\n","protected":false},"excerpt":{"rendered":"<p>AutoInd\u00fastria &nbsp; A produ\u00e7\u00e3o de caminh\u00f5es no m\u00eas passado ultrapassou 14,6 mil unidades, volume 5,3% superior ao anotado em maio, de 13,9 mil. Segundo registros da Anfavea, o resultado se mostrou como o melhor do ano, bem como o mais robusto para junho desde 2013 &nbsp; No confronto com o mesmo m\u00eas do ano passado,\u2026 <a class=\"readmore\" href=\"https:\/\/dana.com.br\/canaldana\/2021\/07\/08\/producao-de-caminhoes-registra-o-melhor-desempenho-do-ano-em-junho\/\">Leia mais \u00bb<\/a><\/p>\n","protected":false},"author":3,"featured_media":0,"comment_status":"closed","ping_status":"closed","sticky":false,"template":"","format":"standard","meta":{"_acf_changed":false,"footnotes":""},"categories":[61],"tags":[],"class_list":["post-51447","post","type-post","status-publish","format-standard","hentry","category-destaques"],"acf":[],"yoast_head":"<!-- This site is optimized with the Yoast SEO plugin v27.3 - https:\/\/yoast.com\/product\/yoast-seo-wordpress\/ -->\n<title>Produ\u00e7\u00e3o de caminh\u00f5es registra o melhor desempenho do ano em junho - Canal Dana<\/title>\n<meta name=\"robots\" content=\"index, follow, max-snippet:-1, max-image-preview:large, max-video-preview:-1\" \/>\n<link rel=\"canonical\" href=\"https:\/\/dana.com.br\/canaldana\/2021\/07\/08\/producao-de-caminhoes-registra-o-melhor-desempenho-do-ano-em-junho\/\" \/>\n<meta property=\"og:locale\" content=\"pt_BR\" \/>\n<meta property=\"og:type\" content=\"article\" \/>\n<meta property=\"og:title\" content=\"Produ\u00e7\u00e3o de caminh\u00f5es registra o melhor desempenho do ano em junho - Canal Dana\" \/>\n<meta property=\"og:description\" content=\"AutoInd\u00fastria &nbsp; A produ\u00e7\u00e3o de caminh\u00f5es no m\u00eas passado ultrapassou 14,6 mil unidades, volume 5,3% superior ao anotado em maio, de 13,9 mil. Segundo registros da Anfavea, o resultado se mostrou como o melhor do ano, bem como o mais robusto para junho desde 2013 &nbsp; No confronto com o mesmo m\u00eas do ano passado,\u2026 Leia mais \u00bb\" \/>\n<meta property=\"og:url\" content=\"https:\/\/dana.com.br\/canaldana\/2021\/07\/08\/producao-de-caminhoes-registra-o-melhor-desempenho-do-ano-em-junho\/\" \/>\n<meta property=\"og:site_name\" content=\"Canal Dana\" \/>\n<meta property=\"article:published_time\" content=\"2021-07-08T11:41:06+00:00\" \/>\n<meta name=\"author\" content=\"Canal Dana\" \/>\n<meta name=\"twitter:card\" content=\"summary_large_image\" \/>\n<meta name=\"twitter:label1\" content=\"Escrito por\" \/>\n\t<meta name=\"twitter:data1\" content=\"Canal Dana\" \/>\n\t<meta name=\"twitter:label2\" content=\"Est. tempo de leitura\" \/>\n\t<meta name=\"twitter:data2\" content=\"2 minutos\" \/>\n<script type=\"application\/ld+json\" class=\"yoast-schema-graph\">{\"@context\":\"https:\\\/\\\/schema.org\",\"@graph\":[{\"@type\":\"Article\",\"@id\":\"https:\\\/\\\/dana.com.br\\\/canaldana\\\/2021\\\/07\\\/08\\\/producao-de-caminhoes-registra-o-melhor-desempenho-do-ano-em-junho\\\/#article\",\"isPartOf\":{\"@id\":\"https:\\\/\\\/dana.com.br\\\/canaldana\\\/2021\\\/07\\\/08\\\/producao-de-caminhoes-registra-o-melhor-desempenho-do-ano-em-junho\\\/\"},\"author\":{\"name\":\"Canal Dana\",\"@id\":\"https:\\\/\\\/dana.com.br\\\/canaldana\\\/#\\\/schema\\\/person\\\/3c21f22f56fcf3bc46b94bc60ea4fef6\"},\"headline\":\"Produ\u00e7\u00e3o de caminh\u00f5es registra o melhor desempenho do ano em junho\",\"datePublished\":\"2021-07-08T11:41:06+00:00\",\"mainEntityOfPage\":{\"@id\":\"https:\\\/\\\/dana.com.br\\\/canaldana\\\/2021\\\/07\\\/08\\\/producao-de-caminhoes-registra-o-melhor-desempenho-do-ano-em-junho\\\/\"},\"wordCount\":488,\"articleSection\":[\"Destaques\"],\"inLanguage\":\"pt-BR\"},{\"@type\":\"WebPage\",\"@id\":\"https:\\\/\\\/dana.com.br\\\/canaldana\\\/2021\\\/07\\\/08\\\/producao-de-caminhoes-registra-o-melhor-desempenho-do-ano-em-junho\\\/\",\"url\":\"https:\\\/\\\/dana.com.br\\\/canaldana\\\/2021\\\/07\\\/08\\\/producao-de-caminhoes-registra-o-melhor-desempenho-do-ano-em-junho\\\/\",\"name\":\"Produ\u00e7\u00e3o de caminh\u00f5es registra o melhor desempenho do ano em junho - Canal Dana\",\"isPartOf\":{\"@id\":\"https:\\\/\\\/dana.com.br\\\/canaldana\\\/#website\"},\"datePublished\":\"2021-07-08T11:41:06+00:00\",\"author\":{\"@id\":\"https:\\\/\\\/dana.com.br\\\/canaldana\\\/#\\\/schema\\\/person\\\/3c21f22f56fcf3bc46b94bc60ea4fef6\"},\"breadcrumb\":{\"@id\":\"https:\\\/\\\/dana.com.br\\\/canaldana\\\/2021\\\/07\\\/08\\\/producao-de-caminhoes-registra-o-melhor-desempenho-do-ano-em-junho\\\/#breadcrumb\"},\"inLanguage\":\"pt-BR\",\"potentialAction\":[{\"@type\":\"ReadAction\",\"target\":[\"https:\\\/\\\/dana.com.br\\\/canaldana\\\/2021\\\/07\\\/08\\\/producao-de-caminhoes-registra-o-melhor-desempenho-do-ano-em-junho\\\/\"]}]},{\"@type\":\"BreadcrumbList\",\"@id\":\"https:\\\/\\\/dana.com.br\\\/canaldana\\\/2021\\\/07\\\/08\\\/producao-de-caminhoes-registra-o-melhor-desempenho-do-ano-em-junho\\\/#breadcrumb\",\"itemListElement\":[{\"@type\":\"ListItem\",\"position\":1,\"name\":\"Home\",\"item\":\"https:\\\/\\\/dana.com.br\\\/canaldana\\\/\"},{\"@type\":\"ListItem\",\"position\":2,\"name\":\"Destaques\",\"item\":\"https:\\\/\\\/dana.com.br\\\/canaldana\\\/destaques\\\/\"},{\"@type\":\"ListItem\",\"position\":3,\"name\":\"Produ\u00e7\u00e3o de caminh\u00f5es registra o melhor desempenho do ano em junho\"}]},{\"@type\":\"WebSite\",\"@id\":\"https:\\\/\\\/dana.com.br\\\/canaldana\\\/#website\",\"url\":\"https:\\\/\\\/dana.com.br\\\/canaldana\\\/\",\"name\":\"Canal Dana\",\"description\":\"Informativo com as principais not\u00edcias da ind\u00fastria automotiva\",\"potentialAction\":[{\"@type\":\"SearchAction\",\"target\":{\"@type\":\"EntryPoint\",\"urlTemplate\":\"https:\\\/\\\/dana.com.br\\\/canaldana\\\/?s={search_term_string}\"},\"query-input\":{\"@type\":\"PropertyValueSpecification\",\"valueRequired\":true,\"valueName\":\"search_term_string\"}}],\"inLanguage\":\"pt-BR\"},{\"@type\":\"Person\",\"@id\":\"https:\\\/\\\/dana.com.br\\\/canaldana\\\/#\\\/schema\\\/person\\\/3c21f22f56fcf3bc46b94bc60ea4fef6\",\"name\":\"Canal Dana\",\"image\":{\"@type\":\"ImageObject\",\"inLanguage\":\"pt-BR\",\"@id\":\"https:\\\/\\\/secure.gravatar.com\\\/avatar\\\/420aaf9278582877d9018637c6817617705899d2858d7572ef0fe59a6b6454b4?s=96&d=mm&r=g\",\"url\":\"https:\\\/\\\/secure.gravatar.com\\\/avatar\\\/420aaf9278582877d9018637c6817617705899d2858d7572ef0fe59a6b6454b4?s=96&d=mm&r=g\",\"contentUrl\":\"https:\\\/\\\/secure.gravatar.com\\\/avatar\\\/420aaf9278582877d9018637c6817617705899d2858d7572ef0fe59a6b6454b4?s=96&d=mm&r=g\",\"caption\":\"Canal Dana\"},\"url\":\"https:\\\/\\\/dana.com.br\\\/canaldana\\\/author\\\/cdeditor\\\/\"}]}<\/script>\n<!-- \/ Yoast SEO plugin. -->","yoast_head_json":{"title":"Produ\u00e7\u00e3o de caminh\u00f5es registra o melhor desempenho do ano em junho - Canal Dana","robots":{"index":"index","follow":"follow","max-snippet":"max-snippet:-1","max-image-preview":"max-image-preview:large","max-video-preview":"max-video-preview:-1"},"canonical":"https:\/\/dana.com.br\/canaldana\/2021\/07\/08\/producao-de-caminhoes-registra-o-melhor-desempenho-do-ano-em-junho\/","og_locale":"pt_BR","og_type":"article","og_title":"Produ\u00e7\u00e3o de caminh\u00f5es registra o melhor desempenho do ano em junho - Canal Dana","og_description":"AutoInd\u00fastria &nbsp; A produ\u00e7\u00e3o de caminh\u00f5es no m\u00eas passado ultrapassou 14,6 mil unidades, volume 5,3% superior ao anotado em maio, de 13,9 mil. Segundo registros da Anfavea, o resultado se mostrou como o melhor do ano, bem como o mais robusto para junho desde 2013 &nbsp; No confronto com o mesmo m\u00eas do ano passado,\u2026 Leia mais \u00bb","og_url":"https:\/\/dana.com.br\/canaldana\/2021\/07\/08\/producao-de-caminhoes-registra-o-melhor-desempenho-do-ano-em-junho\/","og_site_name":"Canal Dana","article_published_time":"2021-07-08T11:41:06+00:00","author":"Canal Dana","twitter_card":"summary_large_image","twitter_misc":{"Escrito por":"Canal Dana","Est. tempo de leitura":"2 minutos"},"schema":{"@context":"https:\/\/schema.org","@graph":[{"@type":"Article","@id":"https:\/\/dana.com.br\/canaldana\/2021\/07\/08\/producao-de-caminhoes-registra-o-melhor-desempenho-do-ano-em-junho\/#article","isPartOf":{"@id":"https:\/\/dana.com.br\/canaldana\/2021\/07\/08\/producao-de-caminhoes-registra-o-melhor-desempenho-do-ano-em-junho\/"},"author":{"name":"Canal Dana","@id":"https:\/\/dana.com.br\/canaldana\/#\/schema\/person\/3c21f22f56fcf3bc46b94bc60ea4fef6"},"headline":"Produ\u00e7\u00e3o de caminh\u00f5es registra o melhor desempenho do ano em junho","datePublished":"2021-07-08T11:41:06+00:00","mainEntityOfPage":{"@id":"https:\/\/dana.com.br\/canaldana\/2021\/07\/08\/producao-de-caminhoes-registra-o-melhor-desempenho-do-ano-em-junho\/"},"wordCount":488,"articleSection":["Destaques"],"inLanguage":"pt-BR"},{"@type":"WebPage","@id":"https:\/\/dana.com.br\/canaldana\/2021\/07\/08\/producao-de-caminhoes-registra-o-melhor-desempenho-do-ano-em-junho\/","url":"https:\/\/dana.com.br\/canaldana\/2021\/07\/08\/producao-de-caminhoes-registra-o-melhor-desempenho-do-ano-em-junho\/","name":"Produ\u00e7\u00e3o de caminh\u00f5es registra o melhor desempenho do ano em junho - Canal Dana","isPartOf":{"@id":"https:\/\/dana.com.br\/canaldana\/#website"},"datePublished":"2021-07-08T11:41:06+00:00","author":{"@id":"https:\/\/dana.com.br\/canaldana\/#\/schema\/person\/3c21f22f56fcf3bc46b94bc60ea4fef6"},"breadcrumb":{"@id":"https:\/\/dana.com.br\/canaldana\/2021\/07\/08\/producao-de-caminhoes-registra-o-melhor-desempenho-do-ano-em-junho\/#breadcrumb"},"inLanguage":"pt-BR","potentialAction":[{"@type":"ReadAction","target":["https:\/\/dana.com.br\/canaldana\/2021\/07\/08\/producao-de-caminhoes-registra-o-melhor-desempenho-do-ano-em-junho\/"]}]},{"@type":"BreadcrumbList","@id":"https:\/\/dana.com.br\/canaldana\/2021\/07\/08\/producao-de-caminhoes-registra-o-melhor-desempenho-do-ano-em-junho\/#breadcrumb","itemListElement":[{"@type":"ListItem","position":1,"name":"Home","item":"https:\/\/dana.com.br\/canaldana\/"},{"@type":"ListItem","position":2,"name":"Destaques","item":"https:\/\/dana.com.br\/canaldana\/destaques\/"},{"@type":"ListItem","position":3,"name":"Produ\u00e7\u00e3o de caminh\u00f5es registra o melhor desempenho do ano em junho"}]},{"@type":"WebSite","@id":"https:\/\/dana.com.br\/canaldana\/#website","url":"https:\/\/dana.com.br\/canaldana\/","name":"Canal Dana","description":"Informativo com as principais not\u00edcias da ind\u00fastria automotiva","potentialAction":[{"@type":"SearchAction","target":{"@type":"EntryPoint","urlTemplate":"https:\/\/dana.com.br\/canaldana\/?s={search_term_string}"},"query-input":{"@type":"PropertyValueSpecification","valueRequired":true,"valueName":"search_term_string"}}],"inLanguage":"pt-BR"},{"@type":"Person","@id":"https:\/\/dana.com.br\/canaldana\/#\/schema\/person\/3c21f22f56fcf3bc46b94bc60ea4fef6","name":"Canal Dana","image":{"@type":"ImageObject","inLanguage":"pt-BR","@id":"https:\/\/secure.gravatar.com\/avatar\/420aaf9278582877d9018637c6817617705899d2858d7572ef0fe59a6b6454b4?s=96&d=mm&r=g","url":"https:\/\/secure.gravatar.com\/avatar\/420aaf9278582877d9018637c6817617705899d2858d7572ef0fe59a6b6454b4?s=96&d=mm&r=g","contentUrl":"https:\/\/secure.gravatar.com\/avatar\/420aaf9278582877d9018637c6817617705899d2858d7572ef0fe59a6b6454b4?s=96&d=mm&r=g","caption":"Canal Dana"},"url":"https:\/\/dana.com.br\/canaldana\/author\/cdeditor\/"}]}},"_links":{"self":[{"href":"https:\/\/dana.com.br\/canaldana\/wp-json\/wp\/v2\/posts\/51447","targetHints":{"allow":["GET"]}}],"collection":[{"href":"https:\/\/dana.com.br\/canaldana\/wp-json\/wp\/v2\/posts"}],"about":[{"href":"https:\/\/dana.com.br\/canaldana\/wp-json\/wp\/v2\/types\/post"}],"author":[{"embeddable":true,"href":"https:\/\/dana.com.br\/canaldana\/wp-json\/wp\/v2\/users\/3"}],"replies":[{"embeddable":true,"href":"https:\/\/dana.com.br\/canaldana\/wp-json\/wp\/v2\/comments?post=51447"}],"version-history":[{"count":0,"href":"https:\/\/dana.com.br\/canaldana\/wp-json\/wp\/v2\/posts\/51447\/revisions"}],"wp:attachment":[{"href":"https:\/\/dana.com.br\/canaldana\/wp-json\/wp\/v2\/media?parent=51447"}],"wp:term":[{"taxonomy":"category","embeddable":true,"href":"https:\/\/dana.com.br\/canaldana\/wp-json\/wp\/v2\/categories?post=51447"},{"taxonomy":"post_tag","embeddable":true,"href":"https:\/\/dana.com.br\/canaldana\/wp-json\/wp\/v2\/tags?post=51447"}],"curies":[{"name":"wp","href":"https:\/\/api.w.org\/{rel}","templated":true}]}}