{"id":51443,"date":"2021-07-08T08:39:54","date_gmt":"2021-07-08T11:39:54","guid":{"rendered":"https:\/\/dana.com.br\/canaldana\/?p=51443"},"modified":"2021-07-08T08:39:54","modified_gmt":"2021-07-08T11:39:54","slug":"escassez-de-insumos-poe-retomada-em-xeque","status":"publish","type":"post","link":"https:\/\/dana.com.br\/canaldana\/2021\/07\/08\/escassez-de-insumos-poe-retomada-em-xeque\/","title":{"rendered":"Escassez de insumos p\u00f5e retomada em xeque"},"content":{"rendered":"<p><em>O Estado de S. Paulo <\/em><\/p>\n<p>&nbsp;<\/p>\n<p>Passado o pior momento da desorganiza\u00e7\u00e3o da cadeia produtiva provocada pela crise sanit\u00e1ria, a recomposi\u00e7\u00e3o de estoques puxou o crescimento do Produto Interno Bruto (PIB) no in\u00edcio do ano e ainda pode continuar impulsionando a recupera\u00e7\u00e3o da economia no segundo trimestre. No entanto, a falta de insumos, como semicondutores, tem paralisado parques fabris pelo Pa\u00eds e pode atrapalhar esse movimento de retomada.<\/p>\n<p>&nbsp;<\/p>\n<p>Em junho, 8 dos 18 principais segmentos da ind\u00fastria de transforma\u00e7\u00e3o brasileira ainda operavam com estoques abaixo do normal. A escassez de insumos era o principal entrave \u00e0 expans\u00e3o da produ\u00e7\u00e3o em cinco deles nos \u00faltimos meses, segundo estudo do Instituto Brasileiro de Economia da Funda\u00e7\u00e3o Get\u00falio Vargas (IBRE\/FGV) feito com exclusividade para o Estad\u00e3o\/broadcast.<\/p>\n<p>&nbsp;<\/p>\n<p>\u201cQuer\u00edamos verificar se era um problema de aumento na demanda, que os setores n\u00e3o estavam conseguindo acompanhar. Se fosse o caso, o Nuci (N\u00edvel de Utiliza\u00e7\u00e3o da Capacidade Instalada) deveria estar alto, mas n\u00e3o est\u00e1 t\u00e3o elevado. O empres\u00e1rio n\u00e3o est\u00e1 conseguindo produzir mesmo. N\u00e3o est\u00e3o chegando os insumos\u201d, explicou Aloisio Campelo J\u00fanior, superintendente de Estat\u00edsticas P\u00fablicas do IBRE\/FGV.<\/p>\n<p>&nbsp;<\/p>\n<p>O segmento com maior potencial de crescimento com a recomposi\u00e7\u00e3o de estoques em junho era o de minerais n\u00e3o met\u00e1licos (33,1% operavam com estoque abaixo do normal), \u00e0 frente de atividades de produtos de metal (15,3% com baixos estoques), metalurgia (13,5%), produtos pl\u00e1sticos (5,5%) e m\u00e1quinas e equipamentos (4,9%).<\/p>\n<p>&nbsp;<\/p>\n<p>Esses setores, segundo o IBRE\/FGV, registram baixos estoques desde a segunda metade de 2020. Tamb\u00e9m est\u00e3o aqu\u00e9m da normalidade os estoques de m\u00e1quinas e materiais el\u00e9tricos (2,5% das empresas), t\u00eaxtil (0,7%) e derivados de petr\u00f3leo e biocombust\u00edveis (0,2%). \u201cEsses tr\u00eas setores j\u00e1 est\u00e3o em processo de normaliza\u00e7\u00e3o dos estoques\u201d, disse a economista Cl\u00e1udia Perdig\u00e3o, respons\u00e1vel pela Sondagem da Ind\u00fastria do IBRE\/FGV.<\/p>\n<p>&nbsp;<\/p>\n<p>O industrial S\u00e9rgio Duarte, presidente da Associa\u00e7\u00e3o de Ind\u00fastrias do Estado do Rio de Janeiro, a Rio Ind\u00fastria, conta que o setor se recupera gradualmente da desorganiza\u00e7\u00e3o da cadeia produtiva, mas que \u00e9 poss\u00edvel a persist\u00eancia de problemas pontuais. Propriet\u00e1rio da ind\u00fastria aliment\u00edcia Chinezinho, com sede na capital fluminense, Duarte enfrentou dificuldades no fornecimento de embalagens, mas v\u00ea normaliza\u00e7\u00e3o. \u201cA gente comprava embalagem pl\u00e1stica com 20 a 25 dias para entregar. Na pandemia, essa entrega foi de 60 a 80 dias. Agora, estamos recebendo em 30 dias. Ainda n\u00e3o est\u00e1 como antes, mas est\u00e1 bem pr\u00f3ximo, bem mais normal\u201d, relatou Duarte. \u201cCada setor foi afetado de maneira diferente.\u201d<\/p>\n<p>&nbsp;<\/p>\n<p>Segundo Cl\u00e1udia Perdig\u00e3o, o aumento da demanda contribuiu para explicar a dificuldade de recomposi\u00e7\u00e3o de estoques nos setores como o de fabricantes de embalagens. Houve maior procura por produtos desses segmentos, impulsionada pela valoriza\u00e7\u00e3o do d\u00f3lar, pelo desempenho do setor agr\u00edcola e por modifica\u00e7\u00f5es no padr\u00e3o de consumo das fam\u00edlias que aumentaram o com\u00e9rcio eletr\u00f4nico e a contrata\u00e7\u00e3o de reformas e servi\u00e7os da constru\u00e7\u00e3o civil.<\/p>\n<p>&nbsp;<\/p>\n<p><strong>Choque<\/strong><\/p>\n<p>&nbsp;<\/p>\n<p>Esses segmentos j\u00e1 enfrentavam dificuldade na recomposi\u00e7\u00e3o da produ\u00e7\u00e3o f\u00edsica desde 2015, observou a pesquisadora do IBRE\/FGV, o que foi agravado com o choque provocado pela pandemia sobre a oferta de insumos, ainda n\u00e3o normalizada.<\/p>\n<p>&nbsp;<\/p>\n<p>Entre os segmentos industriais com baixo n\u00edvel de estoques, a escassez de insumos permanecia acentuada para a ind\u00fastria de produtos de metal, em que 23,8% do setor aponta a escassez de mat\u00e9ria-prima como o maior entrave \u00e0 produ\u00e7\u00e3o, seguida pelos fabricantes de produtos pl\u00e1sticos (22,3%), m\u00e1quinas e equipamentos (19,3%) e metalurgia (16,9%), segundo informa\u00e7\u00f5es de abril, \u00faltima vez em que a sondagem da FGV perguntou aos empres\u00e1rios sobre o acesso a insumos.<\/p>\n<p>&nbsp;<\/p>\n<p>\u201cHistoricamente, esse indicador apresenta uma m\u00e9dia muito baixa, em torno de 2%. Quando olhamos um porcentual de 22% no segmento de produtos pl\u00e1sticos, estamos olhando para um crescimento muito grande, e algo que s\u00f3 come\u00e7ou em outubro de 2020. Foi um fen\u00f4meno da pandemia\u201d, frisou Cl\u00e1udia Perdig\u00e3o.<\/p>\n<p>&nbsp;<\/p>\n<p>A recomposi\u00e7\u00e3o de estoques vinha ajudando a turbinar a retomada da economia brasileira desde o segundo semestre do ano passado, disse Br\u00e1ulio Borges, economista s\u00eanior da LCA Consultores. Nas contas da LCA Consultores, o avan\u00e7o de 1,2% no PIB do primeiro trimestre de 2021 ante o quarto trimestre de 2020 teria passado a uma retra\u00e7\u00e3o de 1,6%, caso a varia\u00e7\u00e3o de estoques fosse exclu\u00edda. (O Estado de S. Paulo\/Daniela Amorim e Vinicius Neder)<\/p>\n","protected":false},"excerpt":{"rendered":"<p>O Estado de S. Paulo &nbsp; Passado o pior momento da desorganiza\u00e7\u00e3o da cadeia produtiva provocada pela crise sanit\u00e1ria, a recomposi\u00e7\u00e3o de estoques puxou o crescimento do Produto Interno Bruto (PIB) no in\u00edcio do ano e ainda pode continuar impulsionando a recupera\u00e7\u00e3o da economia no segundo trimestre. No entanto, a falta de insumos, como semicondutores,\u2026 <a class=\"readmore\" href=\"https:\/\/dana.com.br\/canaldana\/2021\/07\/08\/escassez-de-insumos-poe-retomada-em-xeque\/\">Leia mais \u00bb<\/a><\/p>\n","protected":false},"author":3,"featured_media":0,"comment_status":"closed","ping_status":"closed","sticky":false,"template":"","format":"standard","meta":{"_acf_changed":false,"footnotes":""},"categories":[61],"tags":[],"class_list":["post-51443","post","type-post","status-publish","format-standard","hentry","category-destaques"],"acf":[],"yoast_head":"<!-- This site is optimized with the Yoast SEO plugin v27.3 - https:\/\/yoast.com\/product\/yoast-seo-wordpress\/ -->\n<title>Escassez de insumos p\u00f5e retomada em xeque - Canal Dana<\/title>\n<meta name=\"robots\" content=\"index, follow, max-snippet:-1, max-image-preview:large, max-video-preview:-1\" \/>\n<link rel=\"canonical\" href=\"https:\/\/dana.com.br\/canaldana\/2021\/07\/08\/escassez-de-insumos-poe-retomada-em-xeque\/\" \/>\n<meta property=\"og:locale\" content=\"pt_BR\" \/>\n<meta property=\"og:type\" content=\"article\" \/>\n<meta property=\"og:title\" content=\"Escassez de insumos p\u00f5e retomada em xeque - Canal Dana\" \/>\n<meta property=\"og:description\" content=\"O Estado de S. Paulo &nbsp; Passado o pior momento da desorganiza\u00e7\u00e3o da cadeia produtiva provocada pela crise sanit\u00e1ria, a recomposi\u00e7\u00e3o de estoques puxou o crescimento do Produto Interno Bruto (PIB) no in\u00edcio do ano e ainda pode continuar impulsionando a recupera\u00e7\u00e3o da economia no segundo trimestre. No entanto, a falta de insumos, como semicondutores,\u2026 Leia mais \u00bb\" \/>\n<meta property=\"og:url\" content=\"https:\/\/dana.com.br\/canaldana\/2021\/07\/08\/escassez-de-insumos-poe-retomada-em-xeque\/\" \/>\n<meta property=\"og:site_name\" content=\"Canal Dana\" \/>\n<meta property=\"article:published_time\" content=\"2021-07-08T11:39:54+00:00\" \/>\n<meta name=\"author\" content=\"Canal Dana\" \/>\n<meta name=\"twitter:card\" content=\"summary_large_image\" \/>\n<meta name=\"twitter:label1\" content=\"Escrito por\" \/>\n\t<meta name=\"twitter:data1\" content=\"Canal Dana\" \/>\n\t<meta name=\"twitter:label2\" content=\"Est. tempo de leitura\" \/>\n\t<meta name=\"twitter:data2\" content=\"4 minutos\" \/>\n<script type=\"application\/ld+json\" class=\"yoast-schema-graph\">{\"@context\":\"https:\\\/\\\/schema.org\",\"@graph\":[{\"@type\":\"Article\",\"@id\":\"https:\\\/\\\/dana.com.br\\\/canaldana\\\/2021\\\/07\\\/08\\\/escassez-de-insumos-poe-retomada-em-xeque\\\/#article\",\"isPartOf\":{\"@id\":\"https:\\\/\\\/dana.com.br\\\/canaldana\\\/2021\\\/07\\\/08\\\/escassez-de-insumos-poe-retomada-em-xeque\\\/\"},\"author\":{\"name\":\"Canal Dana\",\"@id\":\"https:\\\/\\\/dana.com.br\\\/canaldana\\\/#\\\/schema\\\/person\\\/3c21f22f56fcf3bc46b94bc60ea4fef6\"},\"headline\":\"Escassez de insumos p\u00f5e retomada em xeque\",\"datePublished\":\"2021-07-08T11:39:54+00:00\",\"mainEntityOfPage\":{\"@id\":\"https:\\\/\\\/dana.com.br\\\/canaldana\\\/2021\\\/07\\\/08\\\/escassez-de-insumos-poe-retomada-em-xeque\\\/\"},\"wordCount\":786,\"articleSection\":[\"Destaques\"],\"inLanguage\":\"pt-BR\"},{\"@type\":\"WebPage\",\"@id\":\"https:\\\/\\\/dana.com.br\\\/canaldana\\\/2021\\\/07\\\/08\\\/escassez-de-insumos-poe-retomada-em-xeque\\\/\",\"url\":\"https:\\\/\\\/dana.com.br\\\/canaldana\\\/2021\\\/07\\\/08\\\/escassez-de-insumos-poe-retomada-em-xeque\\\/\",\"name\":\"Escassez de insumos p\u00f5e retomada em xeque - Canal Dana\",\"isPartOf\":{\"@id\":\"https:\\\/\\\/dana.com.br\\\/canaldana\\\/#website\"},\"datePublished\":\"2021-07-08T11:39:54+00:00\",\"author\":{\"@id\":\"https:\\\/\\\/dana.com.br\\\/canaldana\\\/#\\\/schema\\\/person\\\/3c21f22f56fcf3bc46b94bc60ea4fef6\"},\"breadcrumb\":{\"@id\":\"https:\\\/\\\/dana.com.br\\\/canaldana\\\/2021\\\/07\\\/08\\\/escassez-de-insumos-poe-retomada-em-xeque\\\/#breadcrumb\"},\"inLanguage\":\"pt-BR\",\"potentialAction\":[{\"@type\":\"ReadAction\",\"target\":[\"https:\\\/\\\/dana.com.br\\\/canaldana\\\/2021\\\/07\\\/08\\\/escassez-de-insumos-poe-retomada-em-xeque\\\/\"]}]},{\"@type\":\"BreadcrumbList\",\"@id\":\"https:\\\/\\\/dana.com.br\\\/canaldana\\\/2021\\\/07\\\/08\\\/escassez-de-insumos-poe-retomada-em-xeque\\\/#breadcrumb\",\"itemListElement\":[{\"@type\":\"ListItem\",\"position\":1,\"name\":\"Home\",\"item\":\"https:\\\/\\\/dana.com.br\\\/canaldana\\\/\"},{\"@type\":\"ListItem\",\"position\":2,\"name\":\"Destaques\",\"item\":\"https:\\\/\\\/dana.com.br\\\/canaldana\\\/destaques\\\/\"},{\"@type\":\"ListItem\",\"position\":3,\"name\":\"Escassez de insumos p\u00f5e retomada em xeque\"}]},{\"@type\":\"WebSite\",\"@id\":\"https:\\\/\\\/dana.com.br\\\/canaldana\\\/#website\",\"url\":\"https:\\\/\\\/dana.com.br\\\/canaldana\\\/\",\"name\":\"Canal Dana\",\"description\":\"Informativo com as principais not\u00edcias da ind\u00fastria automotiva\",\"potentialAction\":[{\"@type\":\"SearchAction\",\"target\":{\"@type\":\"EntryPoint\",\"urlTemplate\":\"https:\\\/\\\/dana.com.br\\\/canaldana\\\/?s={search_term_string}\"},\"query-input\":{\"@type\":\"PropertyValueSpecification\",\"valueRequired\":true,\"valueName\":\"search_term_string\"}}],\"inLanguage\":\"pt-BR\"},{\"@type\":\"Person\",\"@id\":\"https:\\\/\\\/dana.com.br\\\/canaldana\\\/#\\\/schema\\\/person\\\/3c21f22f56fcf3bc46b94bc60ea4fef6\",\"name\":\"Canal Dana\",\"image\":{\"@type\":\"ImageObject\",\"inLanguage\":\"pt-BR\",\"@id\":\"https:\\\/\\\/secure.gravatar.com\\\/avatar\\\/420aaf9278582877d9018637c6817617705899d2858d7572ef0fe59a6b6454b4?s=96&d=mm&r=g\",\"url\":\"https:\\\/\\\/secure.gravatar.com\\\/avatar\\\/420aaf9278582877d9018637c6817617705899d2858d7572ef0fe59a6b6454b4?s=96&d=mm&r=g\",\"contentUrl\":\"https:\\\/\\\/secure.gravatar.com\\\/avatar\\\/420aaf9278582877d9018637c6817617705899d2858d7572ef0fe59a6b6454b4?s=96&d=mm&r=g\",\"caption\":\"Canal Dana\"},\"url\":\"https:\\\/\\\/dana.com.br\\\/canaldana\\\/author\\\/cdeditor\\\/\"}]}<\/script>\n<!-- \/ Yoast SEO plugin. -->","yoast_head_json":{"title":"Escassez de insumos p\u00f5e retomada em xeque - Canal Dana","robots":{"index":"index","follow":"follow","max-snippet":"max-snippet:-1","max-image-preview":"max-image-preview:large","max-video-preview":"max-video-preview:-1"},"canonical":"https:\/\/dana.com.br\/canaldana\/2021\/07\/08\/escassez-de-insumos-poe-retomada-em-xeque\/","og_locale":"pt_BR","og_type":"article","og_title":"Escassez de insumos p\u00f5e retomada em xeque - Canal Dana","og_description":"O Estado de S. Paulo &nbsp; Passado o pior momento da desorganiza\u00e7\u00e3o da cadeia produtiva provocada pela crise sanit\u00e1ria, a recomposi\u00e7\u00e3o de estoques puxou o crescimento do Produto Interno Bruto (PIB) no in\u00edcio do ano e ainda pode continuar impulsionando a recupera\u00e7\u00e3o da economia no segundo trimestre. No entanto, a falta de insumos, como semicondutores,\u2026 Leia mais \u00bb","og_url":"https:\/\/dana.com.br\/canaldana\/2021\/07\/08\/escassez-de-insumos-poe-retomada-em-xeque\/","og_site_name":"Canal Dana","article_published_time":"2021-07-08T11:39:54+00:00","author":"Canal Dana","twitter_card":"summary_large_image","twitter_misc":{"Escrito por":"Canal Dana","Est. tempo de leitura":"4 minutos"},"schema":{"@context":"https:\/\/schema.org","@graph":[{"@type":"Article","@id":"https:\/\/dana.com.br\/canaldana\/2021\/07\/08\/escassez-de-insumos-poe-retomada-em-xeque\/#article","isPartOf":{"@id":"https:\/\/dana.com.br\/canaldana\/2021\/07\/08\/escassez-de-insumos-poe-retomada-em-xeque\/"},"author":{"name":"Canal Dana","@id":"https:\/\/dana.com.br\/canaldana\/#\/schema\/person\/3c21f22f56fcf3bc46b94bc60ea4fef6"},"headline":"Escassez de insumos p\u00f5e retomada em xeque","datePublished":"2021-07-08T11:39:54+00:00","mainEntityOfPage":{"@id":"https:\/\/dana.com.br\/canaldana\/2021\/07\/08\/escassez-de-insumos-poe-retomada-em-xeque\/"},"wordCount":786,"articleSection":["Destaques"],"inLanguage":"pt-BR"},{"@type":"WebPage","@id":"https:\/\/dana.com.br\/canaldana\/2021\/07\/08\/escassez-de-insumos-poe-retomada-em-xeque\/","url":"https:\/\/dana.com.br\/canaldana\/2021\/07\/08\/escassez-de-insumos-poe-retomada-em-xeque\/","name":"Escassez de insumos p\u00f5e retomada em xeque - Canal Dana","isPartOf":{"@id":"https:\/\/dana.com.br\/canaldana\/#website"},"datePublished":"2021-07-08T11:39:54+00:00","author":{"@id":"https:\/\/dana.com.br\/canaldana\/#\/schema\/person\/3c21f22f56fcf3bc46b94bc60ea4fef6"},"breadcrumb":{"@id":"https:\/\/dana.com.br\/canaldana\/2021\/07\/08\/escassez-de-insumos-poe-retomada-em-xeque\/#breadcrumb"},"inLanguage":"pt-BR","potentialAction":[{"@type":"ReadAction","target":["https:\/\/dana.com.br\/canaldana\/2021\/07\/08\/escassez-de-insumos-poe-retomada-em-xeque\/"]}]},{"@type":"BreadcrumbList","@id":"https:\/\/dana.com.br\/canaldana\/2021\/07\/08\/escassez-de-insumos-poe-retomada-em-xeque\/#breadcrumb","itemListElement":[{"@type":"ListItem","position":1,"name":"Home","item":"https:\/\/dana.com.br\/canaldana\/"},{"@type":"ListItem","position":2,"name":"Destaques","item":"https:\/\/dana.com.br\/canaldana\/destaques\/"},{"@type":"ListItem","position":3,"name":"Escassez de insumos p\u00f5e retomada em xeque"}]},{"@type":"WebSite","@id":"https:\/\/dana.com.br\/canaldana\/#website","url":"https:\/\/dana.com.br\/canaldana\/","name":"Canal Dana","description":"Informativo com as principais not\u00edcias da ind\u00fastria automotiva","potentialAction":[{"@type":"SearchAction","target":{"@type":"EntryPoint","urlTemplate":"https:\/\/dana.com.br\/canaldana\/?s={search_term_string}"},"query-input":{"@type":"PropertyValueSpecification","valueRequired":true,"valueName":"search_term_string"}}],"inLanguage":"pt-BR"},{"@type":"Person","@id":"https:\/\/dana.com.br\/canaldana\/#\/schema\/person\/3c21f22f56fcf3bc46b94bc60ea4fef6","name":"Canal Dana","image":{"@type":"ImageObject","inLanguage":"pt-BR","@id":"https:\/\/secure.gravatar.com\/avatar\/420aaf9278582877d9018637c6817617705899d2858d7572ef0fe59a6b6454b4?s=96&d=mm&r=g","url":"https:\/\/secure.gravatar.com\/avatar\/420aaf9278582877d9018637c6817617705899d2858d7572ef0fe59a6b6454b4?s=96&d=mm&r=g","contentUrl":"https:\/\/secure.gravatar.com\/avatar\/420aaf9278582877d9018637c6817617705899d2858d7572ef0fe59a6b6454b4?s=96&d=mm&r=g","caption":"Canal Dana"},"url":"https:\/\/dana.com.br\/canaldana\/author\/cdeditor\/"}]}},"_links":{"self":[{"href":"https:\/\/dana.com.br\/canaldana\/wp-json\/wp\/v2\/posts\/51443","targetHints":{"allow":["GET"]}}],"collection":[{"href":"https:\/\/dana.com.br\/canaldana\/wp-json\/wp\/v2\/posts"}],"about":[{"href":"https:\/\/dana.com.br\/canaldana\/wp-json\/wp\/v2\/types\/post"}],"author":[{"embeddable":true,"href":"https:\/\/dana.com.br\/canaldana\/wp-json\/wp\/v2\/users\/3"}],"replies":[{"embeddable":true,"href":"https:\/\/dana.com.br\/canaldana\/wp-json\/wp\/v2\/comments?post=51443"}],"version-history":[{"count":0,"href":"https:\/\/dana.com.br\/canaldana\/wp-json\/wp\/v2\/posts\/51443\/revisions"}],"wp:attachment":[{"href":"https:\/\/dana.com.br\/canaldana\/wp-json\/wp\/v2\/media?parent=51443"}],"wp:term":[{"taxonomy":"category","embeddable":true,"href":"https:\/\/dana.com.br\/canaldana\/wp-json\/wp\/v2\/categories?post=51443"},{"taxonomy":"post_tag","embeddable":true,"href":"https:\/\/dana.com.br\/canaldana\/wp-json\/wp\/v2\/tags?post=51443"}],"curies":[{"name":"wp","href":"https:\/\/api.w.org\/{rel}","templated":true}]}}