{"id":51441,"date":"2021-07-08T08:39:28","date_gmt":"2021-07-08T11:39:28","guid":{"rendered":"https:\/\/dana.com.br\/canaldana\/?p=51441"},"modified":"2021-07-08T08:39:28","modified_gmt":"2021-07-08T11:39:28","slug":"gas-gasolina-e-oleo-diesel-vao-pesar-mais-no-bolso","status":"publish","type":"post","link":"https:\/\/dana.com.br\/canaldana\/2021\/07\/08\/gas-gasolina-e-oleo-diesel-vao-pesar-mais-no-bolso\/","title":{"rendered":"G\u00e1s, gasolina e \u00f3leo diesel v\u00e3o pesar mais no bolso"},"content":{"rendered":"<p><em>Di\u00e1rio do Grande ABC <\/em><\/p>\n<p>&nbsp;<\/p>\n<p>O g\u00e1s de cozinha e o combust\u00edvel v\u00e3o pesar ainda mais no bolso do consumidor a partir de hoje. A Petrobras anunciou alta de 6% no GLP (G\u00e1s Liquefeito de Petr\u00f3leo), 6,3% no \u00f3leo diesel e 3,7% na gasolina, produtos que t\u00eam sofrido reajustes constantes neste ano. No Grande ABC, a m\u00e9dia de pre\u00e7o do botij\u00e3o de g\u00e1s nas revendedoras aumentou 26,7% desde janeiro, passando a custar R$ 89,25, na \u00faltima semana.<\/p>\n<p>&nbsp;<\/p>\n<p>Segundo dados da ANP (Ag\u00eancia Nacional do Petr\u00f3leo, G\u00e1s Natural e Biocombust\u00edveis), tabulados pelo Di\u00e1rio, o botij\u00e3o custa em torno de R$ 100 na regi\u00e3o \u2013 est\u00e1 R$ 98 em Diadema (veja mais na arte). Em janeiro, a m\u00e9dia era R$ 70,40, ou seja, agora custa quase R$ 20 a mais.<\/p>\n<p>&nbsp;<\/p>\n<p>Propriet\u00e1rio da Vianag\u00e1s, localizada em Santo Andr\u00e9, Josu\u00e9 Freitas Viana afirmou que as altas constantes prejudicam o setor. Nas revendas, o pre\u00e7o do botij\u00e3o tamb\u00e9m varia dependendo se o consumidor vai retirar ou se a loja fica respons\u00e1vel pela entrega.<\/p>\n<p>&nbsp;<\/p>\n<p>\u201cO combust\u00edvel tamb\u00e9m sobe, e a gente depende dele para fazer as entregas\u201d, afirmou Josu\u00e9. \u201cO consumidor n\u00e3o tem para onde fugir, a alternativa \u00e9 a energia el\u00e9trica, que tamb\u00e9m subiu absurdamente. Ent\u00e3o, ele est\u00e1 em um beco sem sa\u00edda, entre a cruz e a espada.\u201d<\/p>\n<p>&nbsp;<\/p>\n<p>Em nota sobre o aumento, o Sindig\u00e1s (Sindicato Nacional das Distribuidoras de G\u00e1s Liquefeito de Petr\u00f3leo) reiterou que os valores s\u00e3o livres em todos os elos da cadeia. \u201cPortanto, n\u00e3o \u00e9 poss\u00edvel projetar um percentual de ajuste para o consumidor final. Observa-se, no entanto, que os reajustes do GLP na refinaria s\u00e3o dilu\u00eddos ao longo da cadeia de distribui\u00e7\u00e3o e revenda, fazendo com que recaiam com menos for\u00e7a sobre o consumidor final, devido \u00e0 disputa pela prefer\u00eancia dos clientes, movimento t\u00edpico de mercados em que vigora a livre concorr\u00eancia\u201d, informou.<\/p>\n<p>&nbsp;<\/p>\n<p>A Petrobras garantiu que busca evitar o repasse imediato para os pre\u00e7os internos da volatilidade externa causada por eventos conjunturais e que os valores praticados buscam o equil\u00edbrio com o mercado internacional e acompanham as varia\u00e7\u00f5es do valor dos produtos e da taxa de c\u00e2mbio, para cima e para baixo.<\/p>\n<p>&nbsp;<\/p>\n<p>\u201cIsso mostra que o setor externo e o c\u00e2mbio s\u00e3o fatores muito mais decisivos do que a vontade do presidente da Rep\u00fablica em dar satisfa\u00e7\u00e3o a uma parte dos seus eleitores (Joaquim Silva e Luna assumiu a Petrobras em abril, ap\u00f3s indica\u00e7\u00e3o de Jair Bolsonaro em meio a cr\u00edticas \u00e0 gest\u00e3o da estatal)\u201d, afirmou o coordenador do curso de administra\u00e7\u00e3o do Instituto Mau\u00e1 de Tecnologia, Ricardo Balistiero. \u201cN\u00f3s tivemos um pequeno refresco do d\u00f3lar nas \u00faltimas semanas, isso pode representar algum al\u00edvio nesse ritmo forte de aumento nos combust\u00edveis nos pr\u00f3ximos meses\u201d, afirmou Balistiero.<\/p>\n<p>&nbsp;<\/p>\n<p><strong>Combust\u00edveis<\/strong><\/p>\n<p>&nbsp;<\/p>\n<p>Al\u00e9m do g\u00e1s, a Petrobras anunciou aumentos nos combust\u00edveis. A gasolina j\u00e1 encareceu 23,52% desde o in\u00edcio do ano, passando da m\u00e9dia de R$ 4,38 para R$ 5,41, o litro. J\u00e1 o diesel passou de R$ 3,82 para R$ 4,58, na m\u00e9dia, alta de 19,9%. A expectativa \u00e9 que com o aumento a gasolina suba R$ 0,12 e o diesel, R$ 0,09.<\/p>\n<p>&nbsp;<\/p>\n<p>\u201cO aumento da gasolina vai ter um efeito na economia porque impacta na infla\u00e7\u00e3o, mas o diesel acaba impactando mais, porque pega todos os servi\u00e7os de transporte de carga. O problema \u00e9 que, com a alta desses combust\u00edveis, o etanol acaba subindo tamb\u00e9m\u201d, disse o presidente do Regran (Sindicato do Com\u00e9rcio Varejista de Derivados de Petr\u00f3leo do ABCDMRR), Wagner de Souza.\u00a0 (Di\u00e1rio do Grande ABC\/Yara Ferraz)<\/p>\n","protected":false},"excerpt":{"rendered":"<p>Di\u00e1rio do Grande ABC &nbsp; O g\u00e1s de cozinha e o combust\u00edvel v\u00e3o pesar ainda mais no bolso do consumidor a partir de hoje. A Petrobras anunciou alta de 6% no GLP (G\u00e1s Liquefeito de Petr\u00f3leo), 6,3% no \u00f3leo diesel e 3,7% na gasolina, produtos que t\u00eam sofrido reajustes constantes neste ano. No Grande ABC,\u2026 <a class=\"readmore\" href=\"https:\/\/dana.com.br\/canaldana\/2021\/07\/08\/gas-gasolina-e-oleo-diesel-vao-pesar-mais-no-bolso\/\">Leia mais \u00bb<\/a><\/p>\n","protected":false},"author":3,"featured_media":0,"comment_status":"closed","ping_status":"closed","sticky":false,"template":"","format":"standard","meta":{"_acf_changed":false,"footnotes":""},"categories":[79],"tags":[],"class_list":["post-51441","post","type-post","status-publish","format-standard","hentry","category-mercado"],"acf":[],"yoast_head":"<!-- This site is optimized with the Yoast SEO plugin v27.3 - https:\/\/yoast.com\/product\/yoast-seo-wordpress\/ -->\n<title>G\u00e1s, gasolina e \u00f3leo diesel v\u00e3o pesar mais no bolso - Canal Dana<\/title>\n<meta name=\"robots\" content=\"index, follow, max-snippet:-1, max-image-preview:large, max-video-preview:-1\" \/>\n<link rel=\"canonical\" href=\"https:\/\/dana.com.br\/canaldana\/2021\/07\/08\/gas-gasolina-e-oleo-diesel-vao-pesar-mais-no-bolso\/\" \/>\n<meta property=\"og:locale\" content=\"pt_BR\" \/>\n<meta property=\"og:type\" content=\"article\" \/>\n<meta property=\"og:title\" content=\"G\u00e1s, gasolina e \u00f3leo diesel v\u00e3o pesar mais no bolso - Canal Dana\" \/>\n<meta property=\"og:description\" content=\"Di\u00e1rio do Grande ABC &nbsp; O g\u00e1s de cozinha e o combust\u00edvel v\u00e3o pesar ainda mais no bolso do consumidor a partir de hoje. A Petrobras anunciou alta de 6% no GLP (G\u00e1s Liquefeito de Petr\u00f3leo), 6,3% no \u00f3leo diesel e 3,7% na gasolina, produtos que t\u00eam sofrido reajustes constantes neste ano. No Grande ABC,\u2026 Leia mais \u00bb\" \/>\n<meta property=\"og:url\" content=\"https:\/\/dana.com.br\/canaldana\/2021\/07\/08\/gas-gasolina-e-oleo-diesel-vao-pesar-mais-no-bolso\/\" \/>\n<meta property=\"og:site_name\" content=\"Canal Dana\" \/>\n<meta property=\"article:published_time\" content=\"2021-07-08T11:39:28+00:00\" \/>\n<meta name=\"author\" content=\"Canal Dana\" \/>\n<meta name=\"twitter:card\" content=\"summary_large_image\" \/>\n<meta name=\"twitter:label1\" content=\"Escrito por\" \/>\n\t<meta name=\"twitter:data1\" content=\"Canal Dana\" \/>\n\t<meta name=\"twitter:label2\" content=\"Est. tempo de leitura\" \/>\n\t<meta name=\"twitter:data2\" content=\"3 minutos\" \/>\n<script type=\"application\/ld+json\" class=\"yoast-schema-graph\">{\"@context\":\"https:\\\/\\\/schema.org\",\"@graph\":[{\"@type\":\"Article\",\"@id\":\"https:\\\/\\\/dana.com.br\\\/canaldana\\\/2021\\\/07\\\/08\\\/gas-gasolina-e-oleo-diesel-vao-pesar-mais-no-bolso\\\/#article\",\"isPartOf\":{\"@id\":\"https:\\\/\\\/dana.com.br\\\/canaldana\\\/2021\\\/07\\\/08\\\/gas-gasolina-e-oleo-diesel-vao-pesar-mais-no-bolso\\\/\"},\"author\":{\"name\":\"Canal Dana\",\"@id\":\"https:\\\/\\\/dana.com.br\\\/canaldana\\\/#\\\/schema\\\/person\\\/3c21f22f56fcf3bc46b94bc60ea4fef6\"},\"headline\":\"G\u00e1s, gasolina e \u00f3leo diesel v\u00e3o pesar mais no bolso\",\"datePublished\":\"2021-07-08T11:39:28+00:00\",\"mainEntityOfPage\":{\"@id\":\"https:\\\/\\\/dana.com.br\\\/canaldana\\\/2021\\\/07\\\/08\\\/gas-gasolina-e-oleo-diesel-vao-pesar-mais-no-bolso\\\/\"},\"wordCount\":652,\"articleSection\":[\"Mercado\"],\"inLanguage\":\"pt-BR\"},{\"@type\":\"WebPage\",\"@id\":\"https:\\\/\\\/dana.com.br\\\/canaldana\\\/2021\\\/07\\\/08\\\/gas-gasolina-e-oleo-diesel-vao-pesar-mais-no-bolso\\\/\",\"url\":\"https:\\\/\\\/dana.com.br\\\/canaldana\\\/2021\\\/07\\\/08\\\/gas-gasolina-e-oleo-diesel-vao-pesar-mais-no-bolso\\\/\",\"name\":\"G\u00e1s, gasolina e \u00f3leo diesel v\u00e3o pesar mais no bolso - Canal Dana\",\"isPartOf\":{\"@id\":\"https:\\\/\\\/dana.com.br\\\/canaldana\\\/#website\"},\"datePublished\":\"2021-07-08T11:39:28+00:00\",\"author\":{\"@id\":\"https:\\\/\\\/dana.com.br\\\/canaldana\\\/#\\\/schema\\\/person\\\/3c21f22f56fcf3bc46b94bc60ea4fef6\"},\"breadcrumb\":{\"@id\":\"https:\\\/\\\/dana.com.br\\\/canaldana\\\/2021\\\/07\\\/08\\\/gas-gasolina-e-oleo-diesel-vao-pesar-mais-no-bolso\\\/#breadcrumb\"},\"inLanguage\":\"pt-BR\",\"potentialAction\":[{\"@type\":\"ReadAction\",\"target\":[\"https:\\\/\\\/dana.com.br\\\/canaldana\\\/2021\\\/07\\\/08\\\/gas-gasolina-e-oleo-diesel-vao-pesar-mais-no-bolso\\\/\"]}]},{\"@type\":\"BreadcrumbList\",\"@id\":\"https:\\\/\\\/dana.com.br\\\/canaldana\\\/2021\\\/07\\\/08\\\/gas-gasolina-e-oleo-diesel-vao-pesar-mais-no-bolso\\\/#breadcrumb\",\"itemListElement\":[{\"@type\":\"ListItem\",\"position\":1,\"name\":\"Home\",\"item\":\"https:\\\/\\\/dana.com.br\\\/canaldana\\\/\"},{\"@type\":\"ListItem\",\"position\":2,\"name\":\"Mercado\",\"item\":\"https:\\\/\\\/dana.com.br\\\/canaldana\\\/mercado\\\/\"},{\"@type\":\"ListItem\",\"position\":3,\"name\":\"G\u00e1s, gasolina e \u00f3leo diesel v\u00e3o pesar mais no bolso\"}]},{\"@type\":\"WebSite\",\"@id\":\"https:\\\/\\\/dana.com.br\\\/canaldana\\\/#website\",\"url\":\"https:\\\/\\\/dana.com.br\\\/canaldana\\\/\",\"name\":\"Canal Dana\",\"description\":\"Informativo com as principais not\u00edcias da ind\u00fastria automotiva\",\"potentialAction\":[{\"@type\":\"SearchAction\",\"target\":{\"@type\":\"EntryPoint\",\"urlTemplate\":\"https:\\\/\\\/dana.com.br\\\/canaldana\\\/?s={search_term_string}\"},\"query-input\":{\"@type\":\"PropertyValueSpecification\",\"valueRequired\":true,\"valueName\":\"search_term_string\"}}],\"inLanguage\":\"pt-BR\"},{\"@type\":\"Person\",\"@id\":\"https:\\\/\\\/dana.com.br\\\/canaldana\\\/#\\\/schema\\\/person\\\/3c21f22f56fcf3bc46b94bc60ea4fef6\",\"name\":\"Canal Dana\",\"image\":{\"@type\":\"ImageObject\",\"inLanguage\":\"pt-BR\",\"@id\":\"https:\\\/\\\/secure.gravatar.com\\\/avatar\\\/420aaf9278582877d9018637c6817617705899d2858d7572ef0fe59a6b6454b4?s=96&d=mm&r=g\",\"url\":\"https:\\\/\\\/secure.gravatar.com\\\/avatar\\\/420aaf9278582877d9018637c6817617705899d2858d7572ef0fe59a6b6454b4?s=96&d=mm&r=g\",\"contentUrl\":\"https:\\\/\\\/secure.gravatar.com\\\/avatar\\\/420aaf9278582877d9018637c6817617705899d2858d7572ef0fe59a6b6454b4?s=96&d=mm&r=g\",\"caption\":\"Canal Dana\"},\"url\":\"https:\\\/\\\/dana.com.br\\\/canaldana\\\/author\\\/cdeditor\\\/\"}]}<\/script>\n<!-- \/ Yoast SEO plugin. -->","yoast_head_json":{"title":"G\u00e1s, gasolina e \u00f3leo diesel v\u00e3o pesar mais no bolso - Canal Dana","robots":{"index":"index","follow":"follow","max-snippet":"max-snippet:-1","max-image-preview":"max-image-preview:large","max-video-preview":"max-video-preview:-1"},"canonical":"https:\/\/dana.com.br\/canaldana\/2021\/07\/08\/gas-gasolina-e-oleo-diesel-vao-pesar-mais-no-bolso\/","og_locale":"pt_BR","og_type":"article","og_title":"G\u00e1s, gasolina e \u00f3leo diesel v\u00e3o pesar mais no bolso - Canal Dana","og_description":"Di\u00e1rio do Grande ABC &nbsp; O g\u00e1s de cozinha e o combust\u00edvel v\u00e3o pesar ainda mais no bolso do consumidor a partir de hoje. A Petrobras anunciou alta de 6% no GLP (G\u00e1s Liquefeito de Petr\u00f3leo), 6,3% no \u00f3leo diesel e 3,7% na gasolina, produtos que t\u00eam sofrido reajustes constantes neste ano. No Grande ABC,\u2026 Leia mais \u00bb","og_url":"https:\/\/dana.com.br\/canaldana\/2021\/07\/08\/gas-gasolina-e-oleo-diesel-vao-pesar-mais-no-bolso\/","og_site_name":"Canal Dana","article_published_time":"2021-07-08T11:39:28+00:00","author":"Canal Dana","twitter_card":"summary_large_image","twitter_misc":{"Escrito por":"Canal Dana","Est. tempo de leitura":"3 minutos"},"schema":{"@context":"https:\/\/schema.org","@graph":[{"@type":"Article","@id":"https:\/\/dana.com.br\/canaldana\/2021\/07\/08\/gas-gasolina-e-oleo-diesel-vao-pesar-mais-no-bolso\/#article","isPartOf":{"@id":"https:\/\/dana.com.br\/canaldana\/2021\/07\/08\/gas-gasolina-e-oleo-diesel-vao-pesar-mais-no-bolso\/"},"author":{"name":"Canal Dana","@id":"https:\/\/dana.com.br\/canaldana\/#\/schema\/person\/3c21f22f56fcf3bc46b94bc60ea4fef6"},"headline":"G\u00e1s, gasolina e \u00f3leo diesel v\u00e3o pesar mais no bolso","datePublished":"2021-07-08T11:39:28+00:00","mainEntityOfPage":{"@id":"https:\/\/dana.com.br\/canaldana\/2021\/07\/08\/gas-gasolina-e-oleo-diesel-vao-pesar-mais-no-bolso\/"},"wordCount":652,"articleSection":["Mercado"],"inLanguage":"pt-BR"},{"@type":"WebPage","@id":"https:\/\/dana.com.br\/canaldana\/2021\/07\/08\/gas-gasolina-e-oleo-diesel-vao-pesar-mais-no-bolso\/","url":"https:\/\/dana.com.br\/canaldana\/2021\/07\/08\/gas-gasolina-e-oleo-diesel-vao-pesar-mais-no-bolso\/","name":"G\u00e1s, gasolina e \u00f3leo diesel v\u00e3o pesar mais no bolso - Canal Dana","isPartOf":{"@id":"https:\/\/dana.com.br\/canaldana\/#website"},"datePublished":"2021-07-08T11:39:28+00:00","author":{"@id":"https:\/\/dana.com.br\/canaldana\/#\/schema\/person\/3c21f22f56fcf3bc46b94bc60ea4fef6"},"breadcrumb":{"@id":"https:\/\/dana.com.br\/canaldana\/2021\/07\/08\/gas-gasolina-e-oleo-diesel-vao-pesar-mais-no-bolso\/#breadcrumb"},"inLanguage":"pt-BR","potentialAction":[{"@type":"ReadAction","target":["https:\/\/dana.com.br\/canaldana\/2021\/07\/08\/gas-gasolina-e-oleo-diesel-vao-pesar-mais-no-bolso\/"]}]},{"@type":"BreadcrumbList","@id":"https:\/\/dana.com.br\/canaldana\/2021\/07\/08\/gas-gasolina-e-oleo-diesel-vao-pesar-mais-no-bolso\/#breadcrumb","itemListElement":[{"@type":"ListItem","position":1,"name":"Home","item":"https:\/\/dana.com.br\/canaldana\/"},{"@type":"ListItem","position":2,"name":"Mercado","item":"https:\/\/dana.com.br\/canaldana\/mercado\/"},{"@type":"ListItem","position":3,"name":"G\u00e1s, gasolina e \u00f3leo diesel v\u00e3o pesar mais no bolso"}]},{"@type":"WebSite","@id":"https:\/\/dana.com.br\/canaldana\/#website","url":"https:\/\/dana.com.br\/canaldana\/","name":"Canal Dana","description":"Informativo com as principais not\u00edcias da ind\u00fastria automotiva","potentialAction":[{"@type":"SearchAction","target":{"@type":"EntryPoint","urlTemplate":"https:\/\/dana.com.br\/canaldana\/?s={search_term_string}"},"query-input":{"@type":"PropertyValueSpecification","valueRequired":true,"valueName":"search_term_string"}}],"inLanguage":"pt-BR"},{"@type":"Person","@id":"https:\/\/dana.com.br\/canaldana\/#\/schema\/person\/3c21f22f56fcf3bc46b94bc60ea4fef6","name":"Canal Dana","image":{"@type":"ImageObject","inLanguage":"pt-BR","@id":"https:\/\/secure.gravatar.com\/avatar\/420aaf9278582877d9018637c6817617705899d2858d7572ef0fe59a6b6454b4?s=96&d=mm&r=g","url":"https:\/\/secure.gravatar.com\/avatar\/420aaf9278582877d9018637c6817617705899d2858d7572ef0fe59a6b6454b4?s=96&d=mm&r=g","contentUrl":"https:\/\/secure.gravatar.com\/avatar\/420aaf9278582877d9018637c6817617705899d2858d7572ef0fe59a6b6454b4?s=96&d=mm&r=g","caption":"Canal Dana"},"url":"https:\/\/dana.com.br\/canaldana\/author\/cdeditor\/"}]}},"_links":{"self":[{"href":"https:\/\/dana.com.br\/canaldana\/wp-json\/wp\/v2\/posts\/51441","targetHints":{"allow":["GET"]}}],"collection":[{"href":"https:\/\/dana.com.br\/canaldana\/wp-json\/wp\/v2\/posts"}],"about":[{"href":"https:\/\/dana.com.br\/canaldana\/wp-json\/wp\/v2\/types\/post"}],"author":[{"embeddable":true,"href":"https:\/\/dana.com.br\/canaldana\/wp-json\/wp\/v2\/users\/3"}],"replies":[{"embeddable":true,"href":"https:\/\/dana.com.br\/canaldana\/wp-json\/wp\/v2\/comments?post=51441"}],"version-history":[{"count":0,"href":"https:\/\/dana.com.br\/canaldana\/wp-json\/wp\/v2\/posts\/51441\/revisions"}],"wp:attachment":[{"href":"https:\/\/dana.com.br\/canaldana\/wp-json\/wp\/v2\/media?parent=51441"}],"wp:term":[{"taxonomy":"category","embeddable":true,"href":"https:\/\/dana.com.br\/canaldana\/wp-json\/wp\/v2\/categories?post=51441"},{"taxonomy":"post_tag","embeddable":true,"href":"https:\/\/dana.com.br\/canaldana\/wp-json\/wp\/v2\/tags?post=51441"}],"curies":[{"name":"wp","href":"https:\/\/api.w.org\/{rel}","templated":true}]}}