{"id":51429,"date":"2021-07-08T08:36:30","date_gmt":"2021-07-08T11:36:30","guid":{"rendered":"https:\/\/dana.com.br\/canaldana\/?p=51429"},"modified":"2021-07-08T08:36:30","modified_gmt":"2021-07-08T11:36:30","slug":"grupo-traton-assume-controle-da-norte-americana-navistar","status":"publish","type":"post","link":"https:\/\/dana.com.br\/canaldana\/2021\/07\/08\/grupo-traton-assume-controle-da-norte-americana-navistar\/","title":{"rendered":"Grupo Traton assume controle da norte-americana Navistar"},"content":{"rendered":"<p><em>Frota &amp; Cia\u00a0 <\/em><\/p>\n<p>&nbsp;<\/p>\n<p>A Traton Group, que integra o Grupo Volkswagen e controla a MAN, Scania e Volkswagen Caminh\u00f5es e \u00d4nibus e RIO, anunciou no dia 1 de julho o fechamento do acordo para compra de todas as a\u00e7\u00f5es ordin\u00e1rias da Navistar. At\u00e9 ent\u00e3o, a Traton detinha 16,7 % do controle acion\u00e1rio da tradicional fabricante norte-americana de ve\u00edculos comerciais.<\/p>\n<p>&nbsp;<\/p>\n<p>\u201cHoje \u00e9 um grande dia para o Traton Group e para os nossos novos colegas da Navistar que se juntam \u00e0 fam\u00edlia Traton. A partir deste dia, trabalharemos lado a lado para dar um passo em frente rumo ao transporte sustent\u00e1vel do futuro. Isso \u00e9 algo pelo qual todo o grupo est\u00e1 ansioso \u201c, disse o CEO da TRATON Matthias Gr\u00fcndler.<\/p>\n<p>&nbsp;<\/p>\n<p>Segundo o comunicado, a combina\u00e7\u00e3o da lideran\u00e7a da Traton nos mercados europeu e sul-americano com a forte presen\u00e7a da Navistar na Am\u00e9rica do Norte estabelece as bases para uma empresa de classe mundial, com alcance global e capacidade complementares.<\/p>\n<p>&nbsp;<\/p>\n<p>A decis\u00e3o abre as portas para o grupo alem\u00e3o se estabelecer de forma s\u00f3lida no mercado mais lucrativo do mundo, os Estados Unidos, onde a Navistar possui uma grande participa\u00e7\u00e3o. A empresa vai concorrer com gigantes de peso como a Daimler, dona da Freightliner e Western Star, Volvo, Mack, Paccar, Kenworth e Peterbilt, entre outros fabricantes de caminh\u00f5es e \u00f4nibus.<\/p>\n<p>&nbsp;<\/p>\n<p>No caso brasileiro, o acordo beneficia a MWM, fabricante de motores e que era controlada pela Navistar. E, ainda, a Volkswagen Caminh\u00f5es e \u00d4nibus, que pode ganhar uma f\u00e1brica pronta de motores para equipar os ve\u00edculos da marca. (Frota &amp; Cia\/Jose Augusto)<\/p>\n","protected":false},"excerpt":{"rendered":"<p>Frota &amp; Cia\u00a0 &nbsp; A Traton Group, que integra o Grupo Volkswagen e controla a MAN, Scania e Volkswagen Caminh\u00f5es e \u00d4nibus e RIO, anunciou no dia 1 de julho o fechamento do acordo para compra de todas as a\u00e7\u00f5es ordin\u00e1rias da Navistar. At\u00e9 ent\u00e3o, a Traton detinha 16,7 % do controle acion\u00e1rio da tradicional\u2026 <a class=\"readmore\" href=\"https:\/\/dana.com.br\/canaldana\/2021\/07\/08\/grupo-traton-assume-controle-da-norte-americana-navistar\/\">Leia mais \u00bb<\/a><\/p>\n","protected":false},"author":3,"featured_media":0,"comment_status":"closed","ping_status":"closed","sticky":false,"template":"","format":"standard","meta":{"_acf_changed":false,"footnotes":""},"categories":[79],"tags":[],"class_list":["post-51429","post","type-post","status-publish","format-standard","hentry","category-mercado"],"acf":[],"yoast_head":"<!-- This site is optimized with the Yoast SEO plugin v27.3 - https:\/\/yoast.com\/product\/yoast-seo-wordpress\/ -->\n<title>Grupo Traton assume controle da norte-americana Navistar - Canal Dana<\/title>\n<meta name=\"robots\" content=\"index, follow, max-snippet:-1, max-image-preview:large, max-video-preview:-1\" \/>\n<link rel=\"canonical\" href=\"https:\/\/dana.com.br\/canaldana\/2021\/07\/08\/grupo-traton-assume-controle-da-norte-americana-navistar\/\" \/>\n<meta property=\"og:locale\" content=\"pt_BR\" \/>\n<meta property=\"og:type\" content=\"article\" \/>\n<meta property=\"og:title\" content=\"Grupo Traton assume controle da norte-americana Navistar - Canal Dana\" \/>\n<meta property=\"og:description\" content=\"Frota &amp; Cia\u00a0 &nbsp; A Traton Group, que integra o Grupo Volkswagen e controla a MAN, Scania e Volkswagen Caminh\u00f5es e \u00d4nibus e RIO, anunciou no dia 1 de julho o fechamento do acordo para compra de todas as a\u00e7\u00f5es ordin\u00e1rias da Navistar. At\u00e9 ent\u00e3o, a Traton detinha 16,7 % do controle acion\u00e1rio da tradicional\u2026 Leia mais \u00bb\" \/>\n<meta property=\"og:url\" content=\"https:\/\/dana.com.br\/canaldana\/2021\/07\/08\/grupo-traton-assume-controle-da-norte-americana-navistar\/\" \/>\n<meta property=\"og:site_name\" content=\"Canal Dana\" \/>\n<meta property=\"article:published_time\" content=\"2021-07-08T11:36:30+00:00\" \/>\n<meta name=\"author\" content=\"Canal Dana\" \/>\n<meta name=\"twitter:card\" content=\"summary_large_image\" \/>\n<meta name=\"twitter:label1\" content=\"Escrito por\" \/>\n\t<meta name=\"twitter:data1\" content=\"Canal Dana\" \/>\n\t<meta name=\"twitter:label2\" content=\"Est. tempo de leitura\" \/>\n\t<meta name=\"twitter:data2\" content=\"1 minuto\" \/>\n<script type=\"application\/ld+json\" class=\"yoast-schema-graph\">{\"@context\":\"https:\\\/\\\/schema.org\",\"@graph\":[{\"@type\":\"Article\",\"@id\":\"https:\\\/\\\/dana.com.br\\\/canaldana\\\/2021\\\/07\\\/08\\\/grupo-traton-assume-controle-da-norte-americana-navistar\\\/#article\",\"isPartOf\":{\"@id\":\"https:\\\/\\\/dana.com.br\\\/canaldana\\\/2021\\\/07\\\/08\\\/grupo-traton-assume-controle-da-norte-americana-navistar\\\/\"},\"author\":{\"name\":\"Canal Dana\",\"@id\":\"https:\\\/\\\/dana.com.br\\\/canaldana\\\/#\\\/schema\\\/person\\\/3c21f22f56fcf3bc46b94bc60ea4fef6\"},\"headline\":\"Grupo Traton assume controle da norte-americana Navistar\",\"datePublished\":\"2021-07-08T11:36:30+00:00\",\"mainEntityOfPage\":{\"@id\":\"https:\\\/\\\/dana.com.br\\\/canaldana\\\/2021\\\/07\\\/08\\\/grupo-traton-assume-controle-da-norte-americana-navistar\\\/\"},\"wordCount\":288,\"articleSection\":[\"Mercado\"],\"inLanguage\":\"pt-BR\"},{\"@type\":\"WebPage\",\"@id\":\"https:\\\/\\\/dana.com.br\\\/canaldana\\\/2021\\\/07\\\/08\\\/grupo-traton-assume-controle-da-norte-americana-navistar\\\/\",\"url\":\"https:\\\/\\\/dana.com.br\\\/canaldana\\\/2021\\\/07\\\/08\\\/grupo-traton-assume-controle-da-norte-americana-navistar\\\/\",\"name\":\"Grupo Traton assume controle da norte-americana Navistar - Canal Dana\",\"isPartOf\":{\"@id\":\"https:\\\/\\\/dana.com.br\\\/canaldana\\\/#website\"},\"datePublished\":\"2021-07-08T11:36:30+00:00\",\"author\":{\"@id\":\"https:\\\/\\\/dana.com.br\\\/canaldana\\\/#\\\/schema\\\/person\\\/3c21f22f56fcf3bc46b94bc60ea4fef6\"},\"breadcrumb\":{\"@id\":\"https:\\\/\\\/dana.com.br\\\/canaldana\\\/2021\\\/07\\\/08\\\/grupo-traton-assume-controle-da-norte-americana-navistar\\\/#breadcrumb\"},\"inLanguage\":\"pt-BR\",\"potentialAction\":[{\"@type\":\"ReadAction\",\"target\":[\"https:\\\/\\\/dana.com.br\\\/canaldana\\\/2021\\\/07\\\/08\\\/grupo-traton-assume-controle-da-norte-americana-navistar\\\/\"]}]},{\"@type\":\"BreadcrumbList\",\"@id\":\"https:\\\/\\\/dana.com.br\\\/canaldana\\\/2021\\\/07\\\/08\\\/grupo-traton-assume-controle-da-norte-americana-navistar\\\/#breadcrumb\",\"itemListElement\":[{\"@type\":\"ListItem\",\"position\":1,\"name\":\"Home\",\"item\":\"https:\\\/\\\/dana.com.br\\\/canaldana\\\/\"},{\"@type\":\"ListItem\",\"position\":2,\"name\":\"Mercado\",\"item\":\"https:\\\/\\\/dana.com.br\\\/canaldana\\\/mercado\\\/\"},{\"@type\":\"ListItem\",\"position\":3,\"name\":\"Grupo Traton assume controle da norte-americana Navistar\"}]},{\"@type\":\"WebSite\",\"@id\":\"https:\\\/\\\/dana.com.br\\\/canaldana\\\/#website\",\"url\":\"https:\\\/\\\/dana.com.br\\\/canaldana\\\/\",\"name\":\"Canal Dana\",\"description\":\"Informativo com as principais not\u00edcias da ind\u00fastria automotiva\",\"potentialAction\":[{\"@type\":\"SearchAction\",\"target\":{\"@type\":\"EntryPoint\",\"urlTemplate\":\"https:\\\/\\\/dana.com.br\\\/canaldana\\\/?s={search_term_string}\"},\"query-input\":{\"@type\":\"PropertyValueSpecification\",\"valueRequired\":true,\"valueName\":\"search_term_string\"}}],\"inLanguage\":\"pt-BR\"},{\"@type\":\"Person\",\"@id\":\"https:\\\/\\\/dana.com.br\\\/canaldana\\\/#\\\/schema\\\/person\\\/3c21f22f56fcf3bc46b94bc60ea4fef6\",\"name\":\"Canal Dana\",\"image\":{\"@type\":\"ImageObject\",\"inLanguage\":\"pt-BR\",\"@id\":\"https:\\\/\\\/secure.gravatar.com\\\/avatar\\\/420aaf9278582877d9018637c6817617705899d2858d7572ef0fe59a6b6454b4?s=96&d=mm&r=g\",\"url\":\"https:\\\/\\\/secure.gravatar.com\\\/avatar\\\/420aaf9278582877d9018637c6817617705899d2858d7572ef0fe59a6b6454b4?s=96&d=mm&r=g\",\"contentUrl\":\"https:\\\/\\\/secure.gravatar.com\\\/avatar\\\/420aaf9278582877d9018637c6817617705899d2858d7572ef0fe59a6b6454b4?s=96&d=mm&r=g\",\"caption\":\"Canal Dana\"},\"url\":\"https:\\\/\\\/dana.com.br\\\/canaldana\\\/author\\\/cdeditor\\\/\"}]}<\/script>\n<!-- \/ Yoast SEO plugin. -->","yoast_head_json":{"title":"Grupo Traton assume controle da norte-americana Navistar - Canal Dana","robots":{"index":"index","follow":"follow","max-snippet":"max-snippet:-1","max-image-preview":"max-image-preview:large","max-video-preview":"max-video-preview:-1"},"canonical":"https:\/\/dana.com.br\/canaldana\/2021\/07\/08\/grupo-traton-assume-controle-da-norte-americana-navistar\/","og_locale":"pt_BR","og_type":"article","og_title":"Grupo Traton assume controle da norte-americana Navistar - Canal Dana","og_description":"Frota &amp; Cia\u00a0 &nbsp; A Traton Group, que integra o Grupo Volkswagen e controla a MAN, Scania e Volkswagen Caminh\u00f5es e \u00d4nibus e RIO, anunciou no dia 1 de julho o fechamento do acordo para compra de todas as a\u00e7\u00f5es ordin\u00e1rias da Navistar. At\u00e9 ent\u00e3o, a Traton detinha 16,7 % do controle acion\u00e1rio da tradicional\u2026 Leia mais \u00bb","og_url":"https:\/\/dana.com.br\/canaldana\/2021\/07\/08\/grupo-traton-assume-controle-da-norte-americana-navistar\/","og_site_name":"Canal Dana","article_published_time":"2021-07-08T11:36:30+00:00","author":"Canal Dana","twitter_card":"summary_large_image","twitter_misc":{"Escrito por":"Canal Dana","Est. tempo de leitura":"1 minuto"},"schema":{"@context":"https:\/\/schema.org","@graph":[{"@type":"Article","@id":"https:\/\/dana.com.br\/canaldana\/2021\/07\/08\/grupo-traton-assume-controle-da-norte-americana-navistar\/#article","isPartOf":{"@id":"https:\/\/dana.com.br\/canaldana\/2021\/07\/08\/grupo-traton-assume-controle-da-norte-americana-navistar\/"},"author":{"name":"Canal Dana","@id":"https:\/\/dana.com.br\/canaldana\/#\/schema\/person\/3c21f22f56fcf3bc46b94bc60ea4fef6"},"headline":"Grupo Traton assume controle da norte-americana Navistar","datePublished":"2021-07-08T11:36:30+00:00","mainEntityOfPage":{"@id":"https:\/\/dana.com.br\/canaldana\/2021\/07\/08\/grupo-traton-assume-controle-da-norte-americana-navistar\/"},"wordCount":288,"articleSection":["Mercado"],"inLanguage":"pt-BR"},{"@type":"WebPage","@id":"https:\/\/dana.com.br\/canaldana\/2021\/07\/08\/grupo-traton-assume-controle-da-norte-americana-navistar\/","url":"https:\/\/dana.com.br\/canaldana\/2021\/07\/08\/grupo-traton-assume-controle-da-norte-americana-navistar\/","name":"Grupo Traton assume controle da norte-americana Navistar - Canal Dana","isPartOf":{"@id":"https:\/\/dana.com.br\/canaldana\/#website"},"datePublished":"2021-07-08T11:36:30+00:00","author":{"@id":"https:\/\/dana.com.br\/canaldana\/#\/schema\/person\/3c21f22f56fcf3bc46b94bc60ea4fef6"},"breadcrumb":{"@id":"https:\/\/dana.com.br\/canaldana\/2021\/07\/08\/grupo-traton-assume-controle-da-norte-americana-navistar\/#breadcrumb"},"inLanguage":"pt-BR","potentialAction":[{"@type":"ReadAction","target":["https:\/\/dana.com.br\/canaldana\/2021\/07\/08\/grupo-traton-assume-controle-da-norte-americana-navistar\/"]}]},{"@type":"BreadcrumbList","@id":"https:\/\/dana.com.br\/canaldana\/2021\/07\/08\/grupo-traton-assume-controle-da-norte-americana-navistar\/#breadcrumb","itemListElement":[{"@type":"ListItem","position":1,"name":"Home","item":"https:\/\/dana.com.br\/canaldana\/"},{"@type":"ListItem","position":2,"name":"Mercado","item":"https:\/\/dana.com.br\/canaldana\/mercado\/"},{"@type":"ListItem","position":3,"name":"Grupo Traton assume controle da norte-americana Navistar"}]},{"@type":"WebSite","@id":"https:\/\/dana.com.br\/canaldana\/#website","url":"https:\/\/dana.com.br\/canaldana\/","name":"Canal Dana","description":"Informativo com as principais not\u00edcias da ind\u00fastria automotiva","potentialAction":[{"@type":"SearchAction","target":{"@type":"EntryPoint","urlTemplate":"https:\/\/dana.com.br\/canaldana\/?s={search_term_string}"},"query-input":{"@type":"PropertyValueSpecification","valueRequired":true,"valueName":"search_term_string"}}],"inLanguage":"pt-BR"},{"@type":"Person","@id":"https:\/\/dana.com.br\/canaldana\/#\/schema\/person\/3c21f22f56fcf3bc46b94bc60ea4fef6","name":"Canal Dana","image":{"@type":"ImageObject","inLanguage":"pt-BR","@id":"https:\/\/secure.gravatar.com\/avatar\/420aaf9278582877d9018637c6817617705899d2858d7572ef0fe59a6b6454b4?s=96&d=mm&r=g","url":"https:\/\/secure.gravatar.com\/avatar\/420aaf9278582877d9018637c6817617705899d2858d7572ef0fe59a6b6454b4?s=96&d=mm&r=g","contentUrl":"https:\/\/secure.gravatar.com\/avatar\/420aaf9278582877d9018637c6817617705899d2858d7572ef0fe59a6b6454b4?s=96&d=mm&r=g","caption":"Canal Dana"},"url":"https:\/\/dana.com.br\/canaldana\/author\/cdeditor\/"}]}},"_links":{"self":[{"href":"https:\/\/dana.com.br\/canaldana\/wp-json\/wp\/v2\/posts\/51429","targetHints":{"allow":["GET"]}}],"collection":[{"href":"https:\/\/dana.com.br\/canaldana\/wp-json\/wp\/v2\/posts"}],"about":[{"href":"https:\/\/dana.com.br\/canaldana\/wp-json\/wp\/v2\/types\/post"}],"author":[{"embeddable":true,"href":"https:\/\/dana.com.br\/canaldana\/wp-json\/wp\/v2\/users\/3"}],"replies":[{"embeddable":true,"href":"https:\/\/dana.com.br\/canaldana\/wp-json\/wp\/v2\/comments?post=51429"}],"version-history":[{"count":0,"href":"https:\/\/dana.com.br\/canaldana\/wp-json\/wp\/v2\/posts\/51429\/revisions"}],"wp:attachment":[{"href":"https:\/\/dana.com.br\/canaldana\/wp-json\/wp\/v2\/media?parent=51429"}],"wp:term":[{"taxonomy":"category","embeddable":true,"href":"https:\/\/dana.com.br\/canaldana\/wp-json\/wp\/v2\/categories?post=51429"},{"taxonomy":"post_tag","embeddable":true,"href":"https:\/\/dana.com.br\/canaldana\/wp-json\/wp\/v2\/tags?post=51429"}],"curies":[{"name":"wp","href":"https:\/\/api.w.org\/{rel}","templated":true}]}}