{"id":51412,"date":"2021-07-07T09:04:02","date_gmt":"2021-07-07T12:04:02","guid":{"rendered":"https:\/\/dana.com.br\/canaldana\/?p=51412"},"modified":"2021-07-07T09:04:02","modified_gmt":"2021-07-07T12:04:02","slug":"abeifa-amplia-atuacao-com-categoria-de-veiculos-recreativos","status":"publish","type":"post","link":"https:\/\/dana.com.br\/canaldana\/2021\/07\/07\/abeifa-amplia-atuacao-com-categoria-de-veiculos-recreativos\/","title":{"rendered":"Abeifa amplia atua\u00e7\u00e3o com categoria de ve\u00edculos recreativos"},"content":{"rendered":"<p><em>AutoInd\u00fastria <\/em><\/p>\n<p>&nbsp;<\/p>\n<p>Criada no in\u00edcio dos anos 80 para representar exclusivamente os importadores e na \u00e9poca batizada de Abeiva, a agora Abeifa, Associa\u00e7\u00e3o Brasileira das Empresas Importadoras e Fabricantes de Ve\u00edculos Automotores, passa a representar uma nova categoria a partir deste m\u00eas. \u00c9 a dos ve\u00edculos recreativos, destinados a lazer e opera\u00e7\u00f5es fora de estrada, como em \u00e1reas rurais ou de dif\u00edcil acesso, que n\u00e3o s\u00e3o emplacados pelos Detrans.<\/p>\n<p>&nbsp;<\/p>\n<p>As tr\u00eas novas associadas s\u00e3o as importadoras BRP, CFMoto e Polaris, que decidiram se unir por meio da associa\u00e7\u00e3o a uma entidade em busca da regulamenta\u00e7\u00e3o da circula\u00e7\u00e3o dos ve\u00edculos recreativos no Pa\u00eds. O segmento passa por um processo de maior demanda em fun\u00e7\u00e3o das medidas de isolamento impostas pela pandemia da Covid-19, que acabou favorecendo atividades externas ligadas ao lazer e gerando novas oportunidades de renda.<\/p>\n<p>&nbsp;<\/p>\n<p>\u201cCom a cria\u00e7\u00e3o de nova categoria damos mais um passo importante na trajet\u00f3ria de 30 anos da Abeifa, que contribui para a introdu\u00e7\u00e3o no Pa\u00eds de tecnologias mais atualizados no setor automotivo, assim como para o balizamento dos pre\u00e7os internos na \u00e9poca da abertura econ\u00f4mica e para a dissemina\u00e7\u00e3o da eletrifica\u00e7\u00e3o mais recentemente\u201d, comenta Jo\u00e3o Henrique de Oliveira, presidente da Abeifa.<\/p>\n<p>&nbsp;<\/p>\n<p>O executivo salienta que a entidade est\u00e1 aberta para abrigar outras categorias al\u00e9m da de ve\u00edculos recreativos, a exemplo dos importadores e fornecedores de produtos de mobilidade sustent\u00e1vel, \u201cpauta que o mundo ter\u00e1 de enfrentar daqui para frente\u201d.<\/p>\n<p>&nbsp;<\/p>\n<p>No caso dos ve\u00edculos recreativos, o presidente da Abeifa acredita haver espa\u00e7o para o mercado crescer de oito a 10 vezes nos pr\u00f3ximos 10 anos, \u201cda\u00ed a import\u00e2ncia de haver uma regula\u00e7\u00e3o do seu uso em sistemas de trilhas e vias de acesso\u201d. S\u00f3 neste ano foram comercializadas 7,5 mil unidades no segmento.<\/p>\n<p>&nbsp;<\/p>\n<p>Fernando Alves, gerente nacional da BRP para o Brasil, considera natural a busca pela regula\u00e7\u00e3o de circula\u00e7\u00e3o dos ve\u00edculos recreativos. \u201cCada vez mais nossos produtos fazem parte do cotidiano dos brasileiros, que nos questionam frequentemente sobre autoriza\u00e7\u00e3o para circula\u00e7\u00e3o em regi\u00f5es pr\u00f3ximas de centros urbanos. O objetivo \u00e9 poder responder a todas as quest\u00f5es de maneira clara, seguindo o que for estabelecido pelos \u00f3rg\u00e3os reguladores\u201d, explica o executivo. (AutoInd\u00fastria\/Alzira Rodrigues)<\/p>\n","protected":false},"excerpt":{"rendered":"<p>AutoInd\u00fastria &nbsp; Criada no in\u00edcio dos anos 80 para representar exclusivamente os importadores e na \u00e9poca batizada de Abeiva, a agora Abeifa, Associa\u00e7\u00e3o Brasileira das Empresas Importadoras e Fabricantes de Ve\u00edculos Automotores, passa a representar uma nova categoria a partir deste m\u00eas. \u00c9 a dos ve\u00edculos recreativos, destinados a lazer e opera\u00e7\u00f5es fora de estrada,\u2026 <a class=\"readmore\" href=\"https:\/\/dana.com.br\/canaldana\/2021\/07\/07\/abeifa-amplia-atuacao-com-categoria-de-veiculos-recreativos\/\">Leia mais \u00bb<\/a><\/p>\n","protected":false},"author":3,"featured_media":0,"comment_status":"closed","ping_status":"closed","sticky":false,"template":"","format":"standard","meta":{"_acf_changed":false,"footnotes":""},"categories":[79],"tags":[],"class_list":["post-51412","post","type-post","status-publish","format-standard","hentry","category-mercado"],"acf":[],"yoast_head":"<!-- This site is optimized with the Yoast SEO plugin v27.3 - https:\/\/yoast.com\/product\/yoast-seo-wordpress\/ -->\n<title>Abeifa amplia atua\u00e7\u00e3o com categoria de ve\u00edculos recreativos - Canal Dana<\/title>\n<meta name=\"robots\" content=\"index, follow, max-snippet:-1, max-image-preview:large, max-video-preview:-1\" \/>\n<link rel=\"canonical\" href=\"https:\/\/dana.com.br\/canaldana\/2021\/07\/07\/abeifa-amplia-atuacao-com-categoria-de-veiculos-recreativos\/\" \/>\n<meta property=\"og:locale\" content=\"pt_BR\" \/>\n<meta property=\"og:type\" content=\"article\" \/>\n<meta property=\"og:title\" content=\"Abeifa amplia atua\u00e7\u00e3o com categoria de ve\u00edculos recreativos - Canal Dana\" \/>\n<meta property=\"og:description\" content=\"AutoInd\u00fastria &nbsp; Criada no in\u00edcio dos anos 80 para representar exclusivamente os importadores e na \u00e9poca batizada de Abeiva, a agora Abeifa, Associa\u00e7\u00e3o Brasileira das Empresas Importadoras e Fabricantes de Ve\u00edculos Automotores, passa a representar uma nova categoria a partir deste m\u00eas. \u00c9 a dos ve\u00edculos recreativos, destinados a lazer e opera\u00e7\u00f5es fora de estrada,\u2026 Leia mais \u00bb\" \/>\n<meta property=\"og:url\" content=\"https:\/\/dana.com.br\/canaldana\/2021\/07\/07\/abeifa-amplia-atuacao-com-categoria-de-veiculos-recreativos\/\" \/>\n<meta property=\"og:site_name\" content=\"Canal Dana\" \/>\n<meta property=\"article:published_time\" content=\"2021-07-07T12:04:02+00:00\" \/>\n<meta name=\"author\" content=\"Canal Dana\" \/>\n<meta name=\"twitter:card\" content=\"summary_large_image\" \/>\n<meta name=\"twitter:label1\" content=\"Escrito por\" \/>\n\t<meta name=\"twitter:data1\" content=\"Canal Dana\" \/>\n\t<meta name=\"twitter:label2\" content=\"Est. tempo de leitura\" \/>\n\t<meta name=\"twitter:data2\" content=\"2 minutos\" \/>\n<script type=\"application\/ld+json\" class=\"yoast-schema-graph\">{\"@context\":\"https:\\\/\\\/schema.org\",\"@graph\":[{\"@type\":\"Article\",\"@id\":\"https:\\\/\\\/dana.com.br\\\/canaldana\\\/2021\\\/07\\\/07\\\/abeifa-amplia-atuacao-com-categoria-de-veiculos-recreativos\\\/#article\",\"isPartOf\":{\"@id\":\"https:\\\/\\\/dana.com.br\\\/canaldana\\\/2021\\\/07\\\/07\\\/abeifa-amplia-atuacao-com-categoria-de-veiculos-recreativos\\\/\"},\"author\":{\"name\":\"Canal Dana\",\"@id\":\"https:\\\/\\\/dana.com.br\\\/canaldana\\\/#\\\/schema\\\/person\\\/3c21f22f56fcf3bc46b94bc60ea4fef6\"},\"headline\":\"Abeifa amplia atua\u00e7\u00e3o com categoria de ve\u00edculos recreativos\",\"datePublished\":\"2021-07-07T12:04:02+00:00\",\"mainEntityOfPage\":{\"@id\":\"https:\\\/\\\/dana.com.br\\\/canaldana\\\/2021\\\/07\\\/07\\\/abeifa-amplia-atuacao-com-categoria-de-veiculos-recreativos\\\/\"},\"wordCount\":412,\"articleSection\":[\"Mercado\"],\"inLanguage\":\"pt-BR\"},{\"@type\":\"WebPage\",\"@id\":\"https:\\\/\\\/dana.com.br\\\/canaldana\\\/2021\\\/07\\\/07\\\/abeifa-amplia-atuacao-com-categoria-de-veiculos-recreativos\\\/\",\"url\":\"https:\\\/\\\/dana.com.br\\\/canaldana\\\/2021\\\/07\\\/07\\\/abeifa-amplia-atuacao-com-categoria-de-veiculos-recreativos\\\/\",\"name\":\"Abeifa amplia atua\u00e7\u00e3o com categoria de ve\u00edculos recreativos - Canal Dana\",\"isPartOf\":{\"@id\":\"https:\\\/\\\/dana.com.br\\\/canaldana\\\/#website\"},\"datePublished\":\"2021-07-07T12:04:02+00:00\",\"author\":{\"@id\":\"https:\\\/\\\/dana.com.br\\\/canaldana\\\/#\\\/schema\\\/person\\\/3c21f22f56fcf3bc46b94bc60ea4fef6\"},\"breadcrumb\":{\"@id\":\"https:\\\/\\\/dana.com.br\\\/canaldana\\\/2021\\\/07\\\/07\\\/abeifa-amplia-atuacao-com-categoria-de-veiculos-recreativos\\\/#breadcrumb\"},\"inLanguage\":\"pt-BR\",\"potentialAction\":[{\"@type\":\"ReadAction\",\"target\":[\"https:\\\/\\\/dana.com.br\\\/canaldana\\\/2021\\\/07\\\/07\\\/abeifa-amplia-atuacao-com-categoria-de-veiculos-recreativos\\\/\"]}]},{\"@type\":\"BreadcrumbList\",\"@id\":\"https:\\\/\\\/dana.com.br\\\/canaldana\\\/2021\\\/07\\\/07\\\/abeifa-amplia-atuacao-com-categoria-de-veiculos-recreativos\\\/#breadcrumb\",\"itemListElement\":[{\"@type\":\"ListItem\",\"position\":1,\"name\":\"Home\",\"item\":\"https:\\\/\\\/dana.com.br\\\/canaldana\\\/\"},{\"@type\":\"ListItem\",\"position\":2,\"name\":\"Mercado\",\"item\":\"https:\\\/\\\/dana.com.br\\\/canaldana\\\/mercado\\\/\"},{\"@type\":\"ListItem\",\"position\":3,\"name\":\"Abeifa amplia atua\u00e7\u00e3o com categoria de ve\u00edculos recreativos\"}]},{\"@type\":\"WebSite\",\"@id\":\"https:\\\/\\\/dana.com.br\\\/canaldana\\\/#website\",\"url\":\"https:\\\/\\\/dana.com.br\\\/canaldana\\\/\",\"name\":\"Canal Dana\",\"description\":\"Informativo com as principais not\u00edcias da ind\u00fastria automotiva\",\"potentialAction\":[{\"@type\":\"SearchAction\",\"target\":{\"@type\":\"EntryPoint\",\"urlTemplate\":\"https:\\\/\\\/dana.com.br\\\/canaldana\\\/?s={search_term_string}\"},\"query-input\":{\"@type\":\"PropertyValueSpecification\",\"valueRequired\":true,\"valueName\":\"search_term_string\"}}],\"inLanguage\":\"pt-BR\"},{\"@type\":\"Person\",\"@id\":\"https:\\\/\\\/dana.com.br\\\/canaldana\\\/#\\\/schema\\\/person\\\/3c21f22f56fcf3bc46b94bc60ea4fef6\",\"name\":\"Canal Dana\",\"image\":{\"@type\":\"ImageObject\",\"inLanguage\":\"pt-BR\",\"@id\":\"https:\\\/\\\/secure.gravatar.com\\\/avatar\\\/420aaf9278582877d9018637c6817617705899d2858d7572ef0fe59a6b6454b4?s=96&d=mm&r=g\",\"url\":\"https:\\\/\\\/secure.gravatar.com\\\/avatar\\\/420aaf9278582877d9018637c6817617705899d2858d7572ef0fe59a6b6454b4?s=96&d=mm&r=g\",\"contentUrl\":\"https:\\\/\\\/secure.gravatar.com\\\/avatar\\\/420aaf9278582877d9018637c6817617705899d2858d7572ef0fe59a6b6454b4?s=96&d=mm&r=g\",\"caption\":\"Canal Dana\"},\"url\":\"https:\\\/\\\/dana.com.br\\\/canaldana\\\/author\\\/cdeditor\\\/\"}]}<\/script>\n<!-- \/ Yoast SEO plugin. -->","yoast_head_json":{"title":"Abeifa amplia atua\u00e7\u00e3o com categoria de ve\u00edculos recreativos - Canal Dana","robots":{"index":"index","follow":"follow","max-snippet":"max-snippet:-1","max-image-preview":"max-image-preview:large","max-video-preview":"max-video-preview:-1"},"canonical":"https:\/\/dana.com.br\/canaldana\/2021\/07\/07\/abeifa-amplia-atuacao-com-categoria-de-veiculos-recreativos\/","og_locale":"pt_BR","og_type":"article","og_title":"Abeifa amplia atua\u00e7\u00e3o com categoria de ve\u00edculos recreativos - Canal Dana","og_description":"AutoInd\u00fastria &nbsp; Criada no in\u00edcio dos anos 80 para representar exclusivamente os importadores e na \u00e9poca batizada de Abeiva, a agora Abeifa, Associa\u00e7\u00e3o Brasileira das Empresas Importadoras e Fabricantes de Ve\u00edculos Automotores, passa a representar uma nova categoria a partir deste m\u00eas. \u00c9 a dos ve\u00edculos recreativos, destinados a lazer e opera\u00e7\u00f5es fora de estrada,\u2026 Leia mais \u00bb","og_url":"https:\/\/dana.com.br\/canaldana\/2021\/07\/07\/abeifa-amplia-atuacao-com-categoria-de-veiculos-recreativos\/","og_site_name":"Canal Dana","article_published_time":"2021-07-07T12:04:02+00:00","author":"Canal Dana","twitter_card":"summary_large_image","twitter_misc":{"Escrito por":"Canal Dana","Est. tempo de leitura":"2 minutos"},"schema":{"@context":"https:\/\/schema.org","@graph":[{"@type":"Article","@id":"https:\/\/dana.com.br\/canaldana\/2021\/07\/07\/abeifa-amplia-atuacao-com-categoria-de-veiculos-recreativos\/#article","isPartOf":{"@id":"https:\/\/dana.com.br\/canaldana\/2021\/07\/07\/abeifa-amplia-atuacao-com-categoria-de-veiculos-recreativos\/"},"author":{"name":"Canal Dana","@id":"https:\/\/dana.com.br\/canaldana\/#\/schema\/person\/3c21f22f56fcf3bc46b94bc60ea4fef6"},"headline":"Abeifa amplia atua\u00e7\u00e3o com categoria de ve\u00edculos recreativos","datePublished":"2021-07-07T12:04:02+00:00","mainEntityOfPage":{"@id":"https:\/\/dana.com.br\/canaldana\/2021\/07\/07\/abeifa-amplia-atuacao-com-categoria-de-veiculos-recreativos\/"},"wordCount":412,"articleSection":["Mercado"],"inLanguage":"pt-BR"},{"@type":"WebPage","@id":"https:\/\/dana.com.br\/canaldana\/2021\/07\/07\/abeifa-amplia-atuacao-com-categoria-de-veiculos-recreativos\/","url":"https:\/\/dana.com.br\/canaldana\/2021\/07\/07\/abeifa-amplia-atuacao-com-categoria-de-veiculos-recreativos\/","name":"Abeifa amplia atua\u00e7\u00e3o com categoria de ve\u00edculos recreativos - Canal Dana","isPartOf":{"@id":"https:\/\/dana.com.br\/canaldana\/#website"},"datePublished":"2021-07-07T12:04:02+00:00","author":{"@id":"https:\/\/dana.com.br\/canaldana\/#\/schema\/person\/3c21f22f56fcf3bc46b94bc60ea4fef6"},"breadcrumb":{"@id":"https:\/\/dana.com.br\/canaldana\/2021\/07\/07\/abeifa-amplia-atuacao-com-categoria-de-veiculos-recreativos\/#breadcrumb"},"inLanguage":"pt-BR","potentialAction":[{"@type":"ReadAction","target":["https:\/\/dana.com.br\/canaldana\/2021\/07\/07\/abeifa-amplia-atuacao-com-categoria-de-veiculos-recreativos\/"]}]},{"@type":"BreadcrumbList","@id":"https:\/\/dana.com.br\/canaldana\/2021\/07\/07\/abeifa-amplia-atuacao-com-categoria-de-veiculos-recreativos\/#breadcrumb","itemListElement":[{"@type":"ListItem","position":1,"name":"Home","item":"https:\/\/dana.com.br\/canaldana\/"},{"@type":"ListItem","position":2,"name":"Mercado","item":"https:\/\/dana.com.br\/canaldana\/mercado\/"},{"@type":"ListItem","position":3,"name":"Abeifa amplia atua\u00e7\u00e3o com categoria de ve\u00edculos recreativos"}]},{"@type":"WebSite","@id":"https:\/\/dana.com.br\/canaldana\/#website","url":"https:\/\/dana.com.br\/canaldana\/","name":"Canal Dana","description":"Informativo com as principais not\u00edcias da ind\u00fastria automotiva","potentialAction":[{"@type":"SearchAction","target":{"@type":"EntryPoint","urlTemplate":"https:\/\/dana.com.br\/canaldana\/?s={search_term_string}"},"query-input":{"@type":"PropertyValueSpecification","valueRequired":true,"valueName":"search_term_string"}}],"inLanguage":"pt-BR"},{"@type":"Person","@id":"https:\/\/dana.com.br\/canaldana\/#\/schema\/person\/3c21f22f56fcf3bc46b94bc60ea4fef6","name":"Canal Dana","image":{"@type":"ImageObject","inLanguage":"pt-BR","@id":"https:\/\/secure.gravatar.com\/avatar\/420aaf9278582877d9018637c6817617705899d2858d7572ef0fe59a6b6454b4?s=96&d=mm&r=g","url":"https:\/\/secure.gravatar.com\/avatar\/420aaf9278582877d9018637c6817617705899d2858d7572ef0fe59a6b6454b4?s=96&d=mm&r=g","contentUrl":"https:\/\/secure.gravatar.com\/avatar\/420aaf9278582877d9018637c6817617705899d2858d7572ef0fe59a6b6454b4?s=96&d=mm&r=g","caption":"Canal Dana"},"url":"https:\/\/dana.com.br\/canaldana\/author\/cdeditor\/"}]}},"_links":{"self":[{"href":"https:\/\/dana.com.br\/canaldana\/wp-json\/wp\/v2\/posts\/51412","targetHints":{"allow":["GET"]}}],"collection":[{"href":"https:\/\/dana.com.br\/canaldana\/wp-json\/wp\/v2\/posts"}],"about":[{"href":"https:\/\/dana.com.br\/canaldana\/wp-json\/wp\/v2\/types\/post"}],"author":[{"embeddable":true,"href":"https:\/\/dana.com.br\/canaldana\/wp-json\/wp\/v2\/users\/3"}],"replies":[{"embeddable":true,"href":"https:\/\/dana.com.br\/canaldana\/wp-json\/wp\/v2\/comments?post=51412"}],"version-history":[{"count":0,"href":"https:\/\/dana.com.br\/canaldana\/wp-json\/wp\/v2\/posts\/51412\/revisions"}],"wp:attachment":[{"href":"https:\/\/dana.com.br\/canaldana\/wp-json\/wp\/v2\/media?parent=51412"}],"wp:term":[{"taxonomy":"category","embeddable":true,"href":"https:\/\/dana.com.br\/canaldana\/wp-json\/wp\/v2\/categories?post=51412"},{"taxonomy":"post_tag","embeddable":true,"href":"https:\/\/dana.com.br\/canaldana\/wp-json\/wp\/v2\/tags?post=51412"}],"curies":[{"name":"wp","href":"https:\/\/api.w.org\/{rel}","templated":true}]}}