{"id":51396,"date":"2021-07-07T09:00:14","date_gmt":"2021-07-07T12:00:14","guid":{"rendered":"https:\/\/dana.com.br\/canaldana\/?p=51396"},"modified":"2021-07-07T09:00:14","modified_gmt":"2021-07-07T12:00:14","slug":"fiat-ducato-faz-40-anos-e-ganha-renovacao-na-europa","status":"publish","type":"post","link":"https:\/\/dana.com.br\/canaldana\/2021\/07\/07\/fiat-ducato-faz-40-anos-e-ganha-renovacao-na-europa\/","title":{"rendered":"Fiat Ducato faz 40 anos e ganha renova\u00e7\u00e3o na Europa"},"content":{"rendered":"<p><em>Estrad\u00e3o<\/em><\/p>\n<p>&nbsp;<\/p>\n<p>A Fiat Profissional, divis\u00e3o de ve\u00edculos comerciais da marca italiana, acaba de lan\u00e7ar a nova linha Ducato 2021 na Europa. Dessa forma, o modelo chega aos 40 anos como l\u00edder de vendas no continente. Al\u00e9m da renova\u00e7\u00e3o, o modelo traz mais recursos tecnol\u00f3gicos. Sobretudo em rela\u00e7\u00e3o \u00e0 conectividade e assist\u00eancia ao motorista.<\/p>\n<p>&nbsp;<\/p>\n<p>Seja como for, na apar\u00eancia as mudan\u00e7as foram sutis. A Fiat preferiu preservar as caracter\u00edsticas tradicionais das linhas do modelo, sem maiores interven\u00e7\u00f5es.<\/p>\n<p>&nbsp;<\/p>\n<p>Assim, a grade dianteira ficou maior e recebeu o novo emblema da marca italiana que passou a ser adotado recentemente. Ademais, ganharam aten\u00e7\u00e3o o conjunto \u00f3tico, com far\u00f3is mais afunilados, por\u00e9m, mais eficientes.<\/p>\n<p>&nbsp;<\/p>\n<p><strong>Ampla lista de equipamentos<\/strong><\/p>\n<p>&nbsp;<\/p>\n<p>S\u00e3o todo full-LEDs, incluindo as luzes de seta, assim, a marca promete que o sistema entrega 30% a mais de luminosidade em compara\u00e7\u00e3o \u00e0s l\u00e2mpadas convencionais.<\/p>\n<p>&nbsp;<\/p>\n<p>Segundo a Fiat. a \u00e1rea de engenharia priorizou praticidade, conforto e conveni\u00eancia. Assim, a nova Ducato oferece sistema de abertura de portas e do compartimento de carga. Bem como a partida sem necessidade de chave.<\/p>\n<p>&nbsp;<\/p>\n<p>Al\u00e9m disso, o banco do passageiro se transforma em uma pequena mesa auxiliar. Ou seja, serve de suporte para trabalho ou mesmo para um lanche. Da mesma forma, h\u00e1 carregamento de celular por indu\u00e7\u00e3o, sem fio. E tamb\u00e9m portas USB e tomada de 230 Volts.<\/p>\n<p>&nbsp;<\/p>\n<p><strong>Fiat Ducato promete respostas de autom\u00f3veis<\/strong><\/p>\n<p>&nbsp;<\/p>\n<p>O motorista conta com volante menor e multifuncional. Dessa forma, a linha mant\u00e9m o conceito de dirigibilidade parecida com a de autom\u00f3veis. Da mesma forma, a dire\u00e7\u00e3o agora tem assist\u00eancia el\u00e9trica e a alavanca de c\u00e2mbio foi redesenhada. Por\u00e9m, foi mantida no painel.<\/p>\n<p>&nbsp;<\/p>\n<p>Ali\u00e1s, o quadro de instrumentos \u00e9 totalmente digital e configur\u00e1vel. Al\u00e9m disso, a nova Ducato traz a plataforma de conectividade da marca, batizada de Uconnect. Dessa maneira, o modelo pode ser adaptado \u00e0s necessidades do motorista e da opera\u00e7\u00e3o.<\/p>\n<p>&nbsp;<\/p>\n<p>Nesse sentido, contribui a central multim\u00eddia com tela de at\u00e9 10,1 polegadas. Al\u00e9m disso. o sistema incorpora navegador GPS e permite o pareamento sem fio com os celulares por meio dos sistemas operacionais Apple CarPlay e Android Auto.<\/p>\n<p>&nbsp;<\/p>\n<p><strong>Sistemas de assist\u00eancia \u00e0 condu\u00e7\u00e3o<\/strong><\/p>\n<p>&nbsp;<\/p>\n<p>Da mesma forma, h\u00e1 um amplo pacote de sistemas de assist\u00eancia \u00e0 dire\u00e7\u00e3o. Por exemplo, h\u00e1 controle de velocidade adaptativo, que mant\u00e9m a dist\u00e2ncia do ve\u00edculo \u00e0 frente. Bem como stop&amp;go, que desliga e religa o motor automaticamente em paradas, como em sem\u00e1foros.<\/p>\n<p>&nbsp;<\/p>\n<p>No mesmo sentido, a linha tem frenagem autom\u00e1tica de emerg\u00eancia. Ou seja, ao identificar risco de impacto, inclusive contra pedestres e ciclistas, a nova Fiat Ducato pode frear sozinha. Al\u00e9m disso, h\u00e1 sistema que evita a sa\u00edda involunt\u00e1ria da faixa de rolagem.<\/p>\n<p>&nbsp;<\/p>\n<p>Ou seja, h\u00e1 v\u00e1rios recursos sofisticados. Opcionalmente, a nova Fiat Ducato pode trazer at\u00e9 c\u00e2meras, que facilitam as manobras. Sobretudo em locais estreitos.<\/p>\n<p>&nbsp;<\/p>\n<p><strong>Quatro op\u00e7\u00f5es de motor<\/strong><\/p>\n<p>&nbsp;<\/p>\n<p>Da mesma forma, o trem de for\u00e7a tamb\u00e9m tem novidades. O motor turbodiesel Multijet \u00e9 de terceira gera\u00e7\u00e3o. Segundo a fabricante, al\u00e9m de ser mais leve a redu\u00e7\u00e3o do consumo de combust\u00edvel pode ser de at\u00e9 7%. Ou seja, h\u00e1 diminui\u00e7\u00e3o tamb\u00e9m das emiss\u00f5es de poluentes.<\/p>\n<p>&nbsp;<\/p>\n<p>Al\u00e9m disso, h\u00e1 quatro op\u00e7\u00f5es de pot\u00eancia. Ou seja, de 120 cv, 140 cv, 160 cv e 180 cv. Todos, associados a uma caixa de transmiss\u00e3o manual de seis velocidades ou autom\u00e1tica de nove.<\/p>\n<p>&nbsp;<\/p>\n<p>Segundo a Fiat, apesar de ter sido lan\u00e7ada h\u00e1 quatro d\u00e9cadas, a Ducato se mant\u00e9m no topo do ranking de vendas do mercado europeu. Ou seja, modelo \u00e9 l\u00edder de emplacamentos h\u00e1 sete anos consecutivos.<\/p>\n<p>&nbsp;<\/p>\n<p>Nesse sentido, mesmo em 2020, apesar da crise sanit\u00e1ria que derrubou o mercado, a Fiat Ducato registrou aumento de 8% nas vendas em rela\u00e7\u00e3o a 2019. Ou seja, teve 150 mil emplacamentos. (Estrad\u00e3o)<\/p>\n","protected":false},"excerpt":{"rendered":"<p>Estrad\u00e3o &nbsp; A Fiat Profissional, divis\u00e3o de ve\u00edculos comerciais da marca italiana, acaba de lan\u00e7ar a nova linha Ducato 2021 na Europa. Dessa forma, o modelo chega aos 40 anos como l\u00edder de vendas no continente. Al\u00e9m da renova\u00e7\u00e3o, o modelo traz mais recursos tecnol\u00f3gicos. Sobretudo em rela\u00e7\u00e3o \u00e0 conectividade e assist\u00eancia ao motorista. &nbsp;\u2026 <a class=\"readmore\" href=\"https:\/\/dana.com.br\/canaldana\/2021\/07\/07\/fiat-ducato-faz-40-anos-e-ganha-renovacao-na-europa\/\">Leia mais \u00bb<\/a><\/p>\n","protected":false},"author":3,"featured_media":0,"comment_status":"closed","ping_status":"closed","sticky":false,"template":"","format":"standard","meta":{"_acf_changed":false,"footnotes":""},"categories":[79],"tags":[],"class_list":["post-51396","post","type-post","status-publish","format-standard","hentry","category-mercado"],"acf":[],"yoast_head":"<!-- This site is optimized with the Yoast SEO plugin v27.3 - https:\/\/yoast.com\/product\/yoast-seo-wordpress\/ -->\n<title>Fiat Ducato faz 40 anos e ganha renova\u00e7\u00e3o na Europa - Canal Dana<\/title>\n<meta name=\"robots\" content=\"index, follow, max-snippet:-1, max-image-preview:large, max-video-preview:-1\" \/>\n<link rel=\"canonical\" href=\"https:\/\/dana.com.br\/canaldana\/2021\/07\/07\/fiat-ducato-faz-40-anos-e-ganha-renovacao-na-europa\/\" \/>\n<meta property=\"og:locale\" content=\"pt_BR\" \/>\n<meta property=\"og:type\" content=\"article\" \/>\n<meta property=\"og:title\" content=\"Fiat Ducato faz 40 anos e ganha renova\u00e7\u00e3o na Europa - Canal Dana\" \/>\n<meta property=\"og:description\" content=\"Estrad\u00e3o &nbsp; A Fiat Profissional, divis\u00e3o de ve\u00edculos comerciais da marca italiana, acaba de lan\u00e7ar a nova linha Ducato 2021 na Europa. Dessa forma, o modelo chega aos 40 anos como l\u00edder de vendas no continente. Al\u00e9m da renova\u00e7\u00e3o, o modelo traz mais recursos tecnol\u00f3gicos. Sobretudo em rela\u00e7\u00e3o \u00e0 conectividade e assist\u00eancia ao motorista. &nbsp;\u2026 Leia mais \u00bb\" \/>\n<meta property=\"og:url\" content=\"https:\/\/dana.com.br\/canaldana\/2021\/07\/07\/fiat-ducato-faz-40-anos-e-ganha-renovacao-na-europa\/\" \/>\n<meta property=\"og:site_name\" content=\"Canal Dana\" \/>\n<meta property=\"article:published_time\" content=\"2021-07-07T12:00:14+00:00\" \/>\n<meta name=\"author\" content=\"Canal Dana\" \/>\n<meta name=\"twitter:card\" content=\"summary_large_image\" \/>\n<meta name=\"twitter:label1\" content=\"Escrito por\" \/>\n\t<meta name=\"twitter:data1\" content=\"Canal Dana\" \/>\n\t<meta name=\"twitter:label2\" content=\"Est. tempo de leitura\" \/>\n\t<meta name=\"twitter:data2\" content=\"3 minutos\" \/>\n<script type=\"application\/ld+json\" class=\"yoast-schema-graph\">{\"@context\":\"https:\\\/\\\/schema.org\",\"@graph\":[{\"@type\":\"Article\",\"@id\":\"https:\\\/\\\/dana.com.br\\\/canaldana\\\/2021\\\/07\\\/07\\\/fiat-ducato-faz-40-anos-e-ganha-renovacao-na-europa\\\/#article\",\"isPartOf\":{\"@id\":\"https:\\\/\\\/dana.com.br\\\/canaldana\\\/2021\\\/07\\\/07\\\/fiat-ducato-faz-40-anos-e-ganha-renovacao-na-europa\\\/\"},\"author\":{\"name\":\"Canal Dana\",\"@id\":\"https:\\\/\\\/dana.com.br\\\/canaldana\\\/#\\\/schema\\\/person\\\/3c21f22f56fcf3bc46b94bc60ea4fef6\"},\"headline\":\"Fiat Ducato faz 40 anos e ganha renova\u00e7\u00e3o na Europa\",\"datePublished\":\"2021-07-07T12:00:14+00:00\",\"mainEntityOfPage\":{\"@id\":\"https:\\\/\\\/dana.com.br\\\/canaldana\\\/2021\\\/07\\\/07\\\/fiat-ducato-faz-40-anos-e-ganha-renovacao-na-europa\\\/\"},\"wordCount\":696,\"articleSection\":[\"Mercado\"],\"inLanguage\":\"pt-BR\"},{\"@type\":\"WebPage\",\"@id\":\"https:\\\/\\\/dana.com.br\\\/canaldana\\\/2021\\\/07\\\/07\\\/fiat-ducato-faz-40-anos-e-ganha-renovacao-na-europa\\\/\",\"url\":\"https:\\\/\\\/dana.com.br\\\/canaldana\\\/2021\\\/07\\\/07\\\/fiat-ducato-faz-40-anos-e-ganha-renovacao-na-europa\\\/\",\"name\":\"Fiat Ducato faz 40 anos e ganha renova\u00e7\u00e3o na Europa - Canal Dana\",\"isPartOf\":{\"@id\":\"https:\\\/\\\/dana.com.br\\\/canaldana\\\/#website\"},\"datePublished\":\"2021-07-07T12:00:14+00:00\",\"author\":{\"@id\":\"https:\\\/\\\/dana.com.br\\\/canaldana\\\/#\\\/schema\\\/person\\\/3c21f22f56fcf3bc46b94bc60ea4fef6\"},\"breadcrumb\":{\"@id\":\"https:\\\/\\\/dana.com.br\\\/canaldana\\\/2021\\\/07\\\/07\\\/fiat-ducato-faz-40-anos-e-ganha-renovacao-na-europa\\\/#breadcrumb\"},\"inLanguage\":\"pt-BR\",\"potentialAction\":[{\"@type\":\"ReadAction\",\"target\":[\"https:\\\/\\\/dana.com.br\\\/canaldana\\\/2021\\\/07\\\/07\\\/fiat-ducato-faz-40-anos-e-ganha-renovacao-na-europa\\\/\"]}]},{\"@type\":\"BreadcrumbList\",\"@id\":\"https:\\\/\\\/dana.com.br\\\/canaldana\\\/2021\\\/07\\\/07\\\/fiat-ducato-faz-40-anos-e-ganha-renovacao-na-europa\\\/#breadcrumb\",\"itemListElement\":[{\"@type\":\"ListItem\",\"position\":1,\"name\":\"Home\",\"item\":\"https:\\\/\\\/dana.com.br\\\/canaldana\\\/\"},{\"@type\":\"ListItem\",\"position\":2,\"name\":\"Mercado\",\"item\":\"https:\\\/\\\/dana.com.br\\\/canaldana\\\/mercado\\\/\"},{\"@type\":\"ListItem\",\"position\":3,\"name\":\"Fiat Ducato faz 40 anos e ganha renova\u00e7\u00e3o na Europa\"}]},{\"@type\":\"WebSite\",\"@id\":\"https:\\\/\\\/dana.com.br\\\/canaldana\\\/#website\",\"url\":\"https:\\\/\\\/dana.com.br\\\/canaldana\\\/\",\"name\":\"Canal Dana\",\"description\":\"Informativo com as principais not\u00edcias da ind\u00fastria automotiva\",\"potentialAction\":[{\"@type\":\"SearchAction\",\"target\":{\"@type\":\"EntryPoint\",\"urlTemplate\":\"https:\\\/\\\/dana.com.br\\\/canaldana\\\/?s={search_term_string}\"},\"query-input\":{\"@type\":\"PropertyValueSpecification\",\"valueRequired\":true,\"valueName\":\"search_term_string\"}}],\"inLanguage\":\"pt-BR\"},{\"@type\":\"Person\",\"@id\":\"https:\\\/\\\/dana.com.br\\\/canaldana\\\/#\\\/schema\\\/person\\\/3c21f22f56fcf3bc46b94bc60ea4fef6\",\"name\":\"Canal Dana\",\"image\":{\"@type\":\"ImageObject\",\"inLanguage\":\"pt-BR\",\"@id\":\"https:\\\/\\\/secure.gravatar.com\\\/avatar\\\/420aaf9278582877d9018637c6817617705899d2858d7572ef0fe59a6b6454b4?s=96&d=mm&r=g\",\"url\":\"https:\\\/\\\/secure.gravatar.com\\\/avatar\\\/420aaf9278582877d9018637c6817617705899d2858d7572ef0fe59a6b6454b4?s=96&d=mm&r=g\",\"contentUrl\":\"https:\\\/\\\/secure.gravatar.com\\\/avatar\\\/420aaf9278582877d9018637c6817617705899d2858d7572ef0fe59a6b6454b4?s=96&d=mm&r=g\",\"caption\":\"Canal Dana\"},\"url\":\"https:\\\/\\\/dana.com.br\\\/canaldana\\\/author\\\/cdeditor\\\/\"}]}<\/script>\n<!-- \/ Yoast SEO plugin. -->","yoast_head_json":{"title":"Fiat Ducato faz 40 anos e ganha renova\u00e7\u00e3o na Europa - Canal Dana","robots":{"index":"index","follow":"follow","max-snippet":"max-snippet:-1","max-image-preview":"max-image-preview:large","max-video-preview":"max-video-preview:-1"},"canonical":"https:\/\/dana.com.br\/canaldana\/2021\/07\/07\/fiat-ducato-faz-40-anos-e-ganha-renovacao-na-europa\/","og_locale":"pt_BR","og_type":"article","og_title":"Fiat Ducato faz 40 anos e ganha renova\u00e7\u00e3o na Europa - Canal Dana","og_description":"Estrad\u00e3o &nbsp; A Fiat Profissional, divis\u00e3o de ve\u00edculos comerciais da marca italiana, acaba de lan\u00e7ar a nova linha Ducato 2021 na Europa. Dessa forma, o modelo chega aos 40 anos como l\u00edder de vendas no continente. Al\u00e9m da renova\u00e7\u00e3o, o modelo traz mais recursos tecnol\u00f3gicos. Sobretudo em rela\u00e7\u00e3o \u00e0 conectividade e assist\u00eancia ao motorista. &nbsp;\u2026 Leia mais \u00bb","og_url":"https:\/\/dana.com.br\/canaldana\/2021\/07\/07\/fiat-ducato-faz-40-anos-e-ganha-renovacao-na-europa\/","og_site_name":"Canal Dana","article_published_time":"2021-07-07T12:00:14+00:00","author":"Canal Dana","twitter_card":"summary_large_image","twitter_misc":{"Escrito por":"Canal Dana","Est. tempo de leitura":"3 minutos"},"schema":{"@context":"https:\/\/schema.org","@graph":[{"@type":"Article","@id":"https:\/\/dana.com.br\/canaldana\/2021\/07\/07\/fiat-ducato-faz-40-anos-e-ganha-renovacao-na-europa\/#article","isPartOf":{"@id":"https:\/\/dana.com.br\/canaldana\/2021\/07\/07\/fiat-ducato-faz-40-anos-e-ganha-renovacao-na-europa\/"},"author":{"name":"Canal Dana","@id":"https:\/\/dana.com.br\/canaldana\/#\/schema\/person\/3c21f22f56fcf3bc46b94bc60ea4fef6"},"headline":"Fiat Ducato faz 40 anos e ganha renova\u00e7\u00e3o na Europa","datePublished":"2021-07-07T12:00:14+00:00","mainEntityOfPage":{"@id":"https:\/\/dana.com.br\/canaldana\/2021\/07\/07\/fiat-ducato-faz-40-anos-e-ganha-renovacao-na-europa\/"},"wordCount":696,"articleSection":["Mercado"],"inLanguage":"pt-BR"},{"@type":"WebPage","@id":"https:\/\/dana.com.br\/canaldana\/2021\/07\/07\/fiat-ducato-faz-40-anos-e-ganha-renovacao-na-europa\/","url":"https:\/\/dana.com.br\/canaldana\/2021\/07\/07\/fiat-ducato-faz-40-anos-e-ganha-renovacao-na-europa\/","name":"Fiat Ducato faz 40 anos e ganha renova\u00e7\u00e3o na Europa - Canal Dana","isPartOf":{"@id":"https:\/\/dana.com.br\/canaldana\/#website"},"datePublished":"2021-07-07T12:00:14+00:00","author":{"@id":"https:\/\/dana.com.br\/canaldana\/#\/schema\/person\/3c21f22f56fcf3bc46b94bc60ea4fef6"},"breadcrumb":{"@id":"https:\/\/dana.com.br\/canaldana\/2021\/07\/07\/fiat-ducato-faz-40-anos-e-ganha-renovacao-na-europa\/#breadcrumb"},"inLanguage":"pt-BR","potentialAction":[{"@type":"ReadAction","target":["https:\/\/dana.com.br\/canaldana\/2021\/07\/07\/fiat-ducato-faz-40-anos-e-ganha-renovacao-na-europa\/"]}]},{"@type":"BreadcrumbList","@id":"https:\/\/dana.com.br\/canaldana\/2021\/07\/07\/fiat-ducato-faz-40-anos-e-ganha-renovacao-na-europa\/#breadcrumb","itemListElement":[{"@type":"ListItem","position":1,"name":"Home","item":"https:\/\/dana.com.br\/canaldana\/"},{"@type":"ListItem","position":2,"name":"Mercado","item":"https:\/\/dana.com.br\/canaldana\/mercado\/"},{"@type":"ListItem","position":3,"name":"Fiat Ducato faz 40 anos e ganha renova\u00e7\u00e3o na Europa"}]},{"@type":"WebSite","@id":"https:\/\/dana.com.br\/canaldana\/#website","url":"https:\/\/dana.com.br\/canaldana\/","name":"Canal Dana","description":"Informativo com as principais not\u00edcias da ind\u00fastria automotiva","potentialAction":[{"@type":"SearchAction","target":{"@type":"EntryPoint","urlTemplate":"https:\/\/dana.com.br\/canaldana\/?s={search_term_string}"},"query-input":{"@type":"PropertyValueSpecification","valueRequired":true,"valueName":"search_term_string"}}],"inLanguage":"pt-BR"},{"@type":"Person","@id":"https:\/\/dana.com.br\/canaldana\/#\/schema\/person\/3c21f22f56fcf3bc46b94bc60ea4fef6","name":"Canal Dana","image":{"@type":"ImageObject","inLanguage":"pt-BR","@id":"https:\/\/secure.gravatar.com\/avatar\/420aaf9278582877d9018637c6817617705899d2858d7572ef0fe59a6b6454b4?s=96&d=mm&r=g","url":"https:\/\/secure.gravatar.com\/avatar\/420aaf9278582877d9018637c6817617705899d2858d7572ef0fe59a6b6454b4?s=96&d=mm&r=g","contentUrl":"https:\/\/secure.gravatar.com\/avatar\/420aaf9278582877d9018637c6817617705899d2858d7572ef0fe59a6b6454b4?s=96&d=mm&r=g","caption":"Canal Dana"},"url":"https:\/\/dana.com.br\/canaldana\/author\/cdeditor\/"}]}},"_links":{"self":[{"href":"https:\/\/dana.com.br\/canaldana\/wp-json\/wp\/v2\/posts\/51396","targetHints":{"allow":["GET"]}}],"collection":[{"href":"https:\/\/dana.com.br\/canaldana\/wp-json\/wp\/v2\/posts"}],"about":[{"href":"https:\/\/dana.com.br\/canaldana\/wp-json\/wp\/v2\/types\/post"}],"author":[{"embeddable":true,"href":"https:\/\/dana.com.br\/canaldana\/wp-json\/wp\/v2\/users\/3"}],"replies":[{"embeddable":true,"href":"https:\/\/dana.com.br\/canaldana\/wp-json\/wp\/v2\/comments?post=51396"}],"version-history":[{"count":0,"href":"https:\/\/dana.com.br\/canaldana\/wp-json\/wp\/v2\/posts\/51396\/revisions"}],"wp:attachment":[{"href":"https:\/\/dana.com.br\/canaldana\/wp-json\/wp\/v2\/media?parent=51396"}],"wp:term":[{"taxonomy":"category","embeddable":true,"href":"https:\/\/dana.com.br\/canaldana\/wp-json\/wp\/v2\/categories?post=51396"},{"taxonomy":"post_tag","embeddable":true,"href":"https:\/\/dana.com.br\/canaldana\/wp-json\/wp\/v2\/tags?post=51396"}],"curies":[{"name":"wp","href":"https:\/\/api.w.org\/{rel}","templated":true}]}}