{"id":51271,"date":"2021-07-01T08:34:24","date_gmt":"2021-07-01T11:34:24","guid":{"rendered":"https:\/\/dana.com.br\/canaldana\/?p=51271"},"modified":"2021-07-01T08:34:24","modified_gmt":"2021-07-01T11:34:24","slug":"fabrica-da-jaguar-land-rover-comemora-5-anos-de-producao-e-celebra-iniciativas-em-prol-do-meio-ambiente","status":"publish","type":"post","link":"https:\/\/dana.com.br\/canaldana\/2021\/07\/01\/fabrica-da-jaguar-land-rover-comemora-5-anos-de-producao-e-celebra-iniciativas-em-prol-do-meio-ambiente\/","title":{"rendered":"F\u00e1brica da Jaguar Land Rover comemora 5 anos de produ\u00e7\u00e3o e celebra iniciativas em prol do meio ambiente"},"content":{"rendered":"<p><em>Coisas de Agora<\/em><\/p>\n<p>&nbsp;<\/p>\n<p>A Jaguar Land Rover comemora, neste m\u00eas de junho, cinco anos de produ\u00e7\u00e3o em sua f\u00e1brica em Itatiaia, no Sul do Rio de Janeiro. Inaugurada em 14 de junho de 2016, a f\u00e1brica \u00e9 fruto de um investimento de mais de R$ 750 milh\u00f5es, e j\u00e1 produziu mais de 15 mil ve\u00edculos desde sua abertura. Atualmente, ela produz o SUV Discovery Sport e anunciou o retorno do Range Rover Evoque, que volta \u00e0 linha de produ\u00e7\u00e3o no final deste ano.<\/p>\n<p>&nbsp;<\/p>\n<p>Para celebrar esse importante marco, a unidade recebeu a visita de membros da Miss\u00e3o Diplom\u00e1tica Brit\u00e2nica no Brasil, que se deslocaram dos Consulados em S\u00e3o Paulo e Rio de Janeiro, a bordo do Jaguar I-PACE, at\u00e9 a f\u00e1brica para discutir iniciativas ambientais. O Jaguar I-PACE \u00e9 100% el\u00e9trico e j\u00e1 est\u00e1 alinhado com a estrat\u00e9gia global Reimagine, projetada para ajudar a Jaguar Land Rover a alcan\u00e7ar zero emiss\u00f5es at\u00e9 2036 e emiss\u00f5es l\u00edquidas de carbono zero em toda a cadeia de suprimentos, produtos e opera\u00e7\u00f5es at\u00e9 2039.<\/p>\n<p>&nbsp;<\/p>\n<p>\u201cEstamos celebrando um importante marco em nossa f\u00e1brica, que chega a 5 anos fabricando ve\u00edculos com excel\u00eancia e demonstrando o compromisso da Jaguar Land Rover com o Brasil. Al\u00e9m do retorno da produ\u00e7\u00e3o do Evoque no final deste ano, estamos em constante busca por novas tecnologias e solu\u00e7\u00f5es que contribuam para a mobilidade e a sustentabilidade, construindo um futuro melhor para as futuras gera\u00e7\u00f5es\u201d, diz Fr\u00e9d\u00e9ric Drouin, Presidente da Jaguar Land Rover Am\u00e9rica Latina e Caribe.<\/p>\n<p>&nbsp;<\/p>\n<p>A f\u00e1brica da Jaguar Land Rover em Itatiaia tem trabalhado em uma s\u00e9rie de projetos ambientais desde a sua abertura, como o recolhimento de \u00e1guas pluviais e o plantio de milhares de \u00e1rvores nativas para ajudar a preservar e melhorar o ecossistema do entorno.<\/p>\n<p>&nbsp;<\/p>\n<p>A marca almeja alcan\u00e7ar o mundialmente reconhecido ouro no certificado LEED de sustentabilidade \u2013 tornando-a a primeira f\u00e1brica de autom\u00f3veis no Brasil a conquistar o selo. A planta conta com tecnologias avan\u00e7adas em seu processo de fabrica\u00e7\u00e3o e possui instala\u00e7\u00f5es com certifica\u00e7\u00f5es e conformidade de emiss\u00f5es refer\u00eancias na Am\u00e9rica do Sul.<\/p>\n<p>&nbsp;<\/p>\n<p>O local tamb\u00e9m \u00e9 sede do primeiro Centro Educacional (EBPC) da Jaguar Land Rover fora do Reino Unido, que fornece uma s\u00e9rie de atividades em sala de aula para milhares de crian\u00e7as de escolas locais. Esse modelo contribui para o desenvolvimento de habilidades importantes no mercado de trabalho, exercitando a consci\u00eancia corporativa e inspirando essas crian\u00e7as a seguirem carreiras gratificantes na Jaguar Land Rover no futuro.<\/p>\n<p>&nbsp;<\/p>\n<p><strong>Energia renov\u00e1vel<\/strong><\/p>\n<p>&nbsp;<\/p>\n<p>A gera\u00e7\u00e3o de energia renov\u00e1vel tamb\u00e9m \u00e9 uma das preocupa\u00e7\u00f5es da marca Jaguar Land Rover em todo o mundo. Entre as a\u00e7\u00f5es sustent\u00e1veis da marca no pa\u00eds, est\u00e1 a parceria com a ZEG, empresa do Grupo Capitale, que garante que o Jaguar I-PACE n\u00e3o apenas seja um ve\u00edculo com zero \u00edndice de emiss\u00e3o, mas tamb\u00e9m que a energia el\u00e9trica utilizada por ele nos pr\u00f3ximos oito anos tenha a garantia de ser uma energia renov\u00e1vel.<\/p>\n<p>&nbsp;<\/p>\n<p>Para tornar esse fornecimento de energia limpa uma realidade para o I-PACE, a ZEG fornece insumo 100% renov\u00e1vel suficiente para o consumo dos 250 carros por oito anos.<\/p>\n<p>&nbsp;<\/p>\n<p>Visando atender \u00e0 demanda, a companhia vai gerar, por ano, 1,25 GWh de energia limpa a partir das fontes solar, h\u00eddrica, de biog\u00e1s e de res\u00edduos s\u00f3lidos.<\/p>\n<p>&nbsp;<\/p>\n<p>Em tempos de pandemia, a Jaguar Land Rover tamb\u00e9m vem investindo em novas tecnologias para aprimoramento do sistema de purifica\u00e7\u00e3o de ar da cabine de seus ve\u00edculos. Testes laboratoriais recentes, realizados no Reino Unido, de um novo sistema de filtragem de ar, inibiram a prolifera\u00e7\u00e3o de v\u00edrus e bact\u00e9rias na cabine em at\u00e9 97%, oferendo mais seguran\u00e7a a bordo.<\/p>\n<p>&nbsp;<\/p>\n<p>A inovadora tecnologia X de Nanoe\u2122 X da Panasonic tamb\u00e9m foi testada para o novo coronav\u00edrus (SARS-CoV-2*) pela Texcell, uma organiza\u00e7\u00e3o global de pesquisa especializada em testes virais. Constatou-se que mais de 99,995% do v\u00edrus foi inibido durante o teste.<\/p>\n<p>&nbsp;<\/p>\n<p>No Brasil, os ve\u00edculos da marca j\u00e1 contam com um novo sistema de ioniza\u00e7\u00e3o do ar, com filtragem PM2,5, que captura part\u00edculas a\u00e9reas ultrafinas e al\u00e9rgenos, aumentando a qualidade do ar. O sistema pode, inclusive, filtrar o ar da cabine antes de uma viagem come\u00e7ar usando o sistema de pr\u00e9 condicionamento. (Coisas de Agora)<\/p>\n","protected":false},"excerpt":{"rendered":"<p>Coisas de Agora &nbsp; A Jaguar Land Rover comemora, neste m\u00eas de junho, cinco anos de produ\u00e7\u00e3o em sua f\u00e1brica em Itatiaia, no Sul do Rio de Janeiro. Inaugurada em 14 de junho de 2016, a f\u00e1brica \u00e9 fruto de um investimento de mais de R$ 750 milh\u00f5es, e j\u00e1 produziu mais de 15 mil\u2026 <a class=\"readmore\" href=\"https:\/\/dana.com.br\/canaldana\/2021\/07\/01\/fabrica-da-jaguar-land-rover-comemora-5-anos-de-producao-e-celebra-iniciativas-em-prol-do-meio-ambiente\/\">Leia mais \u00bb<\/a><\/p>\n","protected":false},"author":3,"featured_media":0,"comment_status":"closed","ping_status":"closed","sticky":false,"template":"","format":"standard","meta":{"_acf_changed":false,"footnotes":""},"categories":[63],"tags":[],"class_list":["post-51271","post","type-post","status-publish","format-standard","hentry","category-meio-ambiente"],"acf":[],"yoast_head":"<!-- This site is optimized with the Yoast SEO plugin v27.3 - https:\/\/yoast.com\/product\/yoast-seo-wordpress\/ -->\n<title>F\u00e1brica da Jaguar Land Rover comemora 5 anos de produ\u00e7\u00e3o e celebra iniciativas em prol do meio ambiente - Canal Dana<\/title>\n<meta name=\"robots\" content=\"index, follow, max-snippet:-1, max-image-preview:large, max-video-preview:-1\" \/>\n<link rel=\"canonical\" href=\"https:\/\/dana.com.br\/canaldana\/2021\/07\/01\/fabrica-da-jaguar-land-rover-comemora-5-anos-de-producao-e-celebra-iniciativas-em-prol-do-meio-ambiente\/\" \/>\n<meta property=\"og:locale\" content=\"pt_BR\" \/>\n<meta property=\"og:type\" content=\"article\" \/>\n<meta property=\"og:title\" content=\"F\u00e1brica da Jaguar Land Rover comemora 5 anos de produ\u00e7\u00e3o e celebra iniciativas em prol do meio ambiente - Canal Dana\" \/>\n<meta property=\"og:description\" content=\"Coisas de Agora &nbsp; A Jaguar Land Rover comemora, neste m\u00eas de junho, cinco anos de produ\u00e7\u00e3o em sua f\u00e1brica em Itatiaia, no Sul do Rio de Janeiro. Inaugurada em 14 de junho de 2016, a f\u00e1brica \u00e9 fruto de um investimento de mais de R$ 750 milh\u00f5es, e j\u00e1 produziu mais de 15 mil\u2026 Leia mais \u00bb\" \/>\n<meta property=\"og:url\" content=\"https:\/\/dana.com.br\/canaldana\/2021\/07\/01\/fabrica-da-jaguar-land-rover-comemora-5-anos-de-producao-e-celebra-iniciativas-em-prol-do-meio-ambiente\/\" \/>\n<meta property=\"og:site_name\" content=\"Canal Dana\" \/>\n<meta property=\"article:published_time\" content=\"2021-07-01T11:34:24+00:00\" \/>\n<meta name=\"author\" content=\"Canal Dana\" \/>\n<meta name=\"twitter:card\" content=\"summary_large_image\" \/>\n<meta name=\"twitter:label1\" content=\"Escrito por\" \/>\n\t<meta name=\"twitter:data1\" content=\"Canal Dana\" \/>\n\t<meta name=\"twitter:label2\" content=\"Est. tempo de leitura\" \/>\n\t<meta name=\"twitter:data2\" content=\"4 minutos\" \/>\n<script type=\"application\/ld+json\" class=\"yoast-schema-graph\">{\"@context\":\"https:\\\/\\\/schema.org\",\"@graph\":[{\"@type\":\"Article\",\"@id\":\"https:\\\/\\\/dana.com.br\\\/canaldana\\\/2021\\\/07\\\/01\\\/fabrica-da-jaguar-land-rover-comemora-5-anos-de-producao-e-celebra-iniciativas-em-prol-do-meio-ambiente\\\/#article\",\"isPartOf\":{\"@id\":\"https:\\\/\\\/dana.com.br\\\/canaldana\\\/2021\\\/07\\\/01\\\/fabrica-da-jaguar-land-rover-comemora-5-anos-de-producao-e-celebra-iniciativas-em-prol-do-meio-ambiente\\\/\"},\"author\":{\"name\":\"Canal Dana\",\"@id\":\"https:\\\/\\\/dana.com.br\\\/canaldana\\\/#\\\/schema\\\/person\\\/3c21f22f56fcf3bc46b94bc60ea4fef6\"},\"headline\":\"F\u00e1brica da Jaguar Land Rover comemora 5 anos de produ\u00e7\u00e3o e celebra iniciativas em prol do meio ambiente\",\"datePublished\":\"2021-07-01T11:34:24+00:00\",\"mainEntityOfPage\":{\"@id\":\"https:\\\/\\\/dana.com.br\\\/canaldana\\\/2021\\\/07\\\/01\\\/fabrica-da-jaguar-land-rover-comemora-5-anos-de-producao-e-celebra-iniciativas-em-prol-do-meio-ambiente\\\/\"},\"wordCount\":786,\"articleSection\":[\"Meio Ambiente\"],\"inLanguage\":\"pt-BR\"},{\"@type\":\"WebPage\",\"@id\":\"https:\\\/\\\/dana.com.br\\\/canaldana\\\/2021\\\/07\\\/01\\\/fabrica-da-jaguar-land-rover-comemora-5-anos-de-producao-e-celebra-iniciativas-em-prol-do-meio-ambiente\\\/\",\"url\":\"https:\\\/\\\/dana.com.br\\\/canaldana\\\/2021\\\/07\\\/01\\\/fabrica-da-jaguar-land-rover-comemora-5-anos-de-producao-e-celebra-iniciativas-em-prol-do-meio-ambiente\\\/\",\"name\":\"F\u00e1brica da Jaguar Land Rover comemora 5 anos de produ\u00e7\u00e3o e celebra iniciativas em prol do meio ambiente - Canal Dana\",\"isPartOf\":{\"@id\":\"https:\\\/\\\/dana.com.br\\\/canaldana\\\/#website\"},\"datePublished\":\"2021-07-01T11:34:24+00:00\",\"author\":{\"@id\":\"https:\\\/\\\/dana.com.br\\\/canaldana\\\/#\\\/schema\\\/person\\\/3c21f22f56fcf3bc46b94bc60ea4fef6\"},\"breadcrumb\":{\"@id\":\"https:\\\/\\\/dana.com.br\\\/canaldana\\\/2021\\\/07\\\/01\\\/fabrica-da-jaguar-land-rover-comemora-5-anos-de-producao-e-celebra-iniciativas-em-prol-do-meio-ambiente\\\/#breadcrumb\"},\"inLanguage\":\"pt-BR\",\"potentialAction\":[{\"@type\":\"ReadAction\",\"target\":[\"https:\\\/\\\/dana.com.br\\\/canaldana\\\/2021\\\/07\\\/01\\\/fabrica-da-jaguar-land-rover-comemora-5-anos-de-producao-e-celebra-iniciativas-em-prol-do-meio-ambiente\\\/\"]}]},{\"@type\":\"BreadcrumbList\",\"@id\":\"https:\\\/\\\/dana.com.br\\\/canaldana\\\/2021\\\/07\\\/01\\\/fabrica-da-jaguar-land-rover-comemora-5-anos-de-producao-e-celebra-iniciativas-em-prol-do-meio-ambiente\\\/#breadcrumb\",\"itemListElement\":[{\"@type\":\"ListItem\",\"position\":1,\"name\":\"Home\",\"item\":\"https:\\\/\\\/dana.com.br\\\/canaldana\\\/\"},{\"@type\":\"ListItem\",\"position\":2,\"name\":\"Meio Ambiente\",\"item\":\"https:\\\/\\\/dana.com.br\\\/canaldana\\\/meio-ambiente\\\/\"},{\"@type\":\"ListItem\",\"position\":3,\"name\":\"F\u00e1brica da Jaguar Land Rover comemora 5 anos de produ\u00e7\u00e3o e celebra iniciativas em prol do meio ambiente\"}]},{\"@type\":\"WebSite\",\"@id\":\"https:\\\/\\\/dana.com.br\\\/canaldana\\\/#website\",\"url\":\"https:\\\/\\\/dana.com.br\\\/canaldana\\\/\",\"name\":\"Canal Dana\",\"description\":\"Informativo com as principais not\u00edcias da ind\u00fastria automotiva\",\"potentialAction\":[{\"@type\":\"SearchAction\",\"target\":{\"@type\":\"EntryPoint\",\"urlTemplate\":\"https:\\\/\\\/dana.com.br\\\/canaldana\\\/?s={search_term_string}\"},\"query-input\":{\"@type\":\"PropertyValueSpecification\",\"valueRequired\":true,\"valueName\":\"search_term_string\"}}],\"inLanguage\":\"pt-BR\"},{\"@type\":\"Person\",\"@id\":\"https:\\\/\\\/dana.com.br\\\/canaldana\\\/#\\\/schema\\\/person\\\/3c21f22f56fcf3bc46b94bc60ea4fef6\",\"name\":\"Canal Dana\",\"image\":{\"@type\":\"ImageObject\",\"inLanguage\":\"pt-BR\",\"@id\":\"https:\\\/\\\/secure.gravatar.com\\\/avatar\\\/420aaf9278582877d9018637c6817617705899d2858d7572ef0fe59a6b6454b4?s=96&d=mm&r=g\",\"url\":\"https:\\\/\\\/secure.gravatar.com\\\/avatar\\\/420aaf9278582877d9018637c6817617705899d2858d7572ef0fe59a6b6454b4?s=96&d=mm&r=g\",\"contentUrl\":\"https:\\\/\\\/secure.gravatar.com\\\/avatar\\\/420aaf9278582877d9018637c6817617705899d2858d7572ef0fe59a6b6454b4?s=96&d=mm&r=g\",\"caption\":\"Canal Dana\"},\"url\":\"https:\\\/\\\/dana.com.br\\\/canaldana\\\/author\\\/cdeditor\\\/\"}]}<\/script>\n<!-- \/ Yoast SEO plugin. -->","yoast_head_json":{"title":"F\u00e1brica da Jaguar Land Rover comemora 5 anos de produ\u00e7\u00e3o e celebra iniciativas em prol do meio ambiente - Canal Dana","robots":{"index":"index","follow":"follow","max-snippet":"max-snippet:-1","max-image-preview":"max-image-preview:large","max-video-preview":"max-video-preview:-1"},"canonical":"https:\/\/dana.com.br\/canaldana\/2021\/07\/01\/fabrica-da-jaguar-land-rover-comemora-5-anos-de-producao-e-celebra-iniciativas-em-prol-do-meio-ambiente\/","og_locale":"pt_BR","og_type":"article","og_title":"F\u00e1brica da Jaguar Land Rover comemora 5 anos de produ\u00e7\u00e3o e celebra iniciativas em prol do meio ambiente - Canal Dana","og_description":"Coisas de Agora &nbsp; A Jaguar Land Rover comemora, neste m\u00eas de junho, cinco anos de produ\u00e7\u00e3o em sua f\u00e1brica em Itatiaia, no Sul do Rio de Janeiro. Inaugurada em 14 de junho de 2016, a f\u00e1brica \u00e9 fruto de um investimento de mais de R$ 750 milh\u00f5es, e j\u00e1 produziu mais de 15 mil\u2026 Leia mais \u00bb","og_url":"https:\/\/dana.com.br\/canaldana\/2021\/07\/01\/fabrica-da-jaguar-land-rover-comemora-5-anos-de-producao-e-celebra-iniciativas-em-prol-do-meio-ambiente\/","og_site_name":"Canal Dana","article_published_time":"2021-07-01T11:34:24+00:00","author":"Canal Dana","twitter_card":"summary_large_image","twitter_misc":{"Escrito por":"Canal Dana","Est. tempo de leitura":"4 minutos"},"schema":{"@context":"https:\/\/schema.org","@graph":[{"@type":"Article","@id":"https:\/\/dana.com.br\/canaldana\/2021\/07\/01\/fabrica-da-jaguar-land-rover-comemora-5-anos-de-producao-e-celebra-iniciativas-em-prol-do-meio-ambiente\/#article","isPartOf":{"@id":"https:\/\/dana.com.br\/canaldana\/2021\/07\/01\/fabrica-da-jaguar-land-rover-comemora-5-anos-de-producao-e-celebra-iniciativas-em-prol-do-meio-ambiente\/"},"author":{"name":"Canal Dana","@id":"https:\/\/dana.com.br\/canaldana\/#\/schema\/person\/3c21f22f56fcf3bc46b94bc60ea4fef6"},"headline":"F\u00e1brica da Jaguar Land Rover comemora 5 anos de produ\u00e7\u00e3o e celebra iniciativas em prol do meio ambiente","datePublished":"2021-07-01T11:34:24+00:00","mainEntityOfPage":{"@id":"https:\/\/dana.com.br\/canaldana\/2021\/07\/01\/fabrica-da-jaguar-land-rover-comemora-5-anos-de-producao-e-celebra-iniciativas-em-prol-do-meio-ambiente\/"},"wordCount":786,"articleSection":["Meio Ambiente"],"inLanguage":"pt-BR"},{"@type":"WebPage","@id":"https:\/\/dana.com.br\/canaldana\/2021\/07\/01\/fabrica-da-jaguar-land-rover-comemora-5-anos-de-producao-e-celebra-iniciativas-em-prol-do-meio-ambiente\/","url":"https:\/\/dana.com.br\/canaldana\/2021\/07\/01\/fabrica-da-jaguar-land-rover-comemora-5-anos-de-producao-e-celebra-iniciativas-em-prol-do-meio-ambiente\/","name":"F\u00e1brica da Jaguar Land Rover comemora 5 anos de produ\u00e7\u00e3o e celebra iniciativas em prol do meio ambiente - Canal Dana","isPartOf":{"@id":"https:\/\/dana.com.br\/canaldana\/#website"},"datePublished":"2021-07-01T11:34:24+00:00","author":{"@id":"https:\/\/dana.com.br\/canaldana\/#\/schema\/person\/3c21f22f56fcf3bc46b94bc60ea4fef6"},"breadcrumb":{"@id":"https:\/\/dana.com.br\/canaldana\/2021\/07\/01\/fabrica-da-jaguar-land-rover-comemora-5-anos-de-producao-e-celebra-iniciativas-em-prol-do-meio-ambiente\/#breadcrumb"},"inLanguage":"pt-BR","potentialAction":[{"@type":"ReadAction","target":["https:\/\/dana.com.br\/canaldana\/2021\/07\/01\/fabrica-da-jaguar-land-rover-comemora-5-anos-de-producao-e-celebra-iniciativas-em-prol-do-meio-ambiente\/"]}]},{"@type":"BreadcrumbList","@id":"https:\/\/dana.com.br\/canaldana\/2021\/07\/01\/fabrica-da-jaguar-land-rover-comemora-5-anos-de-producao-e-celebra-iniciativas-em-prol-do-meio-ambiente\/#breadcrumb","itemListElement":[{"@type":"ListItem","position":1,"name":"Home","item":"https:\/\/dana.com.br\/canaldana\/"},{"@type":"ListItem","position":2,"name":"Meio Ambiente","item":"https:\/\/dana.com.br\/canaldana\/meio-ambiente\/"},{"@type":"ListItem","position":3,"name":"F\u00e1brica da Jaguar Land Rover comemora 5 anos de produ\u00e7\u00e3o e celebra iniciativas em prol do meio ambiente"}]},{"@type":"WebSite","@id":"https:\/\/dana.com.br\/canaldana\/#website","url":"https:\/\/dana.com.br\/canaldana\/","name":"Canal Dana","description":"Informativo com as principais not\u00edcias da ind\u00fastria automotiva","potentialAction":[{"@type":"SearchAction","target":{"@type":"EntryPoint","urlTemplate":"https:\/\/dana.com.br\/canaldana\/?s={search_term_string}"},"query-input":{"@type":"PropertyValueSpecification","valueRequired":true,"valueName":"search_term_string"}}],"inLanguage":"pt-BR"},{"@type":"Person","@id":"https:\/\/dana.com.br\/canaldana\/#\/schema\/person\/3c21f22f56fcf3bc46b94bc60ea4fef6","name":"Canal Dana","image":{"@type":"ImageObject","inLanguage":"pt-BR","@id":"https:\/\/secure.gravatar.com\/avatar\/420aaf9278582877d9018637c6817617705899d2858d7572ef0fe59a6b6454b4?s=96&d=mm&r=g","url":"https:\/\/secure.gravatar.com\/avatar\/420aaf9278582877d9018637c6817617705899d2858d7572ef0fe59a6b6454b4?s=96&d=mm&r=g","contentUrl":"https:\/\/secure.gravatar.com\/avatar\/420aaf9278582877d9018637c6817617705899d2858d7572ef0fe59a6b6454b4?s=96&d=mm&r=g","caption":"Canal Dana"},"url":"https:\/\/dana.com.br\/canaldana\/author\/cdeditor\/"}]}},"_links":{"self":[{"href":"https:\/\/dana.com.br\/canaldana\/wp-json\/wp\/v2\/posts\/51271","targetHints":{"allow":["GET"]}}],"collection":[{"href":"https:\/\/dana.com.br\/canaldana\/wp-json\/wp\/v2\/posts"}],"about":[{"href":"https:\/\/dana.com.br\/canaldana\/wp-json\/wp\/v2\/types\/post"}],"author":[{"embeddable":true,"href":"https:\/\/dana.com.br\/canaldana\/wp-json\/wp\/v2\/users\/3"}],"replies":[{"embeddable":true,"href":"https:\/\/dana.com.br\/canaldana\/wp-json\/wp\/v2\/comments?post=51271"}],"version-history":[{"count":0,"href":"https:\/\/dana.com.br\/canaldana\/wp-json\/wp\/v2\/posts\/51271\/revisions"}],"wp:attachment":[{"href":"https:\/\/dana.com.br\/canaldana\/wp-json\/wp\/v2\/media?parent=51271"}],"wp:term":[{"taxonomy":"category","embeddable":true,"href":"https:\/\/dana.com.br\/canaldana\/wp-json\/wp\/v2\/categories?post=51271"},{"taxonomy":"post_tag","embeddable":true,"href":"https:\/\/dana.com.br\/canaldana\/wp-json\/wp\/v2\/tags?post=51271"}],"curies":[{"name":"wp","href":"https:\/\/api.w.org\/{rel}","templated":true}]}}