{"id":51269,"date":"2021-07-01T08:33:47","date_gmt":"2021-07-01T11:33:47","guid":{"rendered":"https:\/\/dana.com.br\/canaldana\/?p=51269"},"modified":"2021-07-01T08:33:47","modified_gmt":"2021-07-01T11:33:47","slug":"volvo-cars-aposta-em-baterias-cada-vez-melhores-e-sustentaveis","status":"publish","type":"post","link":"https:\/\/dana.com.br\/canaldana\/2021\/07\/01\/volvo-cars-aposta-em-baterias-cada-vez-melhores-e-sustentaveis\/","title":{"rendered":"Volvo Cars aposta em baterias cada vez melhores e sustent\u00e1veis"},"content":{"rendered":"<p><em>Revista Torque\/Inside Out PR<\/em><\/p>\n<p>&nbsp;<\/p>\n<p>Movendo-se rapidamente para se tornar uma empresa de carros totalmente el\u00e9tricos, a Volvo Cars est\u00e1 trazendo o desenvolvimento e a produ\u00e7\u00e3o da tecnologia de c\u00e9lulas de bateria para mais perto de casa e visa adaptar suas baterias futuras \u00e0s necessidades de seus clientes: um alcance mais longo e tempos de carregamento mais r\u00e1pidos.<\/p>\n<p>&nbsp;<\/p>\n<p>\u201cQueremos aumentar constantemente os benef\u00edcios para o cliente ao dirigir um carro totalmente el\u00e9trico da Volvo\u201d, disse Henrik Green, diretor de tecnologia do Grupo Volvo Car. \u201cAo simplificar o design e a integra\u00e7\u00e3o de nossas c\u00e9lulas de bateria, podemos reduzir o peso e maximizar o espa\u00e7o, permitindo melhorias consider\u00e1veis ??na capacidade, alcance e tempos de carregamento da bateria.\u201d<\/p>\n<p>&nbsp;<\/p>\n<p>A Volvo Cars far\u00e1 isso melhorando a tecnologia da bateria de \u00edon de l\u00edtio em sua pr\u00f3xima gera\u00e7\u00e3o de carros el\u00e9tricos, come\u00e7ando com o primeiro SUV da empresa em uma base de tecnologia exclusivamente el\u00e9trica completamente nova.<\/p>\n<p>&nbsp;<\/p>\n<p>Em meados da d\u00e9cada, ao apresentar sua terceira gera\u00e7\u00e3o de carros el\u00e9tricos, a Volvo Cars planeja melhorar ainda mais a autonomia e integrar a bateria ao piso do carro, usando a estrutura da c\u00e9lula para rigidez geral do ve\u00edculo e melhoria da efici\u00eancia.<\/p>\n<p>&nbsp;<\/p>\n<p>No curto prazo, a Volvo Cars planeja trabalhar com a empresa sueca l\u00edder de baterias Northvolt para aumentar ainda mais a densidade de energia em suas c\u00e9lulas de bateria. A ideia \u00e9 melhorar at\u00e9 50% em compara\u00e7\u00e3o com o que est\u00e1 no mercado hoje. Mais tarde nesta d\u00e9cada, a Volvo Cars tamb\u00e9m pretende quebrar o marco da densidade de energia de 1000 Wh\/L, a fim de atingir 1000 km de autonomia real.<\/p>\n<p>&nbsp;<\/p>\n<p>Espera-se que o tempo de carregamento atual seja reduzido quase pela metade at\u00e9 meados da d\u00e9cada, gra\u00e7as \u00e0 melhor tecnologia de bateria e melhorias cont\u00ednuas no software e na tecnologia de carregamento r\u00e1pido.<\/p>\n<p>&nbsp;<\/p>\n<p>\u00c0 medida que a Volvo Cars caminha para se tornar uma empresa totalmente el\u00e9trica, a import\u00e2ncia da sustentabilidade aumenta paralelamente. Embora a empresa v\u00e1 aumentar a energia da bateria de seus carros na pr\u00f3xima d\u00e9cada, ela tamb\u00e9m trabalhar\u00e1 para reduzir continuamente o impacto do carbono.<\/p>\n<p>&nbsp;<\/p>\n<p>As c\u00e9lulas de bateria da colabora\u00e7\u00e3o planejada da Volvo Cars com a Northvolt visam ser produzidas usando 100% de energia renov\u00e1vel, enquanto est\u00e1 trabalhando com outros fornecedores de bateria para fazer o mesmo at\u00e9 2025.<\/p>\n<p>&nbsp;<\/p>\n<p>A Volvo Cars tem uma estrat\u00e9gia clara para reduzir ainda mais o impacto das baterias sobre o carbono, fazendo melhor uso do valioso material nelas contido. Sempre que poss\u00edvel, pretende remanufaturar ou reutilizar baterias e est\u00e1 investigando poss\u00edveis aplica\u00e7\u00f5es de segunda vida, como armazenamento de energia.<\/p>\n<p>&nbsp;<\/p>\n<p>Sempre que poss\u00edvel, as baterias que atingirem o fim de sua vida \u00fatil ser\u00e3o recicladas em recicladores autorizados que s\u00e3o capazes de oferecer reciclagem de ciclo fechado de materiais essenciais para uso em baterias futuras. A parceria planejada do Volvo Car Group com a Northvolt tamb\u00e9m aumenta a possibilidade de utilizar suas opera\u00e7\u00f5es de reciclagem estabelecidas.<\/p>\n<p>&nbsp;<\/p>\n<p>A Volvo Cars tamb\u00e9m continuar\u00e1 a se concentrar no fornecimento respons\u00e1vel de baterias, inclusive por meio de um uso mais amplo da tecnologia blockchain. Trabalhando mais de perto com seus parceiros e fornecedores, a Volvo Cars fortalecer\u00e1 ainda mais seu fornecimento respons\u00e1vel.<\/p>\n<p>&nbsp;<\/p>\n<p>J\u00e1 com o novo SUV, a empresa oferecer\u00e1 carregamento bidirecional, permitindo que os clientes descarreguem o excesso de eletricidade da bateria do carro na rede el\u00e9trica. Isso significa que os motoristas el\u00e9tricos da Volvo podem fornecer energia para a rede quando os pre\u00e7os e as emiss\u00f5es de CO2 relacionadas \u00e0 produ\u00e7\u00e3o de eletricidade est\u00e3o em seu pico di\u00e1rio, enquanto carregam seus carros quando as emiss\u00f5es caem.<\/p>\n<p>&nbsp;<\/p>\n<p>\u201cQueremos oferecer aos nossos clientes carros el\u00e9tricos puros sustent\u00e1veis ??que tornem suas vidas mais f\u00e1ceis e agrad\u00e1veis\u201d, disse Henrik Green. \u201cPor meio de inova\u00e7\u00e3o inteligente e colabora\u00e7\u00e3o com parceiros-chave, podemos dar aos clientes o que eles desejam \u2013 mais alcance, carregamento mais r\u00e1pido e custos mais baixos \u2013 e impulsionar ainda mais a ado\u00e7\u00e3o generalizada da mobilidade el\u00e9trica.\u201d<\/p>\n<p>&nbsp;<\/p>\n<p>O roteiro de eletrifica\u00e7\u00e3o da Volvo Cars est\u00e1 firmemente focado na integra\u00e7\u00e3o vertical, envolvendo o design interno, desenvolvimento e produ\u00e7\u00e3o de baterias, motores eletr\u00f4nicos e software relevante em colabora\u00e7\u00e3o com parceiros estrat\u00e9gicos. O objetivo \u00e9 obter o m\u00e1ximo de sinergias e efici\u00eancias poss\u00edveis em toda a cadeia de fornecimento de baterias. (Revista Torque\/Inside Out PR)<\/p>\n","protected":false},"excerpt":{"rendered":"<p>Revista Torque\/Inside Out PR &nbsp; Movendo-se rapidamente para se tornar uma empresa de carros totalmente el\u00e9tricos, a Volvo Cars est\u00e1 trazendo o desenvolvimento e a produ\u00e7\u00e3o da tecnologia de c\u00e9lulas de bateria para mais perto de casa e visa adaptar suas baterias futuras \u00e0s necessidades de seus clientes: um alcance mais longo e tempos de\u2026 <a class=\"readmore\" href=\"https:\/\/dana.com.br\/canaldana\/2021\/07\/01\/volvo-cars-aposta-em-baterias-cada-vez-melhores-e-sustentaveis\/\">Leia mais \u00bb<\/a><\/p>\n","protected":false},"author":3,"featured_media":0,"comment_status":"closed","ping_status":"closed","sticky":false,"template":"","format":"standard","meta":{"_acf_changed":false,"footnotes":""},"categories":[110],"tags":[],"class_list":["post-51269","post","type-post","status-publish","format-standard","hentry","category-eletricos"],"acf":[],"yoast_head":"<!-- This site is optimized with the Yoast SEO plugin v27.3 - https:\/\/yoast.com\/product\/yoast-seo-wordpress\/ -->\n<title>Volvo Cars aposta em baterias cada vez melhores e sustent\u00e1veis - Canal Dana<\/title>\n<meta name=\"robots\" content=\"index, follow, max-snippet:-1, max-image-preview:large, max-video-preview:-1\" \/>\n<link rel=\"canonical\" href=\"https:\/\/dana.com.br\/canaldana\/2021\/07\/01\/volvo-cars-aposta-em-baterias-cada-vez-melhores-e-sustentaveis\/\" \/>\n<meta property=\"og:locale\" content=\"pt_BR\" \/>\n<meta property=\"og:type\" content=\"article\" \/>\n<meta property=\"og:title\" content=\"Volvo Cars aposta em baterias cada vez melhores e sustent\u00e1veis - Canal Dana\" \/>\n<meta property=\"og:description\" content=\"Revista Torque\/Inside Out PR &nbsp; Movendo-se rapidamente para se tornar uma empresa de carros totalmente el\u00e9tricos, a Volvo Cars est\u00e1 trazendo o desenvolvimento e a produ\u00e7\u00e3o da tecnologia de c\u00e9lulas de bateria para mais perto de casa e visa adaptar suas baterias futuras \u00e0s necessidades de seus clientes: um alcance mais longo e tempos de\u2026 Leia mais \u00bb\" \/>\n<meta property=\"og:url\" content=\"https:\/\/dana.com.br\/canaldana\/2021\/07\/01\/volvo-cars-aposta-em-baterias-cada-vez-melhores-e-sustentaveis\/\" \/>\n<meta property=\"og:site_name\" content=\"Canal Dana\" \/>\n<meta property=\"article:published_time\" content=\"2021-07-01T11:33:47+00:00\" \/>\n<meta name=\"author\" content=\"Canal Dana\" \/>\n<meta name=\"twitter:card\" content=\"summary_large_image\" \/>\n<meta name=\"twitter:label1\" content=\"Escrito por\" \/>\n\t<meta name=\"twitter:data1\" content=\"Canal Dana\" \/>\n\t<meta name=\"twitter:label2\" content=\"Est. tempo de leitura\" \/>\n\t<meta name=\"twitter:data2\" content=\"4 minutos\" \/>\n<script type=\"application\/ld+json\" class=\"yoast-schema-graph\">{\"@context\":\"https:\\\/\\\/schema.org\",\"@graph\":[{\"@type\":\"Article\",\"@id\":\"https:\\\/\\\/dana.com.br\\\/canaldana\\\/2021\\\/07\\\/01\\\/volvo-cars-aposta-em-baterias-cada-vez-melhores-e-sustentaveis\\\/#article\",\"isPartOf\":{\"@id\":\"https:\\\/\\\/dana.com.br\\\/canaldana\\\/2021\\\/07\\\/01\\\/volvo-cars-aposta-em-baterias-cada-vez-melhores-e-sustentaveis\\\/\"},\"author\":{\"name\":\"Canal Dana\",\"@id\":\"https:\\\/\\\/dana.com.br\\\/canaldana\\\/#\\\/schema\\\/person\\\/3c21f22f56fcf3bc46b94bc60ea4fef6\"},\"headline\":\"Volvo Cars aposta em baterias cada vez melhores e sustent\u00e1veis\",\"datePublished\":\"2021-07-01T11:33:47+00:00\",\"mainEntityOfPage\":{\"@id\":\"https:\\\/\\\/dana.com.br\\\/canaldana\\\/2021\\\/07\\\/01\\\/volvo-cars-aposta-em-baterias-cada-vez-melhores-e-sustentaveis\\\/\"},\"wordCount\":796,\"articleSection\":[\"El\u00e9tricos\"],\"inLanguage\":\"pt-BR\"},{\"@type\":\"WebPage\",\"@id\":\"https:\\\/\\\/dana.com.br\\\/canaldana\\\/2021\\\/07\\\/01\\\/volvo-cars-aposta-em-baterias-cada-vez-melhores-e-sustentaveis\\\/\",\"url\":\"https:\\\/\\\/dana.com.br\\\/canaldana\\\/2021\\\/07\\\/01\\\/volvo-cars-aposta-em-baterias-cada-vez-melhores-e-sustentaveis\\\/\",\"name\":\"Volvo Cars aposta em baterias cada vez melhores e sustent\u00e1veis - Canal Dana\",\"isPartOf\":{\"@id\":\"https:\\\/\\\/dana.com.br\\\/canaldana\\\/#website\"},\"datePublished\":\"2021-07-01T11:33:47+00:00\",\"author\":{\"@id\":\"https:\\\/\\\/dana.com.br\\\/canaldana\\\/#\\\/schema\\\/person\\\/3c21f22f56fcf3bc46b94bc60ea4fef6\"},\"breadcrumb\":{\"@id\":\"https:\\\/\\\/dana.com.br\\\/canaldana\\\/2021\\\/07\\\/01\\\/volvo-cars-aposta-em-baterias-cada-vez-melhores-e-sustentaveis\\\/#breadcrumb\"},\"inLanguage\":\"pt-BR\",\"potentialAction\":[{\"@type\":\"ReadAction\",\"target\":[\"https:\\\/\\\/dana.com.br\\\/canaldana\\\/2021\\\/07\\\/01\\\/volvo-cars-aposta-em-baterias-cada-vez-melhores-e-sustentaveis\\\/\"]}]},{\"@type\":\"BreadcrumbList\",\"@id\":\"https:\\\/\\\/dana.com.br\\\/canaldana\\\/2021\\\/07\\\/01\\\/volvo-cars-aposta-em-baterias-cada-vez-melhores-e-sustentaveis\\\/#breadcrumb\",\"itemListElement\":[{\"@type\":\"ListItem\",\"position\":1,\"name\":\"Home\",\"item\":\"https:\\\/\\\/dana.com.br\\\/canaldana\\\/\"},{\"@type\":\"ListItem\",\"position\":2,\"name\":\"El\u00e9tricos\",\"item\":\"https:\\\/\\\/dana.com.br\\\/canaldana\\\/eletricos\\\/\"},{\"@type\":\"ListItem\",\"position\":3,\"name\":\"Volvo Cars aposta em baterias cada vez melhores e sustent\u00e1veis\"}]},{\"@type\":\"WebSite\",\"@id\":\"https:\\\/\\\/dana.com.br\\\/canaldana\\\/#website\",\"url\":\"https:\\\/\\\/dana.com.br\\\/canaldana\\\/\",\"name\":\"Canal Dana\",\"description\":\"Informativo com as principais not\u00edcias da ind\u00fastria automotiva\",\"potentialAction\":[{\"@type\":\"SearchAction\",\"target\":{\"@type\":\"EntryPoint\",\"urlTemplate\":\"https:\\\/\\\/dana.com.br\\\/canaldana\\\/?s={search_term_string}\"},\"query-input\":{\"@type\":\"PropertyValueSpecification\",\"valueRequired\":true,\"valueName\":\"search_term_string\"}}],\"inLanguage\":\"pt-BR\"},{\"@type\":\"Person\",\"@id\":\"https:\\\/\\\/dana.com.br\\\/canaldana\\\/#\\\/schema\\\/person\\\/3c21f22f56fcf3bc46b94bc60ea4fef6\",\"name\":\"Canal Dana\",\"image\":{\"@type\":\"ImageObject\",\"inLanguage\":\"pt-BR\",\"@id\":\"https:\\\/\\\/secure.gravatar.com\\\/avatar\\\/420aaf9278582877d9018637c6817617705899d2858d7572ef0fe59a6b6454b4?s=96&d=mm&r=g\",\"url\":\"https:\\\/\\\/secure.gravatar.com\\\/avatar\\\/420aaf9278582877d9018637c6817617705899d2858d7572ef0fe59a6b6454b4?s=96&d=mm&r=g\",\"contentUrl\":\"https:\\\/\\\/secure.gravatar.com\\\/avatar\\\/420aaf9278582877d9018637c6817617705899d2858d7572ef0fe59a6b6454b4?s=96&d=mm&r=g\",\"caption\":\"Canal Dana\"},\"url\":\"https:\\\/\\\/dana.com.br\\\/canaldana\\\/author\\\/cdeditor\\\/\"}]}<\/script>\n<!-- \/ Yoast SEO plugin. -->","yoast_head_json":{"title":"Volvo Cars aposta em baterias cada vez melhores e sustent\u00e1veis - Canal Dana","robots":{"index":"index","follow":"follow","max-snippet":"max-snippet:-1","max-image-preview":"max-image-preview:large","max-video-preview":"max-video-preview:-1"},"canonical":"https:\/\/dana.com.br\/canaldana\/2021\/07\/01\/volvo-cars-aposta-em-baterias-cada-vez-melhores-e-sustentaveis\/","og_locale":"pt_BR","og_type":"article","og_title":"Volvo Cars aposta em baterias cada vez melhores e sustent\u00e1veis - Canal Dana","og_description":"Revista Torque\/Inside Out PR &nbsp; Movendo-se rapidamente para se tornar uma empresa de carros totalmente el\u00e9tricos, a Volvo Cars est\u00e1 trazendo o desenvolvimento e a produ\u00e7\u00e3o da tecnologia de c\u00e9lulas de bateria para mais perto de casa e visa adaptar suas baterias futuras \u00e0s necessidades de seus clientes: um alcance mais longo e tempos de\u2026 Leia mais \u00bb","og_url":"https:\/\/dana.com.br\/canaldana\/2021\/07\/01\/volvo-cars-aposta-em-baterias-cada-vez-melhores-e-sustentaveis\/","og_site_name":"Canal Dana","article_published_time":"2021-07-01T11:33:47+00:00","author":"Canal Dana","twitter_card":"summary_large_image","twitter_misc":{"Escrito por":"Canal Dana","Est. tempo de leitura":"4 minutos"},"schema":{"@context":"https:\/\/schema.org","@graph":[{"@type":"Article","@id":"https:\/\/dana.com.br\/canaldana\/2021\/07\/01\/volvo-cars-aposta-em-baterias-cada-vez-melhores-e-sustentaveis\/#article","isPartOf":{"@id":"https:\/\/dana.com.br\/canaldana\/2021\/07\/01\/volvo-cars-aposta-em-baterias-cada-vez-melhores-e-sustentaveis\/"},"author":{"name":"Canal Dana","@id":"https:\/\/dana.com.br\/canaldana\/#\/schema\/person\/3c21f22f56fcf3bc46b94bc60ea4fef6"},"headline":"Volvo Cars aposta em baterias cada vez melhores e sustent\u00e1veis","datePublished":"2021-07-01T11:33:47+00:00","mainEntityOfPage":{"@id":"https:\/\/dana.com.br\/canaldana\/2021\/07\/01\/volvo-cars-aposta-em-baterias-cada-vez-melhores-e-sustentaveis\/"},"wordCount":796,"articleSection":["El\u00e9tricos"],"inLanguage":"pt-BR"},{"@type":"WebPage","@id":"https:\/\/dana.com.br\/canaldana\/2021\/07\/01\/volvo-cars-aposta-em-baterias-cada-vez-melhores-e-sustentaveis\/","url":"https:\/\/dana.com.br\/canaldana\/2021\/07\/01\/volvo-cars-aposta-em-baterias-cada-vez-melhores-e-sustentaveis\/","name":"Volvo Cars aposta em baterias cada vez melhores e sustent\u00e1veis - Canal Dana","isPartOf":{"@id":"https:\/\/dana.com.br\/canaldana\/#website"},"datePublished":"2021-07-01T11:33:47+00:00","author":{"@id":"https:\/\/dana.com.br\/canaldana\/#\/schema\/person\/3c21f22f56fcf3bc46b94bc60ea4fef6"},"breadcrumb":{"@id":"https:\/\/dana.com.br\/canaldana\/2021\/07\/01\/volvo-cars-aposta-em-baterias-cada-vez-melhores-e-sustentaveis\/#breadcrumb"},"inLanguage":"pt-BR","potentialAction":[{"@type":"ReadAction","target":["https:\/\/dana.com.br\/canaldana\/2021\/07\/01\/volvo-cars-aposta-em-baterias-cada-vez-melhores-e-sustentaveis\/"]}]},{"@type":"BreadcrumbList","@id":"https:\/\/dana.com.br\/canaldana\/2021\/07\/01\/volvo-cars-aposta-em-baterias-cada-vez-melhores-e-sustentaveis\/#breadcrumb","itemListElement":[{"@type":"ListItem","position":1,"name":"Home","item":"https:\/\/dana.com.br\/canaldana\/"},{"@type":"ListItem","position":2,"name":"El\u00e9tricos","item":"https:\/\/dana.com.br\/canaldana\/eletricos\/"},{"@type":"ListItem","position":3,"name":"Volvo Cars aposta em baterias cada vez melhores e sustent\u00e1veis"}]},{"@type":"WebSite","@id":"https:\/\/dana.com.br\/canaldana\/#website","url":"https:\/\/dana.com.br\/canaldana\/","name":"Canal Dana","description":"Informativo com as principais not\u00edcias da ind\u00fastria automotiva","potentialAction":[{"@type":"SearchAction","target":{"@type":"EntryPoint","urlTemplate":"https:\/\/dana.com.br\/canaldana\/?s={search_term_string}"},"query-input":{"@type":"PropertyValueSpecification","valueRequired":true,"valueName":"search_term_string"}}],"inLanguage":"pt-BR"},{"@type":"Person","@id":"https:\/\/dana.com.br\/canaldana\/#\/schema\/person\/3c21f22f56fcf3bc46b94bc60ea4fef6","name":"Canal Dana","image":{"@type":"ImageObject","inLanguage":"pt-BR","@id":"https:\/\/secure.gravatar.com\/avatar\/420aaf9278582877d9018637c6817617705899d2858d7572ef0fe59a6b6454b4?s=96&d=mm&r=g","url":"https:\/\/secure.gravatar.com\/avatar\/420aaf9278582877d9018637c6817617705899d2858d7572ef0fe59a6b6454b4?s=96&d=mm&r=g","contentUrl":"https:\/\/secure.gravatar.com\/avatar\/420aaf9278582877d9018637c6817617705899d2858d7572ef0fe59a6b6454b4?s=96&d=mm&r=g","caption":"Canal Dana"},"url":"https:\/\/dana.com.br\/canaldana\/author\/cdeditor\/"}]}},"_links":{"self":[{"href":"https:\/\/dana.com.br\/canaldana\/wp-json\/wp\/v2\/posts\/51269","targetHints":{"allow":["GET"]}}],"collection":[{"href":"https:\/\/dana.com.br\/canaldana\/wp-json\/wp\/v2\/posts"}],"about":[{"href":"https:\/\/dana.com.br\/canaldana\/wp-json\/wp\/v2\/types\/post"}],"author":[{"embeddable":true,"href":"https:\/\/dana.com.br\/canaldana\/wp-json\/wp\/v2\/users\/3"}],"replies":[{"embeddable":true,"href":"https:\/\/dana.com.br\/canaldana\/wp-json\/wp\/v2\/comments?post=51269"}],"version-history":[{"count":0,"href":"https:\/\/dana.com.br\/canaldana\/wp-json\/wp\/v2\/posts\/51269\/revisions"}],"wp:attachment":[{"href":"https:\/\/dana.com.br\/canaldana\/wp-json\/wp\/v2\/media?parent=51269"}],"wp:term":[{"taxonomy":"category","embeddable":true,"href":"https:\/\/dana.com.br\/canaldana\/wp-json\/wp\/v2\/categories?post=51269"},{"taxonomy":"post_tag","embeddable":true,"href":"https:\/\/dana.com.br\/canaldana\/wp-json\/wp\/v2\/tags?post=51269"}],"curies":[{"name":"wp","href":"https:\/\/api.w.org\/{rel}","templated":true}]}}