{"id":51267,"date":"2021-07-01T08:32:59","date_gmt":"2021-07-01T11:32:59","guid":{"rendered":"https:\/\/dana.com.br\/canaldana\/?p=51267"},"modified":"2021-07-01T08:32:59","modified_gmt":"2021-07-01T11:32:59","slug":"renault-detalha-estrategia-para-popularizar-os-carros-eletricos","status":"publish","type":"post","link":"https:\/\/dana.com.br\/canaldana\/2021\/07\/01\/renault-detalha-estrategia-para-popularizar-os-carros-eletricos\/","title":{"rendered":"Renault detalha estrat\u00e9gia para popularizar os carros el\u00e9tricos"},"content":{"rendered":"<p><em>Motor 1 <\/em><\/p>\n<p>&nbsp;<\/p>\n<p>A Renault \u00e9 um dos primeiros fabricantes a abra\u00e7ar o carro el\u00e9trico e com a chegada de Luca De Meo \u00e0 dire\u00e7\u00e3o, o grupo entrou de cabe\u00e7a na mobilidade el\u00e9trica. Com o evento Eways, a marca francesa acelera ainda mais rumo \u00e0s emiss\u00f5es zero e detalha as etapas que se seguir\u00e3o at\u00e9 2030.<\/p>\n<p>&nbsp;<\/p>\n<p>\u00c9 o pr\u00f3prio De Meo quem d\u00e1 uma vis\u00e3o geral do que a Renault est\u00e1 se preparando para enfrentar:<\/p>\n<p>&nbsp;<\/p>\n<p>&#8220;Decidimos impulsionar ainda mais a eletrifica\u00e7\u00e3o. Vamos apostar numa reorganiza\u00e7\u00e3o societ\u00e1ria profunda, em novas tecnologias que nos permitam alcan\u00e7ar uma produ\u00e7\u00e3o mais eficiente e trabalharemos tamb\u00e9m na segunda vida das baterias&#8221;.<\/p>\n<p>&nbsp;<\/p>\n<p><strong>Plano at\u00e9 2030<\/strong><\/p>\n<p>&nbsp;<\/p>\n<p>&#8220;O objetivo &#8211; continua De Meo &#8211; \u00e9 nos estabelecermos como o grupo mais verde da Europa com um mix at\u00e9 2030 em que 90% dos carros vendidos ser\u00e3o exclusivamente el\u00e9tricos. Estamos confiantes, pois desde 2009 j\u00e1 investimos 5 bilh\u00f5es de euros em eletrifica\u00e7\u00e3o e vamos investir mais 10 nos pr\u00f3ximos 5 anos. Isso nos levar\u00e1 a reduzir os custos da bateria pela metade nos pr\u00f3ximos 10 anos, e consideramos que j\u00e1 reduzimos pela metade em compara\u00e7\u00e3o a 10 anos atr\u00e1s&#8221;.<\/p>\n<p>&nbsp;<\/p>\n<p><strong>A &#8220;mega f\u00e1brica&#8221; ElectriCity<\/strong><\/p>\n<p>&nbsp;<\/p>\n<p>Anunciada recentemente, a ElectryCity nascer\u00e1 da uni\u00e3o de tr\u00eas f\u00e1bricas da Renault na Fran\u00e7a: Douai, Maubeuge e Ruitz. Esses locais de produ\u00e7\u00e3o se concentrar\u00e3o na produ\u00e7\u00e3o de ve\u00edculos el\u00e9tricos e, uma vez em pleno funcionamento, por volta de 2025, ter\u00e3o uma capacidade total de produ\u00e7\u00e3o de 400.000 carros.<\/p>\n<p>&nbsp;<\/p>\n<p>O nascimento da ElectryCity oferecer\u00e1 in\u00fameras vantagens. Em primeiro lugar, gra\u00e7as \u00e0 otimiza\u00e7\u00e3o da rede de fornecedores e \u00e0 uni\u00e3o de um conjunto de estruturas auxiliares em entidades centralizadas, para al\u00e9m da cria\u00e7\u00e3o de 700 novos postos de trabalho, ir\u00e1 reduzir os custos em 3%. Al\u00e9m disso, para encurtar a cadeia de valor, tamb\u00e9m far\u00e1 uso de uma nova f\u00e1brica de baterias que atingir\u00e1 24 GWh por ano.<\/p>\n<p>&nbsp;<\/p>\n<p><strong>Tr\u00eas pilares da produ\u00e7\u00e3o<\/strong><\/p>\n<p>&nbsp;<\/p>\n<p>Abra\u00e7ar a eletrifica\u00e7\u00e3o significa produzir carros el\u00e9tricos. Deste ponto de vista, a Renault decidiu dar origem \u00e0 pr\u00f3xima gama el\u00e9trica atrav\u00e9s de novas plataformas, novos motores e novas baterias. Em rela\u00e7\u00e3o ao primeiro ponto, a Renault usar\u00e1 duas plataformas modulares:<\/p>\n<p>&nbsp;<\/p>\n<p>O CMF-EV, dedicado aos carros dos Segmentos C e D, estrear\u00e1 em 2022 com o Megane el\u00e9trico e em 2025 ser\u00e1 utilizada para a produ\u00e7\u00e3o de 700.000 ve\u00edculos por ano.<\/p>\n<p>&nbsp;<\/p>\n<p>O CMF-BEV, dedicado aos carros do Segmento B, ser\u00e1 lan\u00e7ado em 2025 com o Renault 5 e, quando estiver totalmente operacional, ser\u00e1 usada para a produ\u00e7\u00e3o de 3 milh\u00f5es de carros urbanos com emiss\u00e3o zero por ano.<\/p>\n<p>&nbsp;<\/p>\n<p><strong>Motores cada vez mais compactos<\/strong><\/p>\n<p>&nbsp;<\/p>\n<p>Falando em motores, a Renault tem usado unidades s\u00edncronas desde o in\u00edcio. Esses motores EESM (Externally excited synchronous machine) t\u00eam a vantagem de n\u00e3o adotar \u00edm\u00e3s de metais raros e por isso a empresa continuar\u00e1 montando este tipo de propulsor em seus el\u00e9tricos. Al\u00e9m da aus\u00eancia de \u00edm\u00e3s com metais raros, eles tamb\u00e9m s\u00e3o os mais eficientes em rodovias ou condi\u00e7\u00f5es de condu\u00e7\u00e3o de carga m\u00e9dia e otimizam o consumo de energia em circuitos mistos.<\/p>\n<p>&nbsp;<\/p>\n<p>Eles continuar\u00e3o a evoluir, tanto que em 2024 a Renault apresentar\u00e1 a nova gera\u00e7\u00e3o de EESM, mais eficientes e compactos. Gra\u00e7as \u00e0 colabora\u00e7\u00e3o com a STMicroelectronics, eles ser\u00e3o inclu\u00eddos em um sistema &#8220;all-in-1&#8221; que a partir de 2025 incluir\u00e1, al\u00e9m do novo motor, um sistema denominado &#8220;one box&#8221; que inclui toda a eletr\u00f4nica de propuls\u00e3o.<\/p>\n<p>&nbsp;<\/p>\n<p>Comparado a um trem de for\u00e7a tradicional, o sistema &#8220;all-in-one&#8221; \u00e9 45% mais compacto, reduz custos em 30%, \u00e9 compat\u00edvel com a arquitetura de 800 volts e tamb\u00e9m reduz o desperd\u00edcio de energia em 45%, um aumento na efici\u00eancia que leva a um aumento m\u00e9dio da autonomia que pode ser calculado em torno de 20 km. Mas a Renault, junto com a startup francesa Whylot, tamb\u00e9m est\u00e1 trabalhando em um motor de fluxo axial que estar\u00e1 dispon\u00edvel para trens de for\u00e7a h\u00edbridos em 2025.<\/p>\n<p>&nbsp;<\/p>\n<p><strong>O universo das baterias<\/strong><\/p>\n<p>&nbsp;<\/p>\n<p>Ao contr\u00e1rio de outros fabricantes, a Renault se concentrar\u00e1 exclusivamente em baterias NMC (n\u00edquel, mangan\u00eas e cobalto). Eles ser\u00e3o feitos com m\u00e9todos altamente padronizados e v\u00e3o explorar dois tipos de c\u00e9lulas semelhantes entre si e com caracter\u00edsticas t\u00e9cnicas diferentes: uma ser\u00e1 de alto padr\u00e3o, com maior densidade de energia, e outra ser\u00e1 menos avan\u00e7ada, adequada para uso em carros urbanos. Estar\u00e3o no Renault 5 e tamb\u00e9m no Renault 4, que o fabricante confirmou e que por enquanto desenvolve sob o nome de c\u00f3digo 4ever.<\/p>\n<p>&nbsp;<\/p>\n<p>Indo al\u00e9m da tecnologia no sentido estrito, gra\u00e7as a estas baterias a empresa poder\u00e1 oferecer toda uma s\u00e9rie de servi\u00e7os auxiliares, como o ve\u00edculo para a rede (V2G) ou a constru\u00e7\u00e3o de sistemas de armazenamento, que permitir\u00e3o que o carro el\u00e9trico se integre cada vez mais em um ecossistema sustent\u00e1vel. (Motor 1\/Julio Cesar e Francesco Barontini)<\/p>\n","protected":false},"excerpt":{"rendered":"<p>Motor 1 &nbsp; A Renault \u00e9 um dos primeiros fabricantes a abra\u00e7ar o carro el\u00e9trico e com a chegada de Luca De Meo \u00e0 dire\u00e7\u00e3o, o grupo entrou de cabe\u00e7a na mobilidade el\u00e9trica. Com o evento Eways, a marca francesa acelera ainda mais rumo \u00e0s emiss\u00f5es zero e detalha as etapas que se seguir\u00e3o at\u00e9\u2026 <a class=\"readmore\" href=\"https:\/\/dana.com.br\/canaldana\/2021\/07\/01\/renault-detalha-estrategia-para-popularizar-os-carros-eletricos\/\">Leia mais \u00bb<\/a><\/p>\n","protected":false},"author":3,"featured_media":0,"comment_status":"closed","ping_status":"closed","sticky":false,"template":"","format":"standard","meta":{"_acf_changed":false,"footnotes":""},"categories":[110],"tags":[],"class_list":["post-51267","post","type-post","status-publish","format-standard","hentry","category-eletricos"],"acf":[],"yoast_head":"<!-- This site is optimized with the Yoast SEO plugin v27.3 - https:\/\/yoast.com\/product\/yoast-seo-wordpress\/ -->\n<title>Renault detalha estrat\u00e9gia para popularizar os carros el\u00e9tricos - Canal Dana<\/title>\n<meta name=\"robots\" content=\"index, follow, max-snippet:-1, max-image-preview:large, max-video-preview:-1\" \/>\n<link rel=\"canonical\" href=\"https:\/\/dana.com.br\/canaldana\/2021\/07\/01\/renault-detalha-estrategia-para-popularizar-os-carros-eletricos\/\" \/>\n<meta property=\"og:locale\" content=\"pt_BR\" \/>\n<meta property=\"og:type\" content=\"article\" \/>\n<meta property=\"og:title\" content=\"Renault detalha estrat\u00e9gia para popularizar os carros el\u00e9tricos - Canal Dana\" \/>\n<meta property=\"og:description\" content=\"Motor 1 &nbsp; A Renault \u00e9 um dos primeiros fabricantes a abra\u00e7ar o carro el\u00e9trico e com a chegada de Luca De Meo \u00e0 dire\u00e7\u00e3o, o grupo entrou de cabe\u00e7a na mobilidade el\u00e9trica. Com o evento Eways, a marca francesa acelera ainda mais rumo \u00e0s emiss\u00f5es zero e detalha as etapas que se seguir\u00e3o at\u00e9\u2026 Leia mais \u00bb\" \/>\n<meta property=\"og:url\" content=\"https:\/\/dana.com.br\/canaldana\/2021\/07\/01\/renault-detalha-estrategia-para-popularizar-os-carros-eletricos\/\" \/>\n<meta property=\"og:site_name\" content=\"Canal Dana\" \/>\n<meta property=\"article:published_time\" content=\"2021-07-01T11:32:59+00:00\" \/>\n<meta name=\"author\" content=\"Canal Dana\" \/>\n<meta name=\"twitter:card\" content=\"summary_large_image\" \/>\n<meta name=\"twitter:label1\" content=\"Escrito por\" \/>\n\t<meta name=\"twitter:data1\" content=\"Canal Dana\" \/>\n\t<meta name=\"twitter:label2\" content=\"Est. tempo de leitura\" \/>\n\t<meta name=\"twitter:data2\" content=\"4 minutos\" \/>\n<script type=\"application\/ld+json\" class=\"yoast-schema-graph\">{\"@context\":\"https:\\\/\\\/schema.org\",\"@graph\":[{\"@type\":\"Article\",\"@id\":\"https:\\\/\\\/dana.com.br\\\/canaldana\\\/2021\\\/07\\\/01\\\/renault-detalha-estrategia-para-popularizar-os-carros-eletricos\\\/#article\",\"isPartOf\":{\"@id\":\"https:\\\/\\\/dana.com.br\\\/canaldana\\\/2021\\\/07\\\/01\\\/renault-detalha-estrategia-para-popularizar-os-carros-eletricos\\\/\"},\"author\":{\"name\":\"Canal Dana\",\"@id\":\"https:\\\/\\\/dana.com.br\\\/canaldana\\\/#\\\/schema\\\/person\\\/3c21f22f56fcf3bc46b94bc60ea4fef6\"},\"headline\":\"Renault detalha estrat\u00e9gia para popularizar os carros el\u00e9tricos\",\"datePublished\":\"2021-07-01T11:32:59+00:00\",\"mainEntityOfPage\":{\"@id\":\"https:\\\/\\\/dana.com.br\\\/canaldana\\\/2021\\\/07\\\/01\\\/renault-detalha-estrategia-para-popularizar-os-carros-eletricos\\\/\"},\"wordCount\":887,\"articleSection\":[\"El\u00e9tricos\"],\"inLanguage\":\"pt-BR\"},{\"@type\":\"WebPage\",\"@id\":\"https:\\\/\\\/dana.com.br\\\/canaldana\\\/2021\\\/07\\\/01\\\/renault-detalha-estrategia-para-popularizar-os-carros-eletricos\\\/\",\"url\":\"https:\\\/\\\/dana.com.br\\\/canaldana\\\/2021\\\/07\\\/01\\\/renault-detalha-estrategia-para-popularizar-os-carros-eletricos\\\/\",\"name\":\"Renault detalha estrat\u00e9gia para popularizar os carros el\u00e9tricos - Canal Dana\",\"isPartOf\":{\"@id\":\"https:\\\/\\\/dana.com.br\\\/canaldana\\\/#website\"},\"datePublished\":\"2021-07-01T11:32:59+00:00\",\"author\":{\"@id\":\"https:\\\/\\\/dana.com.br\\\/canaldana\\\/#\\\/schema\\\/person\\\/3c21f22f56fcf3bc46b94bc60ea4fef6\"},\"breadcrumb\":{\"@id\":\"https:\\\/\\\/dana.com.br\\\/canaldana\\\/2021\\\/07\\\/01\\\/renault-detalha-estrategia-para-popularizar-os-carros-eletricos\\\/#breadcrumb\"},\"inLanguage\":\"pt-BR\",\"potentialAction\":[{\"@type\":\"ReadAction\",\"target\":[\"https:\\\/\\\/dana.com.br\\\/canaldana\\\/2021\\\/07\\\/01\\\/renault-detalha-estrategia-para-popularizar-os-carros-eletricos\\\/\"]}]},{\"@type\":\"BreadcrumbList\",\"@id\":\"https:\\\/\\\/dana.com.br\\\/canaldana\\\/2021\\\/07\\\/01\\\/renault-detalha-estrategia-para-popularizar-os-carros-eletricos\\\/#breadcrumb\",\"itemListElement\":[{\"@type\":\"ListItem\",\"position\":1,\"name\":\"Home\",\"item\":\"https:\\\/\\\/dana.com.br\\\/canaldana\\\/\"},{\"@type\":\"ListItem\",\"position\":2,\"name\":\"El\u00e9tricos\",\"item\":\"https:\\\/\\\/dana.com.br\\\/canaldana\\\/eletricos\\\/\"},{\"@type\":\"ListItem\",\"position\":3,\"name\":\"Renault detalha estrat\u00e9gia para popularizar os carros el\u00e9tricos\"}]},{\"@type\":\"WebSite\",\"@id\":\"https:\\\/\\\/dana.com.br\\\/canaldana\\\/#website\",\"url\":\"https:\\\/\\\/dana.com.br\\\/canaldana\\\/\",\"name\":\"Canal Dana\",\"description\":\"Informativo com as principais not\u00edcias da ind\u00fastria automotiva\",\"potentialAction\":[{\"@type\":\"SearchAction\",\"target\":{\"@type\":\"EntryPoint\",\"urlTemplate\":\"https:\\\/\\\/dana.com.br\\\/canaldana\\\/?s={search_term_string}\"},\"query-input\":{\"@type\":\"PropertyValueSpecification\",\"valueRequired\":true,\"valueName\":\"search_term_string\"}}],\"inLanguage\":\"pt-BR\"},{\"@type\":\"Person\",\"@id\":\"https:\\\/\\\/dana.com.br\\\/canaldana\\\/#\\\/schema\\\/person\\\/3c21f22f56fcf3bc46b94bc60ea4fef6\",\"name\":\"Canal Dana\",\"image\":{\"@type\":\"ImageObject\",\"inLanguage\":\"pt-BR\",\"@id\":\"https:\\\/\\\/secure.gravatar.com\\\/avatar\\\/420aaf9278582877d9018637c6817617705899d2858d7572ef0fe59a6b6454b4?s=96&d=mm&r=g\",\"url\":\"https:\\\/\\\/secure.gravatar.com\\\/avatar\\\/420aaf9278582877d9018637c6817617705899d2858d7572ef0fe59a6b6454b4?s=96&d=mm&r=g\",\"contentUrl\":\"https:\\\/\\\/secure.gravatar.com\\\/avatar\\\/420aaf9278582877d9018637c6817617705899d2858d7572ef0fe59a6b6454b4?s=96&d=mm&r=g\",\"caption\":\"Canal Dana\"},\"url\":\"https:\\\/\\\/dana.com.br\\\/canaldana\\\/author\\\/cdeditor\\\/\"}]}<\/script>\n<!-- \/ Yoast SEO plugin. -->","yoast_head_json":{"title":"Renault detalha estrat\u00e9gia para popularizar os carros el\u00e9tricos - Canal Dana","robots":{"index":"index","follow":"follow","max-snippet":"max-snippet:-1","max-image-preview":"max-image-preview:large","max-video-preview":"max-video-preview:-1"},"canonical":"https:\/\/dana.com.br\/canaldana\/2021\/07\/01\/renault-detalha-estrategia-para-popularizar-os-carros-eletricos\/","og_locale":"pt_BR","og_type":"article","og_title":"Renault detalha estrat\u00e9gia para popularizar os carros el\u00e9tricos - Canal Dana","og_description":"Motor 1 &nbsp; A Renault \u00e9 um dos primeiros fabricantes a abra\u00e7ar o carro el\u00e9trico e com a chegada de Luca De Meo \u00e0 dire\u00e7\u00e3o, o grupo entrou de cabe\u00e7a na mobilidade el\u00e9trica. Com o evento Eways, a marca francesa acelera ainda mais rumo \u00e0s emiss\u00f5es zero e detalha as etapas que se seguir\u00e3o at\u00e9\u2026 Leia mais \u00bb","og_url":"https:\/\/dana.com.br\/canaldana\/2021\/07\/01\/renault-detalha-estrategia-para-popularizar-os-carros-eletricos\/","og_site_name":"Canal Dana","article_published_time":"2021-07-01T11:32:59+00:00","author":"Canal Dana","twitter_card":"summary_large_image","twitter_misc":{"Escrito por":"Canal Dana","Est. tempo de leitura":"4 minutos"},"schema":{"@context":"https:\/\/schema.org","@graph":[{"@type":"Article","@id":"https:\/\/dana.com.br\/canaldana\/2021\/07\/01\/renault-detalha-estrategia-para-popularizar-os-carros-eletricos\/#article","isPartOf":{"@id":"https:\/\/dana.com.br\/canaldana\/2021\/07\/01\/renault-detalha-estrategia-para-popularizar-os-carros-eletricos\/"},"author":{"name":"Canal Dana","@id":"https:\/\/dana.com.br\/canaldana\/#\/schema\/person\/3c21f22f56fcf3bc46b94bc60ea4fef6"},"headline":"Renault detalha estrat\u00e9gia para popularizar os carros el\u00e9tricos","datePublished":"2021-07-01T11:32:59+00:00","mainEntityOfPage":{"@id":"https:\/\/dana.com.br\/canaldana\/2021\/07\/01\/renault-detalha-estrategia-para-popularizar-os-carros-eletricos\/"},"wordCount":887,"articleSection":["El\u00e9tricos"],"inLanguage":"pt-BR"},{"@type":"WebPage","@id":"https:\/\/dana.com.br\/canaldana\/2021\/07\/01\/renault-detalha-estrategia-para-popularizar-os-carros-eletricos\/","url":"https:\/\/dana.com.br\/canaldana\/2021\/07\/01\/renault-detalha-estrategia-para-popularizar-os-carros-eletricos\/","name":"Renault detalha estrat\u00e9gia para popularizar os carros el\u00e9tricos - Canal Dana","isPartOf":{"@id":"https:\/\/dana.com.br\/canaldana\/#website"},"datePublished":"2021-07-01T11:32:59+00:00","author":{"@id":"https:\/\/dana.com.br\/canaldana\/#\/schema\/person\/3c21f22f56fcf3bc46b94bc60ea4fef6"},"breadcrumb":{"@id":"https:\/\/dana.com.br\/canaldana\/2021\/07\/01\/renault-detalha-estrategia-para-popularizar-os-carros-eletricos\/#breadcrumb"},"inLanguage":"pt-BR","potentialAction":[{"@type":"ReadAction","target":["https:\/\/dana.com.br\/canaldana\/2021\/07\/01\/renault-detalha-estrategia-para-popularizar-os-carros-eletricos\/"]}]},{"@type":"BreadcrumbList","@id":"https:\/\/dana.com.br\/canaldana\/2021\/07\/01\/renault-detalha-estrategia-para-popularizar-os-carros-eletricos\/#breadcrumb","itemListElement":[{"@type":"ListItem","position":1,"name":"Home","item":"https:\/\/dana.com.br\/canaldana\/"},{"@type":"ListItem","position":2,"name":"El\u00e9tricos","item":"https:\/\/dana.com.br\/canaldana\/eletricos\/"},{"@type":"ListItem","position":3,"name":"Renault detalha estrat\u00e9gia para popularizar os carros el\u00e9tricos"}]},{"@type":"WebSite","@id":"https:\/\/dana.com.br\/canaldana\/#website","url":"https:\/\/dana.com.br\/canaldana\/","name":"Canal Dana","description":"Informativo com as principais not\u00edcias da ind\u00fastria automotiva","potentialAction":[{"@type":"SearchAction","target":{"@type":"EntryPoint","urlTemplate":"https:\/\/dana.com.br\/canaldana\/?s={search_term_string}"},"query-input":{"@type":"PropertyValueSpecification","valueRequired":true,"valueName":"search_term_string"}}],"inLanguage":"pt-BR"},{"@type":"Person","@id":"https:\/\/dana.com.br\/canaldana\/#\/schema\/person\/3c21f22f56fcf3bc46b94bc60ea4fef6","name":"Canal Dana","image":{"@type":"ImageObject","inLanguage":"pt-BR","@id":"https:\/\/secure.gravatar.com\/avatar\/420aaf9278582877d9018637c6817617705899d2858d7572ef0fe59a6b6454b4?s=96&d=mm&r=g","url":"https:\/\/secure.gravatar.com\/avatar\/420aaf9278582877d9018637c6817617705899d2858d7572ef0fe59a6b6454b4?s=96&d=mm&r=g","contentUrl":"https:\/\/secure.gravatar.com\/avatar\/420aaf9278582877d9018637c6817617705899d2858d7572ef0fe59a6b6454b4?s=96&d=mm&r=g","caption":"Canal Dana"},"url":"https:\/\/dana.com.br\/canaldana\/author\/cdeditor\/"}]}},"_links":{"self":[{"href":"https:\/\/dana.com.br\/canaldana\/wp-json\/wp\/v2\/posts\/51267","targetHints":{"allow":["GET"]}}],"collection":[{"href":"https:\/\/dana.com.br\/canaldana\/wp-json\/wp\/v2\/posts"}],"about":[{"href":"https:\/\/dana.com.br\/canaldana\/wp-json\/wp\/v2\/types\/post"}],"author":[{"embeddable":true,"href":"https:\/\/dana.com.br\/canaldana\/wp-json\/wp\/v2\/users\/3"}],"replies":[{"embeddable":true,"href":"https:\/\/dana.com.br\/canaldana\/wp-json\/wp\/v2\/comments?post=51267"}],"version-history":[{"count":0,"href":"https:\/\/dana.com.br\/canaldana\/wp-json\/wp\/v2\/posts\/51267\/revisions"}],"wp:attachment":[{"href":"https:\/\/dana.com.br\/canaldana\/wp-json\/wp\/v2\/media?parent=51267"}],"wp:term":[{"taxonomy":"category","embeddable":true,"href":"https:\/\/dana.com.br\/canaldana\/wp-json\/wp\/v2\/categories?post=51267"},{"taxonomy":"post_tag","embeddable":true,"href":"https:\/\/dana.com.br\/canaldana\/wp-json\/wp\/v2\/tags?post=51267"}],"curies":[{"name":"wp","href":"https:\/\/api.w.org\/{rel}","templated":true}]}}