{"id":51155,"date":"2021-06-25T08:07:11","date_gmt":"2021-06-25T11:07:11","guid":{"rendered":"https:\/\/dana.com.br\/canaldana\/?p=51155"},"modified":"2021-06-25T08:07:11","modified_gmt":"2021-06-25T11:07:11","slug":"great-wall-indica-estreia-no-brasil-ate-2022-e-pode-comprar-fabricas-de-ford-ou-mercedes-benz","status":"publish","type":"post","link":"https:\/\/dana.com.br\/canaldana\/2021\/06\/25\/great-wall-indica-estreia-no-brasil-ate-2022-e-pode-comprar-fabricas-de-ford-ou-mercedes-benz\/","title":{"rendered":"Great Wall indica estreia no Brasil at\u00e9 2022 e pode comprar f\u00e1bricas de Ford ou Mercedes-Benz"},"content":{"rendered":"<p><em>Jornal do Carro <\/em><\/p>\n<p>&nbsp;<\/p>\n<p>A chinesa Great Wall Motors est\u00e1 considerando adquirir a f\u00e1brica da Mercedes-Benz em Iracem\u00e1polis (SP), fechada desde dezembro de 2020. Al\u00e9m disso, outra op\u00e7\u00e3o estudada pela montadora \u00e9 assumir a f\u00e1brica da Ford em Cama\u00e7ari (BA), fechada desde janeiro, ap\u00f3s o encerramento da produ\u00e7\u00e3o de carros no Brasil.<\/p>\n<p>&nbsp;<\/p>\n<p>O Jornal do Carro procurou representantes da Great Wall, que confirma estar fazendo \u201can\u00e1lises de cen\u00e1rio\u201d, seja para a importa\u00e7\u00e3o de ve\u00edculos, seja para a produ\u00e7\u00e3o local.<\/p>\n<p>&nbsp;<\/p>\n<p>\u201cTemos o cen\u00e1rio greenfield, ou seja, come\u00e7ar do zero. E as f\u00e1bricas que encerraram a produ\u00e7\u00e3o no in\u00edcio do ano, que s\u00e3o as possibilidades brownfield em an\u00e1lise\u201d, explica Anderson Suzuki, executivo brasileiro respons\u00e1vel pelos departamentos de Produto e Marketing para a regi\u00e3o da Am\u00e9rica do Sul.<\/p>\n<p>&nbsp;<\/p>\n<p><strong>Estreia esquenta<\/strong><\/p>\n<p>&nbsp;<\/p>\n<p>Anderson Suzuki disse ao Jornal do Carro que os estudos de viabilidade da Great Wall est\u00e3o avan\u00e7ados. E que a montadora pode estrear nos pr\u00f3ximos meses. \u201cA ideia \u00e9 ter uma decis\u00e3o at\u00e9 o final do ano, ou, no mais tardar, no come\u00e7o de 2022\u201d, disse Suzuki. O executivo, no entanto, salienta que tudo depender\u00e1 dos resultados desses estudos em andamento.<\/p>\n<p>&nbsp;<\/p>\n<p><strong>Mercedes est\u00e1 fechada desde dezembro<\/strong><\/p>\n<p>&nbsp;<\/p>\n<p>De acordo com a ag\u00eancia Bloomberg, Great Wall e Mercedes-Benz est\u00e3o \u201cem negocia\u00e7\u00f5es sobre o potencial neg\u00f3cio\u201d, que se fechado seria estimado em centenas de milh\u00f5es de d\u00f3lares.<\/p>\n<p>&nbsp;<\/p>\n<p>Inaugurada em 2016, a unidade de Iracem\u00e1polis teve investimento de mais de R$ 600 milh\u00f5es (US$ 120 milh\u00f5es) para fabrica\u00e7\u00e3o anual de 20 mil carros. De in\u00edcio, a alem\u00e3 produziu o sed\u00e3 Mercedes-Benz Classe C na unidade. Depois, come\u00e7ou a fazer tamb\u00e9m o SUV compacto GLA.<\/p>\n<p>&nbsp;<\/p>\n<p><strong>Ford pode ser \u201cgrande demais\u201d para os chineses<\/strong><\/p>\n<p>&nbsp;<\/p>\n<p>De acordo com a ag\u00eancia Automotive Bussiness, que tamb\u00e9m noticia as negocia\u00e7\u00f5es, a antiga opera\u00e7\u00e3o da Ford na Bahia pode ser grande e cara demais para os planos da Great Wall Motors.<\/p>\n<p>&nbsp;<\/p>\n<p>Enquanto operava, a unidade baiana produzia o compacto Ford Ka e o SUV compacto EcoSport, com capacidade anual de 300 mil unidades. O governo baiano criou um grupo de trabalho e tamb\u00e9m contatou a embaixada da China para atrair poss\u00edveis compradores.<\/p>\n<p>&nbsp;<\/p>\n<p><strong>Great Wall \u00e9 s\u00f3cia de rival da Mercedes<\/strong><\/p>\n<p>&nbsp;<\/p>\n<p>Apesar disso, um obst\u00e1culo para as conversas entre Great Wall e Mercedes-Benz no Brasil est\u00e1 nos bra\u00e7os acion\u00e1rios das empresas. A GWM \u00e9 a maior fabricante privada da China e principal rival da Geely.<\/p>\n<p>&nbsp;<\/p>\n<p>Assim, a controladora da Geely, Zhejiang Geely Holding Group, pertence ao bilion\u00e1rio chin\u00eas Li Shufu, s\u00f3cio da Daimler, que \u00e9 a empresa-m\u00e3e da Mercedes-Benz.<\/p>\n<p>&nbsp;<\/p>\n<p>Al\u00e9m disso, a Great Wall tem uma parceria na China com a BMW, uma das principais concorrentes da Mercedes-Benz.<\/p>\n<p>&nbsp;<\/p>\n<p><strong>Planos da Great Wall no Brasil<\/strong><\/p>\n<p>&nbsp;<\/p>\n<p>Desde abril, a Great Wall conduz fase de estudos oficiais sobre uma poss\u00edvel f\u00e1brica de carros el\u00e9tricos no Brasil, como o Jornal do Carro noticiou. Desde o final de 2020, a marca avalia a opera\u00e7\u00e3o nacional, segundo o jornalista Lauro Jardim, do O Globo, que j\u00e1 ter\u00e1 in\u00edcio em 2022.<\/p>\n<p>&nbsp;<\/p>\n<p>Ou seja, a marca chinesa vai come\u00e7ar importando seus carros para o Pa\u00eds, mas n\u00e3o se sabe que modelos vir\u00e3o, apenas que ser\u00e3o SUVs e picapes.<\/p>\n<p>&nbsp;<\/p>\n<p>A Great Wall tem uma pequena linha de montagem no Equador, que abastece pa\u00edses como Uruguai, Peru, Bol\u00edvia, Paraguai, Argentina e Chile. Ali\u00e1s, o Chile \u00e9 seu maior mercado na Am\u00e9rica Latina e o sexto maior globalmente, com US$ 44 milh\u00f5es (cerca de R$ 220 milh\u00f5es) em 2020.<\/p>\n<p>&nbsp;<\/p>\n<p><strong>SUVs, picapes e carros el\u00e9tricos<\/strong><\/p>\n<p>&nbsp;<\/p>\n<p>Dentro do cat\u00e1logo da Great Wall h\u00e1 op\u00e7\u00f5es de todos os tipos e tamanhos. S\u00f3 a marca Haval, especializada em SUVs, possui 16 utilit\u00e1rios dispon\u00edveis em seu site oficial. J\u00e1 a marca-m\u00e3e Great Wall tem cinco modelos de picapes, algumas delas com tra\u00e7\u00e3o 4\u00d74 e, assim, voltadas ao off-road.<\/p>\n<p>&nbsp;<\/p>\n<p>Outra subsidi\u00e1ria \u00e9 a marca WEY, que conta com seis modelos, mas \u00e9 exclusiva para o mercado chin\u00eas. Por fim, a divis\u00e3o de el\u00e9tricos ORA j\u00e1 oferece quatro modelos puramente el\u00e9tricos de design l\u00fadico, incluindo o Punk Cat, \u201crecria\u00e7\u00e3o\u201d do cl\u00e1ssico Fusca. (Jornal do Carro\/Eug\u00eanio Augusto Brito)<\/p>\n","protected":false},"excerpt":{"rendered":"<p>Jornal do Carro &nbsp; A chinesa Great Wall Motors est\u00e1 considerando adquirir a f\u00e1brica da Mercedes-Benz em Iracem\u00e1polis (SP), fechada desde dezembro de 2020. Al\u00e9m disso, outra op\u00e7\u00e3o estudada pela montadora \u00e9 assumir a f\u00e1brica da Ford em Cama\u00e7ari (BA), fechada desde janeiro, ap\u00f3s o encerramento da produ\u00e7\u00e3o de carros no Brasil. &nbsp; O Jornal\u2026 <a class=\"readmore\" href=\"https:\/\/dana.com.br\/canaldana\/2021\/06\/25\/great-wall-indica-estreia-no-brasil-ate-2022-e-pode-comprar-fabricas-de-ford-ou-mercedes-benz\/\">Leia mais \u00bb<\/a><\/p>\n","protected":false},"author":3,"featured_media":0,"comment_status":"closed","ping_status":"closed","sticky":false,"template":"","format":"standard","meta":{"_acf_changed":false,"footnotes":""},"categories":[79],"tags":[],"class_list":["post-51155","post","type-post","status-publish","format-standard","hentry","category-mercado"],"acf":[],"yoast_head":"<!-- This site is optimized with the Yoast SEO plugin v27.3 - https:\/\/yoast.com\/product\/yoast-seo-wordpress\/ -->\n<title>Great Wall indica estreia no Brasil at\u00e9 2022 e pode comprar f\u00e1bricas de Ford ou Mercedes-Benz - Canal Dana<\/title>\n<meta name=\"robots\" content=\"index, follow, max-snippet:-1, max-image-preview:large, max-video-preview:-1\" \/>\n<link rel=\"canonical\" href=\"https:\/\/dana.com.br\/canaldana\/2021\/06\/25\/great-wall-indica-estreia-no-brasil-ate-2022-e-pode-comprar-fabricas-de-ford-ou-mercedes-benz\/\" \/>\n<meta property=\"og:locale\" content=\"pt_BR\" \/>\n<meta property=\"og:type\" content=\"article\" \/>\n<meta property=\"og:title\" content=\"Great Wall indica estreia no Brasil at\u00e9 2022 e pode comprar f\u00e1bricas de Ford ou Mercedes-Benz - Canal Dana\" \/>\n<meta property=\"og:description\" content=\"Jornal do Carro &nbsp; A chinesa Great Wall Motors est\u00e1 considerando adquirir a f\u00e1brica da Mercedes-Benz em Iracem\u00e1polis (SP), fechada desde dezembro de 2020. Al\u00e9m disso, outra op\u00e7\u00e3o estudada pela montadora \u00e9 assumir a f\u00e1brica da Ford em Cama\u00e7ari (BA), fechada desde janeiro, ap\u00f3s o encerramento da produ\u00e7\u00e3o de carros no Brasil. &nbsp; O Jornal\u2026 Leia mais \u00bb\" \/>\n<meta property=\"og:url\" content=\"https:\/\/dana.com.br\/canaldana\/2021\/06\/25\/great-wall-indica-estreia-no-brasil-ate-2022-e-pode-comprar-fabricas-de-ford-ou-mercedes-benz\/\" \/>\n<meta property=\"og:site_name\" content=\"Canal Dana\" \/>\n<meta property=\"article:published_time\" content=\"2021-06-25T11:07:11+00:00\" \/>\n<meta name=\"author\" content=\"Canal Dana\" \/>\n<meta name=\"twitter:card\" content=\"summary_large_image\" \/>\n<meta name=\"twitter:label1\" content=\"Escrito por\" \/>\n\t<meta name=\"twitter:data1\" content=\"Canal Dana\" \/>\n\t<meta name=\"twitter:label2\" content=\"Est. tempo de leitura\" \/>\n\t<meta name=\"twitter:data2\" content=\"4 minutos\" \/>\n<script type=\"application\/ld+json\" class=\"yoast-schema-graph\">{\"@context\":\"https:\\\/\\\/schema.org\",\"@graph\":[{\"@type\":\"Article\",\"@id\":\"https:\\\/\\\/dana.com.br\\\/canaldana\\\/2021\\\/06\\\/25\\\/great-wall-indica-estreia-no-brasil-ate-2022-e-pode-comprar-fabricas-de-ford-ou-mercedes-benz\\\/#article\",\"isPartOf\":{\"@id\":\"https:\\\/\\\/dana.com.br\\\/canaldana\\\/2021\\\/06\\\/25\\\/great-wall-indica-estreia-no-brasil-ate-2022-e-pode-comprar-fabricas-de-ford-ou-mercedes-benz\\\/\"},\"author\":{\"name\":\"Canal Dana\",\"@id\":\"https:\\\/\\\/dana.com.br\\\/canaldana\\\/#\\\/schema\\\/person\\\/3c21f22f56fcf3bc46b94bc60ea4fef6\"},\"headline\":\"Great Wall indica estreia no Brasil at\u00e9 2022 e pode comprar f\u00e1bricas de Ford ou Mercedes-Benz\",\"datePublished\":\"2021-06-25T11:07:11+00:00\",\"mainEntityOfPage\":{\"@id\":\"https:\\\/\\\/dana.com.br\\\/canaldana\\\/2021\\\/06\\\/25\\\/great-wall-indica-estreia-no-brasil-ate-2022-e-pode-comprar-fabricas-de-ford-ou-mercedes-benz\\\/\"},\"wordCount\":768,\"articleSection\":[\"Mercado\"],\"inLanguage\":\"pt-BR\"},{\"@type\":\"WebPage\",\"@id\":\"https:\\\/\\\/dana.com.br\\\/canaldana\\\/2021\\\/06\\\/25\\\/great-wall-indica-estreia-no-brasil-ate-2022-e-pode-comprar-fabricas-de-ford-ou-mercedes-benz\\\/\",\"url\":\"https:\\\/\\\/dana.com.br\\\/canaldana\\\/2021\\\/06\\\/25\\\/great-wall-indica-estreia-no-brasil-ate-2022-e-pode-comprar-fabricas-de-ford-ou-mercedes-benz\\\/\",\"name\":\"Great Wall indica estreia no Brasil at\u00e9 2022 e pode comprar f\u00e1bricas de Ford ou Mercedes-Benz - Canal Dana\",\"isPartOf\":{\"@id\":\"https:\\\/\\\/dana.com.br\\\/canaldana\\\/#website\"},\"datePublished\":\"2021-06-25T11:07:11+00:00\",\"author\":{\"@id\":\"https:\\\/\\\/dana.com.br\\\/canaldana\\\/#\\\/schema\\\/person\\\/3c21f22f56fcf3bc46b94bc60ea4fef6\"},\"breadcrumb\":{\"@id\":\"https:\\\/\\\/dana.com.br\\\/canaldana\\\/2021\\\/06\\\/25\\\/great-wall-indica-estreia-no-brasil-ate-2022-e-pode-comprar-fabricas-de-ford-ou-mercedes-benz\\\/#breadcrumb\"},\"inLanguage\":\"pt-BR\",\"potentialAction\":[{\"@type\":\"ReadAction\",\"target\":[\"https:\\\/\\\/dana.com.br\\\/canaldana\\\/2021\\\/06\\\/25\\\/great-wall-indica-estreia-no-brasil-ate-2022-e-pode-comprar-fabricas-de-ford-ou-mercedes-benz\\\/\"]}]},{\"@type\":\"BreadcrumbList\",\"@id\":\"https:\\\/\\\/dana.com.br\\\/canaldana\\\/2021\\\/06\\\/25\\\/great-wall-indica-estreia-no-brasil-ate-2022-e-pode-comprar-fabricas-de-ford-ou-mercedes-benz\\\/#breadcrumb\",\"itemListElement\":[{\"@type\":\"ListItem\",\"position\":1,\"name\":\"Home\",\"item\":\"https:\\\/\\\/dana.com.br\\\/canaldana\\\/\"},{\"@type\":\"ListItem\",\"position\":2,\"name\":\"Mercado\",\"item\":\"https:\\\/\\\/dana.com.br\\\/canaldana\\\/mercado\\\/\"},{\"@type\":\"ListItem\",\"position\":3,\"name\":\"Great Wall indica estreia no Brasil at\u00e9 2022 e pode comprar f\u00e1bricas de Ford ou Mercedes-Benz\"}]},{\"@type\":\"WebSite\",\"@id\":\"https:\\\/\\\/dana.com.br\\\/canaldana\\\/#website\",\"url\":\"https:\\\/\\\/dana.com.br\\\/canaldana\\\/\",\"name\":\"Canal Dana\",\"description\":\"Informativo com as principais not\u00edcias da ind\u00fastria automotiva\",\"potentialAction\":[{\"@type\":\"SearchAction\",\"target\":{\"@type\":\"EntryPoint\",\"urlTemplate\":\"https:\\\/\\\/dana.com.br\\\/canaldana\\\/?s={search_term_string}\"},\"query-input\":{\"@type\":\"PropertyValueSpecification\",\"valueRequired\":true,\"valueName\":\"search_term_string\"}}],\"inLanguage\":\"pt-BR\"},{\"@type\":\"Person\",\"@id\":\"https:\\\/\\\/dana.com.br\\\/canaldana\\\/#\\\/schema\\\/person\\\/3c21f22f56fcf3bc46b94bc60ea4fef6\",\"name\":\"Canal Dana\",\"image\":{\"@type\":\"ImageObject\",\"inLanguage\":\"pt-BR\",\"@id\":\"https:\\\/\\\/secure.gravatar.com\\\/avatar\\\/420aaf9278582877d9018637c6817617705899d2858d7572ef0fe59a6b6454b4?s=96&d=mm&r=g\",\"url\":\"https:\\\/\\\/secure.gravatar.com\\\/avatar\\\/420aaf9278582877d9018637c6817617705899d2858d7572ef0fe59a6b6454b4?s=96&d=mm&r=g\",\"contentUrl\":\"https:\\\/\\\/secure.gravatar.com\\\/avatar\\\/420aaf9278582877d9018637c6817617705899d2858d7572ef0fe59a6b6454b4?s=96&d=mm&r=g\",\"caption\":\"Canal Dana\"},\"url\":\"https:\\\/\\\/dana.com.br\\\/canaldana\\\/author\\\/cdeditor\\\/\"}]}<\/script>\n<!-- \/ Yoast SEO plugin. -->","yoast_head_json":{"title":"Great Wall indica estreia no Brasil at\u00e9 2022 e pode comprar f\u00e1bricas de Ford ou Mercedes-Benz - Canal Dana","robots":{"index":"index","follow":"follow","max-snippet":"max-snippet:-1","max-image-preview":"max-image-preview:large","max-video-preview":"max-video-preview:-1"},"canonical":"https:\/\/dana.com.br\/canaldana\/2021\/06\/25\/great-wall-indica-estreia-no-brasil-ate-2022-e-pode-comprar-fabricas-de-ford-ou-mercedes-benz\/","og_locale":"pt_BR","og_type":"article","og_title":"Great Wall indica estreia no Brasil at\u00e9 2022 e pode comprar f\u00e1bricas de Ford ou Mercedes-Benz - Canal Dana","og_description":"Jornal do Carro &nbsp; A chinesa Great Wall Motors est\u00e1 considerando adquirir a f\u00e1brica da Mercedes-Benz em Iracem\u00e1polis (SP), fechada desde dezembro de 2020. Al\u00e9m disso, outra op\u00e7\u00e3o estudada pela montadora \u00e9 assumir a f\u00e1brica da Ford em Cama\u00e7ari (BA), fechada desde janeiro, ap\u00f3s o encerramento da produ\u00e7\u00e3o de carros no Brasil. &nbsp; O Jornal\u2026 Leia mais \u00bb","og_url":"https:\/\/dana.com.br\/canaldana\/2021\/06\/25\/great-wall-indica-estreia-no-brasil-ate-2022-e-pode-comprar-fabricas-de-ford-ou-mercedes-benz\/","og_site_name":"Canal Dana","article_published_time":"2021-06-25T11:07:11+00:00","author":"Canal Dana","twitter_card":"summary_large_image","twitter_misc":{"Escrito por":"Canal Dana","Est. tempo de leitura":"4 minutos"},"schema":{"@context":"https:\/\/schema.org","@graph":[{"@type":"Article","@id":"https:\/\/dana.com.br\/canaldana\/2021\/06\/25\/great-wall-indica-estreia-no-brasil-ate-2022-e-pode-comprar-fabricas-de-ford-ou-mercedes-benz\/#article","isPartOf":{"@id":"https:\/\/dana.com.br\/canaldana\/2021\/06\/25\/great-wall-indica-estreia-no-brasil-ate-2022-e-pode-comprar-fabricas-de-ford-ou-mercedes-benz\/"},"author":{"name":"Canal Dana","@id":"https:\/\/dana.com.br\/canaldana\/#\/schema\/person\/3c21f22f56fcf3bc46b94bc60ea4fef6"},"headline":"Great Wall indica estreia no Brasil at\u00e9 2022 e pode comprar f\u00e1bricas de Ford ou Mercedes-Benz","datePublished":"2021-06-25T11:07:11+00:00","mainEntityOfPage":{"@id":"https:\/\/dana.com.br\/canaldana\/2021\/06\/25\/great-wall-indica-estreia-no-brasil-ate-2022-e-pode-comprar-fabricas-de-ford-ou-mercedes-benz\/"},"wordCount":768,"articleSection":["Mercado"],"inLanguage":"pt-BR"},{"@type":"WebPage","@id":"https:\/\/dana.com.br\/canaldana\/2021\/06\/25\/great-wall-indica-estreia-no-brasil-ate-2022-e-pode-comprar-fabricas-de-ford-ou-mercedes-benz\/","url":"https:\/\/dana.com.br\/canaldana\/2021\/06\/25\/great-wall-indica-estreia-no-brasil-ate-2022-e-pode-comprar-fabricas-de-ford-ou-mercedes-benz\/","name":"Great Wall indica estreia no Brasil at\u00e9 2022 e pode comprar f\u00e1bricas de Ford ou Mercedes-Benz - Canal Dana","isPartOf":{"@id":"https:\/\/dana.com.br\/canaldana\/#website"},"datePublished":"2021-06-25T11:07:11+00:00","author":{"@id":"https:\/\/dana.com.br\/canaldana\/#\/schema\/person\/3c21f22f56fcf3bc46b94bc60ea4fef6"},"breadcrumb":{"@id":"https:\/\/dana.com.br\/canaldana\/2021\/06\/25\/great-wall-indica-estreia-no-brasil-ate-2022-e-pode-comprar-fabricas-de-ford-ou-mercedes-benz\/#breadcrumb"},"inLanguage":"pt-BR","potentialAction":[{"@type":"ReadAction","target":["https:\/\/dana.com.br\/canaldana\/2021\/06\/25\/great-wall-indica-estreia-no-brasil-ate-2022-e-pode-comprar-fabricas-de-ford-ou-mercedes-benz\/"]}]},{"@type":"BreadcrumbList","@id":"https:\/\/dana.com.br\/canaldana\/2021\/06\/25\/great-wall-indica-estreia-no-brasil-ate-2022-e-pode-comprar-fabricas-de-ford-ou-mercedes-benz\/#breadcrumb","itemListElement":[{"@type":"ListItem","position":1,"name":"Home","item":"https:\/\/dana.com.br\/canaldana\/"},{"@type":"ListItem","position":2,"name":"Mercado","item":"https:\/\/dana.com.br\/canaldana\/mercado\/"},{"@type":"ListItem","position":3,"name":"Great Wall indica estreia no Brasil at\u00e9 2022 e pode comprar f\u00e1bricas de Ford ou Mercedes-Benz"}]},{"@type":"WebSite","@id":"https:\/\/dana.com.br\/canaldana\/#website","url":"https:\/\/dana.com.br\/canaldana\/","name":"Canal Dana","description":"Informativo com as principais not\u00edcias da ind\u00fastria automotiva","potentialAction":[{"@type":"SearchAction","target":{"@type":"EntryPoint","urlTemplate":"https:\/\/dana.com.br\/canaldana\/?s={search_term_string}"},"query-input":{"@type":"PropertyValueSpecification","valueRequired":true,"valueName":"search_term_string"}}],"inLanguage":"pt-BR"},{"@type":"Person","@id":"https:\/\/dana.com.br\/canaldana\/#\/schema\/person\/3c21f22f56fcf3bc46b94bc60ea4fef6","name":"Canal Dana","image":{"@type":"ImageObject","inLanguage":"pt-BR","@id":"https:\/\/secure.gravatar.com\/avatar\/420aaf9278582877d9018637c6817617705899d2858d7572ef0fe59a6b6454b4?s=96&d=mm&r=g","url":"https:\/\/secure.gravatar.com\/avatar\/420aaf9278582877d9018637c6817617705899d2858d7572ef0fe59a6b6454b4?s=96&d=mm&r=g","contentUrl":"https:\/\/secure.gravatar.com\/avatar\/420aaf9278582877d9018637c6817617705899d2858d7572ef0fe59a6b6454b4?s=96&d=mm&r=g","caption":"Canal Dana"},"url":"https:\/\/dana.com.br\/canaldana\/author\/cdeditor\/"}]}},"_links":{"self":[{"href":"https:\/\/dana.com.br\/canaldana\/wp-json\/wp\/v2\/posts\/51155","targetHints":{"allow":["GET"]}}],"collection":[{"href":"https:\/\/dana.com.br\/canaldana\/wp-json\/wp\/v2\/posts"}],"about":[{"href":"https:\/\/dana.com.br\/canaldana\/wp-json\/wp\/v2\/types\/post"}],"author":[{"embeddable":true,"href":"https:\/\/dana.com.br\/canaldana\/wp-json\/wp\/v2\/users\/3"}],"replies":[{"embeddable":true,"href":"https:\/\/dana.com.br\/canaldana\/wp-json\/wp\/v2\/comments?post=51155"}],"version-history":[{"count":0,"href":"https:\/\/dana.com.br\/canaldana\/wp-json\/wp\/v2\/posts\/51155\/revisions"}],"wp:attachment":[{"href":"https:\/\/dana.com.br\/canaldana\/wp-json\/wp\/v2\/media?parent=51155"}],"wp:term":[{"taxonomy":"category","embeddable":true,"href":"https:\/\/dana.com.br\/canaldana\/wp-json\/wp\/v2\/categories?post=51155"},{"taxonomy":"post_tag","embeddable":true,"href":"https:\/\/dana.com.br\/canaldana\/wp-json\/wp\/v2\/tags?post=51155"}],"curies":[{"name":"wp","href":"https:\/\/api.w.org\/{rel}","templated":true}]}}