{"id":51153,"date":"2021-06-25T08:06:37","date_gmt":"2021-06-25T11:06:37","guid":{"rendered":"https:\/\/dana.com.br\/canaldana\/?p=51153"},"modified":"2021-06-25T08:06:37","modified_gmt":"2021-06-25T11:06:37","slug":"carro-pcd-camara-mantem-teto-de-r-140-mil-para-isencao-de-ipi","status":"publish","type":"post","link":"https:\/\/dana.com.br\/canaldana\/2021\/06\/25\/carro-pcd-camara-mantem-teto-de-r-140-mil-para-isencao-de-ipi\/","title":{"rendered":"Carro PCD: C\u00e2mara mant\u00e9m teto de R$ 140 mil para isen\u00e7\u00e3o de IPI"},"content":{"rendered":"<p><em>Motor 1 <\/em><\/p>\n<p>&nbsp;<\/p>\n<p>Aprovado pelo Senado Federal na \u00faltima ter\u00e7a-feira (22), a Medida Provis\u00f3ria 1034\/21 que modifica as leis de aquisi\u00e7\u00e3o de autom\u00f3veis para pessoas com defici\u00eancias (PCD) volta a ser alterado.<\/p>\n<p>&nbsp;<\/p>\n<p>Ap\u00f3s ter sido revisada pela C\u00e2mara dos Deputados, as altera\u00e7\u00f5es da MP acabaram sendo rejeitadas, como a remo\u00e7\u00e3o do teto de valor para a isen\u00e7\u00e3o do IPI (Imposto sobre Produtos Industrializados) e o intervalo de uso do abatimento tribut\u00e1rio, que faz com que a possibilidade de troca do autom\u00f3vel volte a ser de dois anos.<\/p>\n<p>&nbsp;<\/p>\n<p>O texto feito pela C\u00e2mara e aprovado no in\u00edcio de junho limitava em R$ 140 mil o valor m\u00e1ximo para compra de ve\u00edculo com isen\u00e7\u00e3o de IPI. O limite foi retomado ap\u00f3s a decis\u00e3o dos parlamentares durante nova reuni\u00e3o feita na noite da \u00faltima quarta-feira (23) para a avalia\u00e7\u00e3o das altera\u00e7\u00f5es.<\/p>\n<p>&nbsp;<\/p>\n<p>O novo texto da MP 1034\/21 agora estabelece o prazo de tr\u00eas anos para a renova\u00e7\u00e3o da isen\u00e7\u00e3o do IPI. At\u00e9 a Lei 8.989\/95, o p\u00fablico PcD poderia solicitar a renova\u00e7\u00e3o a cada dois anos.<\/p>\n<p>&nbsp;<\/p>\n<p>Al\u00e9m disso, a isen\u00e7\u00e3o podia ser utilizada somente uma vez, exceto se o ve\u00edculo tiver sido comprado h\u00e1 mais de 4 anos, ou seja, quem comprava um carro PcD poderia trocar ele por outro modelo zero quil\u00f4metro somente ap\u00f3s 4 anos.<\/p>\n<p>&nbsp;<\/p>\n<p>As san\u00e7\u00f5es agora seguem para decis\u00e3o do presidente Jair Bolsonaro, que tem o prazo de 15 dias \u00fateis para vetar ou aprovar as novas regras. Caso n\u00e3o seja feita nenhuma decis\u00e3o, ser\u00e1 considerada caducada, ou seja, sem mais efeitos. Caso aprovado, o novo teto ser\u00e1 v\u00e1lido somente at\u00e9 o dia 31 de dezembro deste ano.<\/p>\n<p>&nbsp;<\/p>\n<p>Segundo foi publicado pela Ag\u00eancia Senado, a senadora Mara Gabrilli (PSDB-SP) argumentou contra essas restri\u00e7\u00f5es e acusando a aus\u00eancia de pol\u00edticas urbanas adequadas de acessibilidade e mobilidade no Brasil.<\/p>\n<p>&nbsp;<\/p>\n<p>\u201cEssas pessoas enfrentam um verdadeiro rali para circular nas cidades, sem seguran\u00e7a, sem guias rebaixadas, sem transporte. Nenhuma capital brasileira apresenta condi\u00e7\u00f5es de cal\u00e7adas adequadas para pedestres e cadeirantes nas ruas e nas faixas de travessia. Essa isen\u00e7\u00e3o foi proposta justamente para que essas pessoas possam chegar com dignidade \u00e0 escola, ao trabalho, \u00e0s consultas de reabilita\u00e7\u00e3o\u201d, disse a parlamentar durante a vota\u00e7\u00e3o.<\/p>\n<p>&nbsp;<\/p>\n<p>Por fim, a \u00fanica modifica\u00e7\u00e3o que n\u00e3o foi rejeitada ao p\u00fablico PCD pela C\u00e2mara foi a de inclus\u00e3o de deficientes auditivos na lista dos qualific\u00e1veis a se beneficiar da isen\u00e7\u00e3o do imposto. (Motor 1\/Helena Arida)<\/p>\n","protected":false},"excerpt":{"rendered":"<p>Motor 1 &nbsp; Aprovado pelo Senado Federal na \u00faltima ter\u00e7a-feira (22), a Medida Provis\u00f3ria 1034\/21 que modifica as leis de aquisi\u00e7\u00e3o de autom\u00f3veis para pessoas com defici\u00eancias (PCD) volta a ser alterado. &nbsp; Ap\u00f3s ter sido revisada pela C\u00e2mara dos Deputados, as altera\u00e7\u00f5es da MP acabaram sendo rejeitadas, como a remo\u00e7\u00e3o do teto de valor\u2026 <a class=\"readmore\" href=\"https:\/\/dana.com.br\/canaldana\/2021\/06\/25\/carro-pcd-camara-mantem-teto-de-r-140-mil-para-isencao-de-ipi\/\">Leia mais \u00bb<\/a><\/p>\n","protected":false},"author":3,"featured_media":0,"comment_status":"closed","ping_status":"closed","sticky":false,"template":"","format":"standard","meta":{"_acf_changed":false,"footnotes":""},"categories":[79],"tags":[],"class_list":["post-51153","post","type-post","status-publish","format-standard","hentry","category-mercado"],"acf":[],"yoast_head":"<!-- This site is optimized with the Yoast SEO plugin v27.3 - https:\/\/yoast.com\/product\/yoast-seo-wordpress\/ -->\n<title>Carro PCD: C\u00e2mara mant\u00e9m teto de R$ 140 mil para isen\u00e7\u00e3o de IPI - Canal Dana<\/title>\n<meta name=\"robots\" content=\"index, follow, max-snippet:-1, max-image-preview:large, max-video-preview:-1\" \/>\n<link rel=\"canonical\" href=\"https:\/\/dana.com.br\/canaldana\/2021\/06\/25\/carro-pcd-camara-mantem-teto-de-r-140-mil-para-isencao-de-ipi\/\" \/>\n<meta property=\"og:locale\" content=\"pt_BR\" \/>\n<meta property=\"og:type\" content=\"article\" \/>\n<meta property=\"og:title\" content=\"Carro PCD: C\u00e2mara mant\u00e9m teto de R$ 140 mil para isen\u00e7\u00e3o de IPI - Canal Dana\" \/>\n<meta property=\"og:description\" content=\"Motor 1 &nbsp; Aprovado pelo Senado Federal na \u00faltima ter\u00e7a-feira (22), a Medida Provis\u00f3ria 1034\/21 que modifica as leis de aquisi\u00e7\u00e3o de autom\u00f3veis para pessoas com defici\u00eancias (PCD) volta a ser alterado. &nbsp; Ap\u00f3s ter sido revisada pela C\u00e2mara dos Deputados, as altera\u00e7\u00f5es da MP acabaram sendo rejeitadas, como a remo\u00e7\u00e3o do teto de valor\u2026 Leia mais \u00bb\" \/>\n<meta property=\"og:url\" content=\"https:\/\/dana.com.br\/canaldana\/2021\/06\/25\/carro-pcd-camara-mantem-teto-de-r-140-mil-para-isencao-de-ipi\/\" \/>\n<meta property=\"og:site_name\" content=\"Canal Dana\" \/>\n<meta property=\"article:published_time\" content=\"2021-06-25T11:06:37+00:00\" \/>\n<meta name=\"author\" content=\"Canal Dana\" \/>\n<meta name=\"twitter:card\" content=\"summary_large_image\" \/>\n<meta name=\"twitter:label1\" content=\"Escrito por\" \/>\n\t<meta name=\"twitter:data1\" content=\"Canal Dana\" \/>\n\t<meta name=\"twitter:label2\" content=\"Est. tempo de leitura\" \/>\n\t<meta name=\"twitter:data2\" content=\"2 minutos\" \/>\n<script type=\"application\/ld+json\" class=\"yoast-schema-graph\">{\"@context\":\"https:\\\/\\\/schema.org\",\"@graph\":[{\"@type\":\"Article\",\"@id\":\"https:\\\/\\\/dana.com.br\\\/canaldana\\\/2021\\\/06\\\/25\\\/carro-pcd-camara-mantem-teto-de-r-140-mil-para-isencao-de-ipi\\\/#article\",\"isPartOf\":{\"@id\":\"https:\\\/\\\/dana.com.br\\\/canaldana\\\/2021\\\/06\\\/25\\\/carro-pcd-camara-mantem-teto-de-r-140-mil-para-isencao-de-ipi\\\/\"},\"author\":{\"name\":\"Canal Dana\",\"@id\":\"https:\\\/\\\/dana.com.br\\\/canaldana\\\/#\\\/schema\\\/person\\\/3c21f22f56fcf3bc46b94bc60ea4fef6\"},\"headline\":\"Carro PCD: C\u00e2mara mant\u00e9m teto de R$ 140 mil para isen\u00e7\u00e3o de IPI\",\"datePublished\":\"2021-06-25T11:06:37+00:00\",\"mainEntityOfPage\":{\"@id\":\"https:\\\/\\\/dana.com.br\\\/canaldana\\\/2021\\\/06\\\/25\\\/carro-pcd-camara-mantem-teto-de-r-140-mil-para-isencao-de-ipi\\\/\"},\"wordCount\":461,\"articleSection\":[\"Mercado\"],\"inLanguage\":\"pt-BR\"},{\"@type\":\"WebPage\",\"@id\":\"https:\\\/\\\/dana.com.br\\\/canaldana\\\/2021\\\/06\\\/25\\\/carro-pcd-camara-mantem-teto-de-r-140-mil-para-isencao-de-ipi\\\/\",\"url\":\"https:\\\/\\\/dana.com.br\\\/canaldana\\\/2021\\\/06\\\/25\\\/carro-pcd-camara-mantem-teto-de-r-140-mil-para-isencao-de-ipi\\\/\",\"name\":\"Carro PCD: C\u00e2mara mant\u00e9m teto de R$ 140 mil para isen\u00e7\u00e3o de IPI - Canal Dana\",\"isPartOf\":{\"@id\":\"https:\\\/\\\/dana.com.br\\\/canaldana\\\/#website\"},\"datePublished\":\"2021-06-25T11:06:37+00:00\",\"author\":{\"@id\":\"https:\\\/\\\/dana.com.br\\\/canaldana\\\/#\\\/schema\\\/person\\\/3c21f22f56fcf3bc46b94bc60ea4fef6\"},\"breadcrumb\":{\"@id\":\"https:\\\/\\\/dana.com.br\\\/canaldana\\\/2021\\\/06\\\/25\\\/carro-pcd-camara-mantem-teto-de-r-140-mil-para-isencao-de-ipi\\\/#breadcrumb\"},\"inLanguage\":\"pt-BR\",\"potentialAction\":[{\"@type\":\"ReadAction\",\"target\":[\"https:\\\/\\\/dana.com.br\\\/canaldana\\\/2021\\\/06\\\/25\\\/carro-pcd-camara-mantem-teto-de-r-140-mil-para-isencao-de-ipi\\\/\"]}]},{\"@type\":\"BreadcrumbList\",\"@id\":\"https:\\\/\\\/dana.com.br\\\/canaldana\\\/2021\\\/06\\\/25\\\/carro-pcd-camara-mantem-teto-de-r-140-mil-para-isencao-de-ipi\\\/#breadcrumb\",\"itemListElement\":[{\"@type\":\"ListItem\",\"position\":1,\"name\":\"Home\",\"item\":\"https:\\\/\\\/dana.com.br\\\/canaldana\\\/\"},{\"@type\":\"ListItem\",\"position\":2,\"name\":\"Mercado\",\"item\":\"https:\\\/\\\/dana.com.br\\\/canaldana\\\/mercado\\\/\"},{\"@type\":\"ListItem\",\"position\":3,\"name\":\"Carro PCD: C\u00e2mara mant\u00e9m teto de R$ 140 mil para isen\u00e7\u00e3o de IPI\"}]},{\"@type\":\"WebSite\",\"@id\":\"https:\\\/\\\/dana.com.br\\\/canaldana\\\/#website\",\"url\":\"https:\\\/\\\/dana.com.br\\\/canaldana\\\/\",\"name\":\"Canal Dana\",\"description\":\"Informativo com as principais not\u00edcias da ind\u00fastria automotiva\",\"potentialAction\":[{\"@type\":\"SearchAction\",\"target\":{\"@type\":\"EntryPoint\",\"urlTemplate\":\"https:\\\/\\\/dana.com.br\\\/canaldana\\\/?s={search_term_string}\"},\"query-input\":{\"@type\":\"PropertyValueSpecification\",\"valueRequired\":true,\"valueName\":\"search_term_string\"}}],\"inLanguage\":\"pt-BR\"},{\"@type\":\"Person\",\"@id\":\"https:\\\/\\\/dana.com.br\\\/canaldana\\\/#\\\/schema\\\/person\\\/3c21f22f56fcf3bc46b94bc60ea4fef6\",\"name\":\"Canal Dana\",\"image\":{\"@type\":\"ImageObject\",\"inLanguage\":\"pt-BR\",\"@id\":\"https:\\\/\\\/secure.gravatar.com\\\/avatar\\\/420aaf9278582877d9018637c6817617705899d2858d7572ef0fe59a6b6454b4?s=96&d=mm&r=g\",\"url\":\"https:\\\/\\\/secure.gravatar.com\\\/avatar\\\/420aaf9278582877d9018637c6817617705899d2858d7572ef0fe59a6b6454b4?s=96&d=mm&r=g\",\"contentUrl\":\"https:\\\/\\\/secure.gravatar.com\\\/avatar\\\/420aaf9278582877d9018637c6817617705899d2858d7572ef0fe59a6b6454b4?s=96&d=mm&r=g\",\"caption\":\"Canal Dana\"},\"url\":\"https:\\\/\\\/dana.com.br\\\/canaldana\\\/author\\\/cdeditor\\\/\"}]}<\/script>\n<!-- \/ Yoast SEO plugin. -->","yoast_head_json":{"title":"Carro PCD: C\u00e2mara mant\u00e9m teto de R$ 140 mil para isen\u00e7\u00e3o de IPI - Canal Dana","robots":{"index":"index","follow":"follow","max-snippet":"max-snippet:-1","max-image-preview":"max-image-preview:large","max-video-preview":"max-video-preview:-1"},"canonical":"https:\/\/dana.com.br\/canaldana\/2021\/06\/25\/carro-pcd-camara-mantem-teto-de-r-140-mil-para-isencao-de-ipi\/","og_locale":"pt_BR","og_type":"article","og_title":"Carro PCD: C\u00e2mara mant\u00e9m teto de R$ 140 mil para isen\u00e7\u00e3o de IPI - Canal Dana","og_description":"Motor 1 &nbsp; Aprovado pelo Senado Federal na \u00faltima ter\u00e7a-feira (22), a Medida Provis\u00f3ria 1034\/21 que modifica as leis de aquisi\u00e7\u00e3o de autom\u00f3veis para pessoas com defici\u00eancias (PCD) volta a ser alterado. &nbsp; Ap\u00f3s ter sido revisada pela C\u00e2mara dos Deputados, as altera\u00e7\u00f5es da MP acabaram sendo rejeitadas, como a remo\u00e7\u00e3o do teto de valor\u2026 Leia mais \u00bb","og_url":"https:\/\/dana.com.br\/canaldana\/2021\/06\/25\/carro-pcd-camara-mantem-teto-de-r-140-mil-para-isencao-de-ipi\/","og_site_name":"Canal Dana","article_published_time":"2021-06-25T11:06:37+00:00","author":"Canal Dana","twitter_card":"summary_large_image","twitter_misc":{"Escrito por":"Canal Dana","Est. tempo de leitura":"2 minutos"},"schema":{"@context":"https:\/\/schema.org","@graph":[{"@type":"Article","@id":"https:\/\/dana.com.br\/canaldana\/2021\/06\/25\/carro-pcd-camara-mantem-teto-de-r-140-mil-para-isencao-de-ipi\/#article","isPartOf":{"@id":"https:\/\/dana.com.br\/canaldana\/2021\/06\/25\/carro-pcd-camara-mantem-teto-de-r-140-mil-para-isencao-de-ipi\/"},"author":{"name":"Canal Dana","@id":"https:\/\/dana.com.br\/canaldana\/#\/schema\/person\/3c21f22f56fcf3bc46b94bc60ea4fef6"},"headline":"Carro PCD: C\u00e2mara mant\u00e9m teto de R$ 140 mil para isen\u00e7\u00e3o de IPI","datePublished":"2021-06-25T11:06:37+00:00","mainEntityOfPage":{"@id":"https:\/\/dana.com.br\/canaldana\/2021\/06\/25\/carro-pcd-camara-mantem-teto-de-r-140-mil-para-isencao-de-ipi\/"},"wordCount":461,"articleSection":["Mercado"],"inLanguage":"pt-BR"},{"@type":"WebPage","@id":"https:\/\/dana.com.br\/canaldana\/2021\/06\/25\/carro-pcd-camara-mantem-teto-de-r-140-mil-para-isencao-de-ipi\/","url":"https:\/\/dana.com.br\/canaldana\/2021\/06\/25\/carro-pcd-camara-mantem-teto-de-r-140-mil-para-isencao-de-ipi\/","name":"Carro PCD: C\u00e2mara mant\u00e9m teto de R$ 140 mil para isen\u00e7\u00e3o de IPI - Canal Dana","isPartOf":{"@id":"https:\/\/dana.com.br\/canaldana\/#website"},"datePublished":"2021-06-25T11:06:37+00:00","author":{"@id":"https:\/\/dana.com.br\/canaldana\/#\/schema\/person\/3c21f22f56fcf3bc46b94bc60ea4fef6"},"breadcrumb":{"@id":"https:\/\/dana.com.br\/canaldana\/2021\/06\/25\/carro-pcd-camara-mantem-teto-de-r-140-mil-para-isencao-de-ipi\/#breadcrumb"},"inLanguage":"pt-BR","potentialAction":[{"@type":"ReadAction","target":["https:\/\/dana.com.br\/canaldana\/2021\/06\/25\/carro-pcd-camara-mantem-teto-de-r-140-mil-para-isencao-de-ipi\/"]}]},{"@type":"BreadcrumbList","@id":"https:\/\/dana.com.br\/canaldana\/2021\/06\/25\/carro-pcd-camara-mantem-teto-de-r-140-mil-para-isencao-de-ipi\/#breadcrumb","itemListElement":[{"@type":"ListItem","position":1,"name":"Home","item":"https:\/\/dana.com.br\/canaldana\/"},{"@type":"ListItem","position":2,"name":"Mercado","item":"https:\/\/dana.com.br\/canaldana\/mercado\/"},{"@type":"ListItem","position":3,"name":"Carro PCD: C\u00e2mara mant\u00e9m teto de R$ 140 mil para isen\u00e7\u00e3o de IPI"}]},{"@type":"WebSite","@id":"https:\/\/dana.com.br\/canaldana\/#website","url":"https:\/\/dana.com.br\/canaldana\/","name":"Canal Dana","description":"Informativo com as principais not\u00edcias da ind\u00fastria automotiva","potentialAction":[{"@type":"SearchAction","target":{"@type":"EntryPoint","urlTemplate":"https:\/\/dana.com.br\/canaldana\/?s={search_term_string}"},"query-input":{"@type":"PropertyValueSpecification","valueRequired":true,"valueName":"search_term_string"}}],"inLanguage":"pt-BR"},{"@type":"Person","@id":"https:\/\/dana.com.br\/canaldana\/#\/schema\/person\/3c21f22f56fcf3bc46b94bc60ea4fef6","name":"Canal Dana","image":{"@type":"ImageObject","inLanguage":"pt-BR","@id":"https:\/\/secure.gravatar.com\/avatar\/420aaf9278582877d9018637c6817617705899d2858d7572ef0fe59a6b6454b4?s=96&d=mm&r=g","url":"https:\/\/secure.gravatar.com\/avatar\/420aaf9278582877d9018637c6817617705899d2858d7572ef0fe59a6b6454b4?s=96&d=mm&r=g","contentUrl":"https:\/\/secure.gravatar.com\/avatar\/420aaf9278582877d9018637c6817617705899d2858d7572ef0fe59a6b6454b4?s=96&d=mm&r=g","caption":"Canal Dana"},"url":"https:\/\/dana.com.br\/canaldana\/author\/cdeditor\/"}]}},"_links":{"self":[{"href":"https:\/\/dana.com.br\/canaldana\/wp-json\/wp\/v2\/posts\/51153","targetHints":{"allow":["GET"]}}],"collection":[{"href":"https:\/\/dana.com.br\/canaldana\/wp-json\/wp\/v2\/posts"}],"about":[{"href":"https:\/\/dana.com.br\/canaldana\/wp-json\/wp\/v2\/types\/post"}],"author":[{"embeddable":true,"href":"https:\/\/dana.com.br\/canaldana\/wp-json\/wp\/v2\/users\/3"}],"replies":[{"embeddable":true,"href":"https:\/\/dana.com.br\/canaldana\/wp-json\/wp\/v2\/comments?post=51153"}],"version-history":[{"count":0,"href":"https:\/\/dana.com.br\/canaldana\/wp-json\/wp\/v2\/posts\/51153\/revisions"}],"wp:attachment":[{"href":"https:\/\/dana.com.br\/canaldana\/wp-json\/wp\/v2\/media?parent=51153"}],"wp:term":[{"taxonomy":"category","embeddable":true,"href":"https:\/\/dana.com.br\/canaldana\/wp-json\/wp\/v2\/categories?post=51153"},{"taxonomy":"post_tag","embeddable":true,"href":"https:\/\/dana.com.br\/canaldana\/wp-json\/wp\/v2\/tags?post=51153"}],"curies":[{"name":"wp","href":"https:\/\/api.w.org\/{rel}","templated":true}]}}