{"id":50838,"date":"2021-06-11T08:33:11","date_gmt":"2021-06-11T11:33:11","guid":{"rendered":"https:\/\/dana.com.br\/canaldana\/?p=50838"},"modified":"2021-06-11T08:33:11","modified_gmt":"2021-06-11T11:33:11","slug":"mercado-de-usados-cresce-185-em-maio","status":"publish","type":"post","link":"https:\/\/dana.com.br\/canaldana\/2021\/06\/11\/mercado-de-usados-cresce-185-em-maio\/","title":{"rendered":"Mercado de usados cresce 18,5% em maio"},"content":{"rendered":"<p><em>AutoInd\u00fastria<\/em><\/p>\n<p>&nbsp;<\/p>\n<p>Aquecido, o mercado de usados em maio, considerando autom\u00f3veis, comerciais leves, motocicletas, caminh\u00f5es, \u00f4nibus e implementos rodovi\u00e1rios, registrou 1,3 milh\u00e3o de unidades negociadas, volume 18,5% superior ao obtido em abril, com 1,1 milh\u00e3o de transa\u00e7\u00f5es. Em rela\u00e7\u00e3o a maio do ano passado, quando 440,1 mil ve\u00edculos mudaram de propriet\u00e1rio, o avan\u00e7o bate nos 201%.<\/p>\n<p>&nbsp;<\/p>\n<p>No acumulado de janeiro a maio, as vendas de usados superaram as 6 milh\u00f5es de unidades, alta de 60,4% na compara\u00e7\u00e3o com volume apurado no mesmo per\u00edodo do ano passado, de 3,7 milh\u00f5es.<\/p>\n<p>&nbsp;<\/p>\n<p>Segundo an\u00e1lise da Fenabrave, dois fatores respondem pelos resultados expressivos de crescimento. Primeiro h\u00e1 de se considerar que a grande diferen\u00e7a em rela\u00e7\u00e3o ao ano passado coincide a fase aguda da pandemia, que praticamente fechou o com\u00e9rcio no Pa\u00eds. Depois, as montadoras enfrentam dificuldades com o recebimento de suprimentos nas linhas de produ\u00e7\u00e3o.<\/p>\n<p>&nbsp;<\/p>\n<p>\u201cAs vendas de ve\u00edculos novos est\u00e3o limitadas \u00e0 capacidade de produ\u00e7\u00e3o das montadoras, que ainda enfrentam problemas, o mercado de usados continua aquecido, tanto nas transa\u00e7\u00f5es em que esses ve\u00edculos s\u00e3o oferecidos na troca por um 0 km, quanto nas negocia\u00e7\u00f5es entre usados\u201d, resume Alarico Assump\u00e7\u00e3o J\u00fanior, presidente da Fenabrave.<\/p>\n<p>&nbsp;<\/p>\n<p>Somente nos segmentos de autom\u00f3veis e comerciais leves, os dados consolidados pela federa\u00e7\u00e3o de distribuidores apresenta avan\u00e7o de 18,9% em maio sobre abril, de 821,1 mil para 976,1 mil ve\u00edculos negociados. Em rela\u00e7\u00e3o ao mesmo m\u00eas do ano passado, quando registrou 318,1 mil transa\u00e7\u00f5es, a alta chega perto de 207%. Do total de autom\u00f3veis e comerciais leves comercializado em maio, 10,3% representaram modelos com at\u00e9 3 anos de fabrica\u00e7\u00e3o.<\/p>\n<p>&nbsp;<\/p>\n<p>No acumulado dos cinco primeiros meses, mais de 4,4 milh\u00f5es de autom\u00f3veis e comerciais leves trocaram de m\u00e3o, o que representou um crescimento significativo de 59,2% sobre o mesmo per\u00edodo de 2020, quando as vendas somaram 2,8 milh\u00f5es de unidades.<\/p>\n<p>&nbsp;<\/p>\n<p>Tamb\u00e9m a demanda por ve\u00edculos pesados de segunda-m\u00e3o se mostra em alta. No m\u00eas passado, mais de 40,6 mil caminh\u00f5es e \u00f4nibus foram negociados, volume 17,45% maior do que o verificado em abril, de 34,5 mil unidades. No confronto com maio do ano passado, quando anotou 16 mil neg\u00f3cios, a expans\u00e3o foi de 153,4%. As vendas do ano at\u00e9 maio, acumularam 176,3 mil unidades, o representou crescimento de 64,8%.<\/p>\n<p>&nbsp;<\/p>\n<p>No segmento de pesados, se destacaram os neg\u00f3cios com caminh\u00f5es. De janeiro a maio, mudaram de dono mais de 160,8 mil unidades, quase 70% em rela\u00e7\u00e3o \u00e0s transa\u00e7\u00f5es registradas um ano antes, de 94,8 mil caminh\u00f5es negociados.<\/p>\n<p>&nbsp;<\/p>\n<p>No caso do mercado de motocicletas usadas, no m\u00eas passado mais de 290,4 mil unidades ganharam novos propriet\u00e1rios, aumento de 18,8% em rela\u00e7\u00e3o a abril, per\u00edodo que registrou 248,1 mil motos vendidas. Na compara\u00e7\u00e3o com o desempenho de maio de 2020, a alta alcan\u00e7ou 195%. No ano, as 1,3 milh\u00e3o de unidades negociadas representaram expans\u00e3o de 63,4%. (AutoInd\u00fastria)<\/p>\n","protected":false},"excerpt":{"rendered":"<p>AutoInd\u00fastria &nbsp; Aquecido, o mercado de usados em maio, considerando autom\u00f3veis, comerciais leves, motocicletas, caminh\u00f5es, \u00f4nibus e implementos rodovi\u00e1rios, registrou 1,3 milh\u00e3o de unidades negociadas, volume 18,5% superior ao obtido em abril, com 1,1 milh\u00e3o de transa\u00e7\u00f5es. Em rela\u00e7\u00e3o a maio do ano passado, quando 440,1 mil ve\u00edculos mudaram de propriet\u00e1rio, o avan\u00e7o bate nos\u2026 <a class=\"readmore\" href=\"https:\/\/dana.com.br\/canaldana\/2021\/06\/11\/mercado-de-usados-cresce-185-em-maio\/\">Leia mais \u00bb<\/a><\/p>\n","protected":false},"author":3,"featured_media":0,"comment_status":"closed","ping_status":"closed","sticky":false,"template":"","format":"standard","meta":{"_acf_changed":false,"footnotes":""},"categories":[61],"tags":[],"class_list":["post-50838","post","type-post","status-publish","format-standard","hentry","category-destaques"],"acf":[],"yoast_head":"<!-- This site is optimized with the Yoast SEO plugin v27.3 - https:\/\/yoast.com\/product\/yoast-seo-wordpress\/ -->\n<title>Mercado de usados cresce 18,5% em maio - Canal Dana<\/title>\n<meta name=\"robots\" content=\"index, follow, max-snippet:-1, max-image-preview:large, max-video-preview:-1\" \/>\n<link rel=\"canonical\" href=\"https:\/\/dana.com.br\/canaldana\/2021\/06\/11\/mercado-de-usados-cresce-185-em-maio\/\" \/>\n<meta property=\"og:locale\" content=\"pt_BR\" \/>\n<meta property=\"og:type\" content=\"article\" \/>\n<meta property=\"og:title\" content=\"Mercado de usados cresce 18,5% em maio - Canal Dana\" \/>\n<meta property=\"og:description\" content=\"AutoInd\u00fastria &nbsp; Aquecido, o mercado de usados em maio, considerando autom\u00f3veis, comerciais leves, motocicletas, caminh\u00f5es, \u00f4nibus e implementos rodovi\u00e1rios, registrou 1,3 milh\u00e3o de unidades negociadas, volume 18,5% superior ao obtido em abril, com 1,1 milh\u00e3o de transa\u00e7\u00f5es. Em rela\u00e7\u00e3o a maio do ano passado, quando 440,1 mil ve\u00edculos mudaram de propriet\u00e1rio, o avan\u00e7o bate nos\u2026 Leia mais \u00bb\" \/>\n<meta property=\"og:url\" content=\"https:\/\/dana.com.br\/canaldana\/2021\/06\/11\/mercado-de-usados-cresce-185-em-maio\/\" \/>\n<meta property=\"og:site_name\" content=\"Canal Dana\" \/>\n<meta property=\"article:published_time\" content=\"2021-06-11T11:33:11+00:00\" \/>\n<meta name=\"author\" content=\"Canal Dana\" \/>\n<meta name=\"twitter:card\" content=\"summary_large_image\" \/>\n<meta name=\"twitter:label1\" content=\"Escrito por\" \/>\n\t<meta name=\"twitter:data1\" content=\"Canal Dana\" \/>\n\t<meta name=\"twitter:label2\" content=\"Est. tempo de leitura\" \/>\n\t<meta name=\"twitter:data2\" content=\"3 minutos\" \/>\n<script type=\"application\/ld+json\" class=\"yoast-schema-graph\">{\"@context\":\"https:\\\/\\\/schema.org\",\"@graph\":[{\"@type\":\"Article\",\"@id\":\"https:\\\/\\\/dana.com.br\\\/canaldana\\\/2021\\\/06\\\/11\\\/mercado-de-usados-cresce-185-em-maio\\\/#article\",\"isPartOf\":{\"@id\":\"https:\\\/\\\/dana.com.br\\\/canaldana\\\/2021\\\/06\\\/11\\\/mercado-de-usados-cresce-185-em-maio\\\/\"},\"author\":{\"name\":\"Canal Dana\",\"@id\":\"https:\\\/\\\/dana.com.br\\\/canaldana\\\/#\\\/schema\\\/person\\\/3c21f22f56fcf3bc46b94bc60ea4fef6\"},\"headline\":\"Mercado de usados cresce 18,5% em maio\",\"datePublished\":\"2021-06-11T11:33:11+00:00\",\"mainEntityOfPage\":{\"@id\":\"https:\\\/\\\/dana.com.br\\\/canaldana\\\/2021\\\/06\\\/11\\\/mercado-de-usados-cresce-185-em-maio\\\/\"},\"wordCount\":506,\"articleSection\":[\"Destaques\"],\"inLanguage\":\"pt-BR\"},{\"@type\":\"WebPage\",\"@id\":\"https:\\\/\\\/dana.com.br\\\/canaldana\\\/2021\\\/06\\\/11\\\/mercado-de-usados-cresce-185-em-maio\\\/\",\"url\":\"https:\\\/\\\/dana.com.br\\\/canaldana\\\/2021\\\/06\\\/11\\\/mercado-de-usados-cresce-185-em-maio\\\/\",\"name\":\"Mercado de usados cresce 18,5% em maio - Canal Dana\",\"isPartOf\":{\"@id\":\"https:\\\/\\\/dana.com.br\\\/canaldana\\\/#website\"},\"datePublished\":\"2021-06-11T11:33:11+00:00\",\"author\":{\"@id\":\"https:\\\/\\\/dana.com.br\\\/canaldana\\\/#\\\/schema\\\/person\\\/3c21f22f56fcf3bc46b94bc60ea4fef6\"},\"breadcrumb\":{\"@id\":\"https:\\\/\\\/dana.com.br\\\/canaldana\\\/2021\\\/06\\\/11\\\/mercado-de-usados-cresce-185-em-maio\\\/#breadcrumb\"},\"inLanguage\":\"pt-BR\",\"potentialAction\":[{\"@type\":\"ReadAction\",\"target\":[\"https:\\\/\\\/dana.com.br\\\/canaldana\\\/2021\\\/06\\\/11\\\/mercado-de-usados-cresce-185-em-maio\\\/\"]}]},{\"@type\":\"BreadcrumbList\",\"@id\":\"https:\\\/\\\/dana.com.br\\\/canaldana\\\/2021\\\/06\\\/11\\\/mercado-de-usados-cresce-185-em-maio\\\/#breadcrumb\",\"itemListElement\":[{\"@type\":\"ListItem\",\"position\":1,\"name\":\"Home\",\"item\":\"https:\\\/\\\/dana.com.br\\\/canaldana\\\/\"},{\"@type\":\"ListItem\",\"position\":2,\"name\":\"Destaques\",\"item\":\"https:\\\/\\\/dana.com.br\\\/canaldana\\\/destaques\\\/\"},{\"@type\":\"ListItem\",\"position\":3,\"name\":\"Mercado de usados cresce 18,5% em maio\"}]},{\"@type\":\"WebSite\",\"@id\":\"https:\\\/\\\/dana.com.br\\\/canaldana\\\/#website\",\"url\":\"https:\\\/\\\/dana.com.br\\\/canaldana\\\/\",\"name\":\"Canal Dana\",\"description\":\"Informativo com as principais not\u00edcias da ind\u00fastria automotiva\",\"potentialAction\":[{\"@type\":\"SearchAction\",\"target\":{\"@type\":\"EntryPoint\",\"urlTemplate\":\"https:\\\/\\\/dana.com.br\\\/canaldana\\\/?s={search_term_string}\"},\"query-input\":{\"@type\":\"PropertyValueSpecification\",\"valueRequired\":true,\"valueName\":\"search_term_string\"}}],\"inLanguage\":\"pt-BR\"},{\"@type\":\"Person\",\"@id\":\"https:\\\/\\\/dana.com.br\\\/canaldana\\\/#\\\/schema\\\/person\\\/3c21f22f56fcf3bc46b94bc60ea4fef6\",\"name\":\"Canal Dana\",\"image\":{\"@type\":\"ImageObject\",\"inLanguage\":\"pt-BR\",\"@id\":\"https:\\\/\\\/secure.gravatar.com\\\/avatar\\\/420aaf9278582877d9018637c6817617705899d2858d7572ef0fe59a6b6454b4?s=96&d=mm&r=g\",\"url\":\"https:\\\/\\\/secure.gravatar.com\\\/avatar\\\/420aaf9278582877d9018637c6817617705899d2858d7572ef0fe59a6b6454b4?s=96&d=mm&r=g\",\"contentUrl\":\"https:\\\/\\\/secure.gravatar.com\\\/avatar\\\/420aaf9278582877d9018637c6817617705899d2858d7572ef0fe59a6b6454b4?s=96&d=mm&r=g\",\"caption\":\"Canal Dana\"},\"url\":\"https:\\\/\\\/dana.com.br\\\/canaldana\\\/author\\\/cdeditor\\\/\"}]}<\/script>\n<!-- \/ Yoast SEO plugin. -->","yoast_head_json":{"title":"Mercado de usados cresce 18,5% em maio - Canal Dana","robots":{"index":"index","follow":"follow","max-snippet":"max-snippet:-1","max-image-preview":"max-image-preview:large","max-video-preview":"max-video-preview:-1"},"canonical":"https:\/\/dana.com.br\/canaldana\/2021\/06\/11\/mercado-de-usados-cresce-185-em-maio\/","og_locale":"pt_BR","og_type":"article","og_title":"Mercado de usados cresce 18,5% em maio - Canal Dana","og_description":"AutoInd\u00fastria &nbsp; Aquecido, o mercado de usados em maio, considerando autom\u00f3veis, comerciais leves, motocicletas, caminh\u00f5es, \u00f4nibus e implementos rodovi\u00e1rios, registrou 1,3 milh\u00e3o de unidades negociadas, volume 18,5% superior ao obtido em abril, com 1,1 milh\u00e3o de transa\u00e7\u00f5es. Em rela\u00e7\u00e3o a maio do ano passado, quando 440,1 mil ve\u00edculos mudaram de propriet\u00e1rio, o avan\u00e7o bate nos\u2026 Leia mais \u00bb","og_url":"https:\/\/dana.com.br\/canaldana\/2021\/06\/11\/mercado-de-usados-cresce-185-em-maio\/","og_site_name":"Canal Dana","article_published_time":"2021-06-11T11:33:11+00:00","author":"Canal Dana","twitter_card":"summary_large_image","twitter_misc":{"Escrito por":"Canal Dana","Est. tempo de leitura":"3 minutos"},"schema":{"@context":"https:\/\/schema.org","@graph":[{"@type":"Article","@id":"https:\/\/dana.com.br\/canaldana\/2021\/06\/11\/mercado-de-usados-cresce-185-em-maio\/#article","isPartOf":{"@id":"https:\/\/dana.com.br\/canaldana\/2021\/06\/11\/mercado-de-usados-cresce-185-em-maio\/"},"author":{"name":"Canal Dana","@id":"https:\/\/dana.com.br\/canaldana\/#\/schema\/person\/3c21f22f56fcf3bc46b94bc60ea4fef6"},"headline":"Mercado de usados cresce 18,5% em maio","datePublished":"2021-06-11T11:33:11+00:00","mainEntityOfPage":{"@id":"https:\/\/dana.com.br\/canaldana\/2021\/06\/11\/mercado-de-usados-cresce-185-em-maio\/"},"wordCount":506,"articleSection":["Destaques"],"inLanguage":"pt-BR"},{"@type":"WebPage","@id":"https:\/\/dana.com.br\/canaldana\/2021\/06\/11\/mercado-de-usados-cresce-185-em-maio\/","url":"https:\/\/dana.com.br\/canaldana\/2021\/06\/11\/mercado-de-usados-cresce-185-em-maio\/","name":"Mercado de usados cresce 18,5% em maio - Canal Dana","isPartOf":{"@id":"https:\/\/dana.com.br\/canaldana\/#website"},"datePublished":"2021-06-11T11:33:11+00:00","author":{"@id":"https:\/\/dana.com.br\/canaldana\/#\/schema\/person\/3c21f22f56fcf3bc46b94bc60ea4fef6"},"breadcrumb":{"@id":"https:\/\/dana.com.br\/canaldana\/2021\/06\/11\/mercado-de-usados-cresce-185-em-maio\/#breadcrumb"},"inLanguage":"pt-BR","potentialAction":[{"@type":"ReadAction","target":["https:\/\/dana.com.br\/canaldana\/2021\/06\/11\/mercado-de-usados-cresce-185-em-maio\/"]}]},{"@type":"BreadcrumbList","@id":"https:\/\/dana.com.br\/canaldana\/2021\/06\/11\/mercado-de-usados-cresce-185-em-maio\/#breadcrumb","itemListElement":[{"@type":"ListItem","position":1,"name":"Home","item":"https:\/\/dana.com.br\/canaldana\/"},{"@type":"ListItem","position":2,"name":"Destaques","item":"https:\/\/dana.com.br\/canaldana\/destaques\/"},{"@type":"ListItem","position":3,"name":"Mercado de usados cresce 18,5% em maio"}]},{"@type":"WebSite","@id":"https:\/\/dana.com.br\/canaldana\/#website","url":"https:\/\/dana.com.br\/canaldana\/","name":"Canal Dana","description":"Informativo com as principais not\u00edcias da ind\u00fastria automotiva","potentialAction":[{"@type":"SearchAction","target":{"@type":"EntryPoint","urlTemplate":"https:\/\/dana.com.br\/canaldana\/?s={search_term_string}"},"query-input":{"@type":"PropertyValueSpecification","valueRequired":true,"valueName":"search_term_string"}}],"inLanguage":"pt-BR"},{"@type":"Person","@id":"https:\/\/dana.com.br\/canaldana\/#\/schema\/person\/3c21f22f56fcf3bc46b94bc60ea4fef6","name":"Canal Dana","image":{"@type":"ImageObject","inLanguage":"pt-BR","@id":"https:\/\/secure.gravatar.com\/avatar\/420aaf9278582877d9018637c6817617705899d2858d7572ef0fe59a6b6454b4?s=96&d=mm&r=g","url":"https:\/\/secure.gravatar.com\/avatar\/420aaf9278582877d9018637c6817617705899d2858d7572ef0fe59a6b6454b4?s=96&d=mm&r=g","contentUrl":"https:\/\/secure.gravatar.com\/avatar\/420aaf9278582877d9018637c6817617705899d2858d7572ef0fe59a6b6454b4?s=96&d=mm&r=g","caption":"Canal Dana"},"url":"https:\/\/dana.com.br\/canaldana\/author\/cdeditor\/"}]}},"_links":{"self":[{"href":"https:\/\/dana.com.br\/canaldana\/wp-json\/wp\/v2\/posts\/50838","targetHints":{"allow":["GET"]}}],"collection":[{"href":"https:\/\/dana.com.br\/canaldana\/wp-json\/wp\/v2\/posts"}],"about":[{"href":"https:\/\/dana.com.br\/canaldana\/wp-json\/wp\/v2\/types\/post"}],"author":[{"embeddable":true,"href":"https:\/\/dana.com.br\/canaldana\/wp-json\/wp\/v2\/users\/3"}],"replies":[{"embeddable":true,"href":"https:\/\/dana.com.br\/canaldana\/wp-json\/wp\/v2\/comments?post=50838"}],"version-history":[{"count":0,"href":"https:\/\/dana.com.br\/canaldana\/wp-json\/wp\/v2\/posts\/50838\/revisions"}],"wp:attachment":[{"href":"https:\/\/dana.com.br\/canaldana\/wp-json\/wp\/v2\/media?parent=50838"}],"wp:term":[{"taxonomy":"category","embeddable":true,"href":"https:\/\/dana.com.br\/canaldana\/wp-json\/wp\/v2\/categories?post=50838"},{"taxonomy":"post_tag","embeddable":true,"href":"https:\/\/dana.com.br\/canaldana\/wp-json\/wp\/v2\/tags?post=50838"}],"curies":[{"name":"wp","href":"https:\/\/api.w.org\/{rel}","templated":true}]}}