{"id":50828,"date":"2021-06-11T08:30:30","date_gmt":"2021-06-11T11:30:30","guid":{"rendered":"https:\/\/dana.com.br\/canaldana\/?p=50828"},"modified":"2021-06-11T08:30:30","modified_gmt":"2021-06-11T11:30:30","slug":"vendas-de-caminhoes-usados-crescem-171-em-maio","status":"publish","type":"post","link":"https:\/\/dana.com.br\/canaldana\/2021\/06\/11\/vendas-de-caminhoes-usados-crescem-171-em-maio\/","title":{"rendered":"Vendas de caminh\u00f5es usados crescem 17,1% em maio"},"content":{"rendered":"<p><em>Estrad\u00e3o<\/em><\/p>\n<p>&nbsp;<\/p>\n<p>Depois do recuo em abril, as vendas de caminh\u00f5es usados voltaram a crescer em maio. De acordo com dados divulgados pela Federa\u00e7\u00e3o Nacional da Distribui\u00e7\u00e3o de Ve\u00edculos Automotores (Fenabrave), as lojas e concession\u00e1rias venderam 37.058 unidades, ou seja, 17,1% a mais na compara\u00e7\u00e3o com o m\u00eas anterior (31.646).<\/p>\n<p>&nbsp;<\/p>\n<p>Na compara\u00e7\u00e3o com maio do ano passado, no entanto, o crescimento \u00e9 de 149,23%. Isso porque em 2020 as lojas venderam apenas 14.869 unidades. A diferen\u00e7a significativa ocorre porque neste mesmo per\u00edodo do ano passado ocorria a fase mais aguda da pandemia com o com\u00e9rcio praticamente fechado.<\/p>\n<p>&nbsp;<\/p>\n<p>Da mesma forma, houve aquecimento nas vendas no acumulado de janeiro a maio. Foram 160.823 unidades, ou seja, aproximadamente 66 mil unidades a mais sobre o mesmo per\u00edodo de 2020.<\/p>\n<p>&nbsp;<\/p>\n<p>De acordo com o presidente da Fenabrave, Alarico Assump\u00e7\u00e3o Junior, o mercado de ve\u00edculos usados est\u00e1 aquecido tanto em transa\u00e7\u00f5es em que s\u00e3o oferecidos na troca por um 0-km quanto de outro usado.<\/p>\n<p>&nbsp;<\/p>\n<p>No acumulado at\u00e9 maio, a Mercedes-Benz foi a marca que mais vendeu caminh\u00f5es usados, com 38.28% de participa\u00e7\u00e3o. Em seguida, vem a Volkswagen Caminh\u00f5es e \u00d4nibus com 21.33%, Ford (16,3%), Scania (9%), Volvo (8,18%) e Iveco (4,11%).<\/p>\n<p>&nbsp;<\/p>\n<p><strong>Segundo semestre aquecido<\/strong><\/p>\n<p>&nbsp;<\/p>\n<p>Para o segundo semestre, a tend\u00eancia \u00e9 de que as vendas de usados avancem ainda mais. De acordo com o estat\u00edstico da Fenauto, associa\u00e7\u00e3o que re\u00fane lojas independentes, Elis Siqueira isso dever\u00e1 ocorrer se a redu\u00e7\u00e3o na oferta de modelos novos continuar.<\/p>\n<p>&nbsp;<\/p>\n<p>Ele explicou tamb\u00e9m que o aquecimento do mercado de usados continua a inflacionar os pre\u00e7os. E j\u00e1 h\u00e1 modelos em falta no mercado.<\/p>\n<p>&nbsp;<\/p>\n<p>Segundo dados da Fenauto, suas afiliadas venderam 163.390 caminh\u00f5es usados no Brasil nos cinco primeiros meses de 2021. Ou seja, crescimento de 68.5% sobre as 96.967 unidades vendidas no mesmo per\u00edodo de 2020.\u00a0 No m\u00eas de maio, as lojas venderam 37.634 caminh\u00f5es. Isso representa um acr\u00e9scimo de 17.1% sobre as 32.135 vendas feitas em abril. (Estrad\u00e3o)<\/p>\n","protected":false},"excerpt":{"rendered":"<p>Estrad\u00e3o &nbsp; Depois do recuo em abril, as vendas de caminh\u00f5es usados voltaram a crescer em maio. De acordo com dados divulgados pela Federa\u00e7\u00e3o Nacional da Distribui\u00e7\u00e3o de Ve\u00edculos Automotores (Fenabrave), as lojas e concession\u00e1rias venderam 37.058 unidades, ou seja, 17,1% a mais na compara\u00e7\u00e3o com o m\u00eas anterior (31.646). &nbsp; Na compara\u00e7\u00e3o com maio\u2026 <a class=\"readmore\" href=\"https:\/\/dana.com.br\/canaldana\/2021\/06\/11\/vendas-de-caminhoes-usados-crescem-171-em-maio\/\">Leia mais \u00bb<\/a><\/p>\n","protected":false},"author":3,"featured_media":0,"comment_status":"closed","ping_status":"closed","sticky":false,"template":"","format":"standard","meta":{"_acf_changed":false,"footnotes":""},"categories":[79],"tags":[],"class_list":["post-50828","post","type-post","status-publish","format-standard","hentry","category-mercado"],"acf":[],"yoast_head":"<!-- This site is optimized with the Yoast SEO plugin v27.3 - https:\/\/yoast.com\/product\/yoast-seo-wordpress\/ -->\n<title>Vendas de caminh\u00f5es usados crescem 17,1% em maio - Canal Dana<\/title>\n<meta name=\"robots\" content=\"index, follow, max-snippet:-1, max-image-preview:large, max-video-preview:-1\" \/>\n<link rel=\"canonical\" href=\"https:\/\/dana.com.br\/canaldana\/2021\/06\/11\/vendas-de-caminhoes-usados-crescem-171-em-maio\/\" \/>\n<meta property=\"og:locale\" content=\"pt_BR\" \/>\n<meta property=\"og:type\" content=\"article\" \/>\n<meta property=\"og:title\" content=\"Vendas de caminh\u00f5es usados crescem 17,1% em maio - Canal Dana\" \/>\n<meta property=\"og:description\" content=\"Estrad\u00e3o &nbsp; Depois do recuo em abril, as vendas de caminh\u00f5es usados voltaram a crescer em maio. De acordo com dados divulgados pela Federa\u00e7\u00e3o Nacional da Distribui\u00e7\u00e3o de Ve\u00edculos Automotores (Fenabrave), as lojas e concession\u00e1rias venderam 37.058 unidades, ou seja, 17,1% a mais na compara\u00e7\u00e3o com o m\u00eas anterior (31.646). &nbsp; Na compara\u00e7\u00e3o com maio\u2026 Leia mais \u00bb\" \/>\n<meta property=\"og:url\" content=\"https:\/\/dana.com.br\/canaldana\/2021\/06\/11\/vendas-de-caminhoes-usados-crescem-171-em-maio\/\" \/>\n<meta property=\"og:site_name\" content=\"Canal Dana\" \/>\n<meta property=\"article:published_time\" content=\"2021-06-11T11:30:30+00:00\" \/>\n<meta name=\"author\" content=\"Canal Dana\" \/>\n<meta name=\"twitter:card\" content=\"summary_large_image\" \/>\n<meta name=\"twitter:label1\" content=\"Escrito por\" \/>\n\t<meta name=\"twitter:data1\" content=\"Canal Dana\" \/>\n\t<meta name=\"twitter:label2\" content=\"Est. tempo de leitura\" \/>\n\t<meta name=\"twitter:data2\" content=\"2 minutos\" \/>\n<script type=\"application\/ld+json\" class=\"yoast-schema-graph\">{\"@context\":\"https:\\\/\\\/schema.org\",\"@graph\":[{\"@type\":\"Article\",\"@id\":\"https:\\\/\\\/dana.com.br\\\/canaldana\\\/2021\\\/06\\\/11\\\/vendas-de-caminhoes-usados-crescem-171-em-maio\\\/#article\",\"isPartOf\":{\"@id\":\"https:\\\/\\\/dana.com.br\\\/canaldana\\\/2021\\\/06\\\/11\\\/vendas-de-caminhoes-usados-crescem-171-em-maio\\\/\"},\"author\":{\"name\":\"Canal Dana\",\"@id\":\"https:\\\/\\\/dana.com.br\\\/canaldana\\\/#\\\/schema\\\/person\\\/3c21f22f56fcf3bc46b94bc60ea4fef6\"},\"headline\":\"Vendas de caminh\u00f5es usados crescem 17,1% em maio\",\"datePublished\":\"2021-06-11T11:30:30+00:00\",\"mainEntityOfPage\":{\"@id\":\"https:\\\/\\\/dana.com.br\\\/canaldana\\\/2021\\\/06\\\/11\\\/vendas-de-caminhoes-usados-crescem-171-em-maio\\\/\"},\"wordCount\":345,\"articleSection\":[\"Mercado\"],\"inLanguage\":\"pt-BR\"},{\"@type\":\"WebPage\",\"@id\":\"https:\\\/\\\/dana.com.br\\\/canaldana\\\/2021\\\/06\\\/11\\\/vendas-de-caminhoes-usados-crescem-171-em-maio\\\/\",\"url\":\"https:\\\/\\\/dana.com.br\\\/canaldana\\\/2021\\\/06\\\/11\\\/vendas-de-caminhoes-usados-crescem-171-em-maio\\\/\",\"name\":\"Vendas de caminh\u00f5es usados crescem 17,1% em maio - Canal Dana\",\"isPartOf\":{\"@id\":\"https:\\\/\\\/dana.com.br\\\/canaldana\\\/#website\"},\"datePublished\":\"2021-06-11T11:30:30+00:00\",\"author\":{\"@id\":\"https:\\\/\\\/dana.com.br\\\/canaldana\\\/#\\\/schema\\\/person\\\/3c21f22f56fcf3bc46b94bc60ea4fef6\"},\"breadcrumb\":{\"@id\":\"https:\\\/\\\/dana.com.br\\\/canaldana\\\/2021\\\/06\\\/11\\\/vendas-de-caminhoes-usados-crescem-171-em-maio\\\/#breadcrumb\"},\"inLanguage\":\"pt-BR\",\"potentialAction\":[{\"@type\":\"ReadAction\",\"target\":[\"https:\\\/\\\/dana.com.br\\\/canaldana\\\/2021\\\/06\\\/11\\\/vendas-de-caminhoes-usados-crescem-171-em-maio\\\/\"]}]},{\"@type\":\"BreadcrumbList\",\"@id\":\"https:\\\/\\\/dana.com.br\\\/canaldana\\\/2021\\\/06\\\/11\\\/vendas-de-caminhoes-usados-crescem-171-em-maio\\\/#breadcrumb\",\"itemListElement\":[{\"@type\":\"ListItem\",\"position\":1,\"name\":\"Home\",\"item\":\"https:\\\/\\\/dana.com.br\\\/canaldana\\\/\"},{\"@type\":\"ListItem\",\"position\":2,\"name\":\"Mercado\",\"item\":\"https:\\\/\\\/dana.com.br\\\/canaldana\\\/mercado\\\/\"},{\"@type\":\"ListItem\",\"position\":3,\"name\":\"Vendas de caminh\u00f5es usados crescem 17,1% em maio\"}]},{\"@type\":\"WebSite\",\"@id\":\"https:\\\/\\\/dana.com.br\\\/canaldana\\\/#website\",\"url\":\"https:\\\/\\\/dana.com.br\\\/canaldana\\\/\",\"name\":\"Canal Dana\",\"description\":\"Informativo com as principais not\u00edcias da ind\u00fastria automotiva\",\"potentialAction\":[{\"@type\":\"SearchAction\",\"target\":{\"@type\":\"EntryPoint\",\"urlTemplate\":\"https:\\\/\\\/dana.com.br\\\/canaldana\\\/?s={search_term_string}\"},\"query-input\":{\"@type\":\"PropertyValueSpecification\",\"valueRequired\":true,\"valueName\":\"search_term_string\"}}],\"inLanguage\":\"pt-BR\"},{\"@type\":\"Person\",\"@id\":\"https:\\\/\\\/dana.com.br\\\/canaldana\\\/#\\\/schema\\\/person\\\/3c21f22f56fcf3bc46b94bc60ea4fef6\",\"name\":\"Canal Dana\",\"image\":{\"@type\":\"ImageObject\",\"inLanguage\":\"pt-BR\",\"@id\":\"https:\\\/\\\/secure.gravatar.com\\\/avatar\\\/420aaf9278582877d9018637c6817617705899d2858d7572ef0fe59a6b6454b4?s=96&d=mm&r=g\",\"url\":\"https:\\\/\\\/secure.gravatar.com\\\/avatar\\\/420aaf9278582877d9018637c6817617705899d2858d7572ef0fe59a6b6454b4?s=96&d=mm&r=g\",\"contentUrl\":\"https:\\\/\\\/secure.gravatar.com\\\/avatar\\\/420aaf9278582877d9018637c6817617705899d2858d7572ef0fe59a6b6454b4?s=96&d=mm&r=g\",\"caption\":\"Canal Dana\"},\"url\":\"https:\\\/\\\/dana.com.br\\\/canaldana\\\/author\\\/cdeditor\\\/\"}]}<\/script>\n<!-- \/ Yoast SEO plugin. -->","yoast_head_json":{"title":"Vendas de caminh\u00f5es usados crescem 17,1% em maio - Canal Dana","robots":{"index":"index","follow":"follow","max-snippet":"max-snippet:-1","max-image-preview":"max-image-preview:large","max-video-preview":"max-video-preview:-1"},"canonical":"https:\/\/dana.com.br\/canaldana\/2021\/06\/11\/vendas-de-caminhoes-usados-crescem-171-em-maio\/","og_locale":"pt_BR","og_type":"article","og_title":"Vendas de caminh\u00f5es usados crescem 17,1% em maio - Canal Dana","og_description":"Estrad\u00e3o &nbsp; Depois do recuo em abril, as vendas de caminh\u00f5es usados voltaram a crescer em maio. De acordo com dados divulgados pela Federa\u00e7\u00e3o Nacional da Distribui\u00e7\u00e3o de Ve\u00edculos Automotores (Fenabrave), as lojas e concession\u00e1rias venderam 37.058 unidades, ou seja, 17,1% a mais na compara\u00e7\u00e3o com o m\u00eas anterior (31.646). &nbsp; Na compara\u00e7\u00e3o com maio\u2026 Leia mais \u00bb","og_url":"https:\/\/dana.com.br\/canaldana\/2021\/06\/11\/vendas-de-caminhoes-usados-crescem-171-em-maio\/","og_site_name":"Canal Dana","article_published_time":"2021-06-11T11:30:30+00:00","author":"Canal Dana","twitter_card":"summary_large_image","twitter_misc":{"Escrito por":"Canal Dana","Est. tempo de leitura":"2 minutos"},"schema":{"@context":"https:\/\/schema.org","@graph":[{"@type":"Article","@id":"https:\/\/dana.com.br\/canaldana\/2021\/06\/11\/vendas-de-caminhoes-usados-crescem-171-em-maio\/#article","isPartOf":{"@id":"https:\/\/dana.com.br\/canaldana\/2021\/06\/11\/vendas-de-caminhoes-usados-crescem-171-em-maio\/"},"author":{"name":"Canal Dana","@id":"https:\/\/dana.com.br\/canaldana\/#\/schema\/person\/3c21f22f56fcf3bc46b94bc60ea4fef6"},"headline":"Vendas de caminh\u00f5es usados crescem 17,1% em maio","datePublished":"2021-06-11T11:30:30+00:00","mainEntityOfPage":{"@id":"https:\/\/dana.com.br\/canaldana\/2021\/06\/11\/vendas-de-caminhoes-usados-crescem-171-em-maio\/"},"wordCount":345,"articleSection":["Mercado"],"inLanguage":"pt-BR"},{"@type":"WebPage","@id":"https:\/\/dana.com.br\/canaldana\/2021\/06\/11\/vendas-de-caminhoes-usados-crescem-171-em-maio\/","url":"https:\/\/dana.com.br\/canaldana\/2021\/06\/11\/vendas-de-caminhoes-usados-crescem-171-em-maio\/","name":"Vendas de caminh\u00f5es usados crescem 17,1% em maio - Canal Dana","isPartOf":{"@id":"https:\/\/dana.com.br\/canaldana\/#website"},"datePublished":"2021-06-11T11:30:30+00:00","author":{"@id":"https:\/\/dana.com.br\/canaldana\/#\/schema\/person\/3c21f22f56fcf3bc46b94bc60ea4fef6"},"breadcrumb":{"@id":"https:\/\/dana.com.br\/canaldana\/2021\/06\/11\/vendas-de-caminhoes-usados-crescem-171-em-maio\/#breadcrumb"},"inLanguage":"pt-BR","potentialAction":[{"@type":"ReadAction","target":["https:\/\/dana.com.br\/canaldana\/2021\/06\/11\/vendas-de-caminhoes-usados-crescem-171-em-maio\/"]}]},{"@type":"BreadcrumbList","@id":"https:\/\/dana.com.br\/canaldana\/2021\/06\/11\/vendas-de-caminhoes-usados-crescem-171-em-maio\/#breadcrumb","itemListElement":[{"@type":"ListItem","position":1,"name":"Home","item":"https:\/\/dana.com.br\/canaldana\/"},{"@type":"ListItem","position":2,"name":"Mercado","item":"https:\/\/dana.com.br\/canaldana\/mercado\/"},{"@type":"ListItem","position":3,"name":"Vendas de caminh\u00f5es usados crescem 17,1% em maio"}]},{"@type":"WebSite","@id":"https:\/\/dana.com.br\/canaldana\/#website","url":"https:\/\/dana.com.br\/canaldana\/","name":"Canal Dana","description":"Informativo com as principais not\u00edcias da ind\u00fastria automotiva","potentialAction":[{"@type":"SearchAction","target":{"@type":"EntryPoint","urlTemplate":"https:\/\/dana.com.br\/canaldana\/?s={search_term_string}"},"query-input":{"@type":"PropertyValueSpecification","valueRequired":true,"valueName":"search_term_string"}}],"inLanguage":"pt-BR"},{"@type":"Person","@id":"https:\/\/dana.com.br\/canaldana\/#\/schema\/person\/3c21f22f56fcf3bc46b94bc60ea4fef6","name":"Canal Dana","image":{"@type":"ImageObject","inLanguage":"pt-BR","@id":"https:\/\/secure.gravatar.com\/avatar\/420aaf9278582877d9018637c6817617705899d2858d7572ef0fe59a6b6454b4?s=96&d=mm&r=g","url":"https:\/\/secure.gravatar.com\/avatar\/420aaf9278582877d9018637c6817617705899d2858d7572ef0fe59a6b6454b4?s=96&d=mm&r=g","contentUrl":"https:\/\/secure.gravatar.com\/avatar\/420aaf9278582877d9018637c6817617705899d2858d7572ef0fe59a6b6454b4?s=96&d=mm&r=g","caption":"Canal Dana"},"url":"https:\/\/dana.com.br\/canaldana\/author\/cdeditor\/"}]}},"_links":{"self":[{"href":"https:\/\/dana.com.br\/canaldana\/wp-json\/wp\/v2\/posts\/50828","targetHints":{"allow":["GET"]}}],"collection":[{"href":"https:\/\/dana.com.br\/canaldana\/wp-json\/wp\/v2\/posts"}],"about":[{"href":"https:\/\/dana.com.br\/canaldana\/wp-json\/wp\/v2\/types\/post"}],"author":[{"embeddable":true,"href":"https:\/\/dana.com.br\/canaldana\/wp-json\/wp\/v2\/users\/3"}],"replies":[{"embeddable":true,"href":"https:\/\/dana.com.br\/canaldana\/wp-json\/wp\/v2\/comments?post=50828"}],"version-history":[{"count":0,"href":"https:\/\/dana.com.br\/canaldana\/wp-json\/wp\/v2\/posts\/50828\/revisions"}],"wp:attachment":[{"href":"https:\/\/dana.com.br\/canaldana\/wp-json\/wp\/v2\/media?parent=50828"}],"wp:term":[{"taxonomy":"category","embeddable":true,"href":"https:\/\/dana.com.br\/canaldana\/wp-json\/wp\/v2\/categories?post=50828"},{"taxonomy":"post_tag","embeddable":true,"href":"https:\/\/dana.com.br\/canaldana\/wp-json\/wp\/v2\/tags?post=50828"}],"curies":[{"name":"wp","href":"https:\/\/api.w.org\/{rel}","templated":true}]}}