{"id":50824,"date":"2021-06-11T08:29:42","date_gmt":"2021-06-11T11:29:42","guid":{"rendered":"https:\/\/dana.com.br\/canaldana\/?p=50824"},"modified":"2021-06-11T08:29:42","modified_gmt":"2021-06-11T11:29:42","slug":"comil-apresenta-novo-micro-onibus-pia-com-design-mais-moderno-e-configuracao-para-ampliar-conforto","status":"publish","type":"post","link":"https:\/\/dana.com.br\/canaldana\/2021\/06\/11\/comil-apresenta-novo-micro-onibus-pia-com-design-mais-moderno-e-configuracao-para-ampliar-conforto\/","title":{"rendered":"Comil apresenta novo micro-\u00f4nibus Pi\u00e1 com design mais moderno e configura\u00e7\u00e3o para ampliar conforto"},"content":{"rendered":"<p><em>Di\u00e1rio do Transporte<\/em><\/p>\n<p>&nbsp;<\/p>\n<p>A fabricante de \u00f4nibus Comil, de Erechin (RS), apresentou integralmente nesta quinta-feira, 10 de junho de 2021, o \u201cnovo Pi\u00e1\u201d, nome conhecido na linha de micro-\u00f4nibus da marca, que, segundo a empresa, n\u00e3o surge apenas com design renovado, mas incorpora funcionalidades e configura\u00e7\u00f5es para melhorar a praticidade ao operador e ampliar o conforto aos passageiros e motoristas.<\/p>\n<p>&nbsp;<\/p>\n<p><strong>Poltronas e ar-condicionado\u00a0 <\/strong><\/p>\n<p>&nbsp;<\/p>\n<p>As poltronas s\u00e3o de um novo modelo com melhor ergonomia, em especial para viagens curtas e m\u00e9dias, aplica\u00e7\u00f5es para as quais o ve\u00edculo \u00e9 predominantemente destinado.<\/p>\n<p>&nbsp;<\/p>\n<p>Tamb\u00e9m foram disponibilizadas novas op\u00e7\u00f5es de revestimentos.<\/p>\n<p>&nbsp;<\/p>\n<p>Ainda de acordo com a Comil, o ar-condicionado ganhou um novo direcionamento para \u201cvalorizar o conforto t\u00e9rmico\u201d do passageiro.<\/p>\n<p>&nbsp;<\/p>\n<p><strong>Cabine do motorista e grade dianteira\u00a0 <\/strong><\/p>\n<p>&nbsp;<\/p>\n<p>Outra novidade no modelo, segundo a fabricante, \u00e9 que a cabine do motorista recebeu melhorias funcionais.<\/p>\n<p>&nbsp;<\/p>\n<p>As mudan\u00e7as foram elaboradas para trazer ganhos no campo de visibilidade e deixar o painel com mais f\u00e1cil acesso e manuseio de todos os comandos eletr\u00f4nicos.<\/p>\n<p>&nbsp;<\/p>\n<p>J\u00e1 a grade dianteira tem um novo sistema de abertura com o objetivo de facilitar manuten\u00e7\u00f5es e inspe\u00e7\u00f5es dos equipamentos.<\/p>\n<p>&nbsp;<\/p>\n<p><strong>Design e acesso ao bagageiro\u00a0 <\/strong><\/p>\n<p>&nbsp;<\/p>\n<p>Visualmente, o novo Pi\u00e1 traz linhas curvas, com a intens\u00e3o de modernizar o design.<\/p>\n<p>&nbsp;<\/p>\n<p>Houve atualiza\u00e7\u00e3o em especial nas partes dianteira e traseira.<\/p>\n<p>&nbsp;<\/p>\n<p>O modelo ganha luz diurna com DRL (Daytime Running Light) e novas delimitadoras superiores de LED.<\/p>\n<p>&nbsp;<\/p>\n<p>Outra novidade destacada pela empresa foram mudan\u00e7as para melhorar o acesso ao bagageiro.<\/p>\n<p>&nbsp;<\/p>\n<p>Segundo a Comil, por meio de nota, o \u201cnovo micro Pi\u00e1 j\u00e1 est\u00e1 dispon\u00edvel para comercializa\u00e7\u00e3o, as primeiras unidades produzidas j\u00e1 est\u00e3o sendo entregues em breve para os clientes\u201d.<\/p>\n<p>&nbsp;<\/p>\n<p>A fabricante n\u00e3o informou quais empresas compraram os primeiros lotes.<\/p>\n<p>&nbsp;<\/p>\n<p><strong>Micro-\u00f4nibus e fretamento\u00a0 <\/strong><\/p>\n<p>&nbsp;<\/p>\n<p>O lan\u00e7amento da nova vers\u00e3o do micro-\u00f4nibus Comil Pi\u00e1 ocorre em um momento de crise na ind\u00fastria brasileira de ve\u00edculos em decorr\u00eancia da pandemia de covid-19.<\/p>\n<p>&nbsp;<\/p>\n<p>Entretanto, alguns segmentos do mercado de \u00f4nibus t\u00eam se destacado e auxiliado a puxar os n\u00fameros para cima.<\/p>\n<p>&nbsp;<\/p>\n<p>Ao lado dos \u00f4nibus escolares, os micro-\u00f4nibus e o fretamento t\u00eam registrado resultados melhores que de outros segmentos, como urbanos e rodovi\u00e1rios, estes mais suscet\u00edveis \u00e0s restri\u00e7\u00f5es de circula\u00e7\u00e3o impostas pela pandemia.<\/p>\n<p>&nbsp;<\/p>\n<p>O novo Pi\u00e1 abarca justamente os segmentos de micro-\u00f4nibus e grande parte da aplica\u00e7\u00e3o do modelo \u00e9 para o fretamento.<\/p>\n<p>&nbsp;<\/p>\n<p>Com as exig\u00eancias de distanciamento social entre os trabalhadores transportados no fretamento, as empresas contratantes destes servi\u00e7os acabam necessitando de mais \u00f4nibus para atender \u00e0 mesma quantidade de funcion\u00e1rios, o que tem sido uma oportunidade para as companhias de \u00f4nibus fretados.<\/p>\n<p>&nbsp;<\/p>\n<p>Entre janeiro e abril de 2021, os emplacamentos de todas as marcas de \u00f4nibus acumulam alta 13,8% (4.472 unidades) em rela\u00e7\u00e3o ao primeiro quadrimestre de 2020, de acordo com o Denatran<\/p>\n<p>&nbsp;<\/p>\n<p>Esta alta est\u00e1 baseada em fretamento (641 unidades alta de 120%) e escolares (1494 unidades, alta de 249%). Os urbanos tiveram queda de 47% (1048 unidades) e os rodovi\u00e1rios amargaram perdas de 54% de (194 unidades)<\/p>\n<p>&nbsp;<\/p>\n<p>Entre janeiro e abril de 2021, foram 1095 unidades de micro-\u00f4nibus, alta de 31% em rela\u00e7\u00e3o ao mesmo per\u00edodo de 2020. (Di\u00e1rio do Transporte\/Adamo Bazani)<\/p>\n","protected":false},"excerpt":{"rendered":"<p>Di\u00e1rio do Transporte &nbsp; A fabricante de \u00f4nibus Comil, de Erechin (RS), apresentou integralmente nesta quinta-feira, 10 de junho de 2021, o \u201cnovo Pi\u00e1\u201d, nome conhecido na linha de micro-\u00f4nibus da marca, que, segundo a empresa, n\u00e3o surge apenas com design renovado, mas incorpora funcionalidades e configura\u00e7\u00f5es para melhorar a praticidade ao operador e ampliar\u2026 <a class=\"readmore\" href=\"https:\/\/dana.com.br\/canaldana\/2021\/06\/11\/comil-apresenta-novo-micro-onibus-pia-com-design-mais-moderno-e-configuracao-para-ampliar-conforto\/\">Leia mais \u00bb<\/a><\/p>\n","protected":false},"author":3,"featured_media":0,"comment_status":"closed","ping_status":"closed","sticky":false,"template":"","format":"standard","meta":{"_acf_changed":false,"footnotes":""},"categories":[79],"tags":[],"class_list":["post-50824","post","type-post","status-publish","format-standard","hentry","category-mercado"],"acf":[],"yoast_head":"<!-- This site is optimized with the Yoast SEO plugin v27.3 - https:\/\/yoast.com\/product\/yoast-seo-wordpress\/ -->\n<title>Comil apresenta novo micro-\u00f4nibus Pi\u00e1 com design mais moderno e configura\u00e7\u00e3o para ampliar conforto - Canal Dana<\/title>\n<meta name=\"robots\" content=\"index, follow, max-snippet:-1, max-image-preview:large, max-video-preview:-1\" \/>\n<link rel=\"canonical\" href=\"https:\/\/dana.com.br\/canaldana\/2021\/06\/11\/comil-apresenta-novo-micro-onibus-pia-com-design-mais-moderno-e-configuracao-para-ampliar-conforto\/\" \/>\n<meta property=\"og:locale\" content=\"pt_BR\" \/>\n<meta property=\"og:type\" content=\"article\" \/>\n<meta property=\"og:title\" content=\"Comil apresenta novo micro-\u00f4nibus Pi\u00e1 com design mais moderno e configura\u00e7\u00e3o para ampliar conforto - Canal Dana\" \/>\n<meta property=\"og:description\" content=\"Di\u00e1rio do Transporte &nbsp; A fabricante de \u00f4nibus Comil, de Erechin (RS), apresentou integralmente nesta quinta-feira, 10 de junho de 2021, o \u201cnovo Pi\u00e1\u201d, nome conhecido na linha de micro-\u00f4nibus da marca, que, segundo a empresa, n\u00e3o surge apenas com design renovado, mas incorpora funcionalidades e configura\u00e7\u00f5es para melhorar a praticidade ao operador e ampliar\u2026 Leia mais \u00bb\" \/>\n<meta property=\"og:url\" content=\"https:\/\/dana.com.br\/canaldana\/2021\/06\/11\/comil-apresenta-novo-micro-onibus-pia-com-design-mais-moderno-e-configuracao-para-ampliar-conforto\/\" \/>\n<meta property=\"og:site_name\" content=\"Canal Dana\" \/>\n<meta property=\"article:published_time\" content=\"2021-06-11T11:29:42+00:00\" \/>\n<meta name=\"author\" content=\"Canal Dana\" \/>\n<meta name=\"twitter:card\" content=\"summary_large_image\" \/>\n<meta name=\"twitter:label1\" content=\"Escrito por\" \/>\n\t<meta name=\"twitter:data1\" content=\"Canal Dana\" \/>\n\t<meta name=\"twitter:label2\" content=\"Est. tempo de leitura\" \/>\n\t<meta name=\"twitter:data2\" content=\"3 minutos\" \/>\n<script type=\"application\/ld+json\" class=\"yoast-schema-graph\">{\"@context\":\"https:\\\/\\\/schema.org\",\"@graph\":[{\"@type\":\"Article\",\"@id\":\"https:\\\/\\\/dana.com.br\\\/canaldana\\\/2021\\\/06\\\/11\\\/comil-apresenta-novo-micro-onibus-pia-com-design-mais-moderno-e-configuracao-para-ampliar-conforto\\\/#article\",\"isPartOf\":{\"@id\":\"https:\\\/\\\/dana.com.br\\\/canaldana\\\/2021\\\/06\\\/11\\\/comil-apresenta-novo-micro-onibus-pia-com-design-mais-moderno-e-configuracao-para-ampliar-conforto\\\/\"},\"author\":{\"name\":\"Canal Dana\",\"@id\":\"https:\\\/\\\/dana.com.br\\\/canaldana\\\/#\\\/schema\\\/person\\\/3c21f22f56fcf3bc46b94bc60ea4fef6\"},\"headline\":\"Comil apresenta novo micro-\u00f4nibus Pi\u00e1 com design mais moderno e configura\u00e7\u00e3o para ampliar conforto\",\"datePublished\":\"2021-06-11T11:29:42+00:00\",\"mainEntityOfPage\":{\"@id\":\"https:\\\/\\\/dana.com.br\\\/canaldana\\\/2021\\\/06\\\/11\\\/comil-apresenta-novo-micro-onibus-pia-com-design-mais-moderno-e-configuracao-para-ampliar-conforto\\\/\"},\"wordCount\":580,\"articleSection\":[\"Mercado\"],\"inLanguage\":\"pt-BR\"},{\"@type\":\"WebPage\",\"@id\":\"https:\\\/\\\/dana.com.br\\\/canaldana\\\/2021\\\/06\\\/11\\\/comil-apresenta-novo-micro-onibus-pia-com-design-mais-moderno-e-configuracao-para-ampliar-conforto\\\/\",\"url\":\"https:\\\/\\\/dana.com.br\\\/canaldana\\\/2021\\\/06\\\/11\\\/comil-apresenta-novo-micro-onibus-pia-com-design-mais-moderno-e-configuracao-para-ampliar-conforto\\\/\",\"name\":\"Comil apresenta novo micro-\u00f4nibus Pi\u00e1 com design mais moderno e configura\u00e7\u00e3o para ampliar conforto - Canal Dana\",\"isPartOf\":{\"@id\":\"https:\\\/\\\/dana.com.br\\\/canaldana\\\/#website\"},\"datePublished\":\"2021-06-11T11:29:42+00:00\",\"author\":{\"@id\":\"https:\\\/\\\/dana.com.br\\\/canaldana\\\/#\\\/schema\\\/person\\\/3c21f22f56fcf3bc46b94bc60ea4fef6\"},\"breadcrumb\":{\"@id\":\"https:\\\/\\\/dana.com.br\\\/canaldana\\\/2021\\\/06\\\/11\\\/comil-apresenta-novo-micro-onibus-pia-com-design-mais-moderno-e-configuracao-para-ampliar-conforto\\\/#breadcrumb\"},\"inLanguage\":\"pt-BR\",\"potentialAction\":[{\"@type\":\"ReadAction\",\"target\":[\"https:\\\/\\\/dana.com.br\\\/canaldana\\\/2021\\\/06\\\/11\\\/comil-apresenta-novo-micro-onibus-pia-com-design-mais-moderno-e-configuracao-para-ampliar-conforto\\\/\"]}]},{\"@type\":\"BreadcrumbList\",\"@id\":\"https:\\\/\\\/dana.com.br\\\/canaldana\\\/2021\\\/06\\\/11\\\/comil-apresenta-novo-micro-onibus-pia-com-design-mais-moderno-e-configuracao-para-ampliar-conforto\\\/#breadcrumb\",\"itemListElement\":[{\"@type\":\"ListItem\",\"position\":1,\"name\":\"Home\",\"item\":\"https:\\\/\\\/dana.com.br\\\/canaldana\\\/\"},{\"@type\":\"ListItem\",\"position\":2,\"name\":\"Mercado\",\"item\":\"https:\\\/\\\/dana.com.br\\\/canaldana\\\/mercado\\\/\"},{\"@type\":\"ListItem\",\"position\":3,\"name\":\"Comil apresenta novo micro-\u00f4nibus Pi\u00e1 com design mais moderno e configura\u00e7\u00e3o para ampliar conforto\"}]},{\"@type\":\"WebSite\",\"@id\":\"https:\\\/\\\/dana.com.br\\\/canaldana\\\/#website\",\"url\":\"https:\\\/\\\/dana.com.br\\\/canaldana\\\/\",\"name\":\"Canal Dana\",\"description\":\"Informativo com as principais not\u00edcias da ind\u00fastria automotiva\",\"potentialAction\":[{\"@type\":\"SearchAction\",\"target\":{\"@type\":\"EntryPoint\",\"urlTemplate\":\"https:\\\/\\\/dana.com.br\\\/canaldana\\\/?s={search_term_string}\"},\"query-input\":{\"@type\":\"PropertyValueSpecification\",\"valueRequired\":true,\"valueName\":\"search_term_string\"}}],\"inLanguage\":\"pt-BR\"},{\"@type\":\"Person\",\"@id\":\"https:\\\/\\\/dana.com.br\\\/canaldana\\\/#\\\/schema\\\/person\\\/3c21f22f56fcf3bc46b94bc60ea4fef6\",\"name\":\"Canal Dana\",\"image\":{\"@type\":\"ImageObject\",\"inLanguage\":\"pt-BR\",\"@id\":\"https:\\\/\\\/secure.gravatar.com\\\/avatar\\\/420aaf9278582877d9018637c6817617705899d2858d7572ef0fe59a6b6454b4?s=96&d=mm&r=g\",\"url\":\"https:\\\/\\\/secure.gravatar.com\\\/avatar\\\/420aaf9278582877d9018637c6817617705899d2858d7572ef0fe59a6b6454b4?s=96&d=mm&r=g\",\"contentUrl\":\"https:\\\/\\\/secure.gravatar.com\\\/avatar\\\/420aaf9278582877d9018637c6817617705899d2858d7572ef0fe59a6b6454b4?s=96&d=mm&r=g\",\"caption\":\"Canal Dana\"},\"url\":\"https:\\\/\\\/dana.com.br\\\/canaldana\\\/author\\\/cdeditor\\\/\"}]}<\/script>\n<!-- \/ Yoast SEO plugin. -->","yoast_head_json":{"title":"Comil apresenta novo micro-\u00f4nibus Pi\u00e1 com design mais moderno e configura\u00e7\u00e3o para ampliar conforto - Canal Dana","robots":{"index":"index","follow":"follow","max-snippet":"max-snippet:-1","max-image-preview":"max-image-preview:large","max-video-preview":"max-video-preview:-1"},"canonical":"https:\/\/dana.com.br\/canaldana\/2021\/06\/11\/comil-apresenta-novo-micro-onibus-pia-com-design-mais-moderno-e-configuracao-para-ampliar-conforto\/","og_locale":"pt_BR","og_type":"article","og_title":"Comil apresenta novo micro-\u00f4nibus Pi\u00e1 com design mais moderno e configura\u00e7\u00e3o para ampliar conforto - Canal Dana","og_description":"Di\u00e1rio do Transporte &nbsp; A fabricante de \u00f4nibus Comil, de Erechin (RS), apresentou integralmente nesta quinta-feira, 10 de junho de 2021, o \u201cnovo Pi\u00e1\u201d, nome conhecido na linha de micro-\u00f4nibus da marca, que, segundo a empresa, n\u00e3o surge apenas com design renovado, mas incorpora funcionalidades e configura\u00e7\u00f5es para melhorar a praticidade ao operador e ampliar\u2026 Leia mais \u00bb","og_url":"https:\/\/dana.com.br\/canaldana\/2021\/06\/11\/comil-apresenta-novo-micro-onibus-pia-com-design-mais-moderno-e-configuracao-para-ampliar-conforto\/","og_site_name":"Canal Dana","article_published_time":"2021-06-11T11:29:42+00:00","author":"Canal Dana","twitter_card":"summary_large_image","twitter_misc":{"Escrito por":"Canal Dana","Est. tempo de leitura":"3 minutos"},"schema":{"@context":"https:\/\/schema.org","@graph":[{"@type":"Article","@id":"https:\/\/dana.com.br\/canaldana\/2021\/06\/11\/comil-apresenta-novo-micro-onibus-pia-com-design-mais-moderno-e-configuracao-para-ampliar-conforto\/#article","isPartOf":{"@id":"https:\/\/dana.com.br\/canaldana\/2021\/06\/11\/comil-apresenta-novo-micro-onibus-pia-com-design-mais-moderno-e-configuracao-para-ampliar-conforto\/"},"author":{"name":"Canal Dana","@id":"https:\/\/dana.com.br\/canaldana\/#\/schema\/person\/3c21f22f56fcf3bc46b94bc60ea4fef6"},"headline":"Comil apresenta novo micro-\u00f4nibus Pi\u00e1 com design mais moderno e configura\u00e7\u00e3o para ampliar conforto","datePublished":"2021-06-11T11:29:42+00:00","mainEntityOfPage":{"@id":"https:\/\/dana.com.br\/canaldana\/2021\/06\/11\/comil-apresenta-novo-micro-onibus-pia-com-design-mais-moderno-e-configuracao-para-ampliar-conforto\/"},"wordCount":580,"articleSection":["Mercado"],"inLanguage":"pt-BR"},{"@type":"WebPage","@id":"https:\/\/dana.com.br\/canaldana\/2021\/06\/11\/comil-apresenta-novo-micro-onibus-pia-com-design-mais-moderno-e-configuracao-para-ampliar-conforto\/","url":"https:\/\/dana.com.br\/canaldana\/2021\/06\/11\/comil-apresenta-novo-micro-onibus-pia-com-design-mais-moderno-e-configuracao-para-ampliar-conforto\/","name":"Comil apresenta novo micro-\u00f4nibus Pi\u00e1 com design mais moderno e configura\u00e7\u00e3o para ampliar conforto - Canal Dana","isPartOf":{"@id":"https:\/\/dana.com.br\/canaldana\/#website"},"datePublished":"2021-06-11T11:29:42+00:00","author":{"@id":"https:\/\/dana.com.br\/canaldana\/#\/schema\/person\/3c21f22f56fcf3bc46b94bc60ea4fef6"},"breadcrumb":{"@id":"https:\/\/dana.com.br\/canaldana\/2021\/06\/11\/comil-apresenta-novo-micro-onibus-pia-com-design-mais-moderno-e-configuracao-para-ampliar-conforto\/#breadcrumb"},"inLanguage":"pt-BR","potentialAction":[{"@type":"ReadAction","target":["https:\/\/dana.com.br\/canaldana\/2021\/06\/11\/comil-apresenta-novo-micro-onibus-pia-com-design-mais-moderno-e-configuracao-para-ampliar-conforto\/"]}]},{"@type":"BreadcrumbList","@id":"https:\/\/dana.com.br\/canaldana\/2021\/06\/11\/comil-apresenta-novo-micro-onibus-pia-com-design-mais-moderno-e-configuracao-para-ampliar-conforto\/#breadcrumb","itemListElement":[{"@type":"ListItem","position":1,"name":"Home","item":"https:\/\/dana.com.br\/canaldana\/"},{"@type":"ListItem","position":2,"name":"Mercado","item":"https:\/\/dana.com.br\/canaldana\/mercado\/"},{"@type":"ListItem","position":3,"name":"Comil apresenta novo micro-\u00f4nibus Pi\u00e1 com design mais moderno e configura\u00e7\u00e3o para ampliar conforto"}]},{"@type":"WebSite","@id":"https:\/\/dana.com.br\/canaldana\/#website","url":"https:\/\/dana.com.br\/canaldana\/","name":"Canal Dana","description":"Informativo com as principais not\u00edcias da ind\u00fastria automotiva","potentialAction":[{"@type":"SearchAction","target":{"@type":"EntryPoint","urlTemplate":"https:\/\/dana.com.br\/canaldana\/?s={search_term_string}"},"query-input":{"@type":"PropertyValueSpecification","valueRequired":true,"valueName":"search_term_string"}}],"inLanguage":"pt-BR"},{"@type":"Person","@id":"https:\/\/dana.com.br\/canaldana\/#\/schema\/person\/3c21f22f56fcf3bc46b94bc60ea4fef6","name":"Canal Dana","image":{"@type":"ImageObject","inLanguage":"pt-BR","@id":"https:\/\/secure.gravatar.com\/avatar\/420aaf9278582877d9018637c6817617705899d2858d7572ef0fe59a6b6454b4?s=96&d=mm&r=g","url":"https:\/\/secure.gravatar.com\/avatar\/420aaf9278582877d9018637c6817617705899d2858d7572ef0fe59a6b6454b4?s=96&d=mm&r=g","contentUrl":"https:\/\/secure.gravatar.com\/avatar\/420aaf9278582877d9018637c6817617705899d2858d7572ef0fe59a6b6454b4?s=96&d=mm&r=g","caption":"Canal Dana"},"url":"https:\/\/dana.com.br\/canaldana\/author\/cdeditor\/"}]}},"_links":{"self":[{"href":"https:\/\/dana.com.br\/canaldana\/wp-json\/wp\/v2\/posts\/50824","targetHints":{"allow":["GET"]}}],"collection":[{"href":"https:\/\/dana.com.br\/canaldana\/wp-json\/wp\/v2\/posts"}],"about":[{"href":"https:\/\/dana.com.br\/canaldana\/wp-json\/wp\/v2\/types\/post"}],"author":[{"embeddable":true,"href":"https:\/\/dana.com.br\/canaldana\/wp-json\/wp\/v2\/users\/3"}],"replies":[{"embeddable":true,"href":"https:\/\/dana.com.br\/canaldana\/wp-json\/wp\/v2\/comments?post=50824"}],"version-history":[{"count":0,"href":"https:\/\/dana.com.br\/canaldana\/wp-json\/wp\/v2\/posts\/50824\/revisions"}],"wp:attachment":[{"href":"https:\/\/dana.com.br\/canaldana\/wp-json\/wp\/v2\/media?parent=50824"}],"wp:term":[{"taxonomy":"category","embeddable":true,"href":"https:\/\/dana.com.br\/canaldana\/wp-json\/wp\/v2\/categories?post=50824"},{"taxonomy":"post_tag","embeddable":true,"href":"https:\/\/dana.com.br\/canaldana\/wp-json\/wp\/v2\/tags?post=50824"}],"curies":[{"name":"wp","href":"https:\/\/api.w.org\/{rel}","templated":true}]}}