{"id":50812,"date":"2021-06-11T08:27:19","date_gmt":"2021-06-11T11:27:19","guid":{"rendered":"https:\/\/dana.com.br\/canaldana\/?p=50812"},"modified":"2021-06-11T08:27:19","modified_gmt":"2021-06-11T11:27:19","slug":"mercedes-benz-do-brasil-exporta-caminhoes-atego-para-coleta-urbana-no-chile","status":"publish","type":"post","link":"https:\/\/dana.com.br\/canaldana\/2021\/06\/11\/mercedes-benz-do-brasil-exporta-caminhoes-atego-para-coleta-urbana-no-chile\/","title":{"rendered":"Mercedes-Benz do Brasil exporta caminh\u00f5es Atego para coleta urbana no Chile"},"content":{"rendered":"<p><em>Revista Torque<\/em><\/p>\n<p>&nbsp;<\/p>\n<p>A empresa chilena Transfich j\u00e1 conta com uma frota nova de 18 caminh\u00f5es Atego para coleta de lixo dom\u00e9stico no munic\u00edpio de Pudahuel, na Regi\u00e3o Metropolitana de Santiago. Produzidos na f\u00e1brica da Mercedes-Benz do Brasil, em S\u00e3o Bernardo do Campo, estado de S\u00e3o Paulo, esse lote de ve\u00edculos \u00e9 resultado de uma venda conduzida pela Daimler Latina em parceria com a Kaufmann, distribuidor oficial de caminh\u00f5es Mercedes-Benz no Chile.<\/p>\n<p>&nbsp;<\/p>\n<p>Com 24 anos de atua\u00e7\u00e3o no setor, a Transfich tamb\u00e9m se dedica \u00e0 varri\u00e7\u00e3o de ruas e \u00e1reas verdes, como ainda de limpeza e conserva\u00e7\u00e3o de espa\u00e7os p\u00fablicos. Al\u00e9m de Pudahuel, tamb\u00e9m presta servi\u00e7os ao munic\u00edpio de Conchal\u00ed.<\/p>\n<p>&nbsp;<\/p>\n<p>\u201cEsta \u00e9 a primeira vez que trabalhamos com a Kaufmann. Notamos que \u00e9 um caminh\u00e3o muito bom, que foi customizado para n\u00f3s, pois uma caixa coletora de lixo est\u00e1 montada em sua parte traseira, o que prestaria um servi\u00e7o de melhor qualidade. Espero que seja uma rela\u00e7\u00e3o comercial longa e frut\u00edfera com a Kaufmann\u201d, diz Jaime Brice\u00f1o, gerente geral da Transfich.<\/p>\n<p>&nbsp;<\/p>\n<p><strong>Venda mostra sinais de reaquecimento do mercado chileno<\/strong><\/p>\n<p>&nbsp;<\/p>\n<p>\u201cEssa venda \u00e9 um sinal de que estamos no caminho certo. Ela abre portas a novos clientes que v\u00eam a Kaufmann como aliada para atender \u00e0s suas necessidades, podendo assim realizar seu trabalho da forma mais eficiente poss\u00edvel. Sem d\u00favida, foi um primeiro trimestre ativo no mercado chileno de caminh\u00f5es. Esperamos que isso ajude a reativar os mais diferentes setores produtivos do nosso pa\u00eds\u201d, afirma Andr\u00e9s Mann, gerente da Divis\u00e3o de Caminh\u00f5es da Kaufmann.<\/p>\n<p>&nbsp;<\/p>\n<p>Al\u00e9m da Mercedes-Benz, a Kaufmann \u00e9 o distribuidor oficial das marcas FUSO e Freightliner no Chile, se posicionando no mercado como um aliado estrat\u00e9gico das mais importantes empresas de minera\u00e7\u00e3o, constru\u00e7\u00e3o e log\u00edstica, entre v\u00e1rios setores.<\/p>\n<p>&nbsp;<\/p>\n<p>A Kaufmann segue l\u00edder do mercado de caminh\u00f5es do Chile, que alcan\u00e7ou cifras positivas no primeiro trimestre de 2021, destacando-se pelo atendimento personalizado a cada cliente e um servi\u00e7o de p\u00f3s-venda que continua agregando novos clientes em todo o pa\u00eds.<\/p>\n<p>&nbsp;<\/p>\n<p><strong>Consultoria com foco na melhor solu\u00e7\u00e3o para o cliente<\/strong><\/p>\n<p>&nbsp;<\/p>\n<p>\u201cO Chile \u00e9 um dos principais e tradicionais mercados de exporta\u00e7\u00e3o dos ve\u00edculos fabricados pela Mercedes-Benz do Brasil, sempre demandando produtos inovadores e com melhor custo-benef\u00edcio. Por meio da consultoria da nossa equipe, entregamos a melhor solu\u00e7\u00e3o para cada mercado\u201d, diz Jens Burger, diretor geral do centro regional Daimler Am\u00e9rica Latina. \u201cEste \u00e9 o caso do Atego coletor de lixo customizado para a Transfich, caminh\u00e3o que se destaca pela for\u00e7a, robustez e resist\u00eancia no trabalho severo da coleta urbana, com economia no consumo de combust\u00edvel e conforto para o motorista\u201d.<\/p>\n<p>&nbsp;<\/p>\n<p><strong>Linha de caminh\u00f5es Atego para coleta de lixo<\/strong><\/p>\n<p>&nbsp;<\/p>\n<p>Caminh\u00e3o resistente e com baixo custo operacional, o Atego se destaca pelo chassi robusto e de f\u00e1cil implementa\u00e7\u00e3o, suspens\u00e3o da cabina de quatro pontos para maior conforto e melhor isolamento de vibra\u00e7\u00f5es e absor\u00e7\u00e3o de impactos, escape vertical, freio a tambor com regulador autom\u00e1tico de lonas e tomada de for\u00e7a no motor ou no c\u00e2mbio (apenas para o Atego 1729 com c\u00e2mbio autom\u00e1tico).<\/p>\n<p>&nbsp;<\/p>\n<p>A Mercedes-Benz oferece ao mercado uma completa linha de caminh\u00f5es para coleta de lixo. Com entre eixos de 4.800 mm e motor OM 926 LA de 6 cilindros com 286 cv de pot\u00eancia e 1.120 Nm de torque, o Atego 1729 4\u00d72 est\u00e1 apto para o uso de compactadores de 19 metros c\u00fabicos. Al\u00e9m do c\u00e2mbio mec\u00e2nico de 8 marchas + 1 super reduzida, a marca oferece uma vers\u00e3o equipada com transmiss\u00e3o autom\u00e1tica Alisson de 6 marchas.<\/p>\n<p>&nbsp;<\/p>\n<p>A transmiss\u00e3o autom\u00e1tica \u00e9 uma solu\u00e7\u00e3o recomendada para opera\u00e7\u00f5es de coleta de lixo devido ao intenso \u201cpara e anda\u201d do ve\u00edculo, mesmo nas vias estreitas no interior dos bairros, proporcionando mais conforto, seguran\u00e7a e menor custo de opera\u00e7\u00e3o. O c\u00e2mbio autom\u00e1tico evita trancos na transmiss\u00e3o e reduz paradas de manuten\u00e7\u00e3o, pois n\u00e3o utiliza embreagem.<\/p>\n<p>&nbsp;<\/p>\n<p>O portf\u00f3lio da Mercedes-Benz para coleta de lixo inclui ainda os modelos Atego 1719 e 1726, ambos 4\u00d72, que permitem o uso de compactadores de 15 metros c\u00fabicos. Com entre eixos de 3.600 mm, d\u00e3o ao cliente a op\u00e7\u00e3o de escolha entre o motor OM 924 de 4 cilindros com 185 cv de pot\u00eancia e 700 Nm de torque (Atego 1719) ou o OM 926 LA de 6 cilindros com 256 cv de pot\u00eancia e 900 Nm de torque (Atego 1726). (Revista Torque)<\/p>\n","protected":false},"excerpt":{"rendered":"<p>Revista Torque &nbsp; A empresa chilena Transfich j\u00e1 conta com uma frota nova de 18 caminh\u00f5es Atego para coleta de lixo dom\u00e9stico no munic\u00edpio de Pudahuel, na Regi\u00e3o Metropolitana de Santiago. Produzidos na f\u00e1brica da Mercedes-Benz do Brasil, em S\u00e3o Bernardo do Campo, estado de S\u00e3o Paulo, esse lote de ve\u00edculos \u00e9 resultado de uma\u2026 <a class=\"readmore\" href=\"https:\/\/dana.com.br\/canaldana\/2021\/06\/11\/mercedes-benz-do-brasil-exporta-caminhoes-atego-para-coleta-urbana-no-chile\/\">Leia mais \u00bb<\/a><\/p>\n","protected":false},"author":3,"featured_media":0,"comment_status":"closed","ping_status":"closed","sticky":false,"template":"","format":"standard","meta":{"_acf_changed":false,"footnotes":""},"categories":[79],"tags":[],"class_list":["post-50812","post","type-post","status-publish","format-standard","hentry","category-mercado"],"acf":[],"yoast_head":"<!-- This site is optimized with the Yoast SEO plugin v27.3 - https:\/\/yoast.com\/product\/yoast-seo-wordpress\/ -->\n<title>Mercedes-Benz do Brasil exporta caminh\u00f5es Atego para coleta urbana no Chile - Canal Dana<\/title>\n<meta name=\"robots\" content=\"index, follow, max-snippet:-1, max-image-preview:large, max-video-preview:-1\" \/>\n<link rel=\"canonical\" href=\"https:\/\/dana.com.br\/canaldana\/2021\/06\/11\/mercedes-benz-do-brasil-exporta-caminhoes-atego-para-coleta-urbana-no-chile\/\" \/>\n<meta property=\"og:locale\" content=\"pt_BR\" \/>\n<meta property=\"og:type\" content=\"article\" \/>\n<meta property=\"og:title\" content=\"Mercedes-Benz do Brasil exporta caminh\u00f5es Atego para coleta urbana no Chile - Canal Dana\" \/>\n<meta property=\"og:description\" content=\"Revista Torque &nbsp; A empresa chilena Transfich j\u00e1 conta com uma frota nova de 18 caminh\u00f5es Atego para coleta de lixo dom\u00e9stico no munic\u00edpio de Pudahuel, na Regi\u00e3o Metropolitana de Santiago. Produzidos na f\u00e1brica da Mercedes-Benz do Brasil, em S\u00e3o Bernardo do Campo, estado de S\u00e3o Paulo, esse lote de ve\u00edculos \u00e9 resultado de uma\u2026 Leia mais \u00bb\" \/>\n<meta property=\"og:url\" content=\"https:\/\/dana.com.br\/canaldana\/2021\/06\/11\/mercedes-benz-do-brasil-exporta-caminhoes-atego-para-coleta-urbana-no-chile\/\" \/>\n<meta property=\"og:site_name\" content=\"Canal Dana\" \/>\n<meta property=\"article:published_time\" content=\"2021-06-11T11:27:19+00:00\" \/>\n<meta name=\"author\" content=\"Canal Dana\" \/>\n<meta name=\"twitter:card\" content=\"summary_large_image\" \/>\n<meta name=\"twitter:label1\" content=\"Escrito por\" \/>\n\t<meta name=\"twitter:data1\" content=\"Canal Dana\" \/>\n\t<meta name=\"twitter:label2\" content=\"Est. tempo de leitura\" \/>\n\t<meta name=\"twitter:data2\" content=\"4 minutos\" \/>\n<script type=\"application\/ld+json\" class=\"yoast-schema-graph\">{\"@context\":\"https:\\\/\\\/schema.org\",\"@graph\":[{\"@type\":\"Article\",\"@id\":\"https:\\\/\\\/dana.com.br\\\/canaldana\\\/2021\\\/06\\\/11\\\/mercedes-benz-do-brasil-exporta-caminhoes-atego-para-coleta-urbana-no-chile\\\/#article\",\"isPartOf\":{\"@id\":\"https:\\\/\\\/dana.com.br\\\/canaldana\\\/2021\\\/06\\\/11\\\/mercedes-benz-do-brasil-exporta-caminhoes-atego-para-coleta-urbana-no-chile\\\/\"},\"author\":{\"name\":\"Canal Dana\",\"@id\":\"https:\\\/\\\/dana.com.br\\\/canaldana\\\/#\\\/schema\\\/person\\\/3c21f22f56fcf3bc46b94bc60ea4fef6\"},\"headline\":\"Mercedes-Benz do Brasil exporta caminh\u00f5es Atego para coleta urbana no Chile\",\"datePublished\":\"2021-06-11T11:27:19+00:00\",\"mainEntityOfPage\":{\"@id\":\"https:\\\/\\\/dana.com.br\\\/canaldana\\\/2021\\\/06\\\/11\\\/mercedes-benz-do-brasil-exporta-caminhoes-atego-para-coleta-urbana-no-chile\\\/\"},\"wordCount\":792,\"articleSection\":[\"Mercado\"],\"inLanguage\":\"pt-BR\"},{\"@type\":\"WebPage\",\"@id\":\"https:\\\/\\\/dana.com.br\\\/canaldana\\\/2021\\\/06\\\/11\\\/mercedes-benz-do-brasil-exporta-caminhoes-atego-para-coleta-urbana-no-chile\\\/\",\"url\":\"https:\\\/\\\/dana.com.br\\\/canaldana\\\/2021\\\/06\\\/11\\\/mercedes-benz-do-brasil-exporta-caminhoes-atego-para-coleta-urbana-no-chile\\\/\",\"name\":\"Mercedes-Benz do Brasil exporta caminh\u00f5es Atego para coleta urbana no Chile - Canal Dana\",\"isPartOf\":{\"@id\":\"https:\\\/\\\/dana.com.br\\\/canaldana\\\/#website\"},\"datePublished\":\"2021-06-11T11:27:19+00:00\",\"author\":{\"@id\":\"https:\\\/\\\/dana.com.br\\\/canaldana\\\/#\\\/schema\\\/person\\\/3c21f22f56fcf3bc46b94bc60ea4fef6\"},\"breadcrumb\":{\"@id\":\"https:\\\/\\\/dana.com.br\\\/canaldana\\\/2021\\\/06\\\/11\\\/mercedes-benz-do-brasil-exporta-caminhoes-atego-para-coleta-urbana-no-chile\\\/#breadcrumb\"},\"inLanguage\":\"pt-BR\",\"potentialAction\":[{\"@type\":\"ReadAction\",\"target\":[\"https:\\\/\\\/dana.com.br\\\/canaldana\\\/2021\\\/06\\\/11\\\/mercedes-benz-do-brasil-exporta-caminhoes-atego-para-coleta-urbana-no-chile\\\/\"]}]},{\"@type\":\"BreadcrumbList\",\"@id\":\"https:\\\/\\\/dana.com.br\\\/canaldana\\\/2021\\\/06\\\/11\\\/mercedes-benz-do-brasil-exporta-caminhoes-atego-para-coleta-urbana-no-chile\\\/#breadcrumb\",\"itemListElement\":[{\"@type\":\"ListItem\",\"position\":1,\"name\":\"Home\",\"item\":\"https:\\\/\\\/dana.com.br\\\/canaldana\\\/\"},{\"@type\":\"ListItem\",\"position\":2,\"name\":\"Mercado\",\"item\":\"https:\\\/\\\/dana.com.br\\\/canaldana\\\/mercado\\\/\"},{\"@type\":\"ListItem\",\"position\":3,\"name\":\"Mercedes-Benz do Brasil exporta caminh\u00f5es Atego para coleta urbana no Chile\"}]},{\"@type\":\"WebSite\",\"@id\":\"https:\\\/\\\/dana.com.br\\\/canaldana\\\/#website\",\"url\":\"https:\\\/\\\/dana.com.br\\\/canaldana\\\/\",\"name\":\"Canal Dana\",\"description\":\"Informativo com as principais not\u00edcias da ind\u00fastria automotiva\",\"potentialAction\":[{\"@type\":\"SearchAction\",\"target\":{\"@type\":\"EntryPoint\",\"urlTemplate\":\"https:\\\/\\\/dana.com.br\\\/canaldana\\\/?s={search_term_string}\"},\"query-input\":{\"@type\":\"PropertyValueSpecification\",\"valueRequired\":true,\"valueName\":\"search_term_string\"}}],\"inLanguage\":\"pt-BR\"},{\"@type\":\"Person\",\"@id\":\"https:\\\/\\\/dana.com.br\\\/canaldana\\\/#\\\/schema\\\/person\\\/3c21f22f56fcf3bc46b94bc60ea4fef6\",\"name\":\"Canal Dana\",\"image\":{\"@type\":\"ImageObject\",\"inLanguage\":\"pt-BR\",\"@id\":\"https:\\\/\\\/secure.gravatar.com\\\/avatar\\\/420aaf9278582877d9018637c6817617705899d2858d7572ef0fe59a6b6454b4?s=96&d=mm&r=g\",\"url\":\"https:\\\/\\\/secure.gravatar.com\\\/avatar\\\/420aaf9278582877d9018637c6817617705899d2858d7572ef0fe59a6b6454b4?s=96&d=mm&r=g\",\"contentUrl\":\"https:\\\/\\\/secure.gravatar.com\\\/avatar\\\/420aaf9278582877d9018637c6817617705899d2858d7572ef0fe59a6b6454b4?s=96&d=mm&r=g\",\"caption\":\"Canal Dana\"},\"url\":\"https:\\\/\\\/dana.com.br\\\/canaldana\\\/author\\\/cdeditor\\\/\"}]}<\/script>\n<!-- \/ Yoast SEO plugin. -->","yoast_head_json":{"title":"Mercedes-Benz do Brasil exporta caminh\u00f5es Atego para coleta urbana no Chile - Canal Dana","robots":{"index":"index","follow":"follow","max-snippet":"max-snippet:-1","max-image-preview":"max-image-preview:large","max-video-preview":"max-video-preview:-1"},"canonical":"https:\/\/dana.com.br\/canaldana\/2021\/06\/11\/mercedes-benz-do-brasil-exporta-caminhoes-atego-para-coleta-urbana-no-chile\/","og_locale":"pt_BR","og_type":"article","og_title":"Mercedes-Benz do Brasil exporta caminh\u00f5es Atego para coleta urbana no Chile - Canal Dana","og_description":"Revista Torque &nbsp; A empresa chilena Transfich j\u00e1 conta com uma frota nova de 18 caminh\u00f5es Atego para coleta de lixo dom\u00e9stico no munic\u00edpio de Pudahuel, na Regi\u00e3o Metropolitana de Santiago. Produzidos na f\u00e1brica da Mercedes-Benz do Brasil, em S\u00e3o Bernardo do Campo, estado de S\u00e3o Paulo, esse lote de ve\u00edculos \u00e9 resultado de uma\u2026 Leia mais \u00bb","og_url":"https:\/\/dana.com.br\/canaldana\/2021\/06\/11\/mercedes-benz-do-brasil-exporta-caminhoes-atego-para-coleta-urbana-no-chile\/","og_site_name":"Canal Dana","article_published_time":"2021-06-11T11:27:19+00:00","author":"Canal Dana","twitter_card":"summary_large_image","twitter_misc":{"Escrito por":"Canal Dana","Est. tempo de leitura":"4 minutos"},"schema":{"@context":"https:\/\/schema.org","@graph":[{"@type":"Article","@id":"https:\/\/dana.com.br\/canaldana\/2021\/06\/11\/mercedes-benz-do-brasil-exporta-caminhoes-atego-para-coleta-urbana-no-chile\/#article","isPartOf":{"@id":"https:\/\/dana.com.br\/canaldana\/2021\/06\/11\/mercedes-benz-do-brasil-exporta-caminhoes-atego-para-coleta-urbana-no-chile\/"},"author":{"name":"Canal Dana","@id":"https:\/\/dana.com.br\/canaldana\/#\/schema\/person\/3c21f22f56fcf3bc46b94bc60ea4fef6"},"headline":"Mercedes-Benz do Brasil exporta caminh\u00f5es Atego para coleta urbana no Chile","datePublished":"2021-06-11T11:27:19+00:00","mainEntityOfPage":{"@id":"https:\/\/dana.com.br\/canaldana\/2021\/06\/11\/mercedes-benz-do-brasil-exporta-caminhoes-atego-para-coleta-urbana-no-chile\/"},"wordCount":792,"articleSection":["Mercado"],"inLanguage":"pt-BR"},{"@type":"WebPage","@id":"https:\/\/dana.com.br\/canaldana\/2021\/06\/11\/mercedes-benz-do-brasil-exporta-caminhoes-atego-para-coleta-urbana-no-chile\/","url":"https:\/\/dana.com.br\/canaldana\/2021\/06\/11\/mercedes-benz-do-brasil-exporta-caminhoes-atego-para-coleta-urbana-no-chile\/","name":"Mercedes-Benz do Brasil exporta caminh\u00f5es Atego para coleta urbana no Chile - Canal Dana","isPartOf":{"@id":"https:\/\/dana.com.br\/canaldana\/#website"},"datePublished":"2021-06-11T11:27:19+00:00","author":{"@id":"https:\/\/dana.com.br\/canaldana\/#\/schema\/person\/3c21f22f56fcf3bc46b94bc60ea4fef6"},"breadcrumb":{"@id":"https:\/\/dana.com.br\/canaldana\/2021\/06\/11\/mercedes-benz-do-brasil-exporta-caminhoes-atego-para-coleta-urbana-no-chile\/#breadcrumb"},"inLanguage":"pt-BR","potentialAction":[{"@type":"ReadAction","target":["https:\/\/dana.com.br\/canaldana\/2021\/06\/11\/mercedes-benz-do-brasil-exporta-caminhoes-atego-para-coleta-urbana-no-chile\/"]}]},{"@type":"BreadcrumbList","@id":"https:\/\/dana.com.br\/canaldana\/2021\/06\/11\/mercedes-benz-do-brasil-exporta-caminhoes-atego-para-coleta-urbana-no-chile\/#breadcrumb","itemListElement":[{"@type":"ListItem","position":1,"name":"Home","item":"https:\/\/dana.com.br\/canaldana\/"},{"@type":"ListItem","position":2,"name":"Mercado","item":"https:\/\/dana.com.br\/canaldana\/mercado\/"},{"@type":"ListItem","position":3,"name":"Mercedes-Benz do Brasil exporta caminh\u00f5es Atego para coleta urbana no Chile"}]},{"@type":"WebSite","@id":"https:\/\/dana.com.br\/canaldana\/#website","url":"https:\/\/dana.com.br\/canaldana\/","name":"Canal Dana","description":"Informativo com as principais not\u00edcias da ind\u00fastria automotiva","potentialAction":[{"@type":"SearchAction","target":{"@type":"EntryPoint","urlTemplate":"https:\/\/dana.com.br\/canaldana\/?s={search_term_string}"},"query-input":{"@type":"PropertyValueSpecification","valueRequired":true,"valueName":"search_term_string"}}],"inLanguage":"pt-BR"},{"@type":"Person","@id":"https:\/\/dana.com.br\/canaldana\/#\/schema\/person\/3c21f22f56fcf3bc46b94bc60ea4fef6","name":"Canal Dana","image":{"@type":"ImageObject","inLanguage":"pt-BR","@id":"https:\/\/secure.gravatar.com\/avatar\/420aaf9278582877d9018637c6817617705899d2858d7572ef0fe59a6b6454b4?s=96&d=mm&r=g","url":"https:\/\/secure.gravatar.com\/avatar\/420aaf9278582877d9018637c6817617705899d2858d7572ef0fe59a6b6454b4?s=96&d=mm&r=g","contentUrl":"https:\/\/secure.gravatar.com\/avatar\/420aaf9278582877d9018637c6817617705899d2858d7572ef0fe59a6b6454b4?s=96&d=mm&r=g","caption":"Canal Dana"},"url":"https:\/\/dana.com.br\/canaldana\/author\/cdeditor\/"}]}},"_links":{"self":[{"href":"https:\/\/dana.com.br\/canaldana\/wp-json\/wp\/v2\/posts\/50812","targetHints":{"allow":["GET"]}}],"collection":[{"href":"https:\/\/dana.com.br\/canaldana\/wp-json\/wp\/v2\/posts"}],"about":[{"href":"https:\/\/dana.com.br\/canaldana\/wp-json\/wp\/v2\/types\/post"}],"author":[{"embeddable":true,"href":"https:\/\/dana.com.br\/canaldana\/wp-json\/wp\/v2\/users\/3"}],"replies":[{"embeddable":true,"href":"https:\/\/dana.com.br\/canaldana\/wp-json\/wp\/v2\/comments?post=50812"}],"version-history":[{"count":0,"href":"https:\/\/dana.com.br\/canaldana\/wp-json\/wp\/v2\/posts\/50812\/revisions"}],"wp:attachment":[{"href":"https:\/\/dana.com.br\/canaldana\/wp-json\/wp\/v2\/media?parent=50812"}],"wp:term":[{"taxonomy":"category","embeddable":true,"href":"https:\/\/dana.com.br\/canaldana\/wp-json\/wp\/v2\/categories?post=50812"},{"taxonomy":"post_tag","embeddable":true,"href":"https:\/\/dana.com.br\/canaldana\/wp-json\/wp\/v2\/tags?post=50812"}],"curies":[{"name":"wp","href":"https:\/\/api.w.org\/{rel}","templated":true}]}}