{"id":50793,"date":"2021-06-10T08:40:55","date_gmt":"2021-06-10T11:40:55","guid":{"rendered":"https:\/\/dana.com.br\/canaldana\/?p=50793"},"modified":"2021-06-10T08:40:55","modified_gmt":"2021-06-10T11:40:55","slug":"venda-de-veiculos-eletrificados-em-maio-supera-3-mil-unidades","status":"publish","type":"post","link":"https:\/\/dana.com.br\/canaldana\/2021\/06\/10\/venda-de-veiculos-eletrificados-em-maio-supera-3-mil-unidades\/","title":{"rendered":"Venda de ve\u00edculos eletrificados em maio supera 3 mil unidades"},"content":{"rendered":"<p><em>AutoInd\u00fastria <\/em><\/p>\n<p>&nbsp;<\/p>\n<p>A venda de ve\u00edculos eletrificados em maio, incluindo h\u00edbridos e el\u00e9tricos, foi destacada pelo presidente da Anfavea, Luiz Carlos Moraes, durante a apresenta\u00e7\u00e3o esta semana do balan\u00e7o do setor nos primeiros cinco meses do ano. O volume ainda \u00e9 relativamente baixo considerando o avan\u00e7o desse segmento em outros pa\u00edses, mas sinaliza um crescimento cont\u00ednuo da demanda interna por produtos do g\u00eanero.<\/p>\n<p>&nbsp;<\/p>\n<p>Pela primeira vez desde a chegada dos el\u00e9tricos no Pa\u00eds o volume de venda mensal ultrapassou 3 mil unidades em maio \u2013 exatas 3.102 -, com participa\u00e7\u00e3o recorde de 1,8% no total de ve\u00edculos vendidos por aqui. No ano passado, o maior volume mensal foi registrado em outubro, com 2.273 unidades, e os eletrificados responderam, na m\u00e9dia anual, por apenas 1% do mercado de autom\u00f3veis e comerciais leves.<\/p>\n<p>&nbsp;<\/p>\n<p>Este ano as vendas ficaram na faixa de 1,3 mil unidades em janeiro e maio, subiram para 1,8 mil em mar\u00e7o e chegaram a 2,7 mil em abril, batendo recorde no m\u00eas passado. Os h\u00edbridos dominam amplamente os neg\u00f3cios em fun\u00e7\u00e3o, principalmente, dos modelos produzidos localmente pela Toyota, o Corolla Hybrid e o Corolla Cross Hybrid, esse \u00faltimo lan\u00e7ado este ano. Dos 3.102 eletrificados comercializados no m\u00eas passado, 3.016 foram h\u00edbridos.<\/p>\n<p>&nbsp;<\/p>\n<p>O setor vem debatendo o tema dos eletrificados no \u00e2mbito do programa Combust\u00edvel do Futuro, criado em abril pelo CNPE, Conselho Nacional de Pol\u00edtica Energ\u00e9tica, que tem como princ\u00edpio o uso de fontes alternativas de energia e o fortalecimento do desenvolvimento tecnol\u00f3gico nacional.<\/p>\n<p>&nbsp;<\/p>\n<p>Nesse contexto, os biocombust\u00edveis ganham for\u00e7a como um dos melhores caminhos a serem seguidos no Pa\u00eds, com destaque justamente para o h\u00edbrido flex, que utiliza o etanol. \u201cO Brasil tem os biocombust\u00edveis que contribuem para a redu\u00e7\u00e3o da emiss\u00e3o de CO2\u201d, lembrou o presidente da Anfavea. \u201cEstamos avaliando v\u00e1rias quest\u00f5es, incluindo a da infraestrutura para atender os ve\u00edculos el\u00e9tricos\u201d.<\/p>\n<p>&nbsp;<\/p>\n<p>A Toyota foi pioneira no h\u00edbrido flex, mas outras montadoras j\u00e1 est\u00e3o se movimentando para lan\u00e7ar modelos desse tipo no Pa\u00eds. A Nissan, por exemplo, admite trabalhar no desenvolvimento de motoriza\u00e7\u00e3o h\u00edbrida para o Kicks nacional e o presidente da fabricante no Mercosul, Airton Cousseau, prev\u00ea que os eletrificados ser\u00e3o a quase totalidade dos neg\u00f3cios da marca no Brasil daqui a 10 anos.<\/p>\n<p>&nbsp;<\/p>\n<p>Na segunda-feira, 14, a fabricante japonesa promove, junto com o IPEN, Instituto de Pesquisas Energ\u00e9ticas e Nucleares, cerim\u00f4nia virtual, seguida de sess\u00e3o de perguntas e respostas, de oficializa\u00e7\u00e3o de um novo acordo para o desenvolvimento do uso do bioetanol para ve\u00edculos movidos \u00e0 C\u00e9lula de Combust\u00edvel. Cousseau participar\u00e1 do evento.<\/p>\n<p>&nbsp;<\/p>\n<p>Dentre os h\u00edbridos que est\u00e3o para chegar no Pa\u00eds ainda este ano incluem-se os Jeep Renegade 4xe e Compass 4xe, que combinam um motor turbo 1.3 a gasolina com um el\u00e9trico. Os modelos, que come\u00e7aram a ser vendidos nas concession\u00e1rias da marca na Europa em meados do ano passado, aceleram de 0 a 100 km\/h em menos de 7,5 segundos e atingem 130 hm de velocidade m\u00e1xima em modo totalmente el\u00e9trico e de 200 km\/h no modo h\u00edbrido. (AutoInd\u00fastria\/Alzira Rodrigues)<\/p>\n","protected":false},"excerpt":{"rendered":"<p>AutoInd\u00fastria &nbsp; A venda de ve\u00edculos eletrificados em maio, incluindo h\u00edbridos e el\u00e9tricos, foi destacada pelo presidente da Anfavea, Luiz Carlos Moraes, durante a apresenta\u00e7\u00e3o esta semana do balan\u00e7o do setor nos primeiros cinco meses do ano. O volume ainda \u00e9 relativamente baixo considerando o avan\u00e7o desse segmento em outros pa\u00edses, mas sinaliza um crescimento\u2026 <a class=\"readmore\" href=\"https:\/\/dana.com.br\/canaldana\/2021\/06\/10\/venda-de-veiculos-eletrificados-em-maio-supera-3-mil-unidades\/\">Leia mais \u00bb<\/a><\/p>\n","protected":false},"author":3,"featured_media":0,"comment_status":"closed","ping_status":"closed","sticky":false,"template":"","format":"standard","meta":{"_acf_changed":false,"footnotes":""},"categories":[61],"tags":[],"class_list":["post-50793","post","type-post","status-publish","format-standard","hentry","category-destaques"],"acf":[],"yoast_head":"<!-- This site is optimized with the Yoast SEO plugin v27.3 - https:\/\/yoast.com\/product\/yoast-seo-wordpress\/ -->\n<title>Venda de ve\u00edculos eletrificados em maio supera 3 mil unidades - Canal Dana<\/title>\n<meta name=\"robots\" content=\"index, follow, max-snippet:-1, max-image-preview:large, max-video-preview:-1\" \/>\n<link rel=\"canonical\" href=\"https:\/\/dana.com.br\/canaldana\/2021\/06\/10\/venda-de-veiculos-eletrificados-em-maio-supera-3-mil-unidades\/\" \/>\n<meta property=\"og:locale\" content=\"pt_BR\" \/>\n<meta property=\"og:type\" content=\"article\" \/>\n<meta property=\"og:title\" content=\"Venda de ve\u00edculos eletrificados em maio supera 3 mil unidades - Canal Dana\" \/>\n<meta property=\"og:description\" content=\"AutoInd\u00fastria &nbsp; A venda de ve\u00edculos eletrificados em maio, incluindo h\u00edbridos e el\u00e9tricos, foi destacada pelo presidente da Anfavea, Luiz Carlos Moraes, durante a apresenta\u00e7\u00e3o esta semana do balan\u00e7o do setor nos primeiros cinco meses do ano. O volume ainda \u00e9 relativamente baixo considerando o avan\u00e7o desse segmento em outros pa\u00edses, mas sinaliza um crescimento\u2026 Leia mais \u00bb\" \/>\n<meta property=\"og:url\" content=\"https:\/\/dana.com.br\/canaldana\/2021\/06\/10\/venda-de-veiculos-eletrificados-em-maio-supera-3-mil-unidades\/\" \/>\n<meta property=\"og:site_name\" content=\"Canal Dana\" \/>\n<meta property=\"article:published_time\" content=\"2021-06-10T11:40:55+00:00\" \/>\n<meta name=\"author\" content=\"Canal Dana\" \/>\n<meta name=\"twitter:card\" content=\"summary_large_image\" \/>\n<meta name=\"twitter:label1\" content=\"Escrito por\" \/>\n\t<meta name=\"twitter:data1\" content=\"Canal Dana\" \/>\n\t<meta name=\"twitter:label2\" content=\"Est. tempo de leitura\" \/>\n\t<meta name=\"twitter:data2\" content=\"3 minutos\" \/>\n<script type=\"application\/ld+json\" class=\"yoast-schema-graph\">{\"@context\":\"https:\\\/\\\/schema.org\",\"@graph\":[{\"@type\":\"Article\",\"@id\":\"https:\\\/\\\/dana.com.br\\\/canaldana\\\/2021\\\/06\\\/10\\\/venda-de-veiculos-eletrificados-em-maio-supera-3-mil-unidades\\\/#article\",\"isPartOf\":{\"@id\":\"https:\\\/\\\/dana.com.br\\\/canaldana\\\/2021\\\/06\\\/10\\\/venda-de-veiculos-eletrificados-em-maio-supera-3-mil-unidades\\\/\"},\"author\":{\"name\":\"Canal Dana\",\"@id\":\"https:\\\/\\\/dana.com.br\\\/canaldana\\\/#\\\/schema\\\/person\\\/3c21f22f56fcf3bc46b94bc60ea4fef6\"},\"headline\":\"Venda de ve\u00edculos eletrificados em maio supera 3 mil unidades\",\"datePublished\":\"2021-06-10T11:40:55+00:00\",\"mainEntityOfPage\":{\"@id\":\"https:\\\/\\\/dana.com.br\\\/canaldana\\\/2021\\\/06\\\/10\\\/venda-de-veiculos-eletrificados-em-maio-supera-3-mil-unidades\\\/\"},\"wordCount\":561,\"articleSection\":[\"Destaques\"],\"inLanguage\":\"pt-BR\"},{\"@type\":\"WebPage\",\"@id\":\"https:\\\/\\\/dana.com.br\\\/canaldana\\\/2021\\\/06\\\/10\\\/venda-de-veiculos-eletrificados-em-maio-supera-3-mil-unidades\\\/\",\"url\":\"https:\\\/\\\/dana.com.br\\\/canaldana\\\/2021\\\/06\\\/10\\\/venda-de-veiculos-eletrificados-em-maio-supera-3-mil-unidades\\\/\",\"name\":\"Venda de ve\u00edculos eletrificados em maio supera 3 mil unidades - Canal Dana\",\"isPartOf\":{\"@id\":\"https:\\\/\\\/dana.com.br\\\/canaldana\\\/#website\"},\"datePublished\":\"2021-06-10T11:40:55+00:00\",\"author\":{\"@id\":\"https:\\\/\\\/dana.com.br\\\/canaldana\\\/#\\\/schema\\\/person\\\/3c21f22f56fcf3bc46b94bc60ea4fef6\"},\"breadcrumb\":{\"@id\":\"https:\\\/\\\/dana.com.br\\\/canaldana\\\/2021\\\/06\\\/10\\\/venda-de-veiculos-eletrificados-em-maio-supera-3-mil-unidades\\\/#breadcrumb\"},\"inLanguage\":\"pt-BR\",\"potentialAction\":[{\"@type\":\"ReadAction\",\"target\":[\"https:\\\/\\\/dana.com.br\\\/canaldana\\\/2021\\\/06\\\/10\\\/venda-de-veiculos-eletrificados-em-maio-supera-3-mil-unidades\\\/\"]}]},{\"@type\":\"BreadcrumbList\",\"@id\":\"https:\\\/\\\/dana.com.br\\\/canaldana\\\/2021\\\/06\\\/10\\\/venda-de-veiculos-eletrificados-em-maio-supera-3-mil-unidades\\\/#breadcrumb\",\"itemListElement\":[{\"@type\":\"ListItem\",\"position\":1,\"name\":\"Home\",\"item\":\"https:\\\/\\\/dana.com.br\\\/canaldana\\\/\"},{\"@type\":\"ListItem\",\"position\":2,\"name\":\"Destaques\",\"item\":\"https:\\\/\\\/dana.com.br\\\/canaldana\\\/destaques\\\/\"},{\"@type\":\"ListItem\",\"position\":3,\"name\":\"Venda de ve\u00edculos eletrificados em maio supera 3 mil unidades\"}]},{\"@type\":\"WebSite\",\"@id\":\"https:\\\/\\\/dana.com.br\\\/canaldana\\\/#website\",\"url\":\"https:\\\/\\\/dana.com.br\\\/canaldana\\\/\",\"name\":\"Canal Dana\",\"description\":\"Informativo com as principais not\u00edcias da ind\u00fastria automotiva\",\"potentialAction\":[{\"@type\":\"SearchAction\",\"target\":{\"@type\":\"EntryPoint\",\"urlTemplate\":\"https:\\\/\\\/dana.com.br\\\/canaldana\\\/?s={search_term_string}\"},\"query-input\":{\"@type\":\"PropertyValueSpecification\",\"valueRequired\":true,\"valueName\":\"search_term_string\"}}],\"inLanguage\":\"pt-BR\"},{\"@type\":\"Person\",\"@id\":\"https:\\\/\\\/dana.com.br\\\/canaldana\\\/#\\\/schema\\\/person\\\/3c21f22f56fcf3bc46b94bc60ea4fef6\",\"name\":\"Canal Dana\",\"image\":{\"@type\":\"ImageObject\",\"inLanguage\":\"pt-BR\",\"@id\":\"https:\\\/\\\/secure.gravatar.com\\\/avatar\\\/420aaf9278582877d9018637c6817617705899d2858d7572ef0fe59a6b6454b4?s=96&d=mm&r=g\",\"url\":\"https:\\\/\\\/secure.gravatar.com\\\/avatar\\\/420aaf9278582877d9018637c6817617705899d2858d7572ef0fe59a6b6454b4?s=96&d=mm&r=g\",\"contentUrl\":\"https:\\\/\\\/secure.gravatar.com\\\/avatar\\\/420aaf9278582877d9018637c6817617705899d2858d7572ef0fe59a6b6454b4?s=96&d=mm&r=g\",\"caption\":\"Canal Dana\"},\"url\":\"https:\\\/\\\/dana.com.br\\\/canaldana\\\/author\\\/cdeditor\\\/\"}]}<\/script>\n<!-- \/ Yoast SEO plugin. -->","yoast_head_json":{"title":"Venda de ve\u00edculos eletrificados em maio supera 3 mil unidades - Canal Dana","robots":{"index":"index","follow":"follow","max-snippet":"max-snippet:-1","max-image-preview":"max-image-preview:large","max-video-preview":"max-video-preview:-1"},"canonical":"https:\/\/dana.com.br\/canaldana\/2021\/06\/10\/venda-de-veiculos-eletrificados-em-maio-supera-3-mil-unidades\/","og_locale":"pt_BR","og_type":"article","og_title":"Venda de ve\u00edculos eletrificados em maio supera 3 mil unidades - Canal Dana","og_description":"AutoInd\u00fastria &nbsp; A venda de ve\u00edculos eletrificados em maio, incluindo h\u00edbridos e el\u00e9tricos, foi destacada pelo presidente da Anfavea, Luiz Carlos Moraes, durante a apresenta\u00e7\u00e3o esta semana do balan\u00e7o do setor nos primeiros cinco meses do ano. O volume ainda \u00e9 relativamente baixo considerando o avan\u00e7o desse segmento em outros pa\u00edses, mas sinaliza um crescimento\u2026 Leia mais \u00bb","og_url":"https:\/\/dana.com.br\/canaldana\/2021\/06\/10\/venda-de-veiculos-eletrificados-em-maio-supera-3-mil-unidades\/","og_site_name":"Canal Dana","article_published_time":"2021-06-10T11:40:55+00:00","author":"Canal Dana","twitter_card":"summary_large_image","twitter_misc":{"Escrito por":"Canal Dana","Est. tempo de leitura":"3 minutos"},"schema":{"@context":"https:\/\/schema.org","@graph":[{"@type":"Article","@id":"https:\/\/dana.com.br\/canaldana\/2021\/06\/10\/venda-de-veiculos-eletrificados-em-maio-supera-3-mil-unidades\/#article","isPartOf":{"@id":"https:\/\/dana.com.br\/canaldana\/2021\/06\/10\/venda-de-veiculos-eletrificados-em-maio-supera-3-mil-unidades\/"},"author":{"name":"Canal Dana","@id":"https:\/\/dana.com.br\/canaldana\/#\/schema\/person\/3c21f22f56fcf3bc46b94bc60ea4fef6"},"headline":"Venda de ve\u00edculos eletrificados em maio supera 3 mil unidades","datePublished":"2021-06-10T11:40:55+00:00","mainEntityOfPage":{"@id":"https:\/\/dana.com.br\/canaldana\/2021\/06\/10\/venda-de-veiculos-eletrificados-em-maio-supera-3-mil-unidades\/"},"wordCount":561,"articleSection":["Destaques"],"inLanguage":"pt-BR"},{"@type":"WebPage","@id":"https:\/\/dana.com.br\/canaldana\/2021\/06\/10\/venda-de-veiculos-eletrificados-em-maio-supera-3-mil-unidades\/","url":"https:\/\/dana.com.br\/canaldana\/2021\/06\/10\/venda-de-veiculos-eletrificados-em-maio-supera-3-mil-unidades\/","name":"Venda de ve\u00edculos eletrificados em maio supera 3 mil unidades - Canal Dana","isPartOf":{"@id":"https:\/\/dana.com.br\/canaldana\/#website"},"datePublished":"2021-06-10T11:40:55+00:00","author":{"@id":"https:\/\/dana.com.br\/canaldana\/#\/schema\/person\/3c21f22f56fcf3bc46b94bc60ea4fef6"},"breadcrumb":{"@id":"https:\/\/dana.com.br\/canaldana\/2021\/06\/10\/venda-de-veiculos-eletrificados-em-maio-supera-3-mil-unidades\/#breadcrumb"},"inLanguage":"pt-BR","potentialAction":[{"@type":"ReadAction","target":["https:\/\/dana.com.br\/canaldana\/2021\/06\/10\/venda-de-veiculos-eletrificados-em-maio-supera-3-mil-unidades\/"]}]},{"@type":"BreadcrumbList","@id":"https:\/\/dana.com.br\/canaldana\/2021\/06\/10\/venda-de-veiculos-eletrificados-em-maio-supera-3-mil-unidades\/#breadcrumb","itemListElement":[{"@type":"ListItem","position":1,"name":"Home","item":"https:\/\/dana.com.br\/canaldana\/"},{"@type":"ListItem","position":2,"name":"Destaques","item":"https:\/\/dana.com.br\/canaldana\/destaques\/"},{"@type":"ListItem","position":3,"name":"Venda de ve\u00edculos eletrificados em maio supera 3 mil unidades"}]},{"@type":"WebSite","@id":"https:\/\/dana.com.br\/canaldana\/#website","url":"https:\/\/dana.com.br\/canaldana\/","name":"Canal Dana","description":"Informativo com as principais not\u00edcias da ind\u00fastria automotiva","potentialAction":[{"@type":"SearchAction","target":{"@type":"EntryPoint","urlTemplate":"https:\/\/dana.com.br\/canaldana\/?s={search_term_string}"},"query-input":{"@type":"PropertyValueSpecification","valueRequired":true,"valueName":"search_term_string"}}],"inLanguage":"pt-BR"},{"@type":"Person","@id":"https:\/\/dana.com.br\/canaldana\/#\/schema\/person\/3c21f22f56fcf3bc46b94bc60ea4fef6","name":"Canal Dana","image":{"@type":"ImageObject","inLanguage":"pt-BR","@id":"https:\/\/secure.gravatar.com\/avatar\/420aaf9278582877d9018637c6817617705899d2858d7572ef0fe59a6b6454b4?s=96&d=mm&r=g","url":"https:\/\/secure.gravatar.com\/avatar\/420aaf9278582877d9018637c6817617705899d2858d7572ef0fe59a6b6454b4?s=96&d=mm&r=g","contentUrl":"https:\/\/secure.gravatar.com\/avatar\/420aaf9278582877d9018637c6817617705899d2858d7572ef0fe59a6b6454b4?s=96&d=mm&r=g","caption":"Canal Dana"},"url":"https:\/\/dana.com.br\/canaldana\/author\/cdeditor\/"}]}},"_links":{"self":[{"href":"https:\/\/dana.com.br\/canaldana\/wp-json\/wp\/v2\/posts\/50793","targetHints":{"allow":["GET"]}}],"collection":[{"href":"https:\/\/dana.com.br\/canaldana\/wp-json\/wp\/v2\/posts"}],"about":[{"href":"https:\/\/dana.com.br\/canaldana\/wp-json\/wp\/v2\/types\/post"}],"author":[{"embeddable":true,"href":"https:\/\/dana.com.br\/canaldana\/wp-json\/wp\/v2\/users\/3"}],"replies":[{"embeddable":true,"href":"https:\/\/dana.com.br\/canaldana\/wp-json\/wp\/v2\/comments?post=50793"}],"version-history":[{"count":0,"href":"https:\/\/dana.com.br\/canaldana\/wp-json\/wp\/v2\/posts\/50793\/revisions"}],"wp:attachment":[{"href":"https:\/\/dana.com.br\/canaldana\/wp-json\/wp\/v2\/media?parent=50793"}],"wp:term":[{"taxonomy":"category","embeddable":true,"href":"https:\/\/dana.com.br\/canaldana\/wp-json\/wp\/v2\/categories?post=50793"},{"taxonomy":"post_tag","embeddable":true,"href":"https:\/\/dana.com.br\/canaldana\/wp-json\/wp\/v2\/tags?post=50793"}],"curies":[{"name":"wp","href":"https:\/\/api.w.org\/{rel}","templated":true}]}}