{"id":50789,"date":"2021-06-10T08:39:56","date_gmt":"2021-06-10T11:39:56","guid":{"rendered":"https:\/\/dana.com.br\/canaldana\/?p=50789"},"modified":"2021-06-10T08:39:56","modified_gmt":"2021-06-10T11:39:56","slug":"analistas-veem-inflacao-disseminada-e-duradoura","status":"publish","type":"post","link":"https:\/\/dana.com.br\/canaldana\/2021\/06\/10\/analistas-veem-inflacao-disseminada-e-duradoura\/","title":{"rendered":"Analistas veem infla\u00e7\u00e3o disseminada e duradoura"},"content":{"rendered":"<p><em>O Estado de S. Paulo<\/em><\/p>\n<p>&nbsp;<\/p>\n<p>\u00cdndice oficial de infla\u00e7\u00e3o do Pa\u00eds, o IPCA foi de 0,83% em maio, maior resultado para o m\u00eas desde 1996. A infla\u00e7\u00e3o acumulada em 12 meses subiu para 8,06%. O \u00edndice foi pressionado por itens como energia el\u00e9trica e combust\u00edveis. Analistas alertam que a infla\u00e7\u00e3o est\u00e1 mais alta, disseminada e duradoura do que se estimava e elevaram as previs\u00f5es para os juros.<\/p>\n<p>&nbsp;<\/p>\n<p>Sob press\u00e3o de pre\u00e7os monitorados pelo governo, como a energia el\u00e9trica e os combust\u00edveis, mas tamb\u00e9m de aumentos acima do previsto em outros itens da cesta de consumo das fam\u00edlias, o IPCA, \u00edndice oficial de infla\u00e7\u00e3o do Pa\u00eds, ficou em 0,83% em maio. Foi o maior resultado para o m\u00eas desde 1996, segundo os dados divulgados ontem pelo IBGE. Os analistas alertam que a infla\u00e7\u00e3o est\u00e1 mais alta, mais disseminada e mais duradoura do que se estimava anteriormente.<\/p>\n<p>&nbsp;<\/p>\n<p>O resultado ficou acima at\u00e9 mesmo das previs\u00f5es mais pessimistas de economistas ouvidos pelo Proje\u00e7\u00f5es Broadcast, que esperavam uma infla\u00e7\u00e3o entre 0,65% e 0,76%. A taxa acumulada pelo IPCA em 12 meses est\u00e1 agora em 8,06%, ante uma meta de 3,75% perseguida pelo Banco Central ao fim do ano (com margem de toler\u00e2ncia de 1,5 ponto para mais ou para menos).<\/p>\n<p>&nbsp;<\/p>\n<p>Com o an\u00fancio do IBGE, os economistas passaram a revisar para cima suas previs\u00f5es tanto para a infla\u00e7\u00e3o como para a taxa de juros \u2013 a ferramenta usada pelo BC para tentar conter a alta de pre\u00e7os. \u201cO \u00edndice est\u00e1 alto e causa preocupa\u00e7\u00e3o. Isso deve levar o Banco Central a continuar a subir a taxa de juros\u201d, disse o economista-chefe do Banco Ita\u00fa, M\u00e1rio Mesquita. A Rio Bravo Investimentos elevou sua proje\u00e7\u00e3o para a Selic de 6,25% para 6,50% no fechamento do ano.<\/p>\n<p>&nbsp;<\/p>\n<p>\u201cA infla\u00e7\u00e3o mais pressionada parece mais duradoura. Na verdade, est\u00e1 havendo espalhamento. Vemos, pela difus\u00e3o, que n\u00e3o \u00e9 concentrada em um item s\u00f3. O \u00edndice de difus\u00e3o (que aponta a distribui\u00e7\u00e3o da infla\u00e7\u00e3o pelos diferentes tipos de produtos) ficou em 64% em maio e est\u00e1 rodando acima de 60% nos \u00faltimos tr\u00eas meses. Essa quest\u00e3o de custos est\u00e1 muito espalhada em toda cadeia. Os problemas na cadeia de suprimentos impactam a produ\u00e7\u00e3o de diversos itens\u201d, diz Tatiana Nogueira, economista da XP Investimentos.<\/p>\n<p>&nbsp;<\/p>\n<p>Ela tamb\u00e9m diz acreditar agora numa Selic de 6,5% ao fim deste ano. Antes, a aposta da corretora era de que esse n\u00edvel s\u00f3 seria atingido em 2022.<\/p>\n<p>&nbsp;<\/p>\n<p>\u201cO problema, aqui, \u00e9 que todo m\u00eas a gente est\u00e1 apontando uma surpresa, e ela vem sistematicamente\u201d, ressaltou o economista-chefe da Ativa Investimentos, \u00c9tore Sanchez. \u201cAinda que a surpresa tenha sido concentrada em combust\u00edveis e alimenta\u00e7\u00e3o fora do domic\u00edlio, eu estou prestes a revisar o cen\u00e1rio de infla\u00e7\u00e3o para cima.\u201d<\/p>\n<p>&nbsp;<\/p>\n<p>Ap\u00f3s a surpresa com o IPCA de maio, a LCA Consultores j\u00e1 elevou a proje\u00e7\u00e3o para a infla\u00e7\u00e3o de 2021, de 5,50% para 5,80%, se distanciando cada vez mais do teto de toler\u00e2ncia da meta, de 5,25%. Al\u00e9m da taxa mais \u201csalgada\u201d em maio, a consultoria cita press\u00f5es derivadas direta e indiretamente da energia el\u00e9trica. No m\u00eas passado, a LCA j\u00e1 tinha elevado a proje\u00e7\u00e3o para o IPCA de 5,0% para 5,50%, por conta do cen\u00e1rio h\u00eddrico mais desafiador, da alta mais forte de commodities e da expectativa de aquecimento maior da atividade no segundo semestre.<\/p>\n<p>&nbsp;<\/p>\n<p>\u201cO quadro qualitativo da infla\u00e7\u00e3o est\u00e1 realmente muito preocupante\u201d, disse o economista do Banco ABC Brasil Daniel Lima, que j\u00e1 espera uma \u201crevis\u00e3o relevante\u201d do cen\u00e1rio de infla\u00e7\u00e3o do banco para 2021, de 5,4% para perto de 6%. \u201cOs servi\u00e7os tiveram defla\u00e7\u00e3o menor do que o esperado (0,15%), puxados pela alta da alimenta\u00e7\u00e3o fora do domic\u00edlio (0,98%). Em tese, essa parte deveria ajudar mais, deixando a infla\u00e7\u00e3o em um modo mais moderado\u201d, acrescentou.<\/p>\n<p>&nbsp;<\/p>\n<p>J\u00e1 a economista-chefe do Banco Inter, Rafaela Vit\u00f3ria, deve elevar um pouco menos sua proje\u00e7\u00e3o para o IPCA de 2021, de 5,30% para 5,40%. Embora reconhe\u00e7a que o resultado final do ano ainda possa ser um pouco mais elevado, ela espera que a recente valoriza\u00e7\u00e3o do real ante o d\u00f3lar ajude a conter aumentos de pre\u00e7os no segundo semestre deste ano. (O Estado de S. Paulo\/Daniela Amorim\/Tha\u00eds Barcellos e C\u00edcero Cotrim)<\/p>\n","protected":false},"excerpt":{"rendered":"<p>O Estado de S. Paulo &nbsp; \u00cdndice oficial de infla\u00e7\u00e3o do Pa\u00eds, o IPCA foi de 0,83% em maio, maior resultado para o m\u00eas desde 1996. A infla\u00e7\u00e3o acumulada em 12 meses subiu para 8,06%. O \u00edndice foi pressionado por itens como energia el\u00e9trica e combust\u00edveis. Analistas alertam que a infla\u00e7\u00e3o est\u00e1 mais alta, disseminada\u2026 <a class=\"readmore\" href=\"https:\/\/dana.com.br\/canaldana\/2021\/06\/10\/analistas-veem-inflacao-disseminada-e-duradoura\/\">Leia mais \u00bb<\/a><\/p>\n","protected":false},"author":3,"featured_media":0,"comment_status":"closed","ping_status":"closed","sticky":false,"template":"","format":"standard","meta":{"_acf_changed":false,"footnotes":""},"categories":[79],"tags":[],"class_list":["post-50789","post","type-post","status-publish","format-standard","hentry","category-mercado"],"acf":[],"yoast_head":"<!-- This site is optimized with the Yoast SEO plugin v27.3 - https:\/\/yoast.com\/product\/yoast-seo-wordpress\/ -->\n<title>Analistas veem infla\u00e7\u00e3o disseminada e duradoura - Canal Dana<\/title>\n<meta name=\"robots\" content=\"index, follow, max-snippet:-1, max-image-preview:large, max-video-preview:-1\" \/>\n<link rel=\"canonical\" href=\"https:\/\/dana.com.br\/canaldana\/2021\/06\/10\/analistas-veem-inflacao-disseminada-e-duradoura\/\" \/>\n<meta property=\"og:locale\" content=\"pt_BR\" \/>\n<meta property=\"og:type\" content=\"article\" \/>\n<meta property=\"og:title\" content=\"Analistas veem infla\u00e7\u00e3o disseminada e duradoura - Canal Dana\" \/>\n<meta property=\"og:description\" content=\"O Estado de S. Paulo &nbsp; \u00cdndice oficial de infla\u00e7\u00e3o do Pa\u00eds, o IPCA foi de 0,83% em maio, maior resultado para o m\u00eas desde 1996. A infla\u00e7\u00e3o acumulada em 12 meses subiu para 8,06%. O \u00edndice foi pressionado por itens como energia el\u00e9trica e combust\u00edveis. Analistas alertam que a infla\u00e7\u00e3o est\u00e1 mais alta, disseminada\u2026 Leia mais \u00bb\" \/>\n<meta property=\"og:url\" content=\"https:\/\/dana.com.br\/canaldana\/2021\/06\/10\/analistas-veem-inflacao-disseminada-e-duradoura\/\" \/>\n<meta property=\"og:site_name\" content=\"Canal Dana\" \/>\n<meta property=\"article:published_time\" content=\"2021-06-10T11:39:56+00:00\" \/>\n<meta name=\"author\" content=\"Canal Dana\" \/>\n<meta name=\"twitter:card\" content=\"summary_large_image\" \/>\n<meta name=\"twitter:label1\" content=\"Escrito por\" \/>\n\t<meta name=\"twitter:data1\" content=\"Canal Dana\" \/>\n\t<meta name=\"twitter:label2\" content=\"Est. tempo de leitura\" \/>\n\t<meta name=\"twitter:data2\" content=\"4 minutos\" \/>\n<script type=\"application\/ld+json\" class=\"yoast-schema-graph\">{\"@context\":\"https:\\\/\\\/schema.org\",\"@graph\":[{\"@type\":\"Article\",\"@id\":\"https:\\\/\\\/dana.com.br\\\/canaldana\\\/2021\\\/06\\\/10\\\/analistas-veem-inflacao-disseminada-e-duradoura\\\/#article\",\"isPartOf\":{\"@id\":\"https:\\\/\\\/dana.com.br\\\/canaldana\\\/2021\\\/06\\\/10\\\/analistas-veem-inflacao-disseminada-e-duradoura\\\/\"},\"author\":{\"name\":\"Canal Dana\",\"@id\":\"https:\\\/\\\/dana.com.br\\\/canaldana\\\/#\\\/schema\\\/person\\\/3c21f22f56fcf3bc46b94bc60ea4fef6\"},\"headline\":\"Analistas veem infla\u00e7\u00e3o disseminada e duradoura\",\"datePublished\":\"2021-06-10T11:39:56+00:00\",\"mainEntityOfPage\":{\"@id\":\"https:\\\/\\\/dana.com.br\\\/canaldana\\\/2021\\\/06\\\/10\\\/analistas-veem-inflacao-disseminada-e-duradoura\\\/\"},\"wordCount\":748,\"articleSection\":[\"Mercado\"],\"inLanguage\":\"pt-BR\"},{\"@type\":\"WebPage\",\"@id\":\"https:\\\/\\\/dana.com.br\\\/canaldana\\\/2021\\\/06\\\/10\\\/analistas-veem-inflacao-disseminada-e-duradoura\\\/\",\"url\":\"https:\\\/\\\/dana.com.br\\\/canaldana\\\/2021\\\/06\\\/10\\\/analistas-veem-inflacao-disseminada-e-duradoura\\\/\",\"name\":\"Analistas veem infla\u00e7\u00e3o disseminada e duradoura - Canal Dana\",\"isPartOf\":{\"@id\":\"https:\\\/\\\/dana.com.br\\\/canaldana\\\/#website\"},\"datePublished\":\"2021-06-10T11:39:56+00:00\",\"author\":{\"@id\":\"https:\\\/\\\/dana.com.br\\\/canaldana\\\/#\\\/schema\\\/person\\\/3c21f22f56fcf3bc46b94bc60ea4fef6\"},\"breadcrumb\":{\"@id\":\"https:\\\/\\\/dana.com.br\\\/canaldana\\\/2021\\\/06\\\/10\\\/analistas-veem-inflacao-disseminada-e-duradoura\\\/#breadcrumb\"},\"inLanguage\":\"pt-BR\",\"potentialAction\":[{\"@type\":\"ReadAction\",\"target\":[\"https:\\\/\\\/dana.com.br\\\/canaldana\\\/2021\\\/06\\\/10\\\/analistas-veem-inflacao-disseminada-e-duradoura\\\/\"]}]},{\"@type\":\"BreadcrumbList\",\"@id\":\"https:\\\/\\\/dana.com.br\\\/canaldana\\\/2021\\\/06\\\/10\\\/analistas-veem-inflacao-disseminada-e-duradoura\\\/#breadcrumb\",\"itemListElement\":[{\"@type\":\"ListItem\",\"position\":1,\"name\":\"Home\",\"item\":\"https:\\\/\\\/dana.com.br\\\/canaldana\\\/\"},{\"@type\":\"ListItem\",\"position\":2,\"name\":\"Mercado\",\"item\":\"https:\\\/\\\/dana.com.br\\\/canaldana\\\/mercado\\\/\"},{\"@type\":\"ListItem\",\"position\":3,\"name\":\"Analistas veem infla\u00e7\u00e3o disseminada e duradoura\"}]},{\"@type\":\"WebSite\",\"@id\":\"https:\\\/\\\/dana.com.br\\\/canaldana\\\/#website\",\"url\":\"https:\\\/\\\/dana.com.br\\\/canaldana\\\/\",\"name\":\"Canal Dana\",\"description\":\"Informativo com as principais not\u00edcias da ind\u00fastria automotiva\",\"potentialAction\":[{\"@type\":\"SearchAction\",\"target\":{\"@type\":\"EntryPoint\",\"urlTemplate\":\"https:\\\/\\\/dana.com.br\\\/canaldana\\\/?s={search_term_string}\"},\"query-input\":{\"@type\":\"PropertyValueSpecification\",\"valueRequired\":true,\"valueName\":\"search_term_string\"}}],\"inLanguage\":\"pt-BR\"},{\"@type\":\"Person\",\"@id\":\"https:\\\/\\\/dana.com.br\\\/canaldana\\\/#\\\/schema\\\/person\\\/3c21f22f56fcf3bc46b94bc60ea4fef6\",\"name\":\"Canal Dana\",\"image\":{\"@type\":\"ImageObject\",\"inLanguage\":\"pt-BR\",\"@id\":\"https:\\\/\\\/secure.gravatar.com\\\/avatar\\\/420aaf9278582877d9018637c6817617705899d2858d7572ef0fe59a6b6454b4?s=96&d=mm&r=g\",\"url\":\"https:\\\/\\\/secure.gravatar.com\\\/avatar\\\/420aaf9278582877d9018637c6817617705899d2858d7572ef0fe59a6b6454b4?s=96&d=mm&r=g\",\"contentUrl\":\"https:\\\/\\\/secure.gravatar.com\\\/avatar\\\/420aaf9278582877d9018637c6817617705899d2858d7572ef0fe59a6b6454b4?s=96&d=mm&r=g\",\"caption\":\"Canal Dana\"},\"url\":\"https:\\\/\\\/dana.com.br\\\/canaldana\\\/author\\\/cdeditor\\\/\"}]}<\/script>\n<!-- \/ Yoast SEO plugin. -->","yoast_head_json":{"title":"Analistas veem infla\u00e7\u00e3o disseminada e duradoura - Canal Dana","robots":{"index":"index","follow":"follow","max-snippet":"max-snippet:-1","max-image-preview":"max-image-preview:large","max-video-preview":"max-video-preview:-1"},"canonical":"https:\/\/dana.com.br\/canaldana\/2021\/06\/10\/analistas-veem-inflacao-disseminada-e-duradoura\/","og_locale":"pt_BR","og_type":"article","og_title":"Analistas veem infla\u00e7\u00e3o disseminada e duradoura - Canal Dana","og_description":"O Estado de S. Paulo &nbsp; \u00cdndice oficial de infla\u00e7\u00e3o do Pa\u00eds, o IPCA foi de 0,83% em maio, maior resultado para o m\u00eas desde 1996. A infla\u00e7\u00e3o acumulada em 12 meses subiu para 8,06%. O \u00edndice foi pressionado por itens como energia el\u00e9trica e combust\u00edveis. Analistas alertam que a infla\u00e7\u00e3o est\u00e1 mais alta, disseminada\u2026 Leia mais \u00bb","og_url":"https:\/\/dana.com.br\/canaldana\/2021\/06\/10\/analistas-veem-inflacao-disseminada-e-duradoura\/","og_site_name":"Canal Dana","article_published_time":"2021-06-10T11:39:56+00:00","author":"Canal Dana","twitter_card":"summary_large_image","twitter_misc":{"Escrito por":"Canal Dana","Est. tempo de leitura":"4 minutos"},"schema":{"@context":"https:\/\/schema.org","@graph":[{"@type":"Article","@id":"https:\/\/dana.com.br\/canaldana\/2021\/06\/10\/analistas-veem-inflacao-disseminada-e-duradoura\/#article","isPartOf":{"@id":"https:\/\/dana.com.br\/canaldana\/2021\/06\/10\/analistas-veem-inflacao-disseminada-e-duradoura\/"},"author":{"name":"Canal Dana","@id":"https:\/\/dana.com.br\/canaldana\/#\/schema\/person\/3c21f22f56fcf3bc46b94bc60ea4fef6"},"headline":"Analistas veem infla\u00e7\u00e3o disseminada e duradoura","datePublished":"2021-06-10T11:39:56+00:00","mainEntityOfPage":{"@id":"https:\/\/dana.com.br\/canaldana\/2021\/06\/10\/analistas-veem-inflacao-disseminada-e-duradoura\/"},"wordCount":748,"articleSection":["Mercado"],"inLanguage":"pt-BR"},{"@type":"WebPage","@id":"https:\/\/dana.com.br\/canaldana\/2021\/06\/10\/analistas-veem-inflacao-disseminada-e-duradoura\/","url":"https:\/\/dana.com.br\/canaldana\/2021\/06\/10\/analistas-veem-inflacao-disseminada-e-duradoura\/","name":"Analistas veem infla\u00e7\u00e3o disseminada e duradoura - Canal Dana","isPartOf":{"@id":"https:\/\/dana.com.br\/canaldana\/#website"},"datePublished":"2021-06-10T11:39:56+00:00","author":{"@id":"https:\/\/dana.com.br\/canaldana\/#\/schema\/person\/3c21f22f56fcf3bc46b94bc60ea4fef6"},"breadcrumb":{"@id":"https:\/\/dana.com.br\/canaldana\/2021\/06\/10\/analistas-veem-inflacao-disseminada-e-duradoura\/#breadcrumb"},"inLanguage":"pt-BR","potentialAction":[{"@type":"ReadAction","target":["https:\/\/dana.com.br\/canaldana\/2021\/06\/10\/analistas-veem-inflacao-disseminada-e-duradoura\/"]}]},{"@type":"BreadcrumbList","@id":"https:\/\/dana.com.br\/canaldana\/2021\/06\/10\/analistas-veem-inflacao-disseminada-e-duradoura\/#breadcrumb","itemListElement":[{"@type":"ListItem","position":1,"name":"Home","item":"https:\/\/dana.com.br\/canaldana\/"},{"@type":"ListItem","position":2,"name":"Mercado","item":"https:\/\/dana.com.br\/canaldana\/mercado\/"},{"@type":"ListItem","position":3,"name":"Analistas veem infla\u00e7\u00e3o disseminada e duradoura"}]},{"@type":"WebSite","@id":"https:\/\/dana.com.br\/canaldana\/#website","url":"https:\/\/dana.com.br\/canaldana\/","name":"Canal Dana","description":"Informativo com as principais not\u00edcias da ind\u00fastria automotiva","potentialAction":[{"@type":"SearchAction","target":{"@type":"EntryPoint","urlTemplate":"https:\/\/dana.com.br\/canaldana\/?s={search_term_string}"},"query-input":{"@type":"PropertyValueSpecification","valueRequired":true,"valueName":"search_term_string"}}],"inLanguage":"pt-BR"},{"@type":"Person","@id":"https:\/\/dana.com.br\/canaldana\/#\/schema\/person\/3c21f22f56fcf3bc46b94bc60ea4fef6","name":"Canal Dana","image":{"@type":"ImageObject","inLanguage":"pt-BR","@id":"https:\/\/secure.gravatar.com\/avatar\/420aaf9278582877d9018637c6817617705899d2858d7572ef0fe59a6b6454b4?s=96&d=mm&r=g","url":"https:\/\/secure.gravatar.com\/avatar\/420aaf9278582877d9018637c6817617705899d2858d7572ef0fe59a6b6454b4?s=96&d=mm&r=g","contentUrl":"https:\/\/secure.gravatar.com\/avatar\/420aaf9278582877d9018637c6817617705899d2858d7572ef0fe59a6b6454b4?s=96&d=mm&r=g","caption":"Canal Dana"},"url":"https:\/\/dana.com.br\/canaldana\/author\/cdeditor\/"}]}},"_links":{"self":[{"href":"https:\/\/dana.com.br\/canaldana\/wp-json\/wp\/v2\/posts\/50789","targetHints":{"allow":["GET"]}}],"collection":[{"href":"https:\/\/dana.com.br\/canaldana\/wp-json\/wp\/v2\/posts"}],"about":[{"href":"https:\/\/dana.com.br\/canaldana\/wp-json\/wp\/v2\/types\/post"}],"author":[{"embeddable":true,"href":"https:\/\/dana.com.br\/canaldana\/wp-json\/wp\/v2\/users\/3"}],"replies":[{"embeddable":true,"href":"https:\/\/dana.com.br\/canaldana\/wp-json\/wp\/v2\/comments?post=50789"}],"version-history":[{"count":0,"href":"https:\/\/dana.com.br\/canaldana\/wp-json\/wp\/v2\/posts\/50789\/revisions"}],"wp:attachment":[{"href":"https:\/\/dana.com.br\/canaldana\/wp-json\/wp\/v2\/media?parent=50789"}],"wp:term":[{"taxonomy":"category","embeddable":true,"href":"https:\/\/dana.com.br\/canaldana\/wp-json\/wp\/v2\/categories?post=50789"},{"taxonomy":"post_tag","embeddable":true,"href":"https:\/\/dana.com.br\/canaldana\/wp-json\/wp\/v2\/tags?post=50789"}],"curies":[{"name":"wp","href":"https:\/\/api.w.org\/{rel}","templated":true}]}}