{"id":50787,"date":"2021-06-10T08:39:16","date_gmt":"2021-06-10T11:39:16","guid":{"rendered":"https:\/\/dana.com.br\/canaldana\/?p=50787"},"modified":"2021-06-10T08:39:16","modified_gmt":"2021-06-10T11:39:16","slug":"anfavea-enxerga-os-semicondutores-como-estrategicos-para-o-pais","status":"publish","type":"post","link":"https:\/\/dana.com.br\/canaldana\/2021\/06\/10\/anfavea-enxerga-os-semicondutores-como-estrategicos-para-o-pais\/","title":{"rendered":"Anfavea enxerga os semicondutores como estrat\u00e9gicos para o Pa\u00eds"},"content":{"rendered":"<p><em>AutoInd\u00fastria<\/em><\/p>\n<p>&nbsp;<\/p>\n<p>A falta de capacidade de fornecimento de semicondutores para atender a alta demanda da ind\u00fastria global se apresenta atualmente como o principal gargalo da ind\u00fastria global. O componente, fundamental nas \u00e1reas de telefonia, seguran\u00e7a, computa\u00e7\u00e3o, infraestrutura e ind\u00fastria, se destaca na crise como elemento estrat\u00e9gico tanto agora quanto no futuro. Para a Anfavea, a quest\u00e3o se coloca como uma oportunidade para o Pa\u00eds pensar em uma pol\u00edtica capaz de fortalecer a ind\u00fastria de transforma\u00e7\u00e3o com a ideia de localizar mais capacidade de produ\u00e7\u00e3o de semicondutores.<\/p>\n<p>&nbsp;<\/p>\n<p>\u201cOs semicondutores \u00e9 um trem para o futuro, relevante n\u00e3o s\u00f3 para o setor automotivo, mas para a ind\u00fastria em geral. Re\u00fane academia, engenharia, tecnologia e eleva o n\u00edvel de conhecimento. N\u00e3o h\u00e1 d\u00favida da import\u00e2ncia do agroneg\u00f3cio e da minera\u00e7\u00e3o. Mas o Pa\u00eds n\u00e3o pode depender somente de commodities. \u00c9 um erro estrat\u00e9gico n\u00e3o pensar em uma ind\u00fastria de transforma\u00e7\u00e3o forte\u201d, resume Luiz Carlos Moraes, presidente da Anfavea.<\/p>\n<p>&nbsp;<\/p>\n<p>Em especial no setor automotivo, a dificuldade de fornecimento de semicondutores tem provocado interrup\u00e7\u00f5es na produ\u00e7\u00e3o e na falta de produtos, o que impacta no ritmo da recupera\u00e7\u00e3o. De acordo com a an\u00e1lise da associa\u00e7\u00e3o, o problema n\u00e3o tem solu\u00e7\u00e3o no curto prazo, mas apenas uma possibilidade de alcan\u00e7ar equil\u00edbrio somente em 2022. \u201cO risco de paradas continua, bem como a dificuldade de planejamento\u201d, observa Moraes.<\/p>\n<p>&nbsp;<\/p>\n<p>Pelas contas na mesa do dirigente da Anfavea, o gargalo que hoje tira o sono das \u00e1reas de log\u00edstica e manufatura das montadoras, dever\u00e1 impactar em perda de 3% a 5% na produ\u00e7\u00e3o global de ve\u00edculos, estimada em torno de 84 milh\u00f5es de unidades em 2021.<\/p>\n<p>&nbsp;<\/p>\n<p>Um parque de produ\u00e7\u00e3o de semicondutores, no entanto, n\u00e3o nasce do dia para a noite. Uma f\u00e1brica exige investimento na casa dos bilh\u00f5es e demanda de dois a quatro anos para come\u00e7ar a operar. Desafio que evoluiu para tratativas iniciais. \u201cN\u00e3o \u00e9 o neg\u00f3cio da ind\u00fastria automotiva, mas j\u00e1 tivemos conversas com fornecedores e Abesemi (Associa\u00e7\u00e3o Brasileira da Ind\u00fastria de Semicondutores)\u201d, adianta o presidente da Anfavea. (AutoInd\u00fastria\/D\u00e9cio Costa)<\/p>\n","protected":false},"excerpt":{"rendered":"<p>AutoInd\u00fastria &nbsp; A falta de capacidade de fornecimento de semicondutores para atender a alta demanda da ind\u00fastria global se apresenta atualmente como o principal gargalo da ind\u00fastria global. O componente, fundamental nas \u00e1reas de telefonia, seguran\u00e7a, computa\u00e7\u00e3o, infraestrutura e ind\u00fastria, se destaca na crise como elemento estrat\u00e9gico tanto agora quanto no futuro. Para a Anfavea,\u2026 <a class=\"readmore\" href=\"https:\/\/dana.com.br\/canaldana\/2021\/06\/10\/anfavea-enxerga-os-semicondutores-como-estrategicos-para-o-pais\/\">Leia mais \u00bb<\/a><\/p>\n","protected":false},"author":3,"featured_media":0,"comment_status":"closed","ping_status":"closed","sticky":false,"template":"","format":"standard","meta":{"_acf_changed":false,"footnotes":""},"categories":[79],"tags":[],"class_list":["post-50787","post","type-post","status-publish","format-standard","hentry","category-mercado"],"acf":[],"yoast_head":"<!-- This site is optimized with the Yoast SEO plugin v27.3 - https:\/\/yoast.com\/product\/yoast-seo-wordpress\/ -->\n<title>Anfavea enxerga os semicondutores como estrat\u00e9gicos para o Pa\u00eds - Canal Dana<\/title>\n<meta name=\"robots\" content=\"index, follow, max-snippet:-1, max-image-preview:large, max-video-preview:-1\" \/>\n<link rel=\"canonical\" href=\"https:\/\/dana.com.br\/canaldana\/2021\/06\/10\/anfavea-enxerga-os-semicondutores-como-estrategicos-para-o-pais\/\" \/>\n<meta property=\"og:locale\" content=\"pt_BR\" \/>\n<meta property=\"og:type\" content=\"article\" \/>\n<meta property=\"og:title\" content=\"Anfavea enxerga os semicondutores como estrat\u00e9gicos para o Pa\u00eds - Canal Dana\" \/>\n<meta property=\"og:description\" content=\"AutoInd\u00fastria &nbsp; A falta de capacidade de fornecimento de semicondutores para atender a alta demanda da ind\u00fastria global se apresenta atualmente como o principal gargalo da ind\u00fastria global. O componente, fundamental nas \u00e1reas de telefonia, seguran\u00e7a, computa\u00e7\u00e3o, infraestrutura e ind\u00fastria, se destaca na crise como elemento estrat\u00e9gico tanto agora quanto no futuro. Para a Anfavea,\u2026 Leia mais \u00bb\" \/>\n<meta property=\"og:url\" content=\"https:\/\/dana.com.br\/canaldana\/2021\/06\/10\/anfavea-enxerga-os-semicondutores-como-estrategicos-para-o-pais\/\" \/>\n<meta property=\"og:site_name\" content=\"Canal Dana\" \/>\n<meta property=\"article:published_time\" content=\"2021-06-10T11:39:16+00:00\" \/>\n<meta name=\"author\" content=\"Canal Dana\" \/>\n<meta name=\"twitter:card\" content=\"summary_large_image\" \/>\n<meta name=\"twitter:label1\" content=\"Escrito por\" \/>\n\t<meta name=\"twitter:data1\" content=\"Canal Dana\" \/>\n\t<meta name=\"twitter:label2\" content=\"Est. tempo de leitura\" \/>\n\t<meta name=\"twitter:data2\" content=\"2 minutos\" \/>\n<script type=\"application\/ld+json\" class=\"yoast-schema-graph\">{\"@context\":\"https:\\\/\\\/schema.org\",\"@graph\":[{\"@type\":\"Article\",\"@id\":\"https:\\\/\\\/dana.com.br\\\/canaldana\\\/2021\\\/06\\\/10\\\/anfavea-enxerga-os-semicondutores-como-estrategicos-para-o-pais\\\/#article\",\"isPartOf\":{\"@id\":\"https:\\\/\\\/dana.com.br\\\/canaldana\\\/2021\\\/06\\\/10\\\/anfavea-enxerga-os-semicondutores-como-estrategicos-para-o-pais\\\/\"},\"author\":{\"name\":\"Canal Dana\",\"@id\":\"https:\\\/\\\/dana.com.br\\\/canaldana\\\/#\\\/schema\\\/person\\\/3c21f22f56fcf3bc46b94bc60ea4fef6\"},\"headline\":\"Anfavea enxerga os semicondutores como estrat\u00e9gicos para o Pa\u00eds\",\"datePublished\":\"2021-06-10T11:39:16+00:00\",\"mainEntityOfPage\":{\"@id\":\"https:\\\/\\\/dana.com.br\\\/canaldana\\\/2021\\\/06\\\/10\\\/anfavea-enxerga-os-semicondutores-como-estrategicos-para-o-pais\\\/\"},\"wordCount\":397,\"articleSection\":[\"Mercado\"],\"inLanguage\":\"pt-BR\"},{\"@type\":\"WebPage\",\"@id\":\"https:\\\/\\\/dana.com.br\\\/canaldana\\\/2021\\\/06\\\/10\\\/anfavea-enxerga-os-semicondutores-como-estrategicos-para-o-pais\\\/\",\"url\":\"https:\\\/\\\/dana.com.br\\\/canaldana\\\/2021\\\/06\\\/10\\\/anfavea-enxerga-os-semicondutores-como-estrategicos-para-o-pais\\\/\",\"name\":\"Anfavea enxerga os semicondutores como estrat\u00e9gicos para o Pa\u00eds - Canal Dana\",\"isPartOf\":{\"@id\":\"https:\\\/\\\/dana.com.br\\\/canaldana\\\/#website\"},\"datePublished\":\"2021-06-10T11:39:16+00:00\",\"author\":{\"@id\":\"https:\\\/\\\/dana.com.br\\\/canaldana\\\/#\\\/schema\\\/person\\\/3c21f22f56fcf3bc46b94bc60ea4fef6\"},\"breadcrumb\":{\"@id\":\"https:\\\/\\\/dana.com.br\\\/canaldana\\\/2021\\\/06\\\/10\\\/anfavea-enxerga-os-semicondutores-como-estrategicos-para-o-pais\\\/#breadcrumb\"},\"inLanguage\":\"pt-BR\",\"potentialAction\":[{\"@type\":\"ReadAction\",\"target\":[\"https:\\\/\\\/dana.com.br\\\/canaldana\\\/2021\\\/06\\\/10\\\/anfavea-enxerga-os-semicondutores-como-estrategicos-para-o-pais\\\/\"]}]},{\"@type\":\"BreadcrumbList\",\"@id\":\"https:\\\/\\\/dana.com.br\\\/canaldana\\\/2021\\\/06\\\/10\\\/anfavea-enxerga-os-semicondutores-como-estrategicos-para-o-pais\\\/#breadcrumb\",\"itemListElement\":[{\"@type\":\"ListItem\",\"position\":1,\"name\":\"Home\",\"item\":\"https:\\\/\\\/dana.com.br\\\/canaldana\\\/\"},{\"@type\":\"ListItem\",\"position\":2,\"name\":\"Mercado\",\"item\":\"https:\\\/\\\/dana.com.br\\\/canaldana\\\/mercado\\\/\"},{\"@type\":\"ListItem\",\"position\":3,\"name\":\"Anfavea enxerga os semicondutores como estrat\u00e9gicos para o Pa\u00eds\"}]},{\"@type\":\"WebSite\",\"@id\":\"https:\\\/\\\/dana.com.br\\\/canaldana\\\/#website\",\"url\":\"https:\\\/\\\/dana.com.br\\\/canaldana\\\/\",\"name\":\"Canal Dana\",\"description\":\"Informativo com as principais not\u00edcias da ind\u00fastria automotiva\",\"potentialAction\":[{\"@type\":\"SearchAction\",\"target\":{\"@type\":\"EntryPoint\",\"urlTemplate\":\"https:\\\/\\\/dana.com.br\\\/canaldana\\\/?s={search_term_string}\"},\"query-input\":{\"@type\":\"PropertyValueSpecification\",\"valueRequired\":true,\"valueName\":\"search_term_string\"}}],\"inLanguage\":\"pt-BR\"},{\"@type\":\"Person\",\"@id\":\"https:\\\/\\\/dana.com.br\\\/canaldana\\\/#\\\/schema\\\/person\\\/3c21f22f56fcf3bc46b94bc60ea4fef6\",\"name\":\"Canal Dana\",\"image\":{\"@type\":\"ImageObject\",\"inLanguage\":\"pt-BR\",\"@id\":\"https:\\\/\\\/secure.gravatar.com\\\/avatar\\\/420aaf9278582877d9018637c6817617705899d2858d7572ef0fe59a6b6454b4?s=96&d=mm&r=g\",\"url\":\"https:\\\/\\\/secure.gravatar.com\\\/avatar\\\/420aaf9278582877d9018637c6817617705899d2858d7572ef0fe59a6b6454b4?s=96&d=mm&r=g\",\"contentUrl\":\"https:\\\/\\\/secure.gravatar.com\\\/avatar\\\/420aaf9278582877d9018637c6817617705899d2858d7572ef0fe59a6b6454b4?s=96&d=mm&r=g\",\"caption\":\"Canal Dana\"},\"url\":\"https:\\\/\\\/dana.com.br\\\/canaldana\\\/author\\\/cdeditor\\\/\"}]}<\/script>\n<!-- \/ Yoast SEO plugin. -->","yoast_head_json":{"title":"Anfavea enxerga os semicondutores como estrat\u00e9gicos para o Pa\u00eds - Canal Dana","robots":{"index":"index","follow":"follow","max-snippet":"max-snippet:-1","max-image-preview":"max-image-preview:large","max-video-preview":"max-video-preview:-1"},"canonical":"https:\/\/dana.com.br\/canaldana\/2021\/06\/10\/anfavea-enxerga-os-semicondutores-como-estrategicos-para-o-pais\/","og_locale":"pt_BR","og_type":"article","og_title":"Anfavea enxerga os semicondutores como estrat\u00e9gicos para o Pa\u00eds - Canal Dana","og_description":"AutoInd\u00fastria &nbsp; A falta de capacidade de fornecimento de semicondutores para atender a alta demanda da ind\u00fastria global se apresenta atualmente como o principal gargalo da ind\u00fastria global. O componente, fundamental nas \u00e1reas de telefonia, seguran\u00e7a, computa\u00e7\u00e3o, infraestrutura e ind\u00fastria, se destaca na crise como elemento estrat\u00e9gico tanto agora quanto no futuro. Para a Anfavea,\u2026 Leia mais \u00bb","og_url":"https:\/\/dana.com.br\/canaldana\/2021\/06\/10\/anfavea-enxerga-os-semicondutores-como-estrategicos-para-o-pais\/","og_site_name":"Canal Dana","article_published_time":"2021-06-10T11:39:16+00:00","author":"Canal Dana","twitter_card":"summary_large_image","twitter_misc":{"Escrito por":"Canal Dana","Est. tempo de leitura":"2 minutos"},"schema":{"@context":"https:\/\/schema.org","@graph":[{"@type":"Article","@id":"https:\/\/dana.com.br\/canaldana\/2021\/06\/10\/anfavea-enxerga-os-semicondutores-como-estrategicos-para-o-pais\/#article","isPartOf":{"@id":"https:\/\/dana.com.br\/canaldana\/2021\/06\/10\/anfavea-enxerga-os-semicondutores-como-estrategicos-para-o-pais\/"},"author":{"name":"Canal Dana","@id":"https:\/\/dana.com.br\/canaldana\/#\/schema\/person\/3c21f22f56fcf3bc46b94bc60ea4fef6"},"headline":"Anfavea enxerga os semicondutores como estrat\u00e9gicos para o Pa\u00eds","datePublished":"2021-06-10T11:39:16+00:00","mainEntityOfPage":{"@id":"https:\/\/dana.com.br\/canaldana\/2021\/06\/10\/anfavea-enxerga-os-semicondutores-como-estrategicos-para-o-pais\/"},"wordCount":397,"articleSection":["Mercado"],"inLanguage":"pt-BR"},{"@type":"WebPage","@id":"https:\/\/dana.com.br\/canaldana\/2021\/06\/10\/anfavea-enxerga-os-semicondutores-como-estrategicos-para-o-pais\/","url":"https:\/\/dana.com.br\/canaldana\/2021\/06\/10\/anfavea-enxerga-os-semicondutores-como-estrategicos-para-o-pais\/","name":"Anfavea enxerga os semicondutores como estrat\u00e9gicos para o Pa\u00eds - Canal Dana","isPartOf":{"@id":"https:\/\/dana.com.br\/canaldana\/#website"},"datePublished":"2021-06-10T11:39:16+00:00","author":{"@id":"https:\/\/dana.com.br\/canaldana\/#\/schema\/person\/3c21f22f56fcf3bc46b94bc60ea4fef6"},"breadcrumb":{"@id":"https:\/\/dana.com.br\/canaldana\/2021\/06\/10\/anfavea-enxerga-os-semicondutores-como-estrategicos-para-o-pais\/#breadcrumb"},"inLanguage":"pt-BR","potentialAction":[{"@type":"ReadAction","target":["https:\/\/dana.com.br\/canaldana\/2021\/06\/10\/anfavea-enxerga-os-semicondutores-como-estrategicos-para-o-pais\/"]}]},{"@type":"BreadcrumbList","@id":"https:\/\/dana.com.br\/canaldana\/2021\/06\/10\/anfavea-enxerga-os-semicondutores-como-estrategicos-para-o-pais\/#breadcrumb","itemListElement":[{"@type":"ListItem","position":1,"name":"Home","item":"https:\/\/dana.com.br\/canaldana\/"},{"@type":"ListItem","position":2,"name":"Mercado","item":"https:\/\/dana.com.br\/canaldana\/mercado\/"},{"@type":"ListItem","position":3,"name":"Anfavea enxerga os semicondutores como estrat\u00e9gicos para o Pa\u00eds"}]},{"@type":"WebSite","@id":"https:\/\/dana.com.br\/canaldana\/#website","url":"https:\/\/dana.com.br\/canaldana\/","name":"Canal Dana","description":"Informativo com as principais not\u00edcias da ind\u00fastria automotiva","potentialAction":[{"@type":"SearchAction","target":{"@type":"EntryPoint","urlTemplate":"https:\/\/dana.com.br\/canaldana\/?s={search_term_string}"},"query-input":{"@type":"PropertyValueSpecification","valueRequired":true,"valueName":"search_term_string"}}],"inLanguage":"pt-BR"},{"@type":"Person","@id":"https:\/\/dana.com.br\/canaldana\/#\/schema\/person\/3c21f22f56fcf3bc46b94bc60ea4fef6","name":"Canal Dana","image":{"@type":"ImageObject","inLanguage":"pt-BR","@id":"https:\/\/secure.gravatar.com\/avatar\/420aaf9278582877d9018637c6817617705899d2858d7572ef0fe59a6b6454b4?s=96&d=mm&r=g","url":"https:\/\/secure.gravatar.com\/avatar\/420aaf9278582877d9018637c6817617705899d2858d7572ef0fe59a6b6454b4?s=96&d=mm&r=g","contentUrl":"https:\/\/secure.gravatar.com\/avatar\/420aaf9278582877d9018637c6817617705899d2858d7572ef0fe59a6b6454b4?s=96&d=mm&r=g","caption":"Canal Dana"},"url":"https:\/\/dana.com.br\/canaldana\/author\/cdeditor\/"}]}},"_links":{"self":[{"href":"https:\/\/dana.com.br\/canaldana\/wp-json\/wp\/v2\/posts\/50787","targetHints":{"allow":["GET"]}}],"collection":[{"href":"https:\/\/dana.com.br\/canaldana\/wp-json\/wp\/v2\/posts"}],"about":[{"href":"https:\/\/dana.com.br\/canaldana\/wp-json\/wp\/v2\/types\/post"}],"author":[{"embeddable":true,"href":"https:\/\/dana.com.br\/canaldana\/wp-json\/wp\/v2\/users\/3"}],"replies":[{"embeddable":true,"href":"https:\/\/dana.com.br\/canaldana\/wp-json\/wp\/v2\/comments?post=50787"}],"version-history":[{"count":0,"href":"https:\/\/dana.com.br\/canaldana\/wp-json\/wp\/v2\/posts\/50787\/revisions"}],"wp:attachment":[{"href":"https:\/\/dana.com.br\/canaldana\/wp-json\/wp\/v2\/media?parent=50787"}],"wp:term":[{"taxonomy":"category","embeddable":true,"href":"https:\/\/dana.com.br\/canaldana\/wp-json\/wp\/v2\/categories?post=50787"},{"taxonomy":"post_tag","embeddable":true,"href":"https:\/\/dana.com.br\/canaldana\/wp-json\/wp\/v2\/tags?post=50787"}],"curies":[{"name":"wp","href":"https:\/\/api.w.org\/{rel}","templated":true}]}}