{"id":50757,"date":"2021-06-09T08:35:18","date_gmt":"2021-06-09T11:35:18","guid":{"rendered":"https:\/\/dana.com.br\/canaldana\/?p=50757"},"modified":"2021-06-09T08:35:18","modified_gmt":"2021-06-09T11:35:18","slug":"licenciamento-de-veiculos-leves-sobe-2096-em-maio","status":"publish","type":"post","link":"https:\/\/dana.com.br\/canaldana\/2021\/06\/09\/licenciamento-de-veiculos-leves-sobe-2096-em-maio\/","title":{"rendered":"Licenciamento de ve\u00edculos leves sobe 209,6% em maio"},"content":{"rendered":"<p><em>Ag\u00eancia CMA <\/em><\/p>\n<p>&nbsp;<\/p>\n<p>Os licenciamentos de autom\u00f3veis e comerciais leves aumentaram 209,6% em maio na compara\u00e7\u00e3o com o mesmo m\u00eas do ano passado, a 175.574 unidades, informou a Associa\u00e7\u00e3o Nacional dos Fabricantes de Ve\u00edculos Automotores (Anfavea). Ante abril, houve eleva\u00e7\u00e3o de 7%.<\/p>\n<p>&nbsp;<\/p>\n<p>No acumulado do ano, os emplacamentos de leves somaram 838.249 de unidades, alta de 30,5% frente ao mesmo per\u00edodo de 2020.<\/p>\n<p>&nbsp;<\/p>\n<p>J\u00e1 os licenciamentos totais de ve\u00edculos \u2013 que incluem autom\u00f3veis, comerciais leves, caminh\u00f5es e \u00f4nibus \u2013 somaram 188.678 unidades, alta de 203,4% em base anual e de 7,7% na compara\u00e7\u00e3o com abril.<\/p>\n<p>&nbsp;<\/p>\n<p>A venda de caminh\u00f5es aumentou 138,6% em rela\u00e7\u00e3o ao mesmo m\u00eas do ano passado, com o emplacamento de 11.497 unidades e avan\u00e7o de 17,5% ante abril. No acumulado do ano, por sua vez, houve crescimento de 63,8%, a 47.359 caminh\u00f5es.<\/p>\n<p>&nbsp;<\/p>\n<p>No setor de \u00f4nibus, os emplacamentos subiram 141,3% em base anual, a 1.607 unidades. Em rela\u00e7\u00e3o a abril, a venda de \u00f4nibus teve alta de 36,9%. No acumulado do ano, houve alta de 31,5% a 6.112 unidades.<\/p>\n<p>&nbsp;<\/p>\n<p><strong>Produ\u00e7\u00e3o<\/strong><\/p>\n<p>&nbsp;<\/p>\n<p>A produ\u00e7\u00e3o de ve\u00edculos leves atingiu 177.281 unidades no m\u00eas de maio, apontando uma alta de 368,9% ante o mesmo m\u00eas de 2020. Na compara\u00e7\u00e3o com abril, houve aumento de 0,8%.<\/p>\n<p>&nbsp;<\/p>\n<p>J\u00e1 a produ\u00e7\u00e3o total de ve\u00edculos \u2013 que inclui autom\u00f3veis, comerciais leves, caminh\u00f5es e \u00f4nibus \u2013 foi de 192.843 unidades em maio, crescimento de 347,6% em base anual e, de 1% em base mensal.<\/p>\n<p>&nbsp;<\/p>\n<p>No acumulado do ano, a produ\u00e7\u00e3o total cresceu 55,6% para 981.523 unidades, enquanto a produ\u00e7\u00e3o de ve\u00edculos leves neste ano cresceu 53,6% para 912.738 unidades.<\/p>\n<p>&nbsp;<\/p>\n<p><strong>Exporta\u00e7\u00e3o<\/strong><\/p>\n<p>&nbsp;<\/p>\n<p>A receita com as exporta\u00e7\u00f5es totais de ve\u00edculos automotores e de m\u00e1quinas agr\u00edcolas produzidas no Brasil somou US$ 693,3 milh\u00f5es em maio, alta de 298,9% ante o mesmo m\u00eas do ano passado. Na compara\u00e7\u00e3o com abril, houve alta de de 5,8%.<\/p>\n<p>&nbsp;<\/p>\n<p>Em rela\u00e7\u00e3o ao volume exportado, houve alta de 1,072% entre os ve\u00edculos leves em base anual, a 34.792 unidades. Na compara\u00e7\u00e3o com abril, houve alta de 9,9%. (Ag\u00eancia CMA\/Bruno Soares)<\/p>\n","protected":false},"excerpt":{"rendered":"<p>Ag\u00eancia CMA &nbsp; Os licenciamentos de autom\u00f3veis e comerciais leves aumentaram 209,6% em maio na compara\u00e7\u00e3o com o mesmo m\u00eas do ano passado, a 175.574 unidades, informou a Associa\u00e7\u00e3o Nacional dos Fabricantes de Ve\u00edculos Automotores (Anfavea). Ante abril, houve eleva\u00e7\u00e3o de 7%. &nbsp; No acumulado do ano, os emplacamentos de leves somaram 838.249 de unidades,\u2026 <a class=\"readmore\" href=\"https:\/\/dana.com.br\/canaldana\/2021\/06\/09\/licenciamento-de-veiculos-leves-sobe-2096-em-maio\/\">Leia mais \u00bb<\/a><\/p>\n","protected":false},"author":3,"featured_media":0,"comment_status":"closed","ping_status":"closed","sticky":false,"template":"","format":"standard","meta":{"_acf_changed":false,"footnotes":""},"categories":[79],"tags":[],"class_list":["post-50757","post","type-post","status-publish","format-standard","hentry","category-mercado"],"acf":[],"yoast_head":"<!-- This site is optimized with the Yoast SEO plugin v27.3 - https:\/\/yoast.com\/product\/yoast-seo-wordpress\/ -->\n<title>Licenciamento de ve\u00edculos leves sobe 209,6% em maio - Canal Dana<\/title>\n<meta name=\"robots\" content=\"index, follow, max-snippet:-1, max-image-preview:large, max-video-preview:-1\" \/>\n<link rel=\"canonical\" href=\"https:\/\/dana.com.br\/canaldana\/2021\/06\/09\/licenciamento-de-veiculos-leves-sobe-2096-em-maio\/\" \/>\n<meta property=\"og:locale\" content=\"pt_BR\" \/>\n<meta property=\"og:type\" content=\"article\" \/>\n<meta property=\"og:title\" content=\"Licenciamento de ve\u00edculos leves sobe 209,6% em maio - Canal Dana\" \/>\n<meta property=\"og:description\" content=\"Ag\u00eancia CMA &nbsp; Os licenciamentos de autom\u00f3veis e comerciais leves aumentaram 209,6% em maio na compara\u00e7\u00e3o com o mesmo m\u00eas do ano passado, a 175.574 unidades, informou a Associa\u00e7\u00e3o Nacional dos Fabricantes de Ve\u00edculos Automotores (Anfavea). Ante abril, houve eleva\u00e7\u00e3o de 7%. &nbsp; No acumulado do ano, os emplacamentos de leves somaram 838.249 de unidades,\u2026 Leia mais \u00bb\" \/>\n<meta property=\"og:url\" content=\"https:\/\/dana.com.br\/canaldana\/2021\/06\/09\/licenciamento-de-veiculos-leves-sobe-2096-em-maio\/\" \/>\n<meta property=\"og:site_name\" content=\"Canal Dana\" \/>\n<meta property=\"article:published_time\" content=\"2021-06-09T11:35:18+00:00\" \/>\n<meta name=\"author\" content=\"Canal Dana\" \/>\n<meta name=\"twitter:card\" content=\"summary_large_image\" \/>\n<meta name=\"twitter:label1\" content=\"Escrito por\" \/>\n\t<meta name=\"twitter:data1\" content=\"Canal Dana\" \/>\n\t<meta name=\"twitter:label2\" content=\"Est. tempo de leitura\" \/>\n\t<meta name=\"twitter:data2\" content=\"2 minutos\" \/>\n<script type=\"application\/ld+json\" class=\"yoast-schema-graph\">{\"@context\":\"https:\\\/\\\/schema.org\",\"@graph\":[{\"@type\":\"Article\",\"@id\":\"https:\\\/\\\/dana.com.br\\\/canaldana\\\/2021\\\/06\\\/09\\\/licenciamento-de-veiculos-leves-sobe-2096-em-maio\\\/#article\",\"isPartOf\":{\"@id\":\"https:\\\/\\\/dana.com.br\\\/canaldana\\\/2021\\\/06\\\/09\\\/licenciamento-de-veiculos-leves-sobe-2096-em-maio\\\/\"},\"author\":{\"name\":\"Canal Dana\",\"@id\":\"https:\\\/\\\/dana.com.br\\\/canaldana\\\/#\\\/schema\\\/person\\\/3c21f22f56fcf3bc46b94bc60ea4fef6\"},\"headline\":\"Licenciamento de ve\u00edculos leves sobe 209,6% em maio\",\"datePublished\":\"2021-06-09T11:35:18+00:00\",\"mainEntityOfPage\":{\"@id\":\"https:\\\/\\\/dana.com.br\\\/canaldana\\\/2021\\\/06\\\/09\\\/licenciamento-de-veiculos-leves-sobe-2096-em-maio\\\/\"},\"wordCount\":358,\"articleSection\":[\"Mercado\"],\"inLanguage\":\"pt-BR\"},{\"@type\":\"WebPage\",\"@id\":\"https:\\\/\\\/dana.com.br\\\/canaldana\\\/2021\\\/06\\\/09\\\/licenciamento-de-veiculos-leves-sobe-2096-em-maio\\\/\",\"url\":\"https:\\\/\\\/dana.com.br\\\/canaldana\\\/2021\\\/06\\\/09\\\/licenciamento-de-veiculos-leves-sobe-2096-em-maio\\\/\",\"name\":\"Licenciamento de ve\u00edculos leves sobe 209,6% em maio - Canal Dana\",\"isPartOf\":{\"@id\":\"https:\\\/\\\/dana.com.br\\\/canaldana\\\/#website\"},\"datePublished\":\"2021-06-09T11:35:18+00:00\",\"author\":{\"@id\":\"https:\\\/\\\/dana.com.br\\\/canaldana\\\/#\\\/schema\\\/person\\\/3c21f22f56fcf3bc46b94bc60ea4fef6\"},\"breadcrumb\":{\"@id\":\"https:\\\/\\\/dana.com.br\\\/canaldana\\\/2021\\\/06\\\/09\\\/licenciamento-de-veiculos-leves-sobe-2096-em-maio\\\/#breadcrumb\"},\"inLanguage\":\"pt-BR\",\"potentialAction\":[{\"@type\":\"ReadAction\",\"target\":[\"https:\\\/\\\/dana.com.br\\\/canaldana\\\/2021\\\/06\\\/09\\\/licenciamento-de-veiculos-leves-sobe-2096-em-maio\\\/\"]}]},{\"@type\":\"BreadcrumbList\",\"@id\":\"https:\\\/\\\/dana.com.br\\\/canaldana\\\/2021\\\/06\\\/09\\\/licenciamento-de-veiculos-leves-sobe-2096-em-maio\\\/#breadcrumb\",\"itemListElement\":[{\"@type\":\"ListItem\",\"position\":1,\"name\":\"Home\",\"item\":\"https:\\\/\\\/dana.com.br\\\/canaldana\\\/\"},{\"@type\":\"ListItem\",\"position\":2,\"name\":\"Mercado\",\"item\":\"https:\\\/\\\/dana.com.br\\\/canaldana\\\/mercado\\\/\"},{\"@type\":\"ListItem\",\"position\":3,\"name\":\"Licenciamento de ve\u00edculos leves sobe 209,6% em maio\"}]},{\"@type\":\"WebSite\",\"@id\":\"https:\\\/\\\/dana.com.br\\\/canaldana\\\/#website\",\"url\":\"https:\\\/\\\/dana.com.br\\\/canaldana\\\/\",\"name\":\"Canal Dana\",\"description\":\"Informativo com as principais not\u00edcias da ind\u00fastria automotiva\",\"potentialAction\":[{\"@type\":\"SearchAction\",\"target\":{\"@type\":\"EntryPoint\",\"urlTemplate\":\"https:\\\/\\\/dana.com.br\\\/canaldana\\\/?s={search_term_string}\"},\"query-input\":{\"@type\":\"PropertyValueSpecification\",\"valueRequired\":true,\"valueName\":\"search_term_string\"}}],\"inLanguage\":\"pt-BR\"},{\"@type\":\"Person\",\"@id\":\"https:\\\/\\\/dana.com.br\\\/canaldana\\\/#\\\/schema\\\/person\\\/3c21f22f56fcf3bc46b94bc60ea4fef6\",\"name\":\"Canal Dana\",\"image\":{\"@type\":\"ImageObject\",\"inLanguage\":\"pt-BR\",\"@id\":\"https:\\\/\\\/secure.gravatar.com\\\/avatar\\\/420aaf9278582877d9018637c6817617705899d2858d7572ef0fe59a6b6454b4?s=96&d=mm&r=g\",\"url\":\"https:\\\/\\\/secure.gravatar.com\\\/avatar\\\/420aaf9278582877d9018637c6817617705899d2858d7572ef0fe59a6b6454b4?s=96&d=mm&r=g\",\"contentUrl\":\"https:\\\/\\\/secure.gravatar.com\\\/avatar\\\/420aaf9278582877d9018637c6817617705899d2858d7572ef0fe59a6b6454b4?s=96&d=mm&r=g\",\"caption\":\"Canal Dana\"},\"url\":\"https:\\\/\\\/dana.com.br\\\/canaldana\\\/author\\\/cdeditor\\\/\"}]}<\/script>\n<!-- \/ Yoast SEO plugin. -->","yoast_head_json":{"title":"Licenciamento de ve\u00edculos leves sobe 209,6% em maio - Canal Dana","robots":{"index":"index","follow":"follow","max-snippet":"max-snippet:-1","max-image-preview":"max-image-preview:large","max-video-preview":"max-video-preview:-1"},"canonical":"https:\/\/dana.com.br\/canaldana\/2021\/06\/09\/licenciamento-de-veiculos-leves-sobe-2096-em-maio\/","og_locale":"pt_BR","og_type":"article","og_title":"Licenciamento de ve\u00edculos leves sobe 209,6% em maio - Canal Dana","og_description":"Ag\u00eancia CMA &nbsp; Os licenciamentos de autom\u00f3veis e comerciais leves aumentaram 209,6% em maio na compara\u00e7\u00e3o com o mesmo m\u00eas do ano passado, a 175.574 unidades, informou a Associa\u00e7\u00e3o Nacional dos Fabricantes de Ve\u00edculos Automotores (Anfavea). Ante abril, houve eleva\u00e7\u00e3o de 7%. &nbsp; No acumulado do ano, os emplacamentos de leves somaram 838.249 de unidades,\u2026 Leia mais \u00bb","og_url":"https:\/\/dana.com.br\/canaldana\/2021\/06\/09\/licenciamento-de-veiculos-leves-sobe-2096-em-maio\/","og_site_name":"Canal Dana","article_published_time":"2021-06-09T11:35:18+00:00","author":"Canal Dana","twitter_card":"summary_large_image","twitter_misc":{"Escrito por":"Canal Dana","Est. tempo de leitura":"2 minutos"},"schema":{"@context":"https:\/\/schema.org","@graph":[{"@type":"Article","@id":"https:\/\/dana.com.br\/canaldana\/2021\/06\/09\/licenciamento-de-veiculos-leves-sobe-2096-em-maio\/#article","isPartOf":{"@id":"https:\/\/dana.com.br\/canaldana\/2021\/06\/09\/licenciamento-de-veiculos-leves-sobe-2096-em-maio\/"},"author":{"name":"Canal Dana","@id":"https:\/\/dana.com.br\/canaldana\/#\/schema\/person\/3c21f22f56fcf3bc46b94bc60ea4fef6"},"headline":"Licenciamento de ve\u00edculos leves sobe 209,6% em maio","datePublished":"2021-06-09T11:35:18+00:00","mainEntityOfPage":{"@id":"https:\/\/dana.com.br\/canaldana\/2021\/06\/09\/licenciamento-de-veiculos-leves-sobe-2096-em-maio\/"},"wordCount":358,"articleSection":["Mercado"],"inLanguage":"pt-BR"},{"@type":"WebPage","@id":"https:\/\/dana.com.br\/canaldana\/2021\/06\/09\/licenciamento-de-veiculos-leves-sobe-2096-em-maio\/","url":"https:\/\/dana.com.br\/canaldana\/2021\/06\/09\/licenciamento-de-veiculos-leves-sobe-2096-em-maio\/","name":"Licenciamento de ve\u00edculos leves sobe 209,6% em maio - Canal Dana","isPartOf":{"@id":"https:\/\/dana.com.br\/canaldana\/#website"},"datePublished":"2021-06-09T11:35:18+00:00","author":{"@id":"https:\/\/dana.com.br\/canaldana\/#\/schema\/person\/3c21f22f56fcf3bc46b94bc60ea4fef6"},"breadcrumb":{"@id":"https:\/\/dana.com.br\/canaldana\/2021\/06\/09\/licenciamento-de-veiculos-leves-sobe-2096-em-maio\/#breadcrumb"},"inLanguage":"pt-BR","potentialAction":[{"@type":"ReadAction","target":["https:\/\/dana.com.br\/canaldana\/2021\/06\/09\/licenciamento-de-veiculos-leves-sobe-2096-em-maio\/"]}]},{"@type":"BreadcrumbList","@id":"https:\/\/dana.com.br\/canaldana\/2021\/06\/09\/licenciamento-de-veiculos-leves-sobe-2096-em-maio\/#breadcrumb","itemListElement":[{"@type":"ListItem","position":1,"name":"Home","item":"https:\/\/dana.com.br\/canaldana\/"},{"@type":"ListItem","position":2,"name":"Mercado","item":"https:\/\/dana.com.br\/canaldana\/mercado\/"},{"@type":"ListItem","position":3,"name":"Licenciamento de ve\u00edculos leves sobe 209,6% em maio"}]},{"@type":"WebSite","@id":"https:\/\/dana.com.br\/canaldana\/#website","url":"https:\/\/dana.com.br\/canaldana\/","name":"Canal Dana","description":"Informativo com as principais not\u00edcias da ind\u00fastria automotiva","potentialAction":[{"@type":"SearchAction","target":{"@type":"EntryPoint","urlTemplate":"https:\/\/dana.com.br\/canaldana\/?s={search_term_string}"},"query-input":{"@type":"PropertyValueSpecification","valueRequired":true,"valueName":"search_term_string"}}],"inLanguage":"pt-BR"},{"@type":"Person","@id":"https:\/\/dana.com.br\/canaldana\/#\/schema\/person\/3c21f22f56fcf3bc46b94bc60ea4fef6","name":"Canal Dana","image":{"@type":"ImageObject","inLanguage":"pt-BR","@id":"https:\/\/secure.gravatar.com\/avatar\/420aaf9278582877d9018637c6817617705899d2858d7572ef0fe59a6b6454b4?s=96&d=mm&r=g","url":"https:\/\/secure.gravatar.com\/avatar\/420aaf9278582877d9018637c6817617705899d2858d7572ef0fe59a6b6454b4?s=96&d=mm&r=g","contentUrl":"https:\/\/secure.gravatar.com\/avatar\/420aaf9278582877d9018637c6817617705899d2858d7572ef0fe59a6b6454b4?s=96&d=mm&r=g","caption":"Canal Dana"},"url":"https:\/\/dana.com.br\/canaldana\/author\/cdeditor\/"}]}},"_links":{"self":[{"href":"https:\/\/dana.com.br\/canaldana\/wp-json\/wp\/v2\/posts\/50757","targetHints":{"allow":["GET"]}}],"collection":[{"href":"https:\/\/dana.com.br\/canaldana\/wp-json\/wp\/v2\/posts"}],"about":[{"href":"https:\/\/dana.com.br\/canaldana\/wp-json\/wp\/v2\/types\/post"}],"author":[{"embeddable":true,"href":"https:\/\/dana.com.br\/canaldana\/wp-json\/wp\/v2\/users\/3"}],"replies":[{"embeddable":true,"href":"https:\/\/dana.com.br\/canaldana\/wp-json\/wp\/v2\/comments?post=50757"}],"version-history":[{"count":0,"href":"https:\/\/dana.com.br\/canaldana\/wp-json\/wp\/v2\/posts\/50757\/revisions"}],"wp:attachment":[{"href":"https:\/\/dana.com.br\/canaldana\/wp-json\/wp\/v2\/media?parent=50757"}],"wp:term":[{"taxonomy":"category","embeddable":true,"href":"https:\/\/dana.com.br\/canaldana\/wp-json\/wp\/v2\/categories?post=50757"},{"taxonomy":"post_tag","embeddable":true,"href":"https:\/\/dana.com.br\/canaldana\/wp-json\/wp\/v2\/tags?post=50757"}],"curies":[{"name":"wp","href":"https:\/\/api.w.org\/{rel}","templated":true}]}}