{"id":50420,"date":"2021-05-26T08:44:19","date_gmt":"2021-05-26T11:44:19","guid":{"rendered":"https:\/\/dana.com.br\/canaldana\/?p=50420"},"modified":"2021-05-26T08:46:34","modified_gmt":"2021-05-26T11:46:34","slug":"50420","status":"publish","type":"post","link":"https:\/\/dana.com.br\/canaldana\/2021\/05\/26\/50420\/","title":{"rendered":"VW abre &#8220;banco digital&#8221; voltado a caminhoneiros"},"content":{"rendered":"<p><em>O Estado de S. Paulo <\/em><\/p>\n<p>&nbsp;<\/p>\n<p>A Volkswagen Caminh\u00f5es e \u00d4nibus (VWCO) e seu bra\u00e7o financeiro anunciam hoje a cria\u00e7\u00e3o da fintech Trucker Pay, uma esp\u00e9cie de banco digital para facilitar transa\u00e7\u00f5es feitas por frotistas, transportadoras e caminhoneiros, inclusive os aut\u00f4nomos, de todo o Brasil.<\/p>\n<p>&nbsp;<\/p>\n<p>Por um aplicativo de celular, o usu\u00e1rio poder\u00e1 pagar gastos com abastecimento de combust\u00edvel em postos, ped\u00e1gio, servi\u00e7os de manuten\u00e7\u00e3o e compra de pe\u00e7as em concession\u00e1rias e oficinas, refei\u00e7\u00f5es e outros produtos em locais conveniados.<\/p>\n<p>&nbsp;<\/p>\n<p>No futuro tamb\u00e9m ser\u00e1 poss\u00edvel oferecer cr\u00e9dito para a compra de um caminh\u00e3o ou para o seguro do ve\u00edculo, com o pagamento das presta\u00e7\u00f5es pelo Trucker Pay, com juros inferiores aos de mercado, diz Roberto Cortes, presidente da VWCO.<\/p>\n<p>&nbsp;<\/p>\n<p>\u201c\u00c9 uma forma de oferecer uma solu\u00e7\u00e3o financeira em todo o ecossistema do transporte e promover a inser\u00e7\u00e3o digital dos caminhoneiros\u201d, afirma.<\/p>\n<p>&nbsp;<\/p>\n<p>Segundo ele, a conta digital estar\u00e1 dispon\u00edvel para os cerca de 2 milh\u00f5es de caminhoneiros do Pa\u00eds, assim como empresas de transporte, independente de uso ou n\u00e3o ve\u00edculos da marca.<\/p>\n<p>&nbsp;<\/p>\n<p>O diretor geral do Volkswagen Financial Services, Rodrigo Capuru\u00e7o, afirma que quase a totalidade das 140 concession\u00e1rias da marca j\u00e1 aderiram ao Trucker Pay. Elas ser\u00e3o respons\u00e1veis pelo cadastramento de estabelecimentos que queiram atuar com o pagamento digital.<\/p>\n<p>&nbsp;<\/p>\n<p>O uso do Trucker Pay come\u00e7a quando a empresa distribui aos motoristas cart\u00f5es virtuais com valores para bancar as despesas da viagem por meio de cr\u00e9dito oferecido pelo banco, com prazo de at\u00e9 30 dias de pagamento. A novidade tamb\u00e9m estar\u00e1 dispon\u00edvel para aut\u00f4nomos. As taxas ser\u00e3o cobradas pelo uso do sistema; a ades\u00e3o ser\u00e1 gratuita.<\/p>\n<p>&nbsp;<\/p>\n<p>Outro atrativo ser\u00e1 a ado\u00e7\u00e3o do \u201ccash back\u201d \u2013 devolu\u00e7\u00e3o ao usu\u00e1rio de parte dos valores gastos com o cart\u00e3o virtual. \u201cOs bancos digitais e segmentados est\u00e3o crescendo e ganhando cada vez mais clientes no Brasil. Analisando essa mudan\u00e7a de mercado e para trazer mais tecnologia e sinergia \u00e0 opera\u00e7\u00e3o do nosso ecossistema de neg\u00f3cios, decidimos lan\u00e7ar esse servi\u00e7o pioneiro\u201d, diz Cortes. (O Estado de S. Paulo\/Cleide Silva)<\/p>\n","protected":false},"excerpt":{"rendered":"<p>O Estado de S. Paulo &nbsp; A Volkswagen Caminh\u00f5es e \u00d4nibus (VWCO) e seu bra\u00e7o financeiro anunciam hoje a cria\u00e7\u00e3o da fintech Trucker Pay, uma esp\u00e9cie de banco digital para facilitar transa\u00e7\u00f5es feitas por frotistas, transportadoras e caminhoneiros, inclusive os aut\u00f4nomos, de todo o Brasil. &nbsp; Por um aplicativo de celular, o usu\u00e1rio poder\u00e1 pagar\u2026 <a class=\"readmore\" href=\"https:\/\/dana.com.br\/canaldana\/2021\/05\/26\/50420\/\">Leia mais \u00bb<\/a><\/p>\n","protected":false},"author":3,"featured_media":0,"comment_status":"closed","ping_status":"closed","sticky":false,"template":"","format":"standard","meta":{"_acf_changed":false,"footnotes":""},"categories":[79],"tags":[],"class_list":["post-50420","post","type-post","status-publish","format-standard","hentry","category-mercado"],"acf":[],"yoast_head":"<!-- This site is optimized with the Yoast SEO plugin v27.3 - https:\/\/yoast.com\/product\/yoast-seo-wordpress\/ -->\n<title>VW abre &quot;banco digital&quot; voltado a caminhoneiros - Canal Dana<\/title>\n<meta name=\"robots\" content=\"index, follow, max-snippet:-1, max-image-preview:large, max-video-preview:-1\" \/>\n<link rel=\"canonical\" href=\"https:\/\/dana.com.br\/canaldana\/2021\/05\/26\/50420\/\" \/>\n<meta property=\"og:locale\" content=\"pt_BR\" \/>\n<meta property=\"og:type\" content=\"article\" \/>\n<meta property=\"og:title\" content=\"VW abre &quot;banco digital&quot; voltado a caminhoneiros - Canal Dana\" \/>\n<meta property=\"og:description\" content=\"O Estado de S. Paulo &nbsp; A Volkswagen Caminh\u00f5es e \u00d4nibus (VWCO) e seu bra\u00e7o financeiro anunciam hoje a cria\u00e7\u00e3o da fintech Trucker Pay, uma esp\u00e9cie de banco digital para facilitar transa\u00e7\u00f5es feitas por frotistas, transportadoras e caminhoneiros, inclusive os aut\u00f4nomos, de todo o Brasil. &nbsp; Por um aplicativo de celular, o usu\u00e1rio poder\u00e1 pagar\u2026 Leia mais \u00bb\" \/>\n<meta property=\"og:url\" content=\"https:\/\/dana.com.br\/canaldana\/2021\/05\/26\/50420\/\" \/>\n<meta property=\"og:site_name\" content=\"Canal Dana\" \/>\n<meta property=\"article:published_time\" content=\"2021-05-26T11:44:19+00:00\" \/>\n<meta property=\"article:modified_time\" content=\"2021-05-26T11:46:34+00:00\" \/>\n<meta name=\"author\" content=\"Canal Dana\" \/>\n<meta name=\"twitter:card\" content=\"summary_large_image\" \/>\n<meta name=\"twitter:label1\" content=\"Escrito por\" \/>\n\t<meta name=\"twitter:data1\" content=\"Canal Dana\" \/>\n\t<meta name=\"twitter:label2\" content=\"Est. tempo de leitura\" \/>\n\t<meta name=\"twitter:data2\" content=\"2 minutos\" \/>\n<script type=\"application\/ld+json\" class=\"yoast-schema-graph\">{\"@context\":\"https:\\\/\\\/schema.org\",\"@graph\":[{\"@type\":\"Article\",\"@id\":\"https:\\\/\\\/dana.com.br\\\/canaldana\\\/2021\\\/05\\\/26\\\/50420\\\/#article\",\"isPartOf\":{\"@id\":\"https:\\\/\\\/dana.com.br\\\/canaldana\\\/2021\\\/05\\\/26\\\/50420\\\/\"},\"author\":{\"name\":\"Canal Dana\",\"@id\":\"https:\\\/\\\/dana.com.br\\\/canaldana\\\/#\\\/schema\\\/person\\\/3c21f22f56fcf3bc46b94bc60ea4fef6\"},\"headline\":\"VW abre &#8220;banco digital&#8221; voltado a caminhoneiros\",\"datePublished\":\"2021-05-26T11:44:19+00:00\",\"dateModified\":\"2021-05-26T11:46:34+00:00\",\"mainEntityOfPage\":{\"@id\":\"https:\\\/\\\/dana.com.br\\\/canaldana\\\/2021\\\/05\\\/26\\\/50420\\\/\"},\"wordCount\":391,\"articleSection\":[\"Mercado\"],\"inLanguage\":\"pt-BR\"},{\"@type\":\"WebPage\",\"@id\":\"https:\\\/\\\/dana.com.br\\\/canaldana\\\/2021\\\/05\\\/26\\\/50420\\\/\",\"url\":\"https:\\\/\\\/dana.com.br\\\/canaldana\\\/2021\\\/05\\\/26\\\/50420\\\/\",\"name\":\"VW abre \\\"banco digital\\\" voltado a caminhoneiros - Canal Dana\",\"isPartOf\":{\"@id\":\"https:\\\/\\\/dana.com.br\\\/canaldana\\\/#website\"},\"datePublished\":\"2021-05-26T11:44:19+00:00\",\"dateModified\":\"2021-05-26T11:46:34+00:00\",\"author\":{\"@id\":\"https:\\\/\\\/dana.com.br\\\/canaldana\\\/#\\\/schema\\\/person\\\/3c21f22f56fcf3bc46b94bc60ea4fef6\"},\"breadcrumb\":{\"@id\":\"https:\\\/\\\/dana.com.br\\\/canaldana\\\/2021\\\/05\\\/26\\\/50420\\\/#breadcrumb\"},\"inLanguage\":\"pt-BR\",\"potentialAction\":[{\"@type\":\"ReadAction\",\"target\":[\"https:\\\/\\\/dana.com.br\\\/canaldana\\\/2021\\\/05\\\/26\\\/50420\\\/\"]}]},{\"@type\":\"BreadcrumbList\",\"@id\":\"https:\\\/\\\/dana.com.br\\\/canaldana\\\/2021\\\/05\\\/26\\\/50420\\\/#breadcrumb\",\"itemListElement\":[{\"@type\":\"ListItem\",\"position\":1,\"name\":\"Home\",\"item\":\"https:\\\/\\\/dana.com.br\\\/canaldana\\\/\"},{\"@type\":\"ListItem\",\"position\":2,\"name\":\"Mercado\",\"item\":\"https:\\\/\\\/dana.com.br\\\/canaldana\\\/mercado\\\/\"},{\"@type\":\"ListItem\",\"position\":3,\"name\":\"VW abre &#8220;banco digital&#8221; voltado a caminhoneiros\"}]},{\"@type\":\"WebSite\",\"@id\":\"https:\\\/\\\/dana.com.br\\\/canaldana\\\/#website\",\"url\":\"https:\\\/\\\/dana.com.br\\\/canaldana\\\/\",\"name\":\"Canal Dana\",\"description\":\"Informativo com as principais not\u00edcias da ind\u00fastria automotiva\",\"potentialAction\":[{\"@type\":\"SearchAction\",\"target\":{\"@type\":\"EntryPoint\",\"urlTemplate\":\"https:\\\/\\\/dana.com.br\\\/canaldana\\\/?s={search_term_string}\"},\"query-input\":{\"@type\":\"PropertyValueSpecification\",\"valueRequired\":true,\"valueName\":\"search_term_string\"}}],\"inLanguage\":\"pt-BR\"},{\"@type\":\"Person\",\"@id\":\"https:\\\/\\\/dana.com.br\\\/canaldana\\\/#\\\/schema\\\/person\\\/3c21f22f56fcf3bc46b94bc60ea4fef6\",\"name\":\"Canal Dana\",\"image\":{\"@type\":\"ImageObject\",\"inLanguage\":\"pt-BR\",\"@id\":\"https:\\\/\\\/secure.gravatar.com\\\/avatar\\\/420aaf9278582877d9018637c6817617705899d2858d7572ef0fe59a6b6454b4?s=96&d=mm&r=g\",\"url\":\"https:\\\/\\\/secure.gravatar.com\\\/avatar\\\/420aaf9278582877d9018637c6817617705899d2858d7572ef0fe59a6b6454b4?s=96&d=mm&r=g\",\"contentUrl\":\"https:\\\/\\\/secure.gravatar.com\\\/avatar\\\/420aaf9278582877d9018637c6817617705899d2858d7572ef0fe59a6b6454b4?s=96&d=mm&r=g\",\"caption\":\"Canal Dana\"},\"url\":\"https:\\\/\\\/dana.com.br\\\/canaldana\\\/author\\\/cdeditor\\\/\"}]}<\/script>\n<!-- \/ Yoast SEO plugin. -->","yoast_head_json":{"title":"VW abre \"banco digital\" voltado a caminhoneiros - Canal Dana","robots":{"index":"index","follow":"follow","max-snippet":"max-snippet:-1","max-image-preview":"max-image-preview:large","max-video-preview":"max-video-preview:-1"},"canonical":"https:\/\/dana.com.br\/canaldana\/2021\/05\/26\/50420\/","og_locale":"pt_BR","og_type":"article","og_title":"VW abre \"banco digital\" voltado a caminhoneiros - Canal Dana","og_description":"O Estado de S. Paulo &nbsp; A Volkswagen Caminh\u00f5es e \u00d4nibus (VWCO) e seu bra\u00e7o financeiro anunciam hoje a cria\u00e7\u00e3o da fintech Trucker Pay, uma esp\u00e9cie de banco digital para facilitar transa\u00e7\u00f5es feitas por frotistas, transportadoras e caminhoneiros, inclusive os aut\u00f4nomos, de todo o Brasil. &nbsp; Por um aplicativo de celular, o usu\u00e1rio poder\u00e1 pagar\u2026 Leia mais \u00bb","og_url":"https:\/\/dana.com.br\/canaldana\/2021\/05\/26\/50420\/","og_site_name":"Canal Dana","article_published_time":"2021-05-26T11:44:19+00:00","article_modified_time":"2021-05-26T11:46:34+00:00","author":"Canal Dana","twitter_card":"summary_large_image","twitter_misc":{"Escrito por":"Canal Dana","Est. tempo de leitura":"2 minutos"},"schema":{"@context":"https:\/\/schema.org","@graph":[{"@type":"Article","@id":"https:\/\/dana.com.br\/canaldana\/2021\/05\/26\/50420\/#article","isPartOf":{"@id":"https:\/\/dana.com.br\/canaldana\/2021\/05\/26\/50420\/"},"author":{"name":"Canal Dana","@id":"https:\/\/dana.com.br\/canaldana\/#\/schema\/person\/3c21f22f56fcf3bc46b94bc60ea4fef6"},"headline":"VW abre &#8220;banco digital&#8221; voltado a caminhoneiros","datePublished":"2021-05-26T11:44:19+00:00","dateModified":"2021-05-26T11:46:34+00:00","mainEntityOfPage":{"@id":"https:\/\/dana.com.br\/canaldana\/2021\/05\/26\/50420\/"},"wordCount":391,"articleSection":["Mercado"],"inLanguage":"pt-BR"},{"@type":"WebPage","@id":"https:\/\/dana.com.br\/canaldana\/2021\/05\/26\/50420\/","url":"https:\/\/dana.com.br\/canaldana\/2021\/05\/26\/50420\/","name":"VW abre \"banco digital\" voltado a caminhoneiros - Canal Dana","isPartOf":{"@id":"https:\/\/dana.com.br\/canaldana\/#website"},"datePublished":"2021-05-26T11:44:19+00:00","dateModified":"2021-05-26T11:46:34+00:00","author":{"@id":"https:\/\/dana.com.br\/canaldana\/#\/schema\/person\/3c21f22f56fcf3bc46b94bc60ea4fef6"},"breadcrumb":{"@id":"https:\/\/dana.com.br\/canaldana\/2021\/05\/26\/50420\/#breadcrumb"},"inLanguage":"pt-BR","potentialAction":[{"@type":"ReadAction","target":["https:\/\/dana.com.br\/canaldana\/2021\/05\/26\/50420\/"]}]},{"@type":"BreadcrumbList","@id":"https:\/\/dana.com.br\/canaldana\/2021\/05\/26\/50420\/#breadcrumb","itemListElement":[{"@type":"ListItem","position":1,"name":"Home","item":"https:\/\/dana.com.br\/canaldana\/"},{"@type":"ListItem","position":2,"name":"Mercado","item":"https:\/\/dana.com.br\/canaldana\/mercado\/"},{"@type":"ListItem","position":3,"name":"VW abre &#8220;banco digital&#8221; voltado a caminhoneiros"}]},{"@type":"WebSite","@id":"https:\/\/dana.com.br\/canaldana\/#website","url":"https:\/\/dana.com.br\/canaldana\/","name":"Canal Dana","description":"Informativo com as principais not\u00edcias da ind\u00fastria automotiva","potentialAction":[{"@type":"SearchAction","target":{"@type":"EntryPoint","urlTemplate":"https:\/\/dana.com.br\/canaldana\/?s={search_term_string}"},"query-input":{"@type":"PropertyValueSpecification","valueRequired":true,"valueName":"search_term_string"}}],"inLanguage":"pt-BR"},{"@type":"Person","@id":"https:\/\/dana.com.br\/canaldana\/#\/schema\/person\/3c21f22f56fcf3bc46b94bc60ea4fef6","name":"Canal Dana","image":{"@type":"ImageObject","inLanguage":"pt-BR","@id":"https:\/\/secure.gravatar.com\/avatar\/420aaf9278582877d9018637c6817617705899d2858d7572ef0fe59a6b6454b4?s=96&d=mm&r=g","url":"https:\/\/secure.gravatar.com\/avatar\/420aaf9278582877d9018637c6817617705899d2858d7572ef0fe59a6b6454b4?s=96&d=mm&r=g","contentUrl":"https:\/\/secure.gravatar.com\/avatar\/420aaf9278582877d9018637c6817617705899d2858d7572ef0fe59a6b6454b4?s=96&d=mm&r=g","caption":"Canal Dana"},"url":"https:\/\/dana.com.br\/canaldana\/author\/cdeditor\/"}]}},"_links":{"self":[{"href":"https:\/\/dana.com.br\/canaldana\/wp-json\/wp\/v2\/posts\/50420","targetHints":{"allow":["GET"]}}],"collection":[{"href":"https:\/\/dana.com.br\/canaldana\/wp-json\/wp\/v2\/posts"}],"about":[{"href":"https:\/\/dana.com.br\/canaldana\/wp-json\/wp\/v2\/types\/post"}],"author":[{"embeddable":true,"href":"https:\/\/dana.com.br\/canaldana\/wp-json\/wp\/v2\/users\/3"}],"replies":[{"embeddable":true,"href":"https:\/\/dana.com.br\/canaldana\/wp-json\/wp\/v2\/comments?post=50420"}],"version-history":[{"count":0,"href":"https:\/\/dana.com.br\/canaldana\/wp-json\/wp\/v2\/posts\/50420\/revisions"}],"wp:attachment":[{"href":"https:\/\/dana.com.br\/canaldana\/wp-json\/wp\/v2\/media?parent=50420"}],"wp:term":[{"taxonomy":"category","embeddable":true,"href":"https:\/\/dana.com.br\/canaldana\/wp-json\/wp\/v2\/categories?post=50420"},{"taxonomy":"post_tag","embeddable":true,"href":"https:\/\/dana.com.br\/canaldana\/wp-json\/wp\/v2\/tags?post=50420"}],"curies":[{"name":"wp","href":"https:\/\/api.w.org\/{rel}","templated":true}]}}