{"id":50414,"date":"2021-05-26T08:42:28","date_gmt":"2021-05-26T11:42:28","guid":{"rendered":"https:\/\/dana.com.br\/canaldana\/?p=50414"},"modified":"2021-05-26T08:42:28","modified_gmt":"2021-05-26T11:42:28","slug":"volare-lanca-linha-new-attack-de-olho-no-mercado","status":"publish","type":"post","link":"https:\/\/dana.com.br\/canaldana\/2021\/05\/26\/volare-lanca-linha-new-attack-de-olho-no-mercado\/","title":{"rendered":"Volare lan\u00e7a linha New Attack de olho no mercado"},"content":{"rendered":"<p><em>Agentes da Mobilidade <\/em><\/p>\n<p>&nbsp;<\/p>\n<p>A Volare, l\u00edder brasileira no segmento de micro-\u00f4nibus, apresenta os modelos New Attack 8 e New Attack 9 com objetivo de ampliar ainda mais a participa\u00e7\u00e3o de mercado no segmento. A estrat\u00e9gia passa por oferecer ve\u00edculos com foco em atender as necessidades dos clientes nos mais diversos tipos de opera\u00e7\u00e3o, turismo, fretamento, escolar entre outros.<\/p>\n<p>&nbsp;<\/p>\n<p>Os novos modelos da linha Attack chegam ao mercado com design arrojado e moderno. As linhas leves, limpas e harmoniosas, acompanham as principais tend\u00eancias no segmento automotivo. Os modelos seguem apresentando os diferenciais competitivos j\u00e1 consagrados, como durabilidade, robustez, conforto e seguran\u00e7a.<\/p>\n<p>&nbsp;<\/p>\n<p>O diretor de Opera\u00e7\u00f5es Comerciais MI e Marketing, Ricardo Portolan, explica que o segmento de micro-\u00f4nibus respondeu de forma positiva as demandas do mercado mesmo neste per\u00edodo de enfrentamento da pandemia, que imp\u00f4s as restri\u00e7\u00f5es de deslocamento. \u201cEm um momento que a ind\u00fastria brasileira de \u00f4nibus foi fortemente impactada pela pandemia, o segmento de micro-\u00f4nibus nos ofereceu grandes oportunidades de neg\u00f3cio. Fechamos o ano de 2020, por exemplo, com 2.251 unidades produzidas.<\/p>\n<p>&nbsp;<\/p>\n<p>Nas vers\u00f5es Escolar, Executivo, Fretamento, Rural e Unidades Especiais, com largura que varia entre 2.200mm e 2.320mm, e capacidade para transportar at\u00e9 44 passageiros, de acordo com a configura\u00e7\u00e3o, a linha New Attack \u00e9 composta por modelos projetados para oferecer agilidade e seguran\u00e7a no transporte de passageiros desde centros urbanos at\u00e9 para uso em aplica\u00e7\u00f5es severas.<\/p>\n<p>&nbsp;<\/p>\n<p>Uma caracter\u00edstica que diferencia a nova linha que proporciona maior versatilidade nas aplica\u00e7\u00f5es, \u00e9 a disponibilidade de op\u00e7\u00f5es de altura de saia: city, standard e rural, esta exclusiva do modelo New Attack 8, que facilita a dirigibilidade de acordo com o tipo de terreno na qual o ve\u00edculo esteja trafegando.<\/p>\n<p>&nbsp;<\/p>\n<p>No que tange a est\u00e9tica e concep\u00e7\u00e3o dos modelos, a linha New Attack faz uso de componentes em pl\u00e1stico de engenharia recicl\u00e1vel, possuem conjuntos \u00f3pticos em LED, com farol de neblina e DRL opcionais, proporcionando durabilidade superior em compara\u00e7\u00e3o \u00e0 l\u00e2mpada convencional. Os novos para-choques e grade t\u00eam design mais limpo e moderno para agilizar a manuten\u00e7\u00e3o e limpeza. Os modelos ainda contam com bagageiro traseiro com acesso facilitado.<\/p>\n<p>&nbsp;<\/p>\n<p>Na \u00e1rea interna, os modelos primam pelo conforto e conveni\u00eancias. O isolamento termoac\u00fastico garante ambiente agrad\u00e1vel. Os novos micros contam com variedade de op\u00e7\u00f5es de poltronas e opcionais como porta-copos, descansa-p\u00e9s e cinto de seguran\u00e7a. S\u00e3o equipados com sistema de ar-condicionado. O painel de instrumentos adota conceitos automotivos, com f\u00e1cil acesso e leitura, com volante, alavanca de c\u00e2mbio e comandos instalados ergonomicamente. A linha New Attack apresenta maior vida \u00fatil da bateria e menor consumo de combust\u00edvel. O trem de for\u00e7a traz op\u00e7\u00f5es de motores Cummins com 152 e 162 cv de pot\u00eancia, e Mercedes-Benz OM 924 LA, este com 156 cv, freio com sistema eletropneum\u00e1tico e tanque de combust\u00edvel de 150 litros.<\/p>\n<p>&nbsp;<\/p>\n<p>Dessa forma, com a linha New Attack, a Marcopolo, detentora da marca Volare, alia tecnologia e otimiza\u00e7\u00e3o de engenharia e gest\u00e3o fabril para aprimorar ve\u00edculos e ofertar novos produtos de acordo com as tend\u00eancias no mercado. (Agentes da Mobilidade\/Renato Siqueira)<\/p>\n","protected":false},"excerpt":{"rendered":"<p>Agentes da Mobilidade &nbsp; A Volare, l\u00edder brasileira no segmento de micro-\u00f4nibus, apresenta os modelos New Attack 8 e New Attack 9 com objetivo de ampliar ainda mais a participa\u00e7\u00e3o de mercado no segmento. A estrat\u00e9gia passa por oferecer ve\u00edculos com foco em atender as necessidades dos clientes nos mais diversos tipos de opera\u00e7\u00e3o, turismo,\u2026 <a class=\"readmore\" href=\"https:\/\/dana.com.br\/canaldana\/2021\/05\/26\/volare-lanca-linha-new-attack-de-olho-no-mercado\/\">Leia mais \u00bb<\/a><\/p>\n","protected":false},"author":3,"featured_media":0,"comment_status":"closed","ping_status":"closed","sticky":false,"template":"","format":"standard","meta":{"_acf_changed":false,"footnotes":""},"categories":[79],"tags":[],"class_list":["post-50414","post","type-post","status-publish","format-standard","hentry","category-mercado"],"acf":[],"yoast_head":"<!-- This site is optimized with the Yoast SEO plugin v27.3 - https:\/\/yoast.com\/product\/yoast-seo-wordpress\/ -->\n<title>Volare lan\u00e7a linha New Attack de olho no mercado - Canal Dana<\/title>\n<meta name=\"robots\" content=\"index, follow, max-snippet:-1, max-image-preview:large, max-video-preview:-1\" \/>\n<link rel=\"canonical\" href=\"https:\/\/dana.com.br\/canaldana\/2021\/05\/26\/volare-lanca-linha-new-attack-de-olho-no-mercado\/\" \/>\n<meta property=\"og:locale\" content=\"pt_BR\" \/>\n<meta property=\"og:type\" content=\"article\" \/>\n<meta property=\"og:title\" content=\"Volare lan\u00e7a linha New Attack de olho no mercado - Canal Dana\" \/>\n<meta property=\"og:description\" content=\"Agentes da Mobilidade &nbsp; A Volare, l\u00edder brasileira no segmento de micro-\u00f4nibus, apresenta os modelos New Attack 8 e New Attack 9 com objetivo de ampliar ainda mais a participa\u00e7\u00e3o de mercado no segmento. A estrat\u00e9gia passa por oferecer ve\u00edculos com foco em atender as necessidades dos clientes nos mais diversos tipos de opera\u00e7\u00e3o, turismo,\u2026 Leia mais \u00bb\" \/>\n<meta property=\"og:url\" content=\"https:\/\/dana.com.br\/canaldana\/2021\/05\/26\/volare-lanca-linha-new-attack-de-olho-no-mercado\/\" \/>\n<meta property=\"og:site_name\" content=\"Canal Dana\" \/>\n<meta property=\"article:published_time\" content=\"2021-05-26T11:42:28+00:00\" \/>\n<meta name=\"author\" content=\"Canal Dana\" \/>\n<meta name=\"twitter:card\" content=\"summary_large_image\" \/>\n<meta name=\"twitter:label1\" content=\"Escrito por\" \/>\n\t<meta name=\"twitter:data1\" content=\"Canal Dana\" \/>\n\t<meta name=\"twitter:label2\" content=\"Est. tempo de leitura\" \/>\n\t<meta name=\"twitter:data2\" content=\"3 minutos\" \/>\n<script type=\"application\/ld+json\" class=\"yoast-schema-graph\">{\"@context\":\"https:\\\/\\\/schema.org\",\"@graph\":[{\"@type\":\"Article\",\"@id\":\"https:\\\/\\\/dana.com.br\\\/canaldana\\\/2021\\\/05\\\/26\\\/volare-lanca-linha-new-attack-de-olho-no-mercado\\\/#article\",\"isPartOf\":{\"@id\":\"https:\\\/\\\/dana.com.br\\\/canaldana\\\/2021\\\/05\\\/26\\\/volare-lanca-linha-new-attack-de-olho-no-mercado\\\/\"},\"author\":{\"name\":\"Canal Dana\",\"@id\":\"https:\\\/\\\/dana.com.br\\\/canaldana\\\/#\\\/schema\\\/person\\\/3c21f22f56fcf3bc46b94bc60ea4fef6\"},\"headline\":\"Volare lan\u00e7a linha New Attack de olho no mercado\",\"datePublished\":\"2021-05-26T11:42:28+00:00\",\"mainEntityOfPage\":{\"@id\":\"https:\\\/\\\/dana.com.br\\\/canaldana\\\/2021\\\/05\\\/26\\\/volare-lanca-linha-new-attack-de-olho-no-mercado\\\/\"},\"wordCount\":556,\"articleSection\":[\"Mercado\"],\"inLanguage\":\"pt-BR\"},{\"@type\":\"WebPage\",\"@id\":\"https:\\\/\\\/dana.com.br\\\/canaldana\\\/2021\\\/05\\\/26\\\/volare-lanca-linha-new-attack-de-olho-no-mercado\\\/\",\"url\":\"https:\\\/\\\/dana.com.br\\\/canaldana\\\/2021\\\/05\\\/26\\\/volare-lanca-linha-new-attack-de-olho-no-mercado\\\/\",\"name\":\"Volare lan\u00e7a linha New Attack de olho no mercado - Canal Dana\",\"isPartOf\":{\"@id\":\"https:\\\/\\\/dana.com.br\\\/canaldana\\\/#website\"},\"datePublished\":\"2021-05-26T11:42:28+00:00\",\"author\":{\"@id\":\"https:\\\/\\\/dana.com.br\\\/canaldana\\\/#\\\/schema\\\/person\\\/3c21f22f56fcf3bc46b94bc60ea4fef6\"},\"breadcrumb\":{\"@id\":\"https:\\\/\\\/dana.com.br\\\/canaldana\\\/2021\\\/05\\\/26\\\/volare-lanca-linha-new-attack-de-olho-no-mercado\\\/#breadcrumb\"},\"inLanguage\":\"pt-BR\",\"potentialAction\":[{\"@type\":\"ReadAction\",\"target\":[\"https:\\\/\\\/dana.com.br\\\/canaldana\\\/2021\\\/05\\\/26\\\/volare-lanca-linha-new-attack-de-olho-no-mercado\\\/\"]}]},{\"@type\":\"BreadcrumbList\",\"@id\":\"https:\\\/\\\/dana.com.br\\\/canaldana\\\/2021\\\/05\\\/26\\\/volare-lanca-linha-new-attack-de-olho-no-mercado\\\/#breadcrumb\",\"itemListElement\":[{\"@type\":\"ListItem\",\"position\":1,\"name\":\"Home\",\"item\":\"https:\\\/\\\/dana.com.br\\\/canaldana\\\/\"},{\"@type\":\"ListItem\",\"position\":2,\"name\":\"Mercado\",\"item\":\"https:\\\/\\\/dana.com.br\\\/canaldana\\\/mercado\\\/\"},{\"@type\":\"ListItem\",\"position\":3,\"name\":\"Volare lan\u00e7a linha New Attack de olho no mercado\"}]},{\"@type\":\"WebSite\",\"@id\":\"https:\\\/\\\/dana.com.br\\\/canaldana\\\/#website\",\"url\":\"https:\\\/\\\/dana.com.br\\\/canaldana\\\/\",\"name\":\"Canal Dana\",\"description\":\"Informativo com as principais not\u00edcias da ind\u00fastria automotiva\",\"potentialAction\":[{\"@type\":\"SearchAction\",\"target\":{\"@type\":\"EntryPoint\",\"urlTemplate\":\"https:\\\/\\\/dana.com.br\\\/canaldana\\\/?s={search_term_string}\"},\"query-input\":{\"@type\":\"PropertyValueSpecification\",\"valueRequired\":true,\"valueName\":\"search_term_string\"}}],\"inLanguage\":\"pt-BR\"},{\"@type\":\"Person\",\"@id\":\"https:\\\/\\\/dana.com.br\\\/canaldana\\\/#\\\/schema\\\/person\\\/3c21f22f56fcf3bc46b94bc60ea4fef6\",\"name\":\"Canal Dana\",\"image\":{\"@type\":\"ImageObject\",\"inLanguage\":\"pt-BR\",\"@id\":\"https:\\\/\\\/secure.gravatar.com\\\/avatar\\\/420aaf9278582877d9018637c6817617705899d2858d7572ef0fe59a6b6454b4?s=96&d=mm&r=g\",\"url\":\"https:\\\/\\\/secure.gravatar.com\\\/avatar\\\/420aaf9278582877d9018637c6817617705899d2858d7572ef0fe59a6b6454b4?s=96&d=mm&r=g\",\"contentUrl\":\"https:\\\/\\\/secure.gravatar.com\\\/avatar\\\/420aaf9278582877d9018637c6817617705899d2858d7572ef0fe59a6b6454b4?s=96&d=mm&r=g\",\"caption\":\"Canal Dana\"},\"url\":\"https:\\\/\\\/dana.com.br\\\/canaldana\\\/author\\\/cdeditor\\\/\"}]}<\/script>\n<!-- \/ Yoast SEO plugin. -->","yoast_head_json":{"title":"Volare lan\u00e7a linha New Attack de olho no mercado - Canal Dana","robots":{"index":"index","follow":"follow","max-snippet":"max-snippet:-1","max-image-preview":"max-image-preview:large","max-video-preview":"max-video-preview:-1"},"canonical":"https:\/\/dana.com.br\/canaldana\/2021\/05\/26\/volare-lanca-linha-new-attack-de-olho-no-mercado\/","og_locale":"pt_BR","og_type":"article","og_title":"Volare lan\u00e7a linha New Attack de olho no mercado - Canal Dana","og_description":"Agentes da Mobilidade &nbsp; A Volare, l\u00edder brasileira no segmento de micro-\u00f4nibus, apresenta os modelos New Attack 8 e New Attack 9 com objetivo de ampliar ainda mais a participa\u00e7\u00e3o de mercado no segmento. A estrat\u00e9gia passa por oferecer ve\u00edculos com foco em atender as necessidades dos clientes nos mais diversos tipos de opera\u00e7\u00e3o, turismo,\u2026 Leia mais \u00bb","og_url":"https:\/\/dana.com.br\/canaldana\/2021\/05\/26\/volare-lanca-linha-new-attack-de-olho-no-mercado\/","og_site_name":"Canal Dana","article_published_time":"2021-05-26T11:42:28+00:00","author":"Canal Dana","twitter_card":"summary_large_image","twitter_misc":{"Escrito por":"Canal Dana","Est. tempo de leitura":"3 minutos"},"schema":{"@context":"https:\/\/schema.org","@graph":[{"@type":"Article","@id":"https:\/\/dana.com.br\/canaldana\/2021\/05\/26\/volare-lanca-linha-new-attack-de-olho-no-mercado\/#article","isPartOf":{"@id":"https:\/\/dana.com.br\/canaldana\/2021\/05\/26\/volare-lanca-linha-new-attack-de-olho-no-mercado\/"},"author":{"name":"Canal Dana","@id":"https:\/\/dana.com.br\/canaldana\/#\/schema\/person\/3c21f22f56fcf3bc46b94bc60ea4fef6"},"headline":"Volare lan\u00e7a linha New Attack de olho no mercado","datePublished":"2021-05-26T11:42:28+00:00","mainEntityOfPage":{"@id":"https:\/\/dana.com.br\/canaldana\/2021\/05\/26\/volare-lanca-linha-new-attack-de-olho-no-mercado\/"},"wordCount":556,"articleSection":["Mercado"],"inLanguage":"pt-BR"},{"@type":"WebPage","@id":"https:\/\/dana.com.br\/canaldana\/2021\/05\/26\/volare-lanca-linha-new-attack-de-olho-no-mercado\/","url":"https:\/\/dana.com.br\/canaldana\/2021\/05\/26\/volare-lanca-linha-new-attack-de-olho-no-mercado\/","name":"Volare lan\u00e7a linha New Attack de olho no mercado - Canal Dana","isPartOf":{"@id":"https:\/\/dana.com.br\/canaldana\/#website"},"datePublished":"2021-05-26T11:42:28+00:00","author":{"@id":"https:\/\/dana.com.br\/canaldana\/#\/schema\/person\/3c21f22f56fcf3bc46b94bc60ea4fef6"},"breadcrumb":{"@id":"https:\/\/dana.com.br\/canaldana\/2021\/05\/26\/volare-lanca-linha-new-attack-de-olho-no-mercado\/#breadcrumb"},"inLanguage":"pt-BR","potentialAction":[{"@type":"ReadAction","target":["https:\/\/dana.com.br\/canaldana\/2021\/05\/26\/volare-lanca-linha-new-attack-de-olho-no-mercado\/"]}]},{"@type":"BreadcrumbList","@id":"https:\/\/dana.com.br\/canaldana\/2021\/05\/26\/volare-lanca-linha-new-attack-de-olho-no-mercado\/#breadcrumb","itemListElement":[{"@type":"ListItem","position":1,"name":"Home","item":"https:\/\/dana.com.br\/canaldana\/"},{"@type":"ListItem","position":2,"name":"Mercado","item":"https:\/\/dana.com.br\/canaldana\/mercado\/"},{"@type":"ListItem","position":3,"name":"Volare lan\u00e7a linha New Attack de olho no mercado"}]},{"@type":"WebSite","@id":"https:\/\/dana.com.br\/canaldana\/#website","url":"https:\/\/dana.com.br\/canaldana\/","name":"Canal Dana","description":"Informativo com as principais not\u00edcias da ind\u00fastria automotiva","potentialAction":[{"@type":"SearchAction","target":{"@type":"EntryPoint","urlTemplate":"https:\/\/dana.com.br\/canaldana\/?s={search_term_string}"},"query-input":{"@type":"PropertyValueSpecification","valueRequired":true,"valueName":"search_term_string"}}],"inLanguage":"pt-BR"},{"@type":"Person","@id":"https:\/\/dana.com.br\/canaldana\/#\/schema\/person\/3c21f22f56fcf3bc46b94bc60ea4fef6","name":"Canal Dana","image":{"@type":"ImageObject","inLanguage":"pt-BR","@id":"https:\/\/secure.gravatar.com\/avatar\/420aaf9278582877d9018637c6817617705899d2858d7572ef0fe59a6b6454b4?s=96&d=mm&r=g","url":"https:\/\/secure.gravatar.com\/avatar\/420aaf9278582877d9018637c6817617705899d2858d7572ef0fe59a6b6454b4?s=96&d=mm&r=g","contentUrl":"https:\/\/secure.gravatar.com\/avatar\/420aaf9278582877d9018637c6817617705899d2858d7572ef0fe59a6b6454b4?s=96&d=mm&r=g","caption":"Canal Dana"},"url":"https:\/\/dana.com.br\/canaldana\/author\/cdeditor\/"}]}},"_links":{"self":[{"href":"https:\/\/dana.com.br\/canaldana\/wp-json\/wp\/v2\/posts\/50414","targetHints":{"allow":["GET"]}}],"collection":[{"href":"https:\/\/dana.com.br\/canaldana\/wp-json\/wp\/v2\/posts"}],"about":[{"href":"https:\/\/dana.com.br\/canaldana\/wp-json\/wp\/v2\/types\/post"}],"author":[{"embeddable":true,"href":"https:\/\/dana.com.br\/canaldana\/wp-json\/wp\/v2\/users\/3"}],"replies":[{"embeddable":true,"href":"https:\/\/dana.com.br\/canaldana\/wp-json\/wp\/v2\/comments?post=50414"}],"version-history":[{"count":0,"href":"https:\/\/dana.com.br\/canaldana\/wp-json\/wp\/v2\/posts\/50414\/revisions"}],"wp:attachment":[{"href":"https:\/\/dana.com.br\/canaldana\/wp-json\/wp\/v2\/media?parent=50414"}],"wp:term":[{"taxonomy":"category","embeddable":true,"href":"https:\/\/dana.com.br\/canaldana\/wp-json\/wp\/v2\/categories?post=50414"},{"taxonomy":"post_tag","embeddable":true,"href":"https:\/\/dana.com.br\/canaldana\/wp-json\/wp\/v2\/tags?post=50414"}],"curies":[{"name":"wp","href":"https:\/\/api.w.org\/{rel}","templated":true}]}}