{"id":50067,"date":"2021-05-12T08:35:46","date_gmt":"2021-05-12T11:35:46","guid":{"rendered":"https:\/\/dana.com.br\/canaldana\/?p=50067"},"modified":"2021-05-12T08:35:46","modified_gmt":"2021-05-12T11:35:46","slug":"em-12-meses-inflacao-ja-tem-alta-de-676","status":"publish","type":"post","link":"https:\/\/dana.com.br\/canaldana\/2021\/05\/12\/em-12-meses-inflacao-ja-tem-alta-de-676\/","title":{"rendered":"Em 12 meses, infla\u00e7\u00e3o j\u00e1 tem alta de 6,76%"},"content":{"rendered":"<p><em>O Estado de S. Paulo <\/em><\/p>\n<p>&nbsp;<\/p>\n<p>Os pre\u00e7os dos combust\u00edveis deram tr\u00e9gua \u00e0 infla\u00e7\u00e3o em abril, mas o reajuste de medicamentos autorizado pelo governo pesou no bolso das fam\u00edlias. O \u00cdndice Nacional de Pre\u00e7os ao Consumidor Amplo (IPCA) desacelerou de 0,93%, em mar\u00e7o, para uma alta de 0,31% no m\u00eas passado, segundo o IBGE.<\/p>\n<p>&nbsp;<\/p>\n<p>Apesar da melhora, a taxa de infla\u00e7\u00e3o acumulada em 12 meses subiu a 6,76%, o maior patamar desde novembro de 2016, ante uma meta de infla\u00e7\u00e3o de 3,75% perseguida pelo Banco Central este ano. A expectativa \u00e9 que o IPCA encerre 2021 em 5,5%, acima do teto de toler\u00e2ncia (de 5,25%) da meta, previu o s\u00f3cio-diretor da Macrosector Consultores, F\u00e1bio Silveira.<\/p>\n<p>&nbsp;<\/p>\n<p>\u201cEm maio, o IPCA pode at\u00e9 ficar em 0,30%, 0,35%, mas a partir de meados do ano a press\u00e3o dever\u00e1 voltar no que pese a redu\u00e7\u00e3o do c\u00e2mbio\u201d, disse ele, acrescentando que a infla\u00e7\u00e3o atual \u00e9 puxada pelos pre\u00e7os das commodities no mercado internacional e que o comportamento destes produtos tende a ser mais intenso na segunda metade do ano.<\/p>\n<p>&nbsp;<\/p>\n<p>A gestora de recursos Quantitas elevou a proje\u00e7\u00e3o para o IPCA de 2021 de 5,38% para 5,65%, mencionando repasse de alta de custos de produ\u00e7\u00e3o em setores como vestu\u00e1rio e eletroeletr\u00f4nicos. \u201cAssim, passei a trabalhar com um cen\u00e1rio mais pressionado para bens e servi\u00e7os ao longo dos pr\u00f3ximos meses\u201d, justificou o economista Jo\u00e3o Fernandes, s\u00f3cio da gestora.<\/p>\n<p>&nbsp;<\/p>\n<p>O Banco ABC Brasil tamb\u00e9m elevou sua previs\u00e3o para o IPCA deste ano, de 4,90% para 5,40%, devido a press\u00f5es adicionais em alimentos e bens industriais, mas tamb\u00e9m pela expectativa de aumento na cobran\u00e7a adicional nas contas de luz pelo acionamento da bandeira tarif\u00e1ria vermelha.<\/p>\n<p>&nbsp;<\/p>\n<p>A queda no pre\u00e7o da gasolina e do etanol foi o principal fator de desacelera\u00e7\u00e3o no IPCA na passagem de mar\u00e7o para abril, mas a alta mais branda no g\u00e1s de botij\u00e3o e a queda na tarifa de energia el\u00e9trica tamb\u00e9m contribu\u00edram para o resultado, afirmou Pedro Kislanov, gerente do Sistema Nacional de \u00cdndices de Pre\u00e7os do IBGE.<\/p>\n<p>&nbsp;<\/p>\n<p>Por outro lado, as fam\u00edlias gastaram 1,19% a mais com sa\u00fade e cuidados pessoais em abril, o equivalente a mais da metade (0,16 ponto porcentual) da infla\u00e7\u00e3o do m\u00eas. A alta foi impulsionada pelos produtos farmac\u00eauticos (2,69%). No dia 1\u00ba de abril, foi autorizado o reajuste de at\u00e9 10,08% no pre\u00e7o dos medicamentos, dependendo da classe terap\u00eautica. (O Estado de S. Paulo\/Daniela Amorim, Francisco Carlos de Assis e Tha\u00eds Barcellos)<\/p>\n","protected":false},"excerpt":{"rendered":"<p>O Estado de S. Paulo &nbsp; Os pre\u00e7os dos combust\u00edveis deram tr\u00e9gua \u00e0 infla\u00e7\u00e3o em abril, mas o reajuste de medicamentos autorizado pelo governo pesou no bolso das fam\u00edlias. O \u00cdndice Nacional de Pre\u00e7os ao Consumidor Amplo (IPCA) desacelerou de 0,93%, em mar\u00e7o, para uma alta de 0,31% no m\u00eas passado, segundo o IBGE. &nbsp;\u2026 <a class=\"readmore\" href=\"https:\/\/dana.com.br\/canaldana\/2021\/05\/12\/em-12-meses-inflacao-ja-tem-alta-de-676\/\">Leia mais \u00bb<\/a><\/p>\n","protected":false},"author":3,"featured_media":0,"comment_status":"closed","ping_status":"closed","sticky":false,"template":"","format":"standard","meta":{"_acf_changed":false,"footnotes":""},"categories":[79],"tags":[],"class_list":["post-50067","post","type-post","status-publish","format-standard","hentry","category-mercado"],"acf":[],"yoast_head":"<!-- This site is optimized with the Yoast SEO plugin v27.3 - https:\/\/yoast.com\/product\/yoast-seo-wordpress\/ -->\n<title>Em 12 meses, infla\u00e7\u00e3o j\u00e1 tem alta de 6,76% - Canal Dana<\/title>\n<meta name=\"robots\" content=\"index, follow, max-snippet:-1, max-image-preview:large, max-video-preview:-1\" \/>\n<link rel=\"canonical\" href=\"https:\/\/dana.com.br\/canaldana\/2021\/05\/12\/em-12-meses-inflacao-ja-tem-alta-de-676\/\" \/>\n<meta property=\"og:locale\" content=\"pt_BR\" \/>\n<meta property=\"og:type\" content=\"article\" \/>\n<meta property=\"og:title\" content=\"Em 12 meses, infla\u00e7\u00e3o j\u00e1 tem alta de 6,76% - Canal Dana\" \/>\n<meta property=\"og:description\" content=\"O Estado de S. Paulo &nbsp; Os pre\u00e7os dos combust\u00edveis deram tr\u00e9gua \u00e0 infla\u00e7\u00e3o em abril, mas o reajuste de medicamentos autorizado pelo governo pesou no bolso das fam\u00edlias. O \u00cdndice Nacional de Pre\u00e7os ao Consumidor Amplo (IPCA) desacelerou de 0,93%, em mar\u00e7o, para uma alta de 0,31% no m\u00eas passado, segundo o IBGE. &nbsp;\u2026 Leia mais \u00bb\" \/>\n<meta property=\"og:url\" content=\"https:\/\/dana.com.br\/canaldana\/2021\/05\/12\/em-12-meses-inflacao-ja-tem-alta-de-676\/\" \/>\n<meta property=\"og:site_name\" content=\"Canal Dana\" \/>\n<meta property=\"article:published_time\" content=\"2021-05-12T11:35:46+00:00\" \/>\n<meta name=\"author\" content=\"Canal Dana\" \/>\n<meta name=\"twitter:card\" content=\"summary_large_image\" \/>\n<meta name=\"twitter:label1\" content=\"Escrito por\" \/>\n\t<meta name=\"twitter:data1\" content=\"Canal Dana\" \/>\n\t<meta name=\"twitter:label2\" content=\"Est. tempo de leitura\" \/>\n\t<meta name=\"twitter:data2\" content=\"2 minutos\" \/>\n<script type=\"application\/ld+json\" class=\"yoast-schema-graph\">{\"@context\":\"https:\\\/\\\/schema.org\",\"@graph\":[{\"@type\":\"Article\",\"@id\":\"https:\\\/\\\/dana.com.br\\\/canaldana\\\/2021\\\/05\\\/12\\\/em-12-meses-inflacao-ja-tem-alta-de-676\\\/#article\",\"isPartOf\":{\"@id\":\"https:\\\/\\\/dana.com.br\\\/canaldana\\\/2021\\\/05\\\/12\\\/em-12-meses-inflacao-ja-tem-alta-de-676\\\/\"},\"author\":{\"name\":\"Canal Dana\",\"@id\":\"https:\\\/\\\/dana.com.br\\\/canaldana\\\/#\\\/schema\\\/person\\\/3c21f22f56fcf3bc46b94bc60ea4fef6\"},\"headline\":\"Em 12 meses, infla\u00e7\u00e3o j\u00e1 tem alta de 6,76%\",\"datePublished\":\"2021-05-12T11:35:46+00:00\",\"mainEntityOfPage\":{\"@id\":\"https:\\\/\\\/dana.com.br\\\/canaldana\\\/2021\\\/05\\\/12\\\/em-12-meses-inflacao-ja-tem-alta-de-676\\\/\"},\"wordCount\":446,\"articleSection\":[\"Mercado\"],\"inLanguage\":\"pt-BR\"},{\"@type\":\"WebPage\",\"@id\":\"https:\\\/\\\/dana.com.br\\\/canaldana\\\/2021\\\/05\\\/12\\\/em-12-meses-inflacao-ja-tem-alta-de-676\\\/\",\"url\":\"https:\\\/\\\/dana.com.br\\\/canaldana\\\/2021\\\/05\\\/12\\\/em-12-meses-inflacao-ja-tem-alta-de-676\\\/\",\"name\":\"Em 12 meses, infla\u00e7\u00e3o j\u00e1 tem alta de 6,76% - Canal Dana\",\"isPartOf\":{\"@id\":\"https:\\\/\\\/dana.com.br\\\/canaldana\\\/#website\"},\"datePublished\":\"2021-05-12T11:35:46+00:00\",\"author\":{\"@id\":\"https:\\\/\\\/dana.com.br\\\/canaldana\\\/#\\\/schema\\\/person\\\/3c21f22f56fcf3bc46b94bc60ea4fef6\"},\"breadcrumb\":{\"@id\":\"https:\\\/\\\/dana.com.br\\\/canaldana\\\/2021\\\/05\\\/12\\\/em-12-meses-inflacao-ja-tem-alta-de-676\\\/#breadcrumb\"},\"inLanguage\":\"pt-BR\",\"potentialAction\":[{\"@type\":\"ReadAction\",\"target\":[\"https:\\\/\\\/dana.com.br\\\/canaldana\\\/2021\\\/05\\\/12\\\/em-12-meses-inflacao-ja-tem-alta-de-676\\\/\"]}]},{\"@type\":\"BreadcrumbList\",\"@id\":\"https:\\\/\\\/dana.com.br\\\/canaldana\\\/2021\\\/05\\\/12\\\/em-12-meses-inflacao-ja-tem-alta-de-676\\\/#breadcrumb\",\"itemListElement\":[{\"@type\":\"ListItem\",\"position\":1,\"name\":\"Home\",\"item\":\"https:\\\/\\\/dana.com.br\\\/canaldana\\\/\"},{\"@type\":\"ListItem\",\"position\":2,\"name\":\"Mercado\",\"item\":\"https:\\\/\\\/dana.com.br\\\/canaldana\\\/mercado\\\/\"},{\"@type\":\"ListItem\",\"position\":3,\"name\":\"Em 12 meses, infla\u00e7\u00e3o j\u00e1 tem alta de 6,76%\"}]},{\"@type\":\"WebSite\",\"@id\":\"https:\\\/\\\/dana.com.br\\\/canaldana\\\/#website\",\"url\":\"https:\\\/\\\/dana.com.br\\\/canaldana\\\/\",\"name\":\"Canal Dana\",\"description\":\"Informativo com as principais not\u00edcias da ind\u00fastria automotiva\",\"potentialAction\":[{\"@type\":\"SearchAction\",\"target\":{\"@type\":\"EntryPoint\",\"urlTemplate\":\"https:\\\/\\\/dana.com.br\\\/canaldana\\\/?s={search_term_string}\"},\"query-input\":{\"@type\":\"PropertyValueSpecification\",\"valueRequired\":true,\"valueName\":\"search_term_string\"}}],\"inLanguage\":\"pt-BR\"},{\"@type\":\"Person\",\"@id\":\"https:\\\/\\\/dana.com.br\\\/canaldana\\\/#\\\/schema\\\/person\\\/3c21f22f56fcf3bc46b94bc60ea4fef6\",\"name\":\"Canal Dana\",\"image\":{\"@type\":\"ImageObject\",\"inLanguage\":\"pt-BR\",\"@id\":\"https:\\\/\\\/secure.gravatar.com\\\/avatar\\\/420aaf9278582877d9018637c6817617705899d2858d7572ef0fe59a6b6454b4?s=96&d=mm&r=g\",\"url\":\"https:\\\/\\\/secure.gravatar.com\\\/avatar\\\/420aaf9278582877d9018637c6817617705899d2858d7572ef0fe59a6b6454b4?s=96&d=mm&r=g\",\"contentUrl\":\"https:\\\/\\\/secure.gravatar.com\\\/avatar\\\/420aaf9278582877d9018637c6817617705899d2858d7572ef0fe59a6b6454b4?s=96&d=mm&r=g\",\"caption\":\"Canal Dana\"},\"url\":\"https:\\\/\\\/dana.com.br\\\/canaldana\\\/author\\\/cdeditor\\\/\"}]}<\/script>\n<!-- \/ Yoast SEO plugin. -->","yoast_head_json":{"title":"Em 12 meses, infla\u00e7\u00e3o j\u00e1 tem alta de 6,76% - Canal Dana","robots":{"index":"index","follow":"follow","max-snippet":"max-snippet:-1","max-image-preview":"max-image-preview:large","max-video-preview":"max-video-preview:-1"},"canonical":"https:\/\/dana.com.br\/canaldana\/2021\/05\/12\/em-12-meses-inflacao-ja-tem-alta-de-676\/","og_locale":"pt_BR","og_type":"article","og_title":"Em 12 meses, infla\u00e7\u00e3o j\u00e1 tem alta de 6,76% - Canal Dana","og_description":"O Estado de S. Paulo &nbsp; Os pre\u00e7os dos combust\u00edveis deram tr\u00e9gua \u00e0 infla\u00e7\u00e3o em abril, mas o reajuste de medicamentos autorizado pelo governo pesou no bolso das fam\u00edlias. O \u00cdndice Nacional de Pre\u00e7os ao Consumidor Amplo (IPCA) desacelerou de 0,93%, em mar\u00e7o, para uma alta de 0,31% no m\u00eas passado, segundo o IBGE. &nbsp;\u2026 Leia mais \u00bb","og_url":"https:\/\/dana.com.br\/canaldana\/2021\/05\/12\/em-12-meses-inflacao-ja-tem-alta-de-676\/","og_site_name":"Canal Dana","article_published_time":"2021-05-12T11:35:46+00:00","author":"Canal Dana","twitter_card":"summary_large_image","twitter_misc":{"Escrito por":"Canal Dana","Est. tempo de leitura":"2 minutos"},"schema":{"@context":"https:\/\/schema.org","@graph":[{"@type":"Article","@id":"https:\/\/dana.com.br\/canaldana\/2021\/05\/12\/em-12-meses-inflacao-ja-tem-alta-de-676\/#article","isPartOf":{"@id":"https:\/\/dana.com.br\/canaldana\/2021\/05\/12\/em-12-meses-inflacao-ja-tem-alta-de-676\/"},"author":{"name":"Canal Dana","@id":"https:\/\/dana.com.br\/canaldana\/#\/schema\/person\/3c21f22f56fcf3bc46b94bc60ea4fef6"},"headline":"Em 12 meses, infla\u00e7\u00e3o j\u00e1 tem alta de 6,76%","datePublished":"2021-05-12T11:35:46+00:00","mainEntityOfPage":{"@id":"https:\/\/dana.com.br\/canaldana\/2021\/05\/12\/em-12-meses-inflacao-ja-tem-alta-de-676\/"},"wordCount":446,"articleSection":["Mercado"],"inLanguage":"pt-BR"},{"@type":"WebPage","@id":"https:\/\/dana.com.br\/canaldana\/2021\/05\/12\/em-12-meses-inflacao-ja-tem-alta-de-676\/","url":"https:\/\/dana.com.br\/canaldana\/2021\/05\/12\/em-12-meses-inflacao-ja-tem-alta-de-676\/","name":"Em 12 meses, infla\u00e7\u00e3o j\u00e1 tem alta de 6,76% - Canal Dana","isPartOf":{"@id":"https:\/\/dana.com.br\/canaldana\/#website"},"datePublished":"2021-05-12T11:35:46+00:00","author":{"@id":"https:\/\/dana.com.br\/canaldana\/#\/schema\/person\/3c21f22f56fcf3bc46b94bc60ea4fef6"},"breadcrumb":{"@id":"https:\/\/dana.com.br\/canaldana\/2021\/05\/12\/em-12-meses-inflacao-ja-tem-alta-de-676\/#breadcrumb"},"inLanguage":"pt-BR","potentialAction":[{"@type":"ReadAction","target":["https:\/\/dana.com.br\/canaldana\/2021\/05\/12\/em-12-meses-inflacao-ja-tem-alta-de-676\/"]}]},{"@type":"BreadcrumbList","@id":"https:\/\/dana.com.br\/canaldana\/2021\/05\/12\/em-12-meses-inflacao-ja-tem-alta-de-676\/#breadcrumb","itemListElement":[{"@type":"ListItem","position":1,"name":"Home","item":"https:\/\/dana.com.br\/canaldana\/"},{"@type":"ListItem","position":2,"name":"Mercado","item":"https:\/\/dana.com.br\/canaldana\/mercado\/"},{"@type":"ListItem","position":3,"name":"Em 12 meses, infla\u00e7\u00e3o j\u00e1 tem alta de 6,76%"}]},{"@type":"WebSite","@id":"https:\/\/dana.com.br\/canaldana\/#website","url":"https:\/\/dana.com.br\/canaldana\/","name":"Canal Dana","description":"Informativo com as principais not\u00edcias da ind\u00fastria automotiva","potentialAction":[{"@type":"SearchAction","target":{"@type":"EntryPoint","urlTemplate":"https:\/\/dana.com.br\/canaldana\/?s={search_term_string}"},"query-input":{"@type":"PropertyValueSpecification","valueRequired":true,"valueName":"search_term_string"}}],"inLanguage":"pt-BR"},{"@type":"Person","@id":"https:\/\/dana.com.br\/canaldana\/#\/schema\/person\/3c21f22f56fcf3bc46b94bc60ea4fef6","name":"Canal Dana","image":{"@type":"ImageObject","inLanguage":"pt-BR","@id":"https:\/\/secure.gravatar.com\/avatar\/420aaf9278582877d9018637c6817617705899d2858d7572ef0fe59a6b6454b4?s=96&d=mm&r=g","url":"https:\/\/secure.gravatar.com\/avatar\/420aaf9278582877d9018637c6817617705899d2858d7572ef0fe59a6b6454b4?s=96&d=mm&r=g","contentUrl":"https:\/\/secure.gravatar.com\/avatar\/420aaf9278582877d9018637c6817617705899d2858d7572ef0fe59a6b6454b4?s=96&d=mm&r=g","caption":"Canal Dana"},"url":"https:\/\/dana.com.br\/canaldana\/author\/cdeditor\/"}]}},"_links":{"self":[{"href":"https:\/\/dana.com.br\/canaldana\/wp-json\/wp\/v2\/posts\/50067","targetHints":{"allow":["GET"]}}],"collection":[{"href":"https:\/\/dana.com.br\/canaldana\/wp-json\/wp\/v2\/posts"}],"about":[{"href":"https:\/\/dana.com.br\/canaldana\/wp-json\/wp\/v2\/types\/post"}],"author":[{"embeddable":true,"href":"https:\/\/dana.com.br\/canaldana\/wp-json\/wp\/v2\/users\/3"}],"replies":[{"embeddable":true,"href":"https:\/\/dana.com.br\/canaldana\/wp-json\/wp\/v2\/comments?post=50067"}],"version-history":[{"count":0,"href":"https:\/\/dana.com.br\/canaldana\/wp-json\/wp\/v2\/posts\/50067\/revisions"}],"wp:attachment":[{"href":"https:\/\/dana.com.br\/canaldana\/wp-json\/wp\/v2\/media?parent=50067"}],"wp:term":[{"taxonomy":"category","embeddable":true,"href":"https:\/\/dana.com.br\/canaldana\/wp-json\/wp\/v2\/categories?post=50067"},{"taxonomy":"post_tag","embeddable":true,"href":"https:\/\/dana.com.br\/canaldana\/wp-json\/wp\/v2\/tags?post=50067"}],"curies":[{"name":"wp","href":"https:\/\/api.w.org\/{rel}","templated":true}]}}