{"id":50032,"date":"2021-05-11T08:03:31","date_gmt":"2021-05-11T11:03:31","guid":{"rendered":"https:\/\/dana.com.br\/canaldana\/?p=50032"},"modified":"2021-05-11T08:03:31","modified_gmt":"2021-05-11T11:03:31","slug":"vendas-de-motocicletas-e-comerciais-leves-tem-bom-resultado-em-abril","status":"publish","type":"post","link":"https:\/\/dana.com.br\/canaldana\/2021\/05\/11\/vendas-de-motocicletas-e-comerciais-leves-tem-bom-resultado-em-abril\/","title":{"rendered":"Vendas de motocicletas e comerciais leves t\u00eam bom resultado em abril"},"content":{"rendered":"<p><em>Borracha Atual<\/em><\/p>\n<p><em>\u00a0<\/em><\/p>\n<p>Em abril, com 20 dias \u00fateis, o emplacamento de ve\u00edculos registrou aumento de 6,73% na compara\u00e7\u00e3o com mar\u00e7o, que teve 23 dias \u00fateis. No per\u00edodo foram emplacadas 288.098 unidades, contra 269.927, registradas em mar\u00e7o. Os dados foram divulgados pela FENABRAVE \u2013 Federa\u00e7\u00e3o Nacional da Distribui\u00e7\u00e3o de Ve\u00edculos Automotores.<\/p>\n<p>&nbsp;<\/p>\n<p>O saldo positivo pode ser atribu\u00eddo ao desempenho de vendas de motocicletas, que cresceram 52,03% em abril. &#8220;Havia um represamento de demanda, no segmento de motos, que p\u00f4de ser atendido com o aumento da produ\u00e7\u00e3o, e isso provocou uma certa distor\u00e7\u00e3o, pois notamos que a maior parte dos segmentos ainda sofre queda nas vendas, pela escassez na oferta de produtos, provocada pela falta de componentes e insumos na ind\u00fastria e, tamb\u00e9m, em fun\u00e7\u00e3o dos per\u00edodos de fechamento dos showrooms das Concession\u00e1rias, durante os feriados estendidos, em S\u00e3o Paulo, e demais decretos de restri\u00e7\u00e3o do com\u00e9rcio, em outros estados&#8221;, analisa o Presidente da FENABRAVE, Alarico Assump\u00e7\u00e3o J\u00fanior, que alerta: &#8220;Se desconsiderarmos os resultados de motocicletas, o setor, no geral, teria sofrido uma queda de 6,86%, em abril sobre mar\u00e7o\/2021&#8221;.<\/p>\n<p>&nbsp;<\/p>\n<p>Na compara\u00e7\u00e3o entre os meses de abril de 2021 e 2020 houve crescimento de 221,29%. &#8220;Devemos considerar que abril do ano passado foi o pior momento da pandemia, quando apenas 89.668 ve\u00edculos foram comercializados. Naquela oportunidade, muitas concession\u00e1rias estavam com seus showrooms fechados, por decretos estaduais e municipais, e as redes de concession\u00e1rias estavam se adaptando \u00e0s vendas n\u00e3o presenciais, que hoje ocorrem com mais normalidade&#8221;, esclarece Assump\u00e7\u00e3o J\u00fanior.<\/p>\n<p>&nbsp;<\/p>\n<p>No ranking hist\u00f3rico, desde 1957, o m\u00eas de abril\/2021 est\u00e1 na 12\u00aa posi\u00e7\u00e3o e o 1\u00ba. quadrimestre de 2021 ocupa a 13\u00aa posi\u00e7\u00e3o.<\/p>\n<p>&nbsp;<\/p>\n<p><strong>Acumulado do quadrimestre e proje\u00e7\u00f5es <\/strong><\/p>\n<p>&nbsp;<\/p>\n<p>Os resultados do 1\u00ba. Quadrimestre de 2021 mostraram aumento de 15,39% sobre igual per\u00edodo de 2020. &#8220;Com base nesse percentual, que est\u00e1 muito pr\u00f3ximo das proje\u00e7\u00f5es iniciais que a FENABRAVE havia feito, em janeiro, para todo o ano de 2021 (crescimento de 16%, para o setor), decidimos ainda n\u00e3o revisar as proje\u00e7\u00f5es. Acreditamos que se a produ\u00e7\u00e3o de ve\u00edculos for regularizada e houver avan\u00e7o na vacina\u00e7\u00e3o contra a COVID-19, a economia tamb\u00e9m ir\u00e1 reagir melhor e, com ela, os \u00edndices de confian\u00e7a, empregos, renda e, consequentemente, os resultados do nosso setor&#8221;, acredita o Presidente da FENABRAVE. (Borracha Atual)<\/p>\n","protected":false},"excerpt":{"rendered":"<p>Borracha Atual \u00a0 Em abril, com 20 dias \u00fateis, o emplacamento de ve\u00edculos registrou aumento de 6,73% na compara\u00e7\u00e3o com mar\u00e7o, que teve 23 dias \u00fateis. No per\u00edodo foram emplacadas 288.098 unidades, contra 269.927, registradas em mar\u00e7o. Os dados foram divulgados pela FENABRAVE \u2013 Federa\u00e7\u00e3o Nacional da Distribui\u00e7\u00e3o de Ve\u00edculos Automotores. &nbsp; O saldo positivo\u2026 <a class=\"readmore\" href=\"https:\/\/dana.com.br\/canaldana\/2021\/05\/11\/vendas-de-motocicletas-e-comerciais-leves-tem-bom-resultado-em-abril\/\">Leia mais \u00bb<\/a><\/p>\n","protected":false},"author":3,"featured_media":0,"comment_status":"closed","ping_status":"closed","sticky":false,"template":"","format":"standard","meta":{"_acf_changed":false,"footnotes":""},"categories":[79],"tags":[],"class_list":["post-50032","post","type-post","status-publish","format-standard","hentry","category-mercado"],"acf":[],"yoast_head":"<!-- This site is optimized with the Yoast SEO plugin v27.3 - https:\/\/yoast.com\/product\/yoast-seo-wordpress\/ -->\n<title>Vendas de motocicletas e comerciais leves t\u00eam bom resultado em abril - Canal Dana<\/title>\n<meta name=\"robots\" content=\"index, follow, max-snippet:-1, max-image-preview:large, max-video-preview:-1\" \/>\n<link rel=\"canonical\" href=\"https:\/\/dana.com.br\/canaldana\/2021\/05\/11\/vendas-de-motocicletas-e-comerciais-leves-tem-bom-resultado-em-abril\/\" \/>\n<meta property=\"og:locale\" content=\"pt_BR\" \/>\n<meta property=\"og:type\" content=\"article\" \/>\n<meta property=\"og:title\" content=\"Vendas de motocicletas e comerciais leves t\u00eam bom resultado em abril - Canal Dana\" \/>\n<meta property=\"og:description\" content=\"Borracha Atual \u00a0 Em abril, com 20 dias \u00fateis, o emplacamento de ve\u00edculos registrou aumento de 6,73% na compara\u00e7\u00e3o com mar\u00e7o, que teve 23 dias \u00fateis. No per\u00edodo foram emplacadas 288.098 unidades, contra 269.927, registradas em mar\u00e7o. Os dados foram divulgados pela FENABRAVE \u2013 Federa\u00e7\u00e3o Nacional da Distribui\u00e7\u00e3o de Ve\u00edculos Automotores. &nbsp; O saldo positivo\u2026 Leia mais \u00bb\" \/>\n<meta property=\"og:url\" content=\"https:\/\/dana.com.br\/canaldana\/2021\/05\/11\/vendas-de-motocicletas-e-comerciais-leves-tem-bom-resultado-em-abril\/\" \/>\n<meta property=\"og:site_name\" content=\"Canal Dana\" \/>\n<meta property=\"article:published_time\" content=\"2021-05-11T11:03:31+00:00\" \/>\n<meta name=\"author\" content=\"Canal Dana\" \/>\n<meta name=\"twitter:card\" content=\"summary_large_image\" \/>\n<meta name=\"twitter:label1\" content=\"Escrito por\" \/>\n\t<meta name=\"twitter:data1\" content=\"Canal Dana\" \/>\n\t<meta name=\"twitter:label2\" content=\"Est. tempo de leitura\" \/>\n\t<meta name=\"twitter:data2\" content=\"2 minutos\" \/>\n<script type=\"application\/ld+json\" class=\"yoast-schema-graph\">{\"@context\":\"https:\\\/\\\/schema.org\",\"@graph\":[{\"@type\":\"Article\",\"@id\":\"https:\\\/\\\/dana.com.br\\\/canaldana\\\/2021\\\/05\\\/11\\\/vendas-de-motocicletas-e-comerciais-leves-tem-bom-resultado-em-abril\\\/#article\",\"isPartOf\":{\"@id\":\"https:\\\/\\\/dana.com.br\\\/canaldana\\\/2021\\\/05\\\/11\\\/vendas-de-motocicletas-e-comerciais-leves-tem-bom-resultado-em-abril\\\/\"},\"author\":{\"name\":\"Canal Dana\",\"@id\":\"https:\\\/\\\/dana.com.br\\\/canaldana\\\/#\\\/schema\\\/person\\\/3c21f22f56fcf3bc46b94bc60ea4fef6\"},\"headline\":\"Vendas de motocicletas e comerciais leves t\u00eam bom resultado em abril\",\"datePublished\":\"2021-05-11T11:03:31+00:00\",\"mainEntityOfPage\":{\"@id\":\"https:\\\/\\\/dana.com.br\\\/canaldana\\\/2021\\\/05\\\/11\\\/vendas-de-motocicletas-e-comerciais-leves-tem-bom-resultado-em-abril\\\/\"},\"wordCount\":413,\"articleSection\":[\"Mercado\"],\"inLanguage\":\"pt-BR\"},{\"@type\":\"WebPage\",\"@id\":\"https:\\\/\\\/dana.com.br\\\/canaldana\\\/2021\\\/05\\\/11\\\/vendas-de-motocicletas-e-comerciais-leves-tem-bom-resultado-em-abril\\\/\",\"url\":\"https:\\\/\\\/dana.com.br\\\/canaldana\\\/2021\\\/05\\\/11\\\/vendas-de-motocicletas-e-comerciais-leves-tem-bom-resultado-em-abril\\\/\",\"name\":\"Vendas de motocicletas e comerciais leves t\u00eam bom resultado em abril - Canal Dana\",\"isPartOf\":{\"@id\":\"https:\\\/\\\/dana.com.br\\\/canaldana\\\/#website\"},\"datePublished\":\"2021-05-11T11:03:31+00:00\",\"author\":{\"@id\":\"https:\\\/\\\/dana.com.br\\\/canaldana\\\/#\\\/schema\\\/person\\\/3c21f22f56fcf3bc46b94bc60ea4fef6\"},\"breadcrumb\":{\"@id\":\"https:\\\/\\\/dana.com.br\\\/canaldana\\\/2021\\\/05\\\/11\\\/vendas-de-motocicletas-e-comerciais-leves-tem-bom-resultado-em-abril\\\/#breadcrumb\"},\"inLanguage\":\"pt-BR\",\"potentialAction\":[{\"@type\":\"ReadAction\",\"target\":[\"https:\\\/\\\/dana.com.br\\\/canaldana\\\/2021\\\/05\\\/11\\\/vendas-de-motocicletas-e-comerciais-leves-tem-bom-resultado-em-abril\\\/\"]}]},{\"@type\":\"BreadcrumbList\",\"@id\":\"https:\\\/\\\/dana.com.br\\\/canaldana\\\/2021\\\/05\\\/11\\\/vendas-de-motocicletas-e-comerciais-leves-tem-bom-resultado-em-abril\\\/#breadcrumb\",\"itemListElement\":[{\"@type\":\"ListItem\",\"position\":1,\"name\":\"Home\",\"item\":\"https:\\\/\\\/dana.com.br\\\/canaldana\\\/\"},{\"@type\":\"ListItem\",\"position\":2,\"name\":\"Mercado\",\"item\":\"https:\\\/\\\/dana.com.br\\\/canaldana\\\/mercado\\\/\"},{\"@type\":\"ListItem\",\"position\":3,\"name\":\"Vendas de motocicletas e comerciais leves t\u00eam bom resultado em abril\"}]},{\"@type\":\"WebSite\",\"@id\":\"https:\\\/\\\/dana.com.br\\\/canaldana\\\/#website\",\"url\":\"https:\\\/\\\/dana.com.br\\\/canaldana\\\/\",\"name\":\"Canal Dana\",\"description\":\"Informativo com as principais not\u00edcias da ind\u00fastria automotiva\",\"potentialAction\":[{\"@type\":\"SearchAction\",\"target\":{\"@type\":\"EntryPoint\",\"urlTemplate\":\"https:\\\/\\\/dana.com.br\\\/canaldana\\\/?s={search_term_string}\"},\"query-input\":{\"@type\":\"PropertyValueSpecification\",\"valueRequired\":true,\"valueName\":\"search_term_string\"}}],\"inLanguage\":\"pt-BR\"},{\"@type\":\"Person\",\"@id\":\"https:\\\/\\\/dana.com.br\\\/canaldana\\\/#\\\/schema\\\/person\\\/3c21f22f56fcf3bc46b94bc60ea4fef6\",\"name\":\"Canal Dana\",\"image\":{\"@type\":\"ImageObject\",\"inLanguage\":\"pt-BR\",\"@id\":\"https:\\\/\\\/secure.gravatar.com\\\/avatar\\\/420aaf9278582877d9018637c6817617705899d2858d7572ef0fe59a6b6454b4?s=96&d=mm&r=g\",\"url\":\"https:\\\/\\\/secure.gravatar.com\\\/avatar\\\/420aaf9278582877d9018637c6817617705899d2858d7572ef0fe59a6b6454b4?s=96&d=mm&r=g\",\"contentUrl\":\"https:\\\/\\\/secure.gravatar.com\\\/avatar\\\/420aaf9278582877d9018637c6817617705899d2858d7572ef0fe59a6b6454b4?s=96&d=mm&r=g\",\"caption\":\"Canal Dana\"},\"url\":\"https:\\\/\\\/dana.com.br\\\/canaldana\\\/author\\\/cdeditor\\\/\"}]}<\/script>\n<!-- \/ Yoast SEO plugin. -->","yoast_head_json":{"title":"Vendas de motocicletas e comerciais leves t\u00eam bom resultado em abril - Canal Dana","robots":{"index":"index","follow":"follow","max-snippet":"max-snippet:-1","max-image-preview":"max-image-preview:large","max-video-preview":"max-video-preview:-1"},"canonical":"https:\/\/dana.com.br\/canaldana\/2021\/05\/11\/vendas-de-motocicletas-e-comerciais-leves-tem-bom-resultado-em-abril\/","og_locale":"pt_BR","og_type":"article","og_title":"Vendas de motocicletas e comerciais leves t\u00eam bom resultado em abril - Canal Dana","og_description":"Borracha Atual \u00a0 Em abril, com 20 dias \u00fateis, o emplacamento de ve\u00edculos registrou aumento de 6,73% na compara\u00e7\u00e3o com mar\u00e7o, que teve 23 dias \u00fateis. No per\u00edodo foram emplacadas 288.098 unidades, contra 269.927, registradas em mar\u00e7o. Os dados foram divulgados pela FENABRAVE \u2013 Federa\u00e7\u00e3o Nacional da Distribui\u00e7\u00e3o de Ve\u00edculos Automotores. &nbsp; O saldo positivo\u2026 Leia mais \u00bb","og_url":"https:\/\/dana.com.br\/canaldana\/2021\/05\/11\/vendas-de-motocicletas-e-comerciais-leves-tem-bom-resultado-em-abril\/","og_site_name":"Canal Dana","article_published_time":"2021-05-11T11:03:31+00:00","author":"Canal Dana","twitter_card":"summary_large_image","twitter_misc":{"Escrito por":"Canal Dana","Est. tempo de leitura":"2 minutos"},"schema":{"@context":"https:\/\/schema.org","@graph":[{"@type":"Article","@id":"https:\/\/dana.com.br\/canaldana\/2021\/05\/11\/vendas-de-motocicletas-e-comerciais-leves-tem-bom-resultado-em-abril\/#article","isPartOf":{"@id":"https:\/\/dana.com.br\/canaldana\/2021\/05\/11\/vendas-de-motocicletas-e-comerciais-leves-tem-bom-resultado-em-abril\/"},"author":{"name":"Canal Dana","@id":"https:\/\/dana.com.br\/canaldana\/#\/schema\/person\/3c21f22f56fcf3bc46b94bc60ea4fef6"},"headline":"Vendas de motocicletas e comerciais leves t\u00eam bom resultado em abril","datePublished":"2021-05-11T11:03:31+00:00","mainEntityOfPage":{"@id":"https:\/\/dana.com.br\/canaldana\/2021\/05\/11\/vendas-de-motocicletas-e-comerciais-leves-tem-bom-resultado-em-abril\/"},"wordCount":413,"articleSection":["Mercado"],"inLanguage":"pt-BR"},{"@type":"WebPage","@id":"https:\/\/dana.com.br\/canaldana\/2021\/05\/11\/vendas-de-motocicletas-e-comerciais-leves-tem-bom-resultado-em-abril\/","url":"https:\/\/dana.com.br\/canaldana\/2021\/05\/11\/vendas-de-motocicletas-e-comerciais-leves-tem-bom-resultado-em-abril\/","name":"Vendas de motocicletas e comerciais leves t\u00eam bom resultado em abril - Canal Dana","isPartOf":{"@id":"https:\/\/dana.com.br\/canaldana\/#website"},"datePublished":"2021-05-11T11:03:31+00:00","author":{"@id":"https:\/\/dana.com.br\/canaldana\/#\/schema\/person\/3c21f22f56fcf3bc46b94bc60ea4fef6"},"breadcrumb":{"@id":"https:\/\/dana.com.br\/canaldana\/2021\/05\/11\/vendas-de-motocicletas-e-comerciais-leves-tem-bom-resultado-em-abril\/#breadcrumb"},"inLanguage":"pt-BR","potentialAction":[{"@type":"ReadAction","target":["https:\/\/dana.com.br\/canaldana\/2021\/05\/11\/vendas-de-motocicletas-e-comerciais-leves-tem-bom-resultado-em-abril\/"]}]},{"@type":"BreadcrumbList","@id":"https:\/\/dana.com.br\/canaldana\/2021\/05\/11\/vendas-de-motocicletas-e-comerciais-leves-tem-bom-resultado-em-abril\/#breadcrumb","itemListElement":[{"@type":"ListItem","position":1,"name":"Home","item":"https:\/\/dana.com.br\/canaldana\/"},{"@type":"ListItem","position":2,"name":"Mercado","item":"https:\/\/dana.com.br\/canaldana\/mercado\/"},{"@type":"ListItem","position":3,"name":"Vendas de motocicletas e comerciais leves t\u00eam bom resultado em abril"}]},{"@type":"WebSite","@id":"https:\/\/dana.com.br\/canaldana\/#website","url":"https:\/\/dana.com.br\/canaldana\/","name":"Canal Dana","description":"Informativo com as principais not\u00edcias da ind\u00fastria automotiva","potentialAction":[{"@type":"SearchAction","target":{"@type":"EntryPoint","urlTemplate":"https:\/\/dana.com.br\/canaldana\/?s={search_term_string}"},"query-input":{"@type":"PropertyValueSpecification","valueRequired":true,"valueName":"search_term_string"}}],"inLanguage":"pt-BR"},{"@type":"Person","@id":"https:\/\/dana.com.br\/canaldana\/#\/schema\/person\/3c21f22f56fcf3bc46b94bc60ea4fef6","name":"Canal Dana","image":{"@type":"ImageObject","inLanguage":"pt-BR","@id":"https:\/\/secure.gravatar.com\/avatar\/420aaf9278582877d9018637c6817617705899d2858d7572ef0fe59a6b6454b4?s=96&d=mm&r=g","url":"https:\/\/secure.gravatar.com\/avatar\/420aaf9278582877d9018637c6817617705899d2858d7572ef0fe59a6b6454b4?s=96&d=mm&r=g","contentUrl":"https:\/\/secure.gravatar.com\/avatar\/420aaf9278582877d9018637c6817617705899d2858d7572ef0fe59a6b6454b4?s=96&d=mm&r=g","caption":"Canal Dana"},"url":"https:\/\/dana.com.br\/canaldana\/author\/cdeditor\/"}]}},"_links":{"self":[{"href":"https:\/\/dana.com.br\/canaldana\/wp-json\/wp\/v2\/posts\/50032","targetHints":{"allow":["GET"]}}],"collection":[{"href":"https:\/\/dana.com.br\/canaldana\/wp-json\/wp\/v2\/posts"}],"about":[{"href":"https:\/\/dana.com.br\/canaldana\/wp-json\/wp\/v2\/types\/post"}],"author":[{"embeddable":true,"href":"https:\/\/dana.com.br\/canaldana\/wp-json\/wp\/v2\/users\/3"}],"replies":[{"embeddable":true,"href":"https:\/\/dana.com.br\/canaldana\/wp-json\/wp\/v2\/comments?post=50032"}],"version-history":[{"count":0,"href":"https:\/\/dana.com.br\/canaldana\/wp-json\/wp\/v2\/posts\/50032\/revisions"}],"wp:attachment":[{"href":"https:\/\/dana.com.br\/canaldana\/wp-json\/wp\/v2\/media?parent=50032"}],"wp:term":[{"taxonomy":"category","embeddable":true,"href":"https:\/\/dana.com.br\/canaldana\/wp-json\/wp\/v2\/categories?post=50032"},{"taxonomy":"post_tag","embeddable":true,"href":"https:\/\/dana.com.br\/canaldana\/wp-json\/wp\/v2\/tags?post=50032"}],"curies":[{"name":"wp","href":"https:\/\/api.w.org\/{rel}","templated":true}]}}