{"id":49995,"date":"2021-05-10T08:21:22","date_gmt":"2021-05-10T11:21:22","guid":{"rendered":"https:\/\/dana.com.br\/canaldana\/?p=49995"},"modified":"2021-05-10T08:21:22","modified_gmt":"2021-05-10T11:21:22","slug":"investimento-em-transporte-neste-ano-sera-o-menor-em-duas-decadas","status":"publish","type":"post","link":"https:\/\/dana.com.br\/canaldana\/2021\/05\/10\/investimento-em-transporte-neste-ano-sera-o-menor-em-duas-decadas\/","title":{"rendered":"Investimento em transporte neste ano ser\u00e1 o menor em duas d\u00e9cadas"},"content":{"rendered":"<p><em>Ag\u00eancia CNT Transporte Atual<\/em><\/p>\n<p>&nbsp;<\/p>\n<p>O investimento da Uni\u00e3o em transporte neste ano ser\u00e1 o menor dos \u00faltimos 20 anos, ao comparar os montantes de cada ano, corrigidos pela infla\u00e7\u00e3o. A constata\u00e7\u00e3o est\u00e1 detalhada no Radar do Transporte, publicado hoje (07) pela CNT e que traz a an\u00e1lise da Lei Or\u00e7ament\u00e1ria Anual (LOA) 2021. Com a aprova\u00e7\u00e3o desta Lei foi poss\u00edvel analisar como foram distribu\u00eddos os recursos federais, mais especificamente aqueles dirigidos ao investimento em transporte para 2021.<\/p>\n<p>&nbsp;<\/p>\n<p>O valor autorizado para os investimentos deste ano no setor ser\u00e1 de R$ 7,4 bilh\u00f5es. Comparado esse valor com o montante autorizado no ano passado, a redu\u00e7\u00e3o \u00e9 de R$ 3,2 bilh\u00f5es. Mesmo que o valor para 2021 seja integralmente executado, o setor ainda estar\u00e1 diante de uma queda em seus recursos, visto que em 2020 o total pago foi de R$ 10,2 bilh\u00f5es, j\u00e1 descontada a infla\u00e7\u00e3o, o que representaria uma redu\u00e7\u00e3o de 27,5% nos recursos efetivamente pagos. Ali\u00e1s, entre 2009 e 2020, o investimento efetivo da Uni\u00e3o em transporte s\u00f3 superou o montante autorizado no or\u00e7amento em 2016, 2018 e 2019, e isso s\u00f3 aconteceu devido \u00e0 execu\u00e7\u00e3o de restos a pagar remanescentes de exerc\u00edcios anteriores.<\/p>\n<p>&nbsp;<\/p>\n<p>\u201cAo inv\u00e9s de o valor para o investimento no transporte aumentar de um ano para outro, diminuiu. O governo precisa encarar o setor como essencial ao definir o or\u00e7amento anual e estruturar um programa de retomada de investimentos p\u00fablicos em infraestrutura de transporte. Os investimentos privados, sozinhos, n\u00e3o ser\u00e3o suficientes para solucionar os problemas hoje existentes\u201d, destaca o presidente da CNT, Vander Costa.<\/p>\n<p>&nbsp;<\/p>\n<p>A redu\u00e7\u00e3o do valor autorizado para os investimentos do setor de Transportes \u00e9 preocupante, visto que tende a produzir um impacto direto na qualidade da infraestrutura no pa\u00eds. Al\u00e9m disso, pode afetar e onerar as cadeias de suprimento dos demais setores da economia. Com os decr\u00e9scimos constantes da destina\u00e7\u00e3o de recursos observados a cada ano de exerc\u00edcio, diminui tamb\u00e9m a capacidade de manuten\u00e7\u00e3o e de expans\u00e3o de rodovias geridas diretamente pelo governo federal, sem falar de insufici\u00eancias em interven\u00e7\u00f5es nos setores aquavi\u00e1rio, ferrovi\u00e1rio e a\u00e9reo, essenciais para a expans\u00e3o e integra\u00e7\u00e3o dos diferentes modais de transporte e para o desenvolvimento do pa\u00eds.<\/p>\n<p>&nbsp;<\/p>\n<p><a href=\"https:\/\/cnt.org.br\/documento\/41762bd8-0889-4cfe-9c6e-79b621845bc7\" target=\"_blank\" rel=\"noopener noreferrer\">Acesse aqui o Radar CNT do Transporte &#8211; Or\u00e7amento 202<\/a>1.\u00a0(Ag\u00eancia CNT Transporte Atual)<\/p>\n","protected":false},"excerpt":{"rendered":"<p>Ag\u00eancia CNT Transporte Atual &nbsp; O investimento da Uni\u00e3o em transporte neste ano ser\u00e1 o menor dos \u00faltimos 20 anos, ao comparar os montantes de cada ano, corrigidos pela infla\u00e7\u00e3o. A constata\u00e7\u00e3o est\u00e1 detalhada no Radar do Transporte, publicado hoje (07) pela CNT e que traz a an\u00e1lise da Lei Or\u00e7ament\u00e1ria Anual (LOA) 2021. Com\u2026 <a class=\"readmore\" href=\"https:\/\/dana.com.br\/canaldana\/2021\/05\/10\/investimento-em-transporte-neste-ano-sera-o-menor-em-duas-decadas\/\">Leia mais \u00bb<\/a><\/p>\n","protected":false},"author":3,"featured_media":0,"comment_status":"closed","ping_status":"closed","sticky":false,"template":"","format":"standard","meta":{"_acf_changed":false,"footnotes":""},"categories":[79],"tags":[],"class_list":["post-49995","post","type-post","status-publish","format-standard","hentry","category-mercado"],"acf":[],"yoast_head":"<!-- This site is optimized with the Yoast SEO plugin v27.3 - https:\/\/yoast.com\/product\/yoast-seo-wordpress\/ -->\n<title>Investimento em transporte neste ano ser\u00e1 o menor em duas d\u00e9cadas - Canal Dana<\/title>\n<meta name=\"robots\" content=\"index, follow, max-snippet:-1, max-image-preview:large, max-video-preview:-1\" \/>\n<link rel=\"canonical\" href=\"https:\/\/dana.com.br\/canaldana\/2021\/05\/10\/investimento-em-transporte-neste-ano-sera-o-menor-em-duas-decadas\/\" \/>\n<meta property=\"og:locale\" content=\"pt_BR\" \/>\n<meta property=\"og:type\" content=\"article\" \/>\n<meta property=\"og:title\" content=\"Investimento em transporte neste ano ser\u00e1 o menor em duas d\u00e9cadas - Canal Dana\" \/>\n<meta property=\"og:description\" content=\"Ag\u00eancia CNT Transporte Atual &nbsp; O investimento da Uni\u00e3o em transporte neste ano ser\u00e1 o menor dos \u00faltimos 20 anos, ao comparar os montantes de cada ano, corrigidos pela infla\u00e7\u00e3o. A constata\u00e7\u00e3o est\u00e1 detalhada no Radar do Transporte, publicado hoje (07) pela CNT e que traz a an\u00e1lise da Lei Or\u00e7ament\u00e1ria Anual (LOA) 2021. Com\u2026 Leia mais \u00bb\" \/>\n<meta property=\"og:url\" content=\"https:\/\/dana.com.br\/canaldana\/2021\/05\/10\/investimento-em-transporte-neste-ano-sera-o-menor-em-duas-decadas\/\" \/>\n<meta property=\"og:site_name\" content=\"Canal Dana\" \/>\n<meta property=\"article:published_time\" content=\"2021-05-10T11:21:22+00:00\" \/>\n<meta name=\"author\" content=\"Canal Dana\" \/>\n<meta name=\"twitter:card\" content=\"summary_large_image\" \/>\n<meta name=\"twitter:label1\" content=\"Escrito por\" \/>\n\t<meta name=\"twitter:data1\" content=\"Canal Dana\" \/>\n\t<meta name=\"twitter:label2\" content=\"Est. tempo de leitura\" \/>\n\t<meta name=\"twitter:data2\" content=\"2 minutos\" \/>\n<script type=\"application\/ld+json\" class=\"yoast-schema-graph\">{\"@context\":\"https:\\\/\\\/schema.org\",\"@graph\":[{\"@type\":\"Article\",\"@id\":\"https:\\\/\\\/dana.com.br\\\/canaldana\\\/2021\\\/05\\\/10\\\/investimento-em-transporte-neste-ano-sera-o-menor-em-duas-decadas\\\/#article\",\"isPartOf\":{\"@id\":\"https:\\\/\\\/dana.com.br\\\/canaldana\\\/2021\\\/05\\\/10\\\/investimento-em-transporte-neste-ano-sera-o-menor-em-duas-decadas\\\/\"},\"author\":{\"name\":\"Canal Dana\",\"@id\":\"https:\\\/\\\/dana.com.br\\\/canaldana\\\/#\\\/schema\\\/person\\\/3c21f22f56fcf3bc46b94bc60ea4fef6\"},\"headline\":\"Investimento em transporte neste ano ser\u00e1 o menor em duas d\u00e9cadas\",\"datePublished\":\"2021-05-10T11:21:22+00:00\",\"mainEntityOfPage\":{\"@id\":\"https:\\\/\\\/dana.com.br\\\/canaldana\\\/2021\\\/05\\\/10\\\/investimento-em-transporte-neste-ano-sera-o-menor-em-duas-decadas\\\/\"},\"wordCount\":417,\"articleSection\":[\"Mercado\"],\"inLanguage\":\"pt-BR\"},{\"@type\":\"WebPage\",\"@id\":\"https:\\\/\\\/dana.com.br\\\/canaldana\\\/2021\\\/05\\\/10\\\/investimento-em-transporte-neste-ano-sera-o-menor-em-duas-decadas\\\/\",\"url\":\"https:\\\/\\\/dana.com.br\\\/canaldana\\\/2021\\\/05\\\/10\\\/investimento-em-transporte-neste-ano-sera-o-menor-em-duas-decadas\\\/\",\"name\":\"Investimento em transporte neste ano ser\u00e1 o menor em duas d\u00e9cadas - Canal Dana\",\"isPartOf\":{\"@id\":\"https:\\\/\\\/dana.com.br\\\/canaldana\\\/#website\"},\"datePublished\":\"2021-05-10T11:21:22+00:00\",\"author\":{\"@id\":\"https:\\\/\\\/dana.com.br\\\/canaldana\\\/#\\\/schema\\\/person\\\/3c21f22f56fcf3bc46b94bc60ea4fef6\"},\"breadcrumb\":{\"@id\":\"https:\\\/\\\/dana.com.br\\\/canaldana\\\/2021\\\/05\\\/10\\\/investimento-em-transporte-neste-ano-sera-o-menor-em-duas-decadas\\\/#breadcrumb\"},\"inLanguage\":\"pt-BR\",\"potentialAction\":[{\"@type\":\"ReadAction\",\"target\":[\"https:\\\/\\\/dana.com.br\\\/canaldana\\\/2021\\\/05\\\/10\\\/investimento-em-transporte-neste-ano-sera-o-menor-em-duas-decadas\\\/\"]}]},{\"@type\":\"BreadcrumbList\",\"@id\":\"https:\\\/\\\/dana.com.br\\\/canaldana\\\/2021\\\/05\\\/10\\\/investimento-em-transporte-neste-ano-sera-o-menor-em-duas-decadas\\\/#breadcrumb\",\"itemListElement\":[{\"@type\":\"ListItem\",\"position\":1,\"name\":\"Home\",\"item\":\"https:\\\/\\\/dana.com.br\\\/canaldana\\\/\"},{\"@type\":\"ListItem\",\"position\":2,\"name\":\"Mercado\",\"item\":\"https:\\\/\\\/dana.com.br\\\/canaldana\\\/mercado\\\/\"},{\"@type\":\"ListItem\",\"position\":3,\"name\":\"Investimento em transporte neste ano ser\u00e1 o menor em duas d\u00e9cadas\"}]},{\"@type\":\"WebSite\",\"@id\":\"https:\\\/\\\/dana.com.br\\\/canaldana\\\/#website\",\"url\":\"https:\\\/\\\/dana.com.br\\\/canaldana\\\/\",\"name\":\"Canal Dana\",\"description\":\"Informativo com as principais not\u00edcias da ind\u00fastria automotiva\",\"potentialAction\":[{\"@type\":\"SearchAction\",\"target\":{\"@type\":\"EntryPoint\",\"urlTemplate\":\"https:\\\/\\\/dana.com.br\\\/canaldana\\\/?s={search_term_string}\"},\"query-input\":{\"@type\":\"PropertyValueSpecification\",\"valueRequired\":true,\"valueName\":\"search_term_string\"}}],\"inLanguage\":\"pt-BR\"},{\"@type\":\"Person\",\"@id\":\"https:\\\/\\\/dana.com.br\\\/canaldana\\\/#\\\/schema\\\/person\\\/3c21f22f56fcf3bc46b94bc60ea4fef6\",\"name\":\"Canal Dana\",\"image\":{\"@type\":\"ImageObject\",\"inLanguage\":\"pt-BR\",\"@id\":\"https:\\\/\\\/secure.gravatar.com\\\/avatar\\\/420aaf9278582877d9018637c6817617705899d2858d7572ef0fe59a6b6454b4?s=96&d=mm&r=g\",\"url\":\"https:\\\/\\\/secure.gravatar.com\\\/avatar\\\/420aaf9278582877d9018637c6817617705899d2858d7572ef0fe59a6b6454b4?s=96&d=mm&r=g\",\"contentUrl\":\"https:\\\/\\\/secure.gravatar.com\\\/avatar\\\/420aaf9278582877d9018637c6817617705899d2858d7572ef0fe59a6b6454b4?s=96&d=mm&r=g\",\"caption\":\"Canal Dana\"},\"url\":\"https:\\\/\\\/dana.com.br\\\/canaldana\\\/author\\\/cdeditor\\\/\"}]}<\/script>\n<!-- \/ Yoast SEO plugin. -->","yoast_head_json":{"title":"Investimento em transporte neste ano ser\u00e1 o menor em duas d\u00e9cadas - Canal Dana","robots":{"index":"index","follow":"follow","max-snippet":"max-snippet:-1","max-image-preview":"max-image-preview:large","max-video-preview":"max-video-preview:-1"},"canonical":"https:\/\/dana.com.br\/canaldana\/2021\/05\/10\/investimento-em-transporte-neste-ano-sera-o-menor-em-duas-decadas\/","og_locale":"pt_BR","og_type":"article","og_title":"Investimento em transporte neste ano ser\u00e1 o menor em duas d\u00e9cadas - Canal Dana","og_description":"Ag\u00eancia CNT Transporte Atual &nbsp; O investimento da Uni\u00e3o em transporte neste ano ser\u00e1 o menor dos \u00faltimos 20 anos, ao comparar os montantes de cada ano, corrigidos pela infla\u00e7\u00e3o. A constata\u00e7\u00e3o est\u00e1 detalhada no Radar do Transporte, publicado hoje (07) pela CNT e que traz a an\u00e1lise da Lei Or\u00e7ament\u00e1ria Anual (LOA) 2021. Com\u2026 Leia mais \u00bb","og_url":"https:\/\/dana.com.br\/canaldana\/2021\/05\/10\/investimento-em-transporte-neste-ano-sera-o-menor-em-duas-decadas\/","og_site_name":"Canal Dana","article_published_time":"2021-05-10T11:21:22+00:00","author":"Canal Dana","twitter_card":"summary_large_image","twitter_misc":{"Escrito por":"Canal Dana","Est. tempo de leitura":"2 minutos"},"schema":{"@context":"https:\/\/schema.org","@graph":[{"@type":"Article","@id":"https:\/\/dana.com.br\/canaldana\/2021\/05\/10\/investimento-em-transporte-neste-ano-sera-o-menor-em-duas-decadas\/#article","isPartOf":{"@id":"https:\/\/dana.com.br\/canaldana\/2021\/05\/10\/investimento-em-transporte-neste-ano-sera-o-menor-em-duas-decadas\/"},"author":{"name":"Canal Dana","@id":"https:\/\/dana.com.br\/canaldana\/#\/schema\/person\/3c21f22f56fcf3bc46b94bc60ea4fef6"},"headline":"Investimento em transporte neste ano ser\u00e1 o menor em duas d\u00e9cadas","datePublished":"2021-05-10T11:21:22+00:00","mainEntityOfPage":{"@id":"https:\/\/dana.com.br\/canaldana\/2021\/05\/10\/investimento-em-transporte-neste-ano-sera-o-menor-em-duas-decadas\/"},"wordCount":417,"articleSection":["Mercado"],"inLanguage":"pt-BR"},{"@type":"WebPage","@id":"https:\/\/dana.com.br\/canaldana\/2021\/05\/10\/investimento-em-transporte-neste-ano-sera-o-menor-em-duas-decadas\/","url":"https:\/\/dana.com.br\/canaldana\/2021\/05\/10\/investimento-em-transporte-neste-ano-sera-o-menor-em-duas-decadas\/","name":"Investimento em transporte neste ano ser\u00e1 o menor em duas d\u00e9cadas - Canal Dana","isPartOf":{"@id":"https:\/\/dana.com.br\/canaldana\/#website"},"datePublished":"2021-05-10T11:21:22+00:00","author":{"@id":"https:\/\/dana.com.br\/canaldana\/#\/schema\/person\/3c21f22f56fcf3bc46b94bc60ea4fef6"},"breadcrumb":{"@id":"https:\/\/dana.com.br\/canaldana\/2021\/05\/10\/investimento-em-transporte-neste-ano-sera-o-menor-em-duas-decadas\/#breadcrumb"},"inLanguage":"pt-BR","potentialAction":[{"@type":"ReadAction","target":["https:\/\/dana.com.br\/canaldana\/2021\/05\/10\/investimento-em-transporte-neste-ano-sera-o-menor-em-duas-decadas\/"]}]},{"@type":"BreadcrumbList","@id":"https:\/\/dana.com.br\/canaldana\/2021\/05\/10\/investimento-em-transporte-neste-ano-sera-o-menor-em-duas-decadas\/#breadcrumb","itemListElement":[{"@type":"ListItem","position":1,"name":"Home","item":"https:\/\/dana.com.br\/canaldana\/"},{"@type":"ListItem","position":2,"name":"Mercado","item":"https:\/\/dana.com.br\/canaldana\/mercado\/"},{"@type":"ListItem","position":3,"name":"Investimento em transporte neste ano ser\u00e1 o menor em duas d\u00e9cadas"}]},{"@type":"WebSite","@id":"https:\/\/dana.com.br\/canaldana\/#website","url":"https:\/\/dana.com.br\/canaldana\/","name":"Canal Dana","description":"Informativo com as principais not\u00edcias da ind\u00fastria automotiva","potentialAction":[{"@type":"SearchAction","target":{"@type":"EntryPoint","urlTemplate":"https:\/\/dana.com.br\/canaldana\/?s={search_term_string}"},"query-input":{"@type":"PropertyValueSpecification","valueRequired":true,"valueName":"search_term_string"}}],"inLanguage":"pt-BR"},{"@type":"Person","@id":"https:\/\/dana.com.br\/canaldana\/#\/schema\/person\/3c21f22f56fcf3bc46b94bc60ea4fef6","name":"Canal Dana","image":{"@type":"ImageObject","inLanguage":"pt-BR","@id":"https:\/\/secure.gravatar.com\/avatar\/420aaf9278582877d9018637c6817617705899d2858d7572ef0fe59a6b6454b4?s=96&d=mm&r=g","url":"https:\/\/secure.gravatar.com\/avatar\/420aaf9278582877d9018637c6817617705899d2858d7572ef0fe59a6b6454b4?s=96&d=mm&r=g","contentUrl":"https:\/\/secure.gravatar.com\/avatar\/420aaf9278582877d9018637c6817617705899d2858d7572ef0fe59a6b6454b4?s=96&d=mm&r=g","caption":"Canal Dana"},"url":"https:\/\/dana.com.br\/canaldana\/author\/cdeditor\/"}]}},"_links":{"self":[{"href":"https:\/\/dana.com.br\/canaldana\/wp-json\/wp\/v2\/posts\/49995","targetHints":{"allow":["GET"]}}],"collection":[{"href":"https:\/\/dana.com.br\/canaldana\/wp-json\/wp\/v2\/posts"}],"about":[{"href":"https:\/\/dana.com.br\/canaldana\/wp-json\/wp\/v2\/types\/post"}],"author":[{"embeddable":true,"href":"https:\/\/dana.com.br\/canaldana\/wp-json\/wp\/v2\/users\/3"}],"replies":[{"embeddable":true,"href":"https:\/\/dana.com.br\/canaldana\/wp-json\/wp\/v2\/comments?post=49995"}],"version-history":[{"count":0,"href":"https:\/\/dana.com.br\/canaldana\/wp-json\/wp\/v2\/posts\/49995\/revisions"}],"wp:attachment":[{"href":"https:\/\/dana.com.br\/canaldana\/wp-json\/wp\/v2\/media?parent=49995"}],"wp:term":[{"taxonomy":"category","embeddable":true,"href":"https:\/\/dana.com.br\/canaldana\/wp-json\/wp\/v2\/categories?post=49995"},{"taxonomy":"post_tag","embeddable":true,"href":"https:\/\/dana.com.br\/canaldana\/wp-json\/wp\/v2\/tags?post=49995"}],"curies":[{"name":"wp","href":"https:\/\/api.w.org\/{rel}","templated":true}]}}