{"id":49966,"date":"2021-05-07T08:32:53","date_gmt":"2021-05-07T11:32:53","guid":{"rendered":"https:\/\/dana.com.br\/canaldana\/?p=49966"},"modified":"2021-05-07T08:32:53","modified_gmt":"2021-05-07T11:32:53","slug":"com-avanco-da-covid-producao-da-industria-cai-24","status":"publish","type":"post","link":"https:\/\/dana.com.br\/canaldana\/2021\/05\/07\/com-avanco-da-covid-producao-da-industria-cai-24\/","title":{"rendered":"Com avan\u00e7o da covid, produ\u00e7\u00e3o da ind\u00fastria cai 2,4%"},"content":{"rendered":"<p><em>O Estado de S. Paulo <\/em><\/p>\n<p>&nbsp;<\/p>\n<p>O recrudescimento da pandemia de covid-19 no Pa\u00eds voltou a afetar o desempenho da ind\u00fastria na passagem de fevereiro para mar\u00e7o. A produ\u00e7\u00e3o recuou 2,4%, ap\u00f3s j\u00e1 ter registrado uma perda de 1,0% no m\u00eas anterior, segundo os dados da Pesquisa Industrial Mensal divulgados ontem pelo Instituto Brasileiro de Geografia e Estat\u00edstica (IBGE).<\/p>\n<p>&nbsp;<\/p>\n<p>\u201cTem rela\u00e7\u00e3o direta com esse in\u00edcio de 2021 com menor ritmo da produ\u00e7\u00e3o, tem uma associa\u00e7\u00e3o bem clara com o recrudescimento da pandemia e todos os efeitos que isso traz para dentro do processo produtivo: maior restri\u00e7\u00e3o da mobilidade, maiores exig\u00eancias sanit\u00e1rias, falta de mat\u00e9rias-primas, desorganiza\u00e7\u00e3o da produ\u00e7\u00e3o\u201d, enumerou Andr\u00e9 Macedo, gerente da Coordena\u00e7\u00e3o de Ind\u00fastria do IBGE.<\/p>\n<p>&nbsp;<\/p>\n<p>O pesquisador lembrou ainda que a ind\u00fastria tamb\u00e9m \u00e9 prejudicada por fatores conjunturais, como o desemprego elevado, a infla\u00e7\u00e3o pressionada e a aus\u00eancia de pagamento do aux\u00edlio emergencial no primeiro trimestre deste ano.<\/p>\n<p>&nbsp;<\/p>\n<p>Passado o choque inicial provocado pela covid-19 nos meses de mar\u00e7o e abril, a ind\u00fastria engatou um processo de recupera\u00e7\u00e3o ao longo de 2020, chegando a superar em 3,5% o patamar de produ\u00e7\u00e3o do pr\u00e9-pandemia. No entanto, ap\u00f3s o retrocesso dos \u00faltimos dois meses, o parque fabril opera no mesmo n\u00edvel de fevereiro de 2020.<\/p>\n<p>&nbsp;<\/p>\n<p>\u201cA piora do quadro sanit\u00e1rio do Pa\u00eds e a aus\u00eancia de medidas emergenciais no primeiro trimestre de 2021 fizeram com que a ind\u00fastria pisasse no freio\u201d, escreveu o Instituto de Estudos para o Desenvolvimento Industrial (Iedi). \u201cCom isso, ficou comprometido tudo aquilo que vinha sendo conquistado em termos de retomada da produ\u00e7\u00e3o\u201d, completou.<\/p>\n<p>&nbsp;<\/p>\n<p><strong>Setores<\/strong><\/p>\n<p>&nbsp;<\/p>\n<p>Na passagem de fevereiro para mar\u00e7o, 15 dos 26 setores investigados registraram retra\u00e7\u00e3o. O destaque foi o tombo de 8,4% no setor de ve\u00edculos automotores, terceiro resultado negativo seguido, per\u00edodo em que acumulou perda de 15,8%.<\/p>\n<p>&nbsp;<\/p>\n<p>A escassez de pe\u00e7as e equipamentos chegou a paralisar algumas f\u00e1bricas, apontou o economista-chefe da Sulam\u00e9rica Investimentos, Newton Camargo Rosa. Para o economista, o desempenho da produ\u00e7\u00e3o industrial est\u00e1 de acordo com a avalia\u00e7\u00e3o que o Banco Central tem feito da atividade econ\u00f4mica, de que a retomada vem avan\u00e7ando, mas que a incerteza permanece elevada diante dos efeitos da pandemia.<\/p>\n<p>&nbsp;<\/p>\n<p>\u201cA pandemia acaba fazendo com que a recupera\u00e7\u00e3o n\u00e3o seja t\u00e3o consistente. Os dados de janeiro e fevereiro foram bem positivos, mas o recrudescimento da pandemia a partir de mar\u00e7o traz incerteza\u201d, alertou Camargo Rosa.<\/p>\n<p>&nbsp;<\/p>\n<p>O economista Daniel Silva, da Novus Capital, pondera que as medidas restritivas anticovid adotadas este ano tiveram dura\u00e7\u00e3o e impactos menores do que no pior momento do ano passado. \u201cQuando se compara com o que aconteceu no segundo trimestre de 2020, as medidas restritivas tiveram um efeito menor sobre a atividade e tamb\u00e9m parece que o impacto teve dura\u00e7\u00e3o menor, com retomada mais r\u00e1pida.\u201d<\/p>\n<p>&nbsp;<\/p>\n<p>A produ\u00e7\u00e3o industrial teve um avan\u00e7o de 10,5% em mar\u00e7o de 2021 em rela\u00e7\u00e3o a mar\u00e7o de 2020, com expans\u00e3o em 20 dos 26 ramos pesquisados. O resultado foi o mais elevado desde junho de 2010, al\u00e9m de ser a s\u00e9tima taxa positiva consecutiva nesse tipo de compara\u00e7\u00e3o.<\/p>\n<p>&nbsp;<\/p>\n<p>\u201cOs resultados s\u00e3o amplamente positivos, mas em fun\u00e7\u00e3o da base de compara\u00e7\u00e3o\u201d, esclareceu Andr\u00e9 Macedo, gerente da pesquisa do IBGE. (O Estado de S. Paulo\/Daniela Amorim e Tha\u00eds Barcellos)<\/p>\n","protected":false},"excerpt":{"rendered":"<p>O Estado de S. Paulo &nbsp; O recrudescimento da pandemia de covid-19 no Pa\u00eds voltou a afetar o desempenho da ind\u00fastria na passagem de fevereiro para mar\u00e7o. A produ\u00e7\u00e3o recuou 2,4%, ap\u00f3s j\u00e1 ter registrado uma perda de 1,0% no m\u00eas anterior, segundo os dados da Pesquisa Industrial Mensal divulgados ontem pelo Instituto Brasileiro de\u2026 <a class=\"readmore\" href=\"https:\/\/dana.com.br\/canaldana\/2021\/05\/07\/com-avanco-da-covid-producao-da-industria-cai-24\/\">Leia mais \u00bb<\/a><\/p>\n","protected":false},"author":3,"featured_media":0,"comment_status":"closed","ping_status":"closed","sticky":false,"template":"","format":"standard","meta":{"_acf_changed":false,"footnotes":""},"categories":[61],"tags":[],"class_list":["post-49966","post","type-post","status-publish","format-standard","hentry","category-destaques"],"acf":[],"yoast_head":"<!-- This site is optimized with the Yoast SEO plugin v27.3 - https:\/\/yoast.com\/product\/yoast-seo-wordpress\/ -->\n<title>Com avan\u00e7o da covid, produ\u00e7\u00e3o da ind\u00fastria cai 2,4% - Canal Dana<\/title>\n<meta name=\"robots\" content=\"index, follow, max-snippet:-1, max-image-preview:large, max-video-preview:-1\" \/>\n<link rel=\"canonical\" href=\"https:\/\/dana.com.br\/canaldana\/2021\/05\/07\/com-avanco-da-covid-producao-da-industria-cai-24\/\" \/>\n<meta property=\"og:locale\" content=\"pt_BR\" \/>\n<meta property=\"og:type\" content=\"article\" \/>\n<meta property=\"og:title\" content=\"Com avan\u00e7o da covid, produ\u00e7\u00e3o da ind\u00fastria cai 2,4% - Canal Dana\" \/>\n<meta property=\"og:description\" content=\"O Estado de S. Paulo &nbsp; O recrudescimento da pandemia de covid-19 no Pa\u00eds voltou a afetar o desempenho da ind\u00fastria na passagem de fevereiro para mar\u00e7o. A produ\u00e7\u00e3o recuou 2,4%, ap\u00f3s j\u00e1 ter registrado uma perda de 1,0% no m\u00eas anterior, segundo os dados da Pesquisa Industrial Mensal divulgados ontem pelo Instituto Brasileiro de\u2026 Leia mais \u00bb\" \/>\n<meta property=\"og:url\" content=\"https:\/\/dana.com.br\/canaldana\/2021\/05\/07\/com-avanco-da-covid-producao-da-industria-cai-24\/\" \/>\n<meta property=\"og:site_name\" content=\"Canal Dana\" \/>\n<meta property=\"article:published_time\" content=\"2021-05-07T11:32:53+00:00\" \/>\n<meta name=\"author\" content=\"Canal Dana\" \/>\n<meta name=\"twitter:card\" content=\"summary_large_image\" \/>\n<meta name=\"twitter:label1\" content=\"Escrito por\" \/>\n\t<meta name=\"twitter:data1\" content=\"Canal Dana\" \/>\n\t<meta name=\"twitter:label2\" content=\"Est. tempo de leitura\" \/>\n\t<meta name=\"twitter:data2\" content=\"3 minutos\" \/>\n<script type=\"application\/ld+json\" class=\"yoast-schema-graph\">{\"@context\":\"https:\\\/\\\/schema.org\",\"@graph\":[{\"@type\":\"Article\",\"@id\":\"https:\\\/\\\/dana.com.br\\\/canaldana\\\/2021\\\/05\\\/07\\\/com-avanco-da-covid-producao-da-industria-cai-24\\\/#article\",\"isPartOf\":{\"@id\":\"https:\\\/\\\/dana.com.br\\\/canaldana\\\/2021\\\/05\\\/07\\\/com-avanco-da-covid-producao-da-industria-cai-24\\\/\"},\"author\":{\"name\":\"Canal Dana\",\"@id\":\"https:\\\/\\\/dana.com.br\\\/canaldana\\\/#\\\/schema\\\/person\\\/3c21f22f56fcf3bc46b94bc60ea4fef6\"},\"headline\":\"Com avan\u00e7o da covid, produ\u00e7\u00e3o da ind\u00fastria cai 2,4%\",\"datePublished\":\"2021-05-07T11:32:53+00:00\",\"mainEntityOfPage\":{\"@id\":\"https:\\\/\\\/dana.com.br\\\/canaldana\\\/2021\\\/05\\\/07\\\/com-avanco-da-covid-producao-da-industria-cai-24\\\/\"},\"wordCount\":603,\"articleSection\":[\"Destaques\"],\"inLanguage\":\"pt-BR\"},{\"@type\":\"WebPage\",\"@id\":\"https:\\\/\\\/dana.com.br\\\/canaldana\\\/2021\\\/05\\\/07\\\/com-avanco-da-covid-producao-da-industria-cai-24\\\/\",\"url\":\"https:\\\/\\\/dana.com.br\\\/canaldana\\\/2021\\\/05\\\/07\\\/com-avanco-da-covid-producao-da-industria-cai-24\\\/\",\"name\":\"Com avan\u00e7o da covid, produ\u00e7\u00e3o da ind\u00fastria cai 2,4% - Canal Dana\",\"isPartOf\":{\"@id\":\"https:\\\/\\\/dana.com.br\\\/canaldana\\\/#website\"},\"datePublished\":\"2021-05-07T11:32:53+00:00\",\"author\":{\"@id\":\"https:\\\/\\\/dana.com.br\\\/canaldana\\\/#\\\/schema\\\/person\\\/3c21f22f56fcf3bc46b94bc60ea4fef6\"},\"breadcrumb\":{\"@id\":\"https:\\\/\\\/dana.com.br\\\/canaldana\\\/2021\\\/05\\\/07\\\/com-avanco-da-covid-producao-da-industria-cai-24\\\/#breadcrumb\"},\"inLanguage\":\"pt-BR\",\"potentialAction\":[{\"@type\":\"ReadAction\",\"target\":[\"https:\\\/\\\/dana.com.br\\\/canaldana\\\/2021\\\/05\\\/07\\\/com-avanco-da-covid-producao-da-industria-cai-24\\\/\"]}]},{\"@type\":\"BreadcrumbList\",\"@id\":\"https:\\\/\\\/dana.com.br\\\/canaldana\\\/2021\\\/05\\\/07\\\/com-avanco-da-covid-producao-da-industria-cai-24\\\/#breadcrumb\",\"itemListElement\":[{\"@type\":\"ListItem\",\"position\":1,\"name\":\"Home\",\"item\":\"https:\\\/\\\/dana.com.br\\\/canaldana\\\/\"},{\"@type\":\"ListItem\",\"position\":2,\"name\":\"Destaques\",\"item\":\"https:\\\/\\\/dana.com.br\\\/canaldana\\\/destaques\\\/\"},{\"@type\":\"ListItem\",\"position\":3,\"name\":\"Com avan\u00e7o da covid, produ\u00e7\u00e3o da ind\u00fastria cai 2,4%\"}]},{\"@type\":\"WebSite\",\"@id\":\"https:\\\/\\\/dana.com.br\\\/canaldana\\\/#website\",\"url\":\"https:\\\/\\\/dana.com.br\\\/canaldana\\\/\",\"name\":\"Canal Dana\",\"description\":\"Informativo com as principais not\u00edcias da ind\u00fastria automotiva\",\"potentialAction\":[{\"@type\":\"SearchAction\",\"target\":{\"@type\":\"EntryPoint\",\"urlTemplate\":\"https:\\\/\\\/dana.com.br\\\/canaldana\\\/?s={search_term_string}\"},\"query-input\":{\"@type\":\"PropertyValueSpecification\",\"valueRequired\":true,\"valueName\":\"search_term_string\"}}],\"inLanguage\":\"pt-BR\"},{\"@type\":\"Person\",\"@id\":\"https:\\\/\\\/dana.com.br\\\/canaldana\\\/#\\\/schema\\\/person\\\/3c21f22f56fcf3bc46b94bc60ea4fef6\",\"name\":\"Canal Dana\",\"image\":{\"@type\":\"ImageObject\",\"inLanguage\":\"pt-BR\",\"@id\":\"https:\\\/\\\/secure.gravatar.com\\\/avatar\\\/420aaf9278582877d9018637c6817617705899d2858d7572ef0fe59a6b6454b4?s=96&d=mm&r=g\",\"url\":\"https:\\\/\\\/secure.gravatar.com\\\/avatar\\\/420aaf9278582877d9018637c6817617705899d2858d7572ef0fe59a6b6454b4?s=96&d=mm&r=g\",\"contentUrl\":\"https:\\\/\\\/secure.gravatar.com\\\/avatar\\\/420aaf9278582877d9018637c6817617705899d2858d7572ef0fe59a6b6454b4?s=96&d=mm&r=g\",\"caption\":\"Canal Dana\"},\"url\":\"https:\\\/\\\/dana.com.br\\\/canaldana\\\/author\\\/cdeditor\\\/\"}]}<\/script>\n<!-- \/ Yoast SEO plugin. -->","yoast_head_json":{"title":"Com avan\u00e7o da covid, produ\u00e7\u00e3o da ind\u00fastria cai 2,4% - Canal Dana","robots":{"index":"index","follow":"follow","max-snippet":"max-snippet:-1","max-image-preview":"max-image-preview:large","max-video-preview":"max-video-preview:-1"},"canonical":"https:\/\/dana.com.br\/canaldana\/2021\/05\/07\/com-avanco-da-covid-producao-da-industria-cai-24\/","og_locale":"pt_BR","og_type":"article","og_title":"Com avan\u00e7o da covid, produ\u00e7\u00e3o da ind\u00fastria cai 2,4% - Canal Dana","og_description":"O Estado de S. Paulo &nbsp; O recrudescimento da pandemia de covid-19 no Pa\u00eds voltou a afetar o desempenho da ind\u00fastria na passagem de fevereiro para mar\u00e7o. A produ\u00e7\u00e3o recuou 2,4%, ap\u00f3s j\u00e1 ter registrado uma perda de 1,0% no m\u00eas anterior, segundo os dados da Pesquisa Industrial Mensal divulgados ontem pelo Instituto Brasileiro de\u2026 Leia mais \u00bb","og_url":"https:\/\/dana.com.br\/canaldana\/2021\/05\/07\/com-avanco-da-covid-producao-da-industria-cai-24\/","og_site_name":"Canal Dana","article_published_time":"2021-05-07T11:32:53+00:00","author":"Canal Dana","twitter_card":"summary_large_image","twitter_misc":{"Escrito por":"Canal Dana","Est. tempo de leitura":"3 minutos"},"schema":{"@context":"https:\/\/schema.org","@graph":[{"@type":"Article","@id":"https:\/\/dana.com.br\/canaldana\/2021\/05\/07\/com-avanco-da-covid-producao-da-industria-cai-24\/#article","isPartOf":{"@id":"https:\/\/dana.com.br\/canaldana\/2021\/05\/07\/com-avanco-da-covid-producao-da-industria-cai-24\/"},"author":{"name":"Canal Dana","@id":"https:\/\/dana.com.br\/canaldana\/#\/schema\/person\/3c21f22f56fcf3bc46b94bc60ea4fef6"},"headline":"Com avan\u00e7o da covid, produ\u00e7\u00e3o da ind\u00fastria cai 2,4%","datePublished":"2021-05-07T11:32:53+00:00","mainEntityOfPage":{"@id":"https:\/\/dana.com.br\/canaldana\/2021\/05\/07\/com-avanco-da-covid-producao-da-industria-cai-24\/"},"wordCount":603,"articleSection":["Destaques"],"inLanguage":"pt-BR"},{"@type":"WebPage","@id":"https:\/\/dana.com.br\/canaldana\/2021\/05\/07\/com-avanco-da-covid-producao-da-industria-cai-24\/","url":"https:\/\/dana.com.br\/canaldana\/2021\/05\/07\/com-avanco-da-covid-producao-da-industria-cai-24\/","name":"Com avan\u00e7o da covid, produ\u00e7\u00e3o da ind\u00fastria cai 2,4% - Canal Dana","isPartOf":{"@id":"https:\/\/dana.com.br\/canaldana\/#website"},"datePublished":"2021-05-07T11:32:53+00:00","author":{"@id":"https:\/\/dana.com.br\/canaldana\/#\/schema\/person\/3c21f22f56fcf3bc46b94bc60ea4fef6"},"breadcrumb":{"@id":"https:\/\/dana.com.br\/canaldana\/2021\/05\/07\/com-avanco-da-covid-producao-da-industria-cai-24\/#breadcrumb"},"inLanguage":"pt-BR","potentialAction":[{"@type":"ReadAction","target":["https:\/\/dana.com.br\/canaldana\/2021\/05\/07\/com-avanco-da-covid-producao-da-industria-cai-24\/"]}]},{"@type":"BreadcrumbList","@id":"https:\/\/dana.com.br\/canaldana\/2021\/05\/07\/com-avanco-da-covid-producao-da-industria-cai-24\/#breadcrumb","itemListElement":[{"@type":"ListItem","position":1,"name":"Home","item":"https:\/\/dana.com.br\/canaldana\/"},{"@type":"ListItem","position":2,"name":"Destaques","item":"https:\/\/dana.com.br\/canaldana\/destaques\/"},{"@type":"ListItem","position":3,"name":"Com avan\u00e7o da covid, produ\u00e7\u00e3o da ind\u00fastria cai 2,4%"}]},{"@type":"WebSite","@id":"https:\/\/dana.com.br\/canaldana\/#website","url":"https:\/\/dana.com.br\/canaldana\/","name":"Canal Dana","description":"Informativo com as principais not\u00edcias da ind\u00fastria automotiva","potentialAction":[{"@type":"SearchAction","target":{"@type":"EntryPoint","urlTemplate":"https:\/\/dana.com.br\/canaldana\/?s={search_term_string}"},"query-input":{"@type":"PropertyValueSpecification","valueRequired":true,"valueName":"search_term_string"}}],"inLanguage":"pt-BR"},{"@type":"Person","@id":"https:\/\/dana.com.br\/canaldana\/#\/schema\/person\/3c21f22f56fcf3bc46b94bc60ea4fef6","name":"Canal Dana","image":{"@type":"ImageObject","inLanguage":"pt-BR","@id":"https:\/\/secure.gravatar.com\/avatar\/420aaf9278582877d9018637c6817617705899d2858d7572ef0fe59a6b6454b4?s=96&d=mm&r=g","url":"https:\/\/secure.gravatar.com\/avatar\/420aaf9278582877d9018637c6817617705899d2858d7572ef0fe59a6b6454b4?s=96&d=mm&r=g","contentUrl":"https:\/\/secure.gravatar.com\/avatar\/420aaf9278582877d9018637c6817617705899d2858d7572ef0fe59a6b6454b4?s=96&d=mm&r=g","caption":"Canal Dana"},"url":"https:\/\/dana.com.br\/canaldana\/author\/cdeditor\/"}]}},"_links":{"self":[{"href":"https:\/\/dana.com.br\/canaldana\/wp-json\/wp\/v2\/posts\/49966","targetHints":{"allow":["GET"]}}],"collection":[{"href":"https:\/\/dana.com.br\/canaldana\/wp-json\/wp\/v2\/posts"}],"about":[{"href":"https:\/\/dana.com.br\/canaldana\/wp-json\/wp\/v2\/types\/post"}],"author":[{"embeddable":true,"href":"https:\/\/dana.com.br\/canaldana\/wp-json\/wp\/v2\/users\/3"}],"replies":[{"embeddable":true,"href":"https:\/\/dana.com.br\/canaldana\/wp-json\/wp\/v2\/comments?post=49966"}],"version-history":[{"count":0,"href":"https:\/\/dana.com.br\/canaldana\/wp-json\/wp\/v2\/posts\/49966\/revisions"}],"wp:attachment":[{"href":"https:\/\/dana.com.br\/canaldana\/wp-json\/wp\/v2\/media?parent=49966"}],"wp:term":[{"taxonomy":"category","embeddable":true,"href":"https:\/\/dana.com.br\/canaldana\/wp-json\/wp\/v2\/categories?post=49966"},{"taxonomy":"post_tag","embeddable":true,"href":"https:\/\/dana.com.br\/canaldana\/wp-json\/wp\/v2\/tags?post=49966"}],"curies":[{"name":"wp","href":"https:\/\/api.w.org\/{rel}","templated":true}]}}