{"id":49938,"date":"2021-05-07T08:25:22","date_gmt":"2021-05-07T11:25:22","guid":{"rendered":"https:\/\/dana.com.br\/canaldana\/?p=49938"},"modified":"2021-05-07T08:25:22","modified_gmt":"2021-05-07T11:25:22","slug":"maio-amarelo-fundacao-grupo-vw-lanca-guia-sobre-mobilidade-na-escola","status":"publish","type":"post","link":"https:\/\/dana.com.br\/canaldana\/2021\/05\/07\/maio-amarelo-fundacao-grupo-vw-lanca-guia-sobre-mobilidade-na-escola\/","title":{"rendered":"Maio Amarelo: Funda\u00e7\u00e3o Grupo VW lan\u00e7a guia sobre mobilidade na escola"},"content":{"rendered":"<p><em>Coisas de Agora<\/em><\/p>\n<p>&nbsp;<\/p>\n<p>O movimento Maio Amarelo prop\u00f5e aten\u00e7\u00e3o da sociedade para o alto \u00edndice de mortes e feridos no tr\u00e2nsito em todo o mundo. Pensar como as pessoas se deslocam nos espa\u00e7os urbanos, seja de maneira individual (a p\u00e9, de bicicletas, motocicletas ou carros) ou de maneira coletiva (de \u00f4nibus, metr\u00f4, trem) \u00e9 essencial para o planejamento urbano, pois influ\u00eancia de maneira decisiva na qualidade de vida dos cidad\u00e3os nas cidades.<\/p>\n<p>&nbsp;<\/p>\n<p>Pensando nisso, o Carona a P\u00e9, com financiamento e supervis\u00e3o da Funda\u00e7\u00e3o Grupo Volkswagen, desenvolveu um material destinado aos educadores e alunos do Ensino M\u00e9dio e a todos que se interessem pela tem\u00e1tica de mobilidade urbana, com o objetivo de inserir e fortalecer a mobilidade urbana no curr\u00edculo das escolas brasileiras, como um Tema Contempor\u00e2neo Transversal (TCT) dentro da Base Nacional Comum Curricular (BNCC).<\/p>\n<p>&nbsp;<\/p>\n<p>Lan\u00e7ado nesta quarta-feira, 5 de maio, o guia \u201cMobilidade urbana na escola: por que esse tema n\u00e3o deve ficar parado?\u201d aborda, em 97 p\u00e1ginas, t\u00f3picos como o pr\u00f3prio conceito de mobilidade urbana, o futuro das cidades e suas possibilidades de transforma\u00e7\u00e3o, a import\u00e2ncia do caminhar e do ir a p\u00e9 para a escola, o que uma cidade precisa para ser caminh\u00e1vel, o urbanismo t\u00e1tico e o planejamento urbano, entre outros. Tudo isso com exemplos concretos, chamados de \u201cP\u00edlulas de A\u00e7\u00e3o\u201d, e sugest\u00f5es para a elabora\u00e7\u00e3o de atividades pedag\u00f3gicas em se\u00e7\u00f5es denominadas \u201cTransformar Conhecimento em A\u00e7\u00e3o\u201d, que s\u00e3o propostas flex\u00edveis para que os educadores elaborem atividades de forma aut\u00f4noma e em refer\u00eancia ao contexto de sua escola, conforme recomenda\u00e7\u00f5es fundamentais da BNCC para o trabalho com Temas Contempor\u00e2neos Transversais.<\/p>\n<p>&nbsp;<\/p>\n<p>O guia em formato digital e com recursos de acessibilidade j\u00e1 est\u00e1 dispon\u00edvel no site da Funda\u00e7\u00e3o Grupo VW \u2013 <a href=\"http:\/\/www.fundacaogrupovw.org.br\/materiais-educativos\" target=\"_blank\" rel=\"noopener noreferrer\">http:\/\/www.fundacaogrupovw.org.br\/materiais-educativos<\/a> \u2013 o acesso e download s\u00e3o gratuitos. O projeto contou com a assessoria da Mais Diferen\u00e7as, para o desenvolvimento de uma perspectiva inclusiva e acess\u00edvel do conte\u00fado, proporcionando a todas as pessoas, com e sem defici\u00eancia, n\u00e3o s\u00f3 a leitura do guia em si como tamb\u00e9m a possibilidade de participa\u00e7\u00e3o e implementa\u00e7\u00e3o de todas as a\u00e7\u00f5es propostas no material. A organiza\u00e7\u00e3o \u00e9 especialista no estudo, desenvolvimento, implementa\u00e7\u00e3o e compartilhamento de a\u00e7\u00f5es e materiais relacionados \u00e0 educa\u00e7\u00e3o e cultura inclusivas, tendo como princ\u00edpios b\u00e1sicos a acessibilidade e a garantia dos direitos das pessoas com defici\u00eancia.<\/p>\n<p>&nbsp;<\/p>\n<p>\u201c\u00c9 importante entender que mobilidade urbana e\u00b4 muito mais do que ir e vir. Acessibilidade, desenvolvimento sustent\u00e1vel, inclus\u00e3o social, seguran\u00e7a vi\u00e1ria, cidadania, efici\u00eancia na circula\u00e7\u00e3o pelas cidades\u2026 Esses s\u00e3o alguns dos princ\u00edpios universais que est\u00e3o vinculados ao tema, que \u00e9 uma das causas de atua\u00e7\u00e3o da Funda\u00e7\u00e3o, e podem transformar significativamente o futuro das cidades\u201d, afirma Vitor Hugo Neia, Diretor de Administra\u00e7\u00e3o e Rela\u00e7\u00f5es Institucionais da Funda\u00e7\u00e3o Grupo Volkswagen.<\/p>\n<p>&nbsp;<\/p>\n<p>Renata Morettin, s\u00f3cia-fundadora do Carona a P\u00e9, conta que pensar o guia no contexto da pandemia da Covid-19, que fechou as escolas, mudou a l\u00f3gica de trabalho e imp\u00f4s a necessidade de isolamento e distanciamento, foi um desafio e tanto. \u201cPor outro lado, depois de vivermos meses de pouca circula\u00e7\u00e3o, ficou evidente como os locais de conv\u00edvio social e o contato com elementos da natureza s\u00e3o importantes e necess\u00e1rios para a sa\u00fade f\u00edsica e mental e o quanto e\u00b4 urgente pensar em uma cidade mais acess\u00edvel e segura para todos\u201d, afirma.<\/p>\n<p>&nbsp;<\/p>\n<p>\u201cEsperamos que o guia \u2018Mobilidade urbana na escola\u2019 possa inspirar e provocar movimentos nas unidades escolares e comunidades, servindo como refer\u00eancia te\u00f3rica e ponto de partida de atitudes concretas que contribuam para tornar nossas cidades espa\u00e7os mais inclusivos, seguros e sustent\u00e1veis\u201d, conclui Vitor Hugo.<\/p>\n<p>&nbsp;<\/p>\n<p><strong>Exemplo de p\u00edlula de a\u00e7\u00e3o<\/strong><\/p>\n<p>&nbsp;<\/p>\n<p>Uma pra\u00e7a pr\u00f3xima a uma escola de Maragogi (AL) era pouco frequentada pelos alunos. Durante a noite, a comunidade tinha acesso a um aparelho de televis\u00e3o p\u00fablico que ficava no local, por\u00e9m, durante o dia, a falta de sombreamento e aridez n\u00e3o eram atrativas para os moradores. Elza Lira, arquiteta-urbanista e consultora da prefeitura, convidou a start-up URB-I para uma interven\u00e7\u00e3o tempor\u00e1ria.<\/p>\n<p>&nbsp;<\/p>\n<p>A partir de exerc\u00edcios de escuta com os estudantes e a comunidade local e de um projeto de interven\u00e7\u00e3o minimamente vi\u00e1vel, os pr\u00f3prios alunos pintaram o ch\u00e3o, pneus, decks e plantaram mudas.<\/p>\n<p>&nbsp;<\/p>\n<p>A prefeitura comprou o material necess\u00e1rio, cuidou da nova ilumina\u00e7\u00e3o e da retirada do entulho. Com isso, a pra\u00e7a ganhou muita cor e a popula\u00e7\u00e3o de Barra Grande, Maragogi (AL), descobriu que e\u00b4 poss\u00edvel melhorar um espa\u00e7o p\u00fablico, tornando-o mais vivo e atraente.<\/p>\n<p>&nbsp;<\/p>\n<p>Desde 1979, a Funda\u00e7\u00e3o Grupo Volkswagen investe em a\u00e7\u00f5es de educa\u00e7\u00e3o e desenvolvimento de comunidades com recursos dos rendimentos de um fundo constitu\u00eddo pela Volkswagen. Atualmente, abra\u00e7amos tr\u00eas causas priorit\u00e1rias: mobilidade urbana, mobilidade social e inclus\u00e3o de pessoas com defici\u00eancia. Al\u00e9m disso, apoiamos tecnicamente a\u00e7\u00f5es de responsabilidade social do Grupo Volkswagen no Brasil. Compartilhamos a voca\u00e7\u00e3o de mover pessoas. Movimentos que diminuem as dist\u00e2ncias e geram mudan\u00e7as, transformando potenciais em realidade.<\/p>\n<p>&nbsp;<\/p>\n<p><strong>Carona a P\u00e9<\/strong><\/p>\n<p>&nbsp;<\/p>\n<p>Atua nas \u00e1reas de mobilidade e educa\u00e7\u00e3o e deseja despertar os adultos e as crian\u00e7as para a import\u00e2ncia de andar a p\u00e9 desde a primeira inf\u00e2ncia. O foco do trabalho \u00e9 engajar comunidades escolares, por meio de forma\u00e7\u00f5es, produ\u00e7\u00f5es de conte\u00fado, palestras e consultorias para que atuem, localmente, como multiplicadores. O principal objetivo \u00e9 incentivar que grupos de crian\u00e7as e seus cuidadores caminhem juntos at\u00e9 a escola, usufruam de outros espa\u00e7os urbanos e construam uma nova rela\u00e7\u00e3o com a cidade onde vivem. (Coisas de Agora)<\/p>\n","protected":false},"excerpt":{"rendered":"<p>Coisas de Agora &nbsp; O movimento Maio Amarelo prop\u00f5e aten\u00e7\u00e3o da sociedade para o alto \u00edndice de mortes e feridos no tr\u00e2nsito em todo o mundo. Pensar como as pessoas se deslocam nos espa\u00e7os urbanos, seja de maneira individual (a p\u00e9, de bicicletas, motocicletas ou carros) ou de maneira coletiva (de \u00f4nibus, metr\u00f4, trem) \u00e9\u2026 <a class=\"readmore\" href=\"https:\/\/dana.com.br\/canaldana\/2021\/05\/07\/maio-amarelo-fundacao-grupo-vw-lanca-guia-sobre-mobilidade-na-escola\/\">Leia mais \u00bb<\/a><\/p>\n","protected":false},"author":3,"featured_media":0,"comment_status":"closed","ping_status":"closed","sticky":false,"template":"","format":"standard","meta":{"_acf_changed":false,"footnotes":""},"categories":[112],"tags":[],"class_list":["post-49938","post","type-post","status-publish","format-standard","hentry","category-campanhas"],"acf":[],"yoast_head":"<!-- This site is optimized with the Yoast SEO plugin v27.3 - https:\/\/yoast.com\/product\/yoast-seo-wordpress\/ -->\n<title>Maio Amarelo: Funda\u00e7\u00e3o Grupo VW lan\u00e7a guia sobre mobilidade na escola - Canal Dana<\/title>\n<meta name=\"robots\" content=\"index, follow, max-snippet:-1, max-image-preview:large, max-video-preview:-1\" \/>\n<link rel=\"canonical\" href=\"https:\/\/dana.com.br\/canaldana\/2021\/05\/07\/maio-amarelo-fundacao-grupo-vw-lanca-guia-sobre-mobilidade-na-escola\/\" \/>\n<meta property=\"og:locale\" content=\"pt_BR\" \/>\n<meta property=\"og:type\" content=\"article\" \/>\n<meta property=\"og:title\" content=\"Maio Amarelo: Funda\u00e7\u00e3o Grupo VW lan\u00e7a guia sobre mobilidade na escola - Canal Dana\" \/>\n<meta property=\"og:description\" content=\"Coisas de Agora &nbsp; O movimento Maio Amarelo prop\u00f5e aten\u00e7\u00e3o da sociedade para o alto \u00edndice de mortes e feridos no tr\u00e2nsito em todo o mundo. Pensar como as pessoas se deslocam nos espa\u00e7os urbanos, seja de maneira individual (a p\u00e9, de bicicletas, motocicletas ou carros) ou de maneira coletiva (de \u00f4nibus, metr\u00f4, trem) \u00e9\u2026 Leia mais \u00bb\" \/>\n<meta property=\"og:url\" content=\"https:\/\/dana.com.br\/canaldana\/2021\/05\/07\/maio-amarelo-fundacao-grupo-vw-lanca-guia-sobre-mobilidade-na-escola\/\" \/>\n<meta property=\"og:site_name\" content=\"Canal Dana\" \/>\n<meta property=\"article:published_time\" content=\"2021-05-07T11:25:22+00:00\" \/>\n<meta name=\"author\" content=\"Canal Dana\" \/>\n<meta name=\"twitter:card\" content=\"summary_large_image\" \/>\n<meta name=\"twitter:label1\" content=\"Escrito por\" \/>\n\t<meta name=\"twitter:data1\" content=\"Canal Dana\" \/>\n\t<meta name=\"twitter:label2\" content=\"Est. tempo de leitura\" \/>\n\t<meta name=\"twitter:data2\" content=\"5 minutos\" \/>\n<script type=\"application\/ld+json\" class=\"yoast-schema-graph\">{\"@context\":\"https:\\\/\\\/schema.org\",\"@graph\":[{\"@type\":\"Article\",\"@id\":\"https:\\\/\\\/dana.com.br\\\/canaldana\\\/2021\\\/05\\\/07\\\/maio-amarelo-fundacao-grupo-vw-lanca-guia-sobre-mobilidade-na-escola\\\/#article\",\"isPartOf\":{\"@id\":\"https:\\\/\\\/dana.com.br\\\/canaldana\\\/2021\\\/05\\\/07\\\/maio-amarelo-fundacao-grupo-vw-lanca-guia-sobre-mobilidade-na-escola\\\/\"},\"author\":{\"name\":\"Canal Dana\",\"@id\":\"https:\\\/\\\/dana.com.br\\\/canaldana\\\/#\\\/schema\\\/person\\\/3c21f22f56fcf3bc46b94bc60ea4fef6\"},\"headline\":\"Maio Amarelo: Funda\u00e7\u00e3o Grupo VW lan\u00e7a guia sobre mobilidade na escola\",\"datePublished\":\"2021-05-07T11:25:22+00:00\",\"mainEntityOfPage\":{\"@id\":\"https:\\\/\\\/dana.com.br\\\/canaldana\\\/2021\\\/05\\\/07\\\/maio-amarelo-fundacao-grupo-vw-lanca-guia-sobre-mobilidade-na-escola\\\/\"},\"wordCount\":1031,\"articleSection\":[\"Campanhas\"],\"inLanguage\":\"pt-BR\"},{\"@type\":\"WebPage\",\"@id\":\"https:\\\/\\\/dana.com.br\\\/canaldana\\\/2021\\\/05\\\/07\\\/maio-amarelo-fundacao-grupo-vw-lanca-guia-sobre-mobilidade-na-escola\\\/\",\"url\":\"https:\\\/\\\/dana.com.br\\\/canaldana\\\/2021\\\/05\\\/07\\\/maio-amarelo-fundacao-grupo-vw-lanca-guia-sobre-mobilidade-na-escola\\\/\",\"name\":\"Maio Amarelo: Funda\u00e7\u00e3o Grupo VW lan\u00e7a guia sobre mobilidade na escola - Canal Dana\",\"isPartOf\":{\"@id\":\"https:\\\/\\\/dana.com.br\\\/canaldana\\\/#website\"},\"datePublished\":\"2021-05-07T11:25:22+00:00\",\"author\":{\"@id\":\"https:\\\/\\\/dana.com.br\\\/canaldana\\\/#\\\/schema\\\/person\\\/3c21f22f56fcf3bc46b94bc60ea4fef6\"},\"breadcrumb\":{\"@id\":\"https:\\\/\\\/dana.com.br\\\/canaldana\\\/2021\\\/05\\\/07\\\/maio-amarelo-fundacao-grupo-vw-lanca-guia-sobre-mobilidade-na-escola\\\/#breadcrumb\"},\"inLanguage\":\"pt-BR\",\"potentialAction\":[{\"@type\":\"ReadAction\",\"target\":[\"https:\\\/\\\/dana.com.br\\\/canaldana\\\/2021\\\/05\\\/07\\\/maio-amarelo-fundacao-grupo-vw-lanca-guia-sobre-mobilidade-na-escola\\\/\"]}]},{\"@type\":\"BreadcrumbList\",\"@id\":\"https:\\\/\\\/dana.com.br\\\/canaldana\\\/2021\\\/05\\\/07\\\/maio-amarelo-fundacao-grupo-vw-lanca-guia-sobre-mobilidade-na-escola\\\/#breadcrumb\",\"itemListElement\":[{\"@type\":\"ListItem\",\"position\":1,\"name\":\"Home\",\"item\":\"https:\\\/\\\/dana.com.br\\\/canaldana\\\/\"},{\"@type\":\"ListItem\",\"position\":2,\"name\":\"Campanhas\",\"item\":\"https:\\\/\\\/dana.com.br\\\/canaldana\\\/campanhas\\\/\"},{\"@type\":\"ListItem\",\"position\":3,\"name\":\"Maio Amarelo: Funda\u00e7\u00e3o Grupo VW lan\u00e7a guia sobre mobilidade na escola\"}]},{\"@type\":\"WebSite\",\"@id\":\"https:\\\/\\\/dana.com.br\\\/canaldana\\\/#website\",\"url\":\"https:\\\/\\\/dana.com.br\\\/canaldana\\\/\",\"name\":\"Canal Dana\",\"description\":\"Informativo com as principais not\u00edcias da ind\u00fastria automotiva\",\"potentialAction\":[{\"@type\":\"SearchAction\",\"target\":{\"@type\":\"EntryPoint\",\"urlTemplate\":\"https:\\\/\\\/dana.com.br\\\/canaldana\\\/?s={search_term_string}\"},\"query-input\":{\"@type\":\"PropertyValueSpecification\",\"valueRequired\":true,\"valueName\":\"search_term_string\"}}],\"inLanguage\":\"pt-BR\"},{\"@type\":\"Person\",\"@id\":\"https:\\\/\\\/dana.com.br\\\/canaldana\\\/#\\\/schema\\\/person\\\/3c21f22f56fcf3bc46b94bc60ea4fef6\",\"name\":\"Canal Dana\",\"image\":{\"@type\":\"ImageObject\",\"inLanguage\":\"pt-BR\",\"@id\":\"https:\\\/\\\/secure.gravatar.com\\\/avatar\\\/420aaf9278582877d9018637c6817617705899d2858d7572ef0fe59a6b6454b4?s=96&d=mm&r=g\",\"url\":\"https:\\\/\\\/secure.gravatar.com\\\/avatar\\\/420aaf9278582877d9018637c6817617705899d2858d7572ef0fe59a6b6454b4?s=96&d=mm&r=g\",\"contentUrl\":\"https:\\\/\\\/secure.gravatar.com\\\/avatar\\\/420aaf9278582877d9018637c6817617705899d2858d7572ef0fe59a6b6454b4?s=96&d=mm&r=g\",\"caption\":\"Canal Dana\"},\"url\":\"https:\\\/\\\/dana.com.br\\\/canaldana\\\/author\\\/cdeditor\\\/\"}]}<\/script>\n<!-- \/ Yoast SEO plugin. -->","yoast_head_json":{"title":"Maio Amarelo: Funda\u00e7\u00e3o Grupo VW lan\u00e7a guia sobre mobilidade na escola - Canal Dana","robots":{"index":"index","follow":"follow","max-snippet":"max-snippet:-1","max-image-preview":"max-image-preview:large","max-video-preview":"max-video-preview:-1"},"canonical":"https:\/\/dana.com.br\/canaldana\/2021\/05\/07\/maio-amarelo-fundacao-grupo-vw-lanca-guia-sobre-mobilidade-na-escola\/","og_locale":"pt_BR","og_type":"article","og_title":"Maio Amarelo: Funda\u00e7\u00e3o Grupo VW lan\u00e7a guia sobre mobilidade na escola - Canal Dana","og_description":"Coisas de Agora &nbsp; O movimento Maio Amarelo prop\u00f5e aten\u00e7\u00e3o da sociedade para o alto \u00edndice de mortes e feridos no tr\u00e2nsito em todo o mundo. Pensar como as pessoas se deslocam nos espa\u00e7os urbanos, seja de maneira individual (a p\u00e9, de bicicletas, motocicletas ou carros) ou de maneira coletiva (de \u00f4nibus, metr\u00f4, trem) \u00e9\u2026 Leia mais \u00bb","og_url":"https:\/\/dana.com.br\/canaldana\/2021\/05\/07\/maio-amarelo-fundacao-grupo-vw-lanca-guia-sobre-mobilidade-na-escola\/","og_site_name":"Canal Dana","article_published_time":"2021-05-07T11:25:22+00:00","author":"Canal Dana","twitter_card":"summary_large_image","twitter_misc":{"Escrito por":"Canal Dana","Est. tempo de leitura":"5 minutos"},"schema":{"@context":"https:\/\/schema.org","@graph":[{"@type":"Article","@id":"https:\/\/dana.com.br\/canaldana\/2021\/05\/07\/maio-amarelo-fundacao-grupo-vw-lanca-guia-sobre-mobilidade-na-escola\/#article","isPartOf":{"@id":"https:\/\/dana.com.br\/canaldana\/2021\/05\/07\/maio-amarelo-fundacao-grupo-vw-lanca-guia-sobre-mobilidade-na-escola\/"},"author":{"name":"Canal Dana","@id":"https:\/\/dana.com.br\/canaldana\/#\/schema\/person\/3c21f22f56fcf3bc46b94bc60ea4fef6"},"headline":"Maio Amarelo: Funda\u00e7\u00e3o Grupo VW lan\u00e7a guia sobre mobilidade na escola","datePublished":"2021-05-07T11:25:22+00:00","mainEntityOfPage":{"@id":"https:\/\/dana.com.br\/canaldana\/2021\/05\/07\/maio-amarelo-fundacao-grupo-vw-lanca-guia-sobre-mobilidade-na-escola\/"},"wordCount":1031,"articleSection":["Campanhas"],"inLanguage":"pt-BR"},{"@type":"WebPage","@id":"https:\/\/dana.com.br\/canaldana\/2021\/05\/07\/maio-amarelo-fundacao-grupo-vw-lanca-guia-sobre-mobilidade-na-escola\/","url":"https:\/\/dana.com.br\/canaldana\/2021\/05\/07\/maio-amarelo-fundacao-grupo-vw-lanca-guia-sobre-mobilidade-na-escola\/","name":"Maio Amarelo: Funda\u00e7\u00e3o Grupo VW lan\u00e7a guia sobre mobilidade na escola - Canal Dana","isPartOf":{"@id":"https:\/\/dana.com.br\/canaldana\/#website"},"datePublished":"2021-05-07T11:25:22+00:00","author":{"@id":"https:\/\/dana.com.br\/canaldana\/#\/schema\/person\/3c21f22f56fcf3bc46b94bc60ea4fef6"},"breadcrumb":{"@id":"https:\/\/dana.com.br\/canaldana\/2021\/05\/07\/maio-amarelo-fundacao-grupo-vw-lanca-guia-sobre-mobilidade-na-escola\/#breadcrumb"},"inLanguage":"pt-BR","potentialAction":[{"@type":"ReadAction","target":["https:\/\/dana.com.br\/canaldana\/2021\/05\/07\/maio-amarelo-fundacao-grupo-vw-lanca-guia-sobre-mobilidade-na-escola\/"]}]},{"@type":"BreadcrumbList","@id":"https:\/\/dana.com.br\/canaldana\/2021\/05\/07\/maio-amarelo-fundacao-grupo-vw-lanca-guia-sobre-mobilidade-na-escola\/#breadcrumb","itemListElement":[{"@type":"ListItem","position":1,"name":"Home","item":"https:\/\/dana.com.br\/canaldana\/"},{"@type":"ListItem","position":2,"name":"Campanhas","item":"https:\/\/dana.com.br\/canaldana\/campanhas\/"},{"@type":"ListItem","position":3,"name":"Maio Amarelo: Funda\u00e7\u00e3o Grupo VW lan\u00e7a guia sobre mobilidade na escola"}]},{"@type":"WebSite","@id":"https:\/\/dana.com.br\/canaldana\/#website","url":"https:\/\/dana.com.br\/canaldana\/","name":"Canal Dana","description":"Informativo com as principais not\u00edcias da ind\u00fastria automotiva","potentialAction":[{"@type":"SearchAction","target":{"@type":"EntryPoint","urlTemplate":"https:\/\/dana.com.br\/canaldana\/?s={search_term_string}"},"query-input":{"@type":"PropertyValueSpecification","valueRequired":true,"valueName":"search_term_string"}}],"inLanguage":"pt-BR"},{"@type":"Person","@id":"https:\/\/dana.com.br\/canaldana\/#\/schema\/person\/3c21f22f56fcf3bc46b94bc60ea4fef6","name":"Canal Dana","image":{"@type":"ImageObject","inLanguage":"pt-BR","@id":"https:\/\/secure.gravatar.com\/avatar\/420aaf9278582877d9018637c6817617705899d2858d7572ef0fe59a6b6454b4?s=96&d=mm&r=g","url":"https:\/\/secure.gravatar.com\/avatar\/420aaf9278582877d9018637c6817617705899d2858d7572ef0fe59a6b6454b4?s=96&d=mm&r=g","contentUrl":"https:\/\/secure.gravatar.com\/avatar\/420aaf9278582877d9018637c6817617705899d2858d7572ef0fe59a6b6454b4?s=96&d=mm&r=g","caption":"Canal Dana"},"url":"https:\/\/dana.com.br\/canaldana\/author\/cdeditor\/"}]}},"_links":{"self":[{"href":"https:\/\/dana.com.br\/canaldana\/wp-json\/wp\/v2\/posts\/49938","targetHints":{"allow":["GET"]}}],"collection":[{"href":"https:\/\/dana.com.br\/canaldana\/wp-json\/wp\/v2\/posts"}],"about":[{"href":"https:\/\/dana.com.br\/canaldana\/wp-json\/wp\/v2\/types\/post"}],"author":[{"embeddable":true,"href":"https:\/\/dana.com.br\/canaldana\/wp-json\/wp\/v2\/users\/3"}],"replies":[{"embeddable":true,"href":"https:\/\/dana.com.br\/canaldana\/wp-json\/wp\/v2\/comments?post=49938"}],"version-history":[{"count":0,"href":"https:\/\/dana.com.br\/canaldana\/wp-json\/wp\/v2\/posts\/49938\/revisions"}],"wp:attachment":[{"href":"https:\/\/dana.com.br\/canaldana\/wp-json\/wp\/v2\/media?parent=49938"}],"wp:term":[{"taxonomy":"category","embeddable":true,"href":"https:\/\/dana.com.br\/canaldana\/wp-json\/wp\/v2\/categories?post=49938"},{"taxonomy":"post_tag","embeddable":true,"href":"https:\/\/dana.com.br\/canaldana\/wp-json\/wp\/v2\/tags?post=49938"}],"curies":[{"name":"wp","href":"https:\/\/api.w.org\/{rel}","templated":true}]}}