{"id":49854,"date":"2021-05-04T07:59:58","date_gmt":"2021-05-04T10:59:58","guid":{"rendered":"https:\/\/dana.com.br\/canaldana\/?p=49854"},"modified":"2021-05-04T07:59:58","modified_gmt":"2021-05-04T10:59:58","slug":"daimler-e-volvo-fecham-acordo-para-trabalharem-juntas","status":"publish","type":"post","link":"https:\/\/dana.com.br\/canaldana\/2021\/05\/04\/daimler-e-volvo-fecham-acordo-para-trabalharem-juntas\/","title":{"rendered":"Daimler e Volvo fecham acordo para trabalharem juntas"},"content":{"rendered":"<p><em>Blog do Caminhoneiro<\/em><\/p>\n<p>&nbsp;<\/p>\n<p>Duas das maiores montadoras de caminh\u00f5es do mundo definiram oficialmente seu plano de a\u00e7\u00e3o pioneiro para a nova joint venture de c\u00e9lulas de combust\u00edvel, a \u201ccellcentric GmbH &amp; Co. KG\u201d, como parte de um compromisso do setor para acelerar o uso de c\u00e9lulas de combust\u00edvel baseadas em hidrog\u00eanio para ve\u00edculos pesados de longa dist\u00e2ncia e outras aplica\u00e7\u00f5es.<\/p>\n<p>&nbsp;<\/p>\n<p>Volvo e Daimler trabalhar\u00e3o juntas na cellcentric, com a ambi\u00e7\u00e3o de se tornar uma fabricante global l\u00edder de sistemas de c\u00e9lulas de combust\u00edvel, construindo uma das maiores unidades de produ\u00e7\u00e3o em s\u00e9rie de sistemas de c\u00e9lulas de combust\u00edvel da Europa, com in\u00edcio de produ\u00e7\u00e3o programado para 2025.<\/p>\n<p>&nbsp;<\/p>\n<p>Para agilizar o lan\u00e7amento das c\u00e9lulas de combust\u00edvel baseadas em hidrog\u00eanio, as duas acionistas da joint venture pedem por uma estrutura de pol\u00edticas de hidrog\u00eanio harmonizadas na Uni\u00e3o Europeia em apoio \u00e0 tecnologia, para que se torne uma solu\u00e7\u00e3o comercial vi\u00e1vel.<\/p>\n<p>&nbsp;<\/p>\n<p>\u201cNossa ambi\u00e7\u00e3o conjunta \u00e9 cumprir as metas do Acordo de Paris de nos tornarmos neutros em rela\u00e7\u00e3o ao CO2 at\u00e9 2050, o mais tardar. Estamos convencidos de que a tecnologia de c\u00e9lulas de combust\u00edvel baseadas em hidrog\u00eanio desempenhar\u00e1 um papel essencial para nos ajudar a alcan\u00e7ar esse marco. Mas sabemos que h\u00e1 muito mais a alcan\u00e7ar do que apenas a eletrifica\u00e7\u00e3o de m\u00e1quinas e ve\u00edculos. \u00c9 preciso haver maior coopera\u00e7\u00e3o entre os stakeholders p\u00fablicos e privados para desenvolver a tecnologia e a infraestrutura necess\u00e1rias, e \u00e9 por isso que pedimos uma a\u00e7\u00e3o unida de legisladores e governos em todo o mundo para nos ajudar a tornar a tecnologia das c\u00e9lulas de combust\u00edvel baseadas em hidrog\u00eanio um sucesso. Parcerias como a \u2018cellcentric\u2019 s\u00e3o vitais para o nosso compromisso com a descarboniza\u00e7\u00e3o do transporte rodovi\u00e1rio\u201d, disse Martin Lundstedt, presidente e CEO do Grupo Volvo.<\/p>\n<p>&nbsp;<\/p>\n<p>A cellcentric ir\u00e1 desenvolver, produzir e comercializar sistemas de c\u00e9lulas de combust\u00edvel para caminh\u00f5es rodovi\u00e1rios, \u00f4nibus e outras aplica\u00e7\u00f5es. A joint venture poder\u00e1 se beneficiar com d\u00e9cadas de expertise e trabalho de desenvolvimento do Grupo Daimler e do Grupo Volvo. A empresa pretende ajudar a<\/p>\n<p>cumprir as metas de 2050 para um transporte sustent\u00e1vel e uma Europa neutra de emiss\u00f5es de carbono, como parte do Acordo Verde Europeu.<\/p>\n<p>&nbsp;<\/p>\n<p>Para Volvo e Daimler, Caminh\u00f5es el\u00e9tricos a baterias e equipados com c\u00e9lulas de combust\u00edvel ser\u00e3o complementados um pelo outro, dependendo do tipo de aplica\u00e7\u00e3o dos clientes. A energia obtida por meio de baterias ser\u00e1 mais utilizada para cargas mais leves e para dist\u00e2ncias mais curtas, enquanto a energia das c\u00e9lulas de combust\u00edvel tende a ser a op\u00e7\u00e3o preferida para cargas mais pesadas e dist\u00e2ncias mais longas.<\/p>\n<p>&nbsp;<\/p>\n<p>\u201cOs caminh\u00f5es el\u00e9tricos movidos a c\u00e9lulas de combust\u00edvel baseadas em hidrog\u00eanio ser\u00e3o a chave para permitir o transporte neutro de CO2 no futuro. Em combina\u00e7\u00e3o com caminh\u00f5es el\u00e9tricos movidos a bateria, permite-nos oferecer aos nossos clientes as melhores op\u00e7\u00f5es de ve\u00edculos genuinamente neutros de CO2, dependendo da aplica\u00e7\u00e3o. Os caminh\u00f5es el\u00e9tricos movidos a bateria sozinhos n\u00e3o tornar\u00e3o isso poss\u00edvel. Junto com o nosso parceiro, o Grupo Volvo, estamos, portanto, totalmente comprometidos com a nossa joint venture de c\u00e9lulas de combust\u00edvel, a cellcentric, e estamos avan\u00e7ando no desenvolvimento da tecnologia, bem como nos preparativos para a produ\u00e7\u00e3o em s\u00e9rie. Com rela\u00e7\u00e3o \u00e0 infraestrutura de hidrog\u00eanio necess\u00e1ria, est\u00e1 claro que o hidrog\u00eanio verde \u00e9 a \u00fanica maneira sensata de avan\u00e7ar a longo prazo\u201d, disse Martin Daum, CEO da Daimler Truck AG e membro do Conselho de Administra\u00e7\u00e3o da Daimler AG.<\/p>\n<p>&nbsp;<\/p>\n<p>Al\u00e9m da cellcentric, outros fabricantes de caminh\u00f5es na Europa est\u00e3o solicitando pol\u00edticas favor\u00e1veis para implanta\u00e7\u00e3o de cerca de 300 postos de abastecimento de hidrog\u00eanio de alto desempenho adequados para ve\u00edculos pesados at\u00e9 2025 e de cerca de 1.000 postos de abastecimento de hidrog\u00eanio no m\u00e1ximo at\u00e9 2030 na Europa.<\/p>\n<p>&nbsp;<\/p>\n<p>Outra demanda do grupo de fabricante \u00e9 pol\u00edtica de incentivo para ado\u00e7\u00e3o das novas tecnologias pelos transportadores, j\u00e1 que caminh\u00f5es el\u00e9tricos e com c\u00e9lulas de combust\u00edvel ainda s\u00e3o mais caro que os modelos convencionais a diesel. (Blog do Caminhoneiro\/Rafael Brusque)<\/p>\n","protected":false},"excerpt":{"rendered":"<p>Blog do Caminhoneiro &nbsp; Duas das maiores montadoras de caminh\u00f5es do mundo definiram oficialmente seu plano de a\u00e7\u00e3o pioneiro para a nova joint venture de c\u00e9lulas de combust\u00edvel, a \u201ccellcentric GmbH &amp; Co. KG\u201d, como parte de um compromisso do setor para acelerar o uso de c\u00e9lulas de combust\u00edvel baseadas em hidrog\u00eanio para ve\u00edculos pesados\u2026 <a class=\"readmore\" href=\"https:\/\/dana.com.br\/canaldana\/2021\/05\/04\/daimler-e-volvo-fecham-acordo-para-trabalharem-juntas\/\">Leia mais \u00bb<\/a><\/p>\n","protected":false},"author":3,"featured_media":0,"comment_status":"closed","ping_status":"closed","sticky":false,"template":"","format":"standard","meta":{"_acf_changed":false,"footnotes":""},"categories":[79],"tags":[],"class_list":["post-49854","post","type-post","status-publish","format-standard","hentry","category-mercado"],"acf":[],"yoast_head":"<!-- This site is optimized with the Yoast SEO plugin v27.3 - https:\/\/yoast.com\/product\/yoast-seo-wordpress\/ -->\n<title>Daimler e Volvo fecham acordo para trabalharem juntas - Canal Dana<\/title>\n<meta name=\"robots\" content=\"index, follow, max-snippet:-1, max-image-preview:large, max-video-preview:-1\" \/>\n<link rel=\"canonical\" href=\"https:\/\/dana.com.br\/canaldana\/2021\/05\/04\/daimler-e-volvo-fecham-acordo-para-trabalharem-juntas\/\" \/>\n<meta property=\"og:locale\" content=\"pt_BR\" \/>\n<meta property=\"og:type\" content=\"article\" \/>\n<meta property=\"og:title\" content=\"Daimler e Volvo fecham acordo para trabalharem juntas - Canal Dana\" \/>\n<meta property=\"og:description\" content=\"Blog do Caminhoneiro &nbsp; Duas das maiores montadoras de caminh\u00f5es do mundo definiram oficialmente seu plano de a\u00e7\u00e3o pioneiro para a nova joint venture de c\u00e9lulas de combust\u00edvel, a \u201ccellcentric GmbH &amp; Co. KG\u201d, como parte de um compromisso do setor para acelerar o uso de c\u00e9lulas de combust\u00edvel baseadas em hidrog\u00eanio para ve\u00edculos pesados\u2026 Leia mais \u00bb\" \/>\n<meta property=\"og:url\" content=\"https:\/\/dana.com.br\/canaldana\/2021\/05\/04\/daimler-e-volvo-fecham-acordo-para-trabalharem-juntas\/\" \/>\n<meta property=\"og:site_name\" content=\"Canal Dana\" \/>\n<meta property=\"article:published_time\" content=\"2021-05-04T10:59:58+00:00\" \/>\n<meta name=\"author\" content=\"Canal Dana\" \/>\n<meta name=\"twitter:card\" content=\"summary_large_image\" \/>\n<meta name=\"twitter:label1\" content=\"Escrito por\" \/>\n\t<meta name=\"twitter:data1\" content=\"Canal Dana\" \/>\n\t<meta name=\"twitter:label2\" content=\"Est. tempo de leitura\" \/>\n\t<meta name=\"twitter:data2\" content=\"4 minutos\" \/>\n<script type=\"application\/ld+json\" class=\"yoast-schema-graph\">{\"@context\":\"https:\\\/\\\/schema.org\",\"@graph\":[{\"@type\":\"Article\",\"@id\":\"https:\\\/\\\/dana.com.br\\\/canaldana\\\/2021\\\/05\\\/04\\\/daimler-e-volvo-fecham-acordo-para-trabalharem-juntas\\\/#article\",\"isPartOf\":{\"@id\":\"https:\\\/\\\/dana.com.br\\\/canaldana\\\/2021\\\/05\\\/04\\\/daimler-e-volvo-fecham-acordo-para-trabalharem-juntas\\\/\"},\"author\":{\"name\":\"Canal Dana\",\"@id\":\"https:\\\/\\\/dana.com.br\\\/canaldana\\\/#\\\/schema\\\/person\\\/3c21f22f56fcf3bc46b94bc60ea4fef6\"},\"headline\":\"Daimler e Volvo fecham acordo para trabalharem juntas\",\"datePublished\":\"2021-05-04T10:59:58+00:00\",\"mainEntityOfPage\":{\"@id\":\"https:\\\/\\\/dana.com.br\\\/canaldana\\\/2021\\\/05\\\/04\\\/daimler-e-volvo-fecham-acordo-para-trabalharem-juntas\\\/\"},\"wordCount\":769,\"articleSection\":[\"Mercado\"],\"inLanguage\":\"pt-BR\"},{\"@type\":\"WebPage\",\"@id\":\"https:\\\/\\\/dana.com.br\\\/canaldana\\\/2021\\\/05\\\/04\\\/daimler-e-volvo-fecham-acordo-para-trabalharem-juntas\\\/\",\"url\":\"https:\\\/\\\/dana.com.br\\\/canaldana\\\/2021\\\/05\\\/04\\\/daimler-e-volvo-fecham-acordo-para-trabalharem-juntas\\\/\",\"name\":\"Daimler e Volvo fecham acordo para trabalharem juntas - Canal Dana\",\"isPartOf\":{\"@id\":\"https:\\\/\\\/dana.com.br\\\/canaldana\\\/#website\"},\"datePublished\":\"2021-05-04T10:59:58+00:00\",\"author\":{\"@id\":\"https:\\\/\\\/dana.com.br\\\/canaldana\\\/#\\\/schema\\\/person\\\/3c21f22f56fcf3bc46b94bc60ea4fef6\"},\"breadcrumb\":{\"@id\":\"https:\\\/\\\/dana.com.br\\\/canaldana\\\/2021\\\/05\\\/04\\\/daimler-e-volvo-fecham-acordo-para-trabalharem-juntas\\\/#breadcrumb\"},\"inLanguage\":\"pt-BR\",\"potentialAction\":[{\"@type\":\"ReadAction\",\"target\":[\"https:\\\/\\\/dana.com.br\\\/canaldana\\\/2021\\\/05\\\/04\\\/daimler-e-volvo-fecham-acordo-para-trabalharem-juntas\\\/\"]}]},{\"@type\":\"BreadcrumbList\",\"@id\":\"https:\\\/\\\/dana.com.br\\\/canaldana\\\/2021\\\/05\\\/04\\\/daimler-e-volvo-fecham-acordo-para-trabalharem-juntas\\\/#breadcrumb\",\"itemListElement\":[{\"@type\":\"ListItem\",\"position\":1,\"name\":\"Home\",\"item\":\"https:\\\/\\\/dana.com.br\\\/canaldana\\\/\"},{\"@type\":\"ListItem\",\"position\":2,\"name\":\"Mercado\",\"item\":\"https:\\\/\\\/dana.com.br\\\/canaldana\\\/mercado\\\/\"},{\"@type\":\"ListItem\",\"position\":3,\"name\":\"Daimler e Volvo fecham acordo para trabalharem juntas\"}]},{\"@type\":\"WebSite\",\"@id\":\"https:\\\/\\\/dana.com.br\\\/canaldana\\\/#website\",\"url\":\"https:\\\/\\\/dana.com.br\\\/canaldana\\\/\",\"name\":\"Canal Dana\",\"description\":\"Informativo com as principais not\u00edcias da ind\u00fastria automotiva\",\"potentialAction\":[{\"@type\":\"SearchAction\",\"target\":{\"@type\":\"EntryPoint\",\"urlTemplate\":\"https:\\\/\\\/dana.com.br\\\/canaldana\\\/?s={search_term_string}\"},\"query-input\":{\"@type\":\"PropertyValueSpecification\",\"valueRequired\":true,\"valueName\":\"search_term_string\"}}],\"inLanguage\":\"pt-BR\"},{\"@type\":\"Person\",\"@id\":\"https:\\\/\\\/dana.com.br\\\/canaldana\\\/#\\\/schema\\\/person\\\/3c21f22f56fcf3bc46b94bc60ea4fef6\",\"name\":\"Canal Dana\",\"image\":{\"@type\":\"ImageObject\",\"inLanguage\":\"pt-BR\",\"@id\":\"https:\\\/\\\/secure.gravatar.com\\\/avatar\\\/420aaf9278582877d9018637c6817617705899d2858d7572ef0fe59a6b6454b4?s=96&d=mm&r=g\",\"url\":\"https:\\\/\\\/secure.gravatar.com\\\/avatar\\\/420aaf9278582877d9018637c6817617705899d2858d7572ef0fe59a6b6454b4?s=96&d=mm&r=g\",\"contentUrl\":\"https:\\\/\\\/secure.gravatar.com\\\/avatar\\\/420aaf9278582877d9018637c6817617705899d2858d7572ef0fe59a6b6454b4?s=96&d=mm&r=g\",\"caption\":\"Canal Dana\"},\"url\":\"https:\\\/\\\/dana.com.br\\\/canaldana\\\/author\\\/cdeditor\\\/\"}]}<\/script>\n<!-- \/ Yoast SEO plugin. -->","yoast_head_json":{"title":"Daimler e Volvo fecham acordo para trabalharem juntas - Canal Dana","robots":{"index":"index","follow":"follow","max-snippet":"max-snippet:-1","max-image-preview":"max-image-preview:large","max-video-preview":"max-video-preview:-1"},"canonical":"https:\/\/dana.com.br\/canaldana\/2021\/05\/04\/daimler-e-volvo-fecham-acordo-para-trabalharem-juntas\/","og_locale":"pt_BR","og_type":"article","og_title":"Daimler e Volvo fecham acordo para trabalharem juntas - Canal Dana","og_description":"Blog do Caminhoneiro &nbsp; Duas das maiores montadoras de caminh\u00f5es do mundo definiram oficialmente seu plano de a\u00e7\u00e3o pioneiro para a nova joint venture de c\u00e9lulas de combust\u00edvel, a \u201ccellcentric GmbH &amp; Co. KG\u201d, como parte de um compromisso do setor para acelerar o uso de c\u00e9lulas de combust\u00edvel baseadas em hidrog\u00eanio para ve\u00edculos pesados\u2026 Leia mais \u00bb","og_url":"https:\/\/dana.com.br\/canaldana\/2021\/05\/04\/daimler-e-volvo-fecham-acordo-para-trabalharem-juntas\/","og_site_name":"Canal Dana","article_published_time":"2021-05-04T10:59:58+00:00","author":"Canal Dana","twitter_card":"summary_large_image","twitter_misc":{"Escrito por":"Canal Dana","Est. tempo de leitura":"4 minutos"},"schema":{"@context":"https:\/\/schema.org","@graph":[{"@type":"Article","@id":"https:\/\/dana.com.br\/canaldana\/2021\/05\/04\/daimler-e-volvo-fecham-acordo-para-trabalharem-juntas\/#article","isPartOf":{"@id":"https:\/\/dana.com.br\/canaldana\/2021\/05\/04\/daimler-e-volvo-fecham-acordo-para-trabalharem-juntas\/"},"author":{"name":"Canal Dana","@id":"https:\/\/dana.com.br\/canaldana\/#\/schema\/person\/3c21f22f56fcf3bc46b94bc60ea4fef6"},"headline":"Daimler e Volvo fecham acordo para trabalharem juntas","datePublished":"2021-05-04T10:59:58+00:00","mainEntityOfPage":{"@id":"https:\/\/dana.com.br\/canaldana\/2021\/05\/04\/daimler-e-volvo-fecham-acordo-para-trabalharem-juntas\/"},"wordCount":769,"articleSection":["Mercado"],"inLanguage":"pt-BR"},{"@type":"WebPage","@id":"https:\/\/dana.com.br\/canaldana\/2021\/05\/04\/daimler-e-volvo-fecham-acordo-para-trabalharem-juntas\/","url":"https:\/\/dana.com.br\/canaldana\/2021\/05\/04\/daimler-e-volvo-fecham-acordo-para-trabalharem-juntas\/","name":"Daimler e Volvo fecham acordo para trabalharem juntas - Canal Dana","isPartOf":{"@id":"https:\/\/dana.com.br\/canaldana\/#website"},"datePublished":"2021-05-04T10:59:58+00:00","author":{"@id":"https:\/\/dana.com.br\/canaldana\/#\/schema\/person\/3c21f22f56fcf3bc46b94bc60ea4fef6"},"breadcrumb":{"@id":"https:\/\/dana.com.br\/canaldana\/2021\/05\/04\/daimler-e-volvo-fecham-acordo-para-trabalharem-juntas\/#breadcrumb"},"inLanguage":"pt-BR","potentialAction":[{"@type":"ReadAction","target":["https:\/\/dana.com.br\/canaldana\/2021\/05\/04\/daimler-e-volvo-fecham-acordo-para-trabalharem-juntas\/"]}]},{"@type":"BreadcrumbList","@id":"https:\/\/dana.com.br\/canaldana\/2021\/05\/04\/daimler-e-volvo-fecham-acordo-para-trabalharem-juntas\/#breadcrumb","itemListElement":[{"@type":"ListItem","position":1,"name":"Home","item":"https:\/\/dana.com.br\/canaldana\/"},{"@type":"ListItem","position":2,"name":"Mercado","item":"https:\/\/dana.com.br\/canaldana\/mercado\/"},{"@type":"ListItem","position":3,"name":"Daimler e Volvo fecham acordo para trabalharem juntas"}]},{"@type":"WebSite","@id":"https:\/\/dana.com.br\/canaldana\/#website","url":"https:\/\/dana.com.br\/canaldana\/","name":"Canal Dana","description":"Informativo com as principais not\u00edcias da ind\u00fastria automotiva","potentialAction":[{"@type":"SearchAction","target":{"@type":"EntryPoint","urlTemplate":"https:\/\/dana.com.br\/canaldana\/?s={search_term_string}"},"query-input":{"@type":"PropertyValueSpecification","valueRequired":true,"valueName":"search_term_string"}}],"inLanguage":"pt-BR"},{"@type":"Person","@id":"https:\/\/dana.com.br\/canaldana\/#\/schema\/person\/3c21f22f56fcf3bc46b94bc60ea4fef6","name":"Canal Dana","image":{"@type":"ImageObject","inLanguage":"pt-BR","@id":"https:\/\/secure.gravatar.com\/avatar\/420aaf9278582877d9018637c6817617705899d2858d7572ef0fe59a6b6454b4?s=96&d=mm&r=g","url":"https:\/\/secure.gravatar.com\/avatar\/420aaf9278582877d9018637c6817617705899d2858d7572ef0fe59a6b6454b4?s=96&d=mm&r=g","contentUrl":"https:\/\/secure.gravatar.com\/avatar\/420aaf9278582877d9018637c6817617705899d2858d7572ef0fe59a6b6454b4?s=96&d=mm&r=g","caption":"Canal Dana"},"url":"https:\/\/dana.com.br\/canaldana\/author\/cdeditor\/"}]}},"_links":{"self":[{"href":"https:\/\/dana.com.br\/canaldana\/wp-json\/wp\/v2\/posts\/49854","targetHints":{"allow":["GET"]}}],"collection":[{"href":"https:\/\/dana.com.br\/canaldana\/wp-json\/wp\/v2\/posts"}],"about":[{"href":"https:\/\/dana.com.br\/canaldana\/wp-json\/wp\/v2\/types\/post"}],"author":[{"embeddable":true,"href":"https:\/\/dana.com.br\/canaldana\/wp-json\/wp\/v2\/users\/3"}],"replies":[{"embeddable":true,"href":"https:\/\/dana.com.br\/canaldana\/wp-json\/wp\/v2\/comments?post=49854"}],"version-history":[{"count":0,"href":"https:\/\/dana.com.br\/canaldana\/wp-json\/wp\/v2\/posts\/49854\/revisions"}],"wp:attachment":[{"href":"https:\/\/dana.com.br\/canaldana\/wp-json\/wp\/v2\/media?parent=49854"}],"wp:term":[{"taxonomy":"category","embeddable":true,"href":"https:\/\/dana.com.br\/canaldana\/wp-json\/wp\/v2\/categories?post=49854"},{"taxonomy":"post_tag","embeddable":true,"href":"https:\/\/dana.com.br\/canaldana\/wp-json\/wp\/v2\/tags?post=49854"}],"curies":[{"name":"wp","href":"https:\/\/api.w.org\/{rel}","templated":true}]}}