{"id":49852,"date":"2021-05-04T07:59:11","date_gmt":"2021-05-04T10:59:11","guid":{"rendered":"https:\/\/dana.com.br\/canaldana\/?p=49852"},"modified":"2021-05-04T07:59:11","modified_gmt":"2021-05-04T10:59:11","slug":"novos-biarticulados-a-gas-natural-da-scania-iniciam-operacoes-no-transmilenio-em-bogota","status":"publish","type":"post","link":"https:\/\/dana.com.br\/canaldana\/2021\/05\/04\/novos-biarticulados-a-gas-natural-da-scania-iniciam-operacoes-no-transmilenio-em-bogota\/","title":{"rendered":"Novos biarticulados a g\u00e1s natural da Scania iniciam opera\u00e7\u00f5es no TransMilenio em Bogot\u00e1"},"content":{"rendered":"<p><em>Di\u00e1rio do Transporte<\/em><\/p>\n<p>&nbsp;<\/p>\n<p>O TransMilenio de Bogot\u00e1, Col\u00f4mbia, concluiu as fases 1 e 2 do seu plano de renova\u00e7\u00e3o de frota, iniciando as opera\u00e7\u00f5es dos 562 biarticulados Scania F340HA 8\u00d72 CNG Euro VI com transmiss\u00f5es totalmente autom\u00e1ticas Allison.<\/p>\n<p>&nbsp;<\/p>\n<p>Considerado o maior sistema de Bus Rapid Transit (BRT) do mundo, o Sistema Integrado de Transporte Coletivo (SITP) transporta cerca de 2,5 milh\u00f5es de cidad\u00e3os por dia.<\/p>\n<p>&nbsp;<\/p>\n<p>A operadora SI2018 \u2013 Sistema Integrado de Provis\u00f3n de Flota Si 2018 \u2013 adquiriu todos os ve\u00edculos Scania Euro VI a g\u00e1s, sendo 562 biarticulados com pot\u00eancia de 340 cavalos e capacidade para transportar at\u00e9 250 passageiros, e outros 179 articulados, com motores 320 Hp e capacidade para at\u00e9 160 passageiros.<\/p>\n<p>&nbsp;<\/p>\n<p>Todos os 741 ve\u00edculos s\u00e3o produzidos na f\u00e1brica da Scania em S\u00e3o Bernardo do Campo, S\u00e3o Paulo, Brasil.<\/p>\n<p>&nbsp;<\/p>\n<p>Essa foi a maior venda de chassis realizada pela Scania do Brasil.<\/p>\n<p>&nbsp;<\/p>\n<p>Os novos biarticulados a g\u00e1s natural da Scania atendem ao padr\u00e3o de emiss\u00f5es Euro VI, reduzindo significativamente as emiss\u00f5es poluentes. Os chassis F340HA est\u00e3o equipados com transmiss\u00f5es Allison, e t\u00eam 27 metros de comprimento.<\/p>\n<p>&nbsp;<\/p>\n<p>Com maior espa\u00e7o para os usu\u00e1rios, j\u00e1 que contam com capacidade para at\u00e9 250 passageiros, os biarticulados est\u00e3o equipados com transmiss\u00f5es totalmente autom\u00e1ticas Allison B516R de \u00faltima gera\u00e7\u00e3o.<\/p>\n<p>&nbsp;<\/p>\n<p>Em 2016 a Col\u00f4mbia se tornou o primeiro pa\u00eds do mundo a ter juntas biarticuladas a g\u00e1s Euro VI, aproveitando o excelente desempenho do chassi Scania F340HA 8X2 que completou um longo ciclo de testes em todas as condi\u00e7\u00f5es. Os ve\u00edculos foram avaliados positivamente pela Capital Bus, o que permitiu \u00e0 marca sueca posicionar-se como o principal fornecedor da nova frota de \u00f4nibus Transmilenio, com 741 unidades \u2013 562 biarticulados mais 179 articulados.<\/p>\n<p>&nbsp;<\/p>\n<p>Os 741 novos \u00f4nibus de Bogot\u00e1 contam com o sistema Scania Fleet Management, que fornece informa\u00e7\u00f5es dos ve\u00edculos em tempo real, tais como consumo de combust\u00edvel, rota, necessidade de substitui\u00e7\u00e3o de pe\u00e7as, forma de conduzir, entre outros.<\/p>\n<p>&nbsp;<\/p>\n<p>As transmiss\u00f5es Allison est\u00e3o acopladas ao motor Scania O9 CNG Euro VI, o que permite a redu\u00e7\u00e3o de material particulado (PM) e \u00f3xido de nitrog\u00eanio (NOx) em mais de 95%, e as emiss\u00f5es de di\u00f3xido de carbono (CO2) em mais de 20%, em compara\u00e7\u00e3o com os \u00f4nibus que atualmente circulam na cidade com tecnologia Euro V ou inferior.<\/p>\n<p>&nbsp;<\/p>\n<p>O representante da empresa Capital Bus, Jhonny Pineda, comenta que a transmiss\u00e3o autom\u00e1tica da Allison traz muitos benef\u00edcios aos ve\u00edculos. \u201cEm primeiro lugar, facilita a condu\u00e7\u00e3o, uma vez que as mudan\u00e7as de marchas s\u00e3o feitas dentro das faixas adequadas de rota\u00e7\u00f5es do motor, evitando o excesso de giros ou rota\u00e7\u00f5es inferiores \u00e0s da faixa de maior efici\u00eancia. Al\u00e9m disso, permite que o motorista mantenha as duas m\u00e3os no volante, melhora as suas condi\u00e7\u00f5es ergon\u00f4micas e aumenta sua seguran\u00e7a e a dos passageiros. Elas tamb\u00e9m colaboram para a redu\u00e7\u00e3o do estresse, da press\u00e3o arterial e dos batimentos card\u00edacos do motorista, evitando inatividade por enfermidade\u201d. (Di\u00e1rio do Transporte\/Alexandre Pelegi)<\/p>\n","protected":false},"excerpt":{"rendered":"<p>Di\u00e1rio do Transporte &nbsp; O TransMilenio de Bogot\u00e1, Col\u00f4mbia, concluiu as fases 1 e 2 do seu plano de renova\u00e7\u00e3o de frota, iniciando as opera\u00e7\u00f5es dos 562 biarticulados Scania F340HA 8\u00d72 CNG Euro VI com transmiss\u00f5es totalmente autom\u00e1ticas Allison. &nbsp; Considerado o maior sistema de Bus Rapid Transit (BRT) do mundo, o Sistema Integrado de\u2026 <a class=\"readmore\" href=\"https:\/\/dana.com.br\/canaldana\/2021\/05\/04\/novos-biarticulados-a-gas-natural-da-scania-iniciam-operacoes-no-transmilenio-em-bogota\/\">Leia mais \u00bb<\/a><\/p>\n","protected":false},"author":3,"featured_media":0,"comment_status":"closed","ping_status":"closed","sticky":false,"template":"","format":"standard","meta":{"_acf_changed":false,"footnotes":""},"categories":[79],"tags":[],"class_list":["post-49852","post","type-post","status-publish","format-standard","hentry","category-mercado"],"acf":[],"yoast_head":"<!-- This site is optimized with the Yoast SEO plugin v27.3 - https:\/\/yoast.com\/product\/yoast-seo-wordpress\/ -->\n<title>Novos biarticulados a g\u00e1s natural da Scania iniciam opera\u00e7\u00f5es no TransMilenio em Bogot\u00e1 - Canal Dana<\/title>\n<meta name=\"robots\" content=\"index, follow, max-snippet:-1, max-image-preview:large, max-video-preview:-1\" \/>\n<link rel=\"canonical\" href=\"https:\/\/dana.com.br\/canaldana\/2021\/05\/04\/novos-biarticulados-a-gas-natural-da-scania-iniciam-operacoes-no-transmilenio-em-bogota\/\" \/>\n<meta property=\"og:locale\" content=\"pt_BR\" \/>\n<meta property=\"og:type\" content=\"article\" \/>\n<meta property=\"og:title\" content=\"Novos biarticulados a g\u00e1s natural da Scania iniciam opera\u00e7\u00f5es no TransMilenio em Bogot\u00e1 - Canal Dana\" \/>\n<meta property=\"og:description\" content=\"Di\u00e1rio do Transporte &nbsp; O TransMilenio de Bogot\u00e1, Col\u00f4mbia, concluiu as fases 1 e 2 do seu plano de renova\u00e7\u00e3o de frota, iniciando as opera\u00e7\u00f5es dos 562 biarticulados Scania F340HA 8\u00d72 CNG Euro VI com transmiss\u00f5es totalmente autom\u00e1ticas Allison. &nbsp; Considerado o maior sistema de Bus Rapid Transit (BRT) do mundo, o Sistema Integrado de\u2026 Leia mais \u00bb\" \/>\n<meta property=\"og:url\" content=\"https:\/\/dana.com.br\/canaldana\/2021\/05\/04\/novos-biarticulados-a-gas-natural-da-scania-iniciam-operacoes-no-transmilenio-em-bogota\/\" \/>\n<meta property=\"og:site_name\" content=\"Canal Dana\" \/>\n<meta property=\"article:published_time\" content=\"2021-05-04T10:59:11+00:00\" \/>\n<meta name=\"author\" content=\"Canal Dana\" \/>\n<meta name=\"twitter:card\" content=\"summary_large_image\" \/>\n<meta name=\"twitter:label1\" content=\"Escrito por\" \/>\n\t<meta name=\"twitter:data1\" content=\"Canal Dana\" \/>\n\t<meta name=\"twitter:label2\" content=\"Est. tempo de leitura\" \/>\n\t<meta name=\"twitter:data2\" content=\"3 minutos\" \/>\n<script type=\"application\/ld+json\" class=\"yoast-schema-graph\">{\"@context\":\"https:\\\/\\\/schema.org\",\"@graph\":[{\"@type\":\"Article\",\"@id\":\"https:\\\/\\\/dana.com.br\\\/canaldana\\\/2021\\\/05\\\/04\\\/novos-biarticulados-a-gas-natural-da-scania-iniciam-operacoes-no-transmilenio-em-bogota\\\/#article\",\"isPartOf\":{\"@id\":\"https:\\\/\\\/dana.com.br\\\/canaldana\\\/2021\\\/05\\\/04\\\/novos-biarticulados-a-gas-natural-da-scania-iniciam-operacoes-no-transmilenio-em-bogota\\\/\"},\"author\":{\"name\":\"Canal Dana\",\"@id\":\"https:\\\/\\\/dana.com.br\\\/canaldana\\\/#\\\/schema\\\/person\\\/3c21f22f56fcf3bc46b94bc60ea4fef6\"},\"headline\":\"Novos biarticulados a g\u00e1s natural da Scania iniciam opera\u00e7\u00f5es no TransMilenio em Bogot\u00e1\",\"datePublished\":\"2021-05-04T10:59:11+00:00\",\"mainEntityOfPage\":{\"@id\":\"https:\\\/\\\/dana.com.br\\\/canaldana\\\/2021\\\/05\\\/04\\\/novos-biarticulados-a-gas-natural-da-scania-iniciam-operacoes-no-transmilenio-em-bogota\\\/\"},\"wordCount\":555,\"articleSection\":[\"Mercado\"],\"inLanguage\":\"pt-BR\"},{\"@type\":\"WebPage\",\"@id\":\"https:\\\/\\\/dana.com.br\\\/canaldana\\\/2021\\\/05\\\/04\\\/novos-biarticulados-a-gas-natural-da-scania-iniciam-operacoes-no-transmilenio-em-bogota\\\/\",\"url\":\"https:\\\/\\\/dana.com.br\\\/canaldana\\\/2021\\\/05\\\/04\\\/novos-biarticulados-a-gas-natural-da-scania-iniciam-operacoes-no-transmilenio-em-bogota\\\/\",\"name\":\"Novos biarticulados a g\u00e1s natural da Scania iniciam opera\u00e7\u00f5es no TransMilenio em Bogot\u00e1 - Canal Dana\",\"isPartOf\":{\"@id\":\"https:\\\/\\\/dana.com.br\\\/canaldana\\\/#website\"},\"datePublished\":\"2021-05-04T10:59:11+00:00\",\"author\":{\"@id\":\"https:\\\/\\\/dana.com.br\\\/canaldana\\\/#\\\/schema\\\/person\\\/3c21f22f56fcf3bc46b94bc60ea4fef6\"},\"breadcrumb\":{\"@id\":\"https:\\\/\\\/dana.com.br\\\/canaldana\\\/2021\\\/05\\\/04\\\/novos-biarticulados-a-gas-natural-da-scania-iniciam-operacoes-no-transmilenio-em-bogota\\\/#breadcrumb\"},\"inLanguage\":\"pt-BR\",\"potentialAction\":[{\"@type\":\"ReadAction\",\"target\":[\"https:\\\/\\\/dana.com.br\\\/canaldana\\\/2021\\\/05\\\/04\\\/novos-biarticulados-a-gas-natural-da-scania-iniciam-operacoes-no-transmilenio-em-bogota\\\/\"]}]},{\"@type\":\"BreadcrumbList\",\"@id\":\"https:\\\/\\\/dana.com.br\\\/canaldana\\\/2021\\\/05\\\/04\\\/novos-biarticulados-a-gas-natural-da-scania-iniciam-operacoes-no-transmilenio-em-bogota\\\/#breadcrumb\",\"itemListElement\":[{\"@type\":\"ListItem\",\"position\":1,\"name\":\"Home\",\"item\":\"https:\\\/\\\/dana.com.br\\\/canaldana\\\/\"},{\"@type\":\"ListItem\",\"position\":2,\"name\":\"Mercado\",\"item\":\"https:\\\/\\\/dana.com.br\\\/canaldana\\\/mercado\\\/\"},{\"@type\":\"ListItem\",\"position\":3,\"name\":\"Novos biarticulados a g\u00e1s natural da Scania iniciam opera\u00e7\u00f5es no TransMilenio em Bogot\u00e1\"}]},{\"@type\":\"WebSite\",\"@id\":\"https:\\\/\\\/dana.com.br\\\/canaldana\\\/#website\",\"url\":\"https:\\\/\\\/dana.com.br\\\/canaldana\\\/\",\"name\":\"Canal Dana\",\"description\":\"Informativo com as principais not\u00edcias da ind\u00fastria automotiva\",\"potentialAction\":[{\"@type\":\"SearchAction\",\"target\":{\"@type\":\"EntryPoint\",\"urlTemplate\":\"https:\\\/\\\/dana.com.br\\\/canaldana\\\/?s={search_term_string}\"},\"query-input\":{\"@type\":\"PropertyValueSpecification\",\"valueRequired\":true,\"valueName\":\"search_term_string\"}}],\"inLanguage\":\"pt-BR\"},{\"@type\":\"Person\",\"@id\":\"https:\\\/\\\/dana.com.br\\\/canaldana\\\/#\\\/schema\\\/person\\\/3c21f22f56fcf3bc46b94bc60ea4fef6\",\"name\":\"Canal Dana\",\"image\":{\"@type\":\"ImageObject\",\"inLanguage\":\"pt-BR\",\"@id\":\"https:\\\/\\\/secure.gravatar.com\\\/avatar\\\/420aaf9278582877d9018637c6817617705899d2858d7572ef0fe59a6b6454b4?s=96&d=mm&r=g\",\"url\":\"https:\\\/\\\/secure.gravatar.com\\\/avatar\\\/420aaf9278582877d9018637c6817617705899d2858d7572ef0fe59a6b6454b4?s=96&d=mm&r=g\",\"contentUrl\":\"https:\\\/\\\/secure.gravatar.com\\\/avatar\\\/420aaf9278582877d9018637c6817617705899d2858d7572ef0fe59a6b6454b4?s=96&d=mm&r=g\",\"caption\":\"Canal Dana\"},\"url\":\"https:\\\/\\\/dana.com.br\\\/canaldana\\\/author\\\/cdeditor\\\/\"}]}<\/script>\n<!-- \/ Yoast SEO plugin. -->","yoast_head_json":{"title":"Novos biarticulados a g\u00e1s natural da Scania iniciam opera\u00e7\u00f5es no TransMilenio em Bogot\u00e1 - Canal Dana","robots":{"index":"index","follow":"follow","max-snippet":"max-snippet:-1","max-image-preview":"max-image-preview:large","max-video-preview":"max-video-preview:-1"},"canonical":"https:\/\/dana.com.br\/canaldana\/2021\/05\/04\/novos-biarticulados-a-gas-natural-da-scania-iniciam-operacoes-no-transmilenio-em-bogota\/","og_locale":"pt_BR","og_type":"article","og_title":"Novos biarticulados a g\u00e1s natural da Scania iniciam opera\u00e7\u00f5es no TransMilenio em Bogot\u00e1 - Canal Dana","og_description":"Di\u00e1rio do Transporte &nbsp; O TransMilenio de Bogot\u00e1, Col\u00f4mbia, concluiu as fases 1 e 2 do seu plano de renova\u00e7\u00e3o de frota, iniciando as opera\u00e7\u00f5es dos 562 biarticulados Scania F340HA 8\u00d72 CNG Euro VI com transmiss\u00f5es totalmente autom\u00e1ticas Allison. &nbsp; Considerado o maior sistema de Bus Rapid Transit (BRT) do mundo, o Sistema Integrado de\u2026 Leia mais \u00bb","og_url":"https:\/\/dana.com.br\/canaldana\/2021\/05\/04\/novos-biarticulados-a-gas-natural-da-scania-iniciam-operacoes-no-transmilenio-em-bogota\/","og_site_name":"Canal Dana","article_published_time":"2021-05-04T10:59:11+00:00","author":"Canal Dana","twitter_card":"summary_large_image","twitter_misc":{"Escrito por":"Canal Dana","Est. tempo de leitura":"3 minutos"},"schema":{"@context":"https:\/\/schema.org","@graph":[{"@type":"Article","@id":"https:\/\/dana.com.br\/canaldana\/2021\/05\/04\/novos-biarticulados-a-gas-natural-da-scania-iniciam-operacoes-no-transmilenio-em-bogota\/#article","isPartOf":{"@id":"https:\/\/dana.com.br\/canaldana\/2021\/05\/04\/novos-biarticulados-a-gas-natural-da-scania-iniciam-operacoes-no-transmilenio-em-bogota\/"},"author":{"name":"Canal Dana","@id":"https:\/\/dana.com.br\/canaldana\/#\/schema\/person\/3c21f22f56fcf3bc46b94bc60ea4fef6"},"headline":"Novos biarticulados a g\u00e1s natural da Scania iniciam opera\u00e7\u00f5es no TransMilenio em Bogot\u00e1","datePublished":"2021-05-04T10:59:11+00:00","mainEntityOfPage":{"@id":"https:\/\/dana.com.br\/canaldana\/2021\/05\/04\/novos-biarticulados-a-gas-natural-da-scania-iniciam-operacoes-no-transmilenio-em-bogota\/"},"wordCount":555,"articleSection":["Mercado"],"inLanguage":"pt-BR"},{"@type":"WebPage","@id":"https:\/\/dana.com.br\/canaldana\/2021\/05\/04\/novos-biarticulados-a-gas-natural-da-scania-iniciam-operacoes-no-transmilenio-em-bogota\/","url":"https:\/\/dana.com.br\/canaldana\/2021\/05\/04\/novos-biarticulados-a-gas-natural-da-scania-iniciam-operacoes-no-transmilenio-em-bogota\/","name":"Novos biarticulados a g\u00e1s natural da Scania iniciam opera\u00e7\u00f5es no TransMilenio em Bogot\u00e1 - Canal Dana","isPartOf":{"@id":"https:\/\/dana.com.br\/canaldana\/#website"},"datePublished":"2021-05-04T10:59:11+00:00","author":{"@id":"https:\/\/dana.com.br\/canaldana\/#\/schema\/person\/3c21f22f56fcf3bc46b94bc60ea4fef6"},"breadcrumb":{"@id":"https:\/\/dana.com.br\/canaldana\/2021\/05\/04\/novos-biarticulados-a-gas-natural-da-scania-iniciam-operacoes-no-transmilenio-em-bogota\/#breadcrumb"},"inLanguage":"pt-BR","potentialAction":[{"@type":"ReadAction","target":["https:\/\/dana.com.br\/canaldana\/2021\/05\/04\/novos-biarticulados-a-gas-natural-da-scania-iniciam-operacoes-no-transmilenio-em-bogota\/"]}]},{"@type":"BreadcrumbList","@id":"https:\/\/dana.com.br\/canaldana\/2021\/05\/04\/novos-biarticulados-a-gas-natural-da-scania-iniciam-operacoes-no-transmilenio-em-bogota\/#breadcrumb","itemListElement":[{"@type":"ListItem","position":1,"name":"Home","item":"https:\/\/dana.com.br\/canaldana\/"},{"@type":"ListItem","position":2,"name":"Mercado","item":"https:\/\/dana.com.br\/canaldana\/mercado\/"},{"@type":"ListItem","position":3,"name":"Novos biarticulados a g\u00e1s natural da Scania iniciam opera\u00e7\u00f5es no TransMilenio em Bogot\u00e1"}]},{"@type":"WebSite","@id":"https:\/\/dana.com.br\/canaldana\/#website","url":"https:\/\/dana.com.br\/canaldana\/","name":"Canal Dana","description":"Informativo com as principais not\u00edcias da ind\u00fastria automotiva","potentialAction":[{"@type":"SearchAction","target":{"@type":"EntryPoint","urlTemplate":"https:\/\/dana.com.br\/canaldana\/?s={search_term_string}"},"query-input":{"@type":"PropertyValueSpecification","valueRequired":true,"valueName":"search_term_string"}}],"inLanguage":"pt-BR"},{"@type":"Person","@id":"https:\/\/dana.com.br\/canaldana\/#\/schema\/person\/3c21f22f56fcf3bc46b94bc60ea4fef6","name":"Canal Dana","image":{"@type":"ImageObject","inLanguage":"pt-BR","@id":"https:\/\/secure.gravatar.com\/avatar\/420aaf9278582877d9018637c6817617705899d2858d7572ef0fe59a6b6454b4?s=96&d=mm&r=g","url":"https:\/\/secure.gravatar.com\/avatar\/420aaf9278582877d9018637c6817617705899d2858d7572ef0fe59a6b6454b4?s=96&d=mm&r=g","contentUrl":"https:\/\/secure.gravatar.com\/avatar\/420aaf9278582877d9018637c6817617705899d2858d7572ef0fe59a6b6454b4?s=96&d=mm&r=g","caption":"Canal Dana"},"url":"https:\/\/dana.com.br\/canaldana\/author\/cdeditor\/"}]}},"_links":{"self":[{"href":"https:\/\/dana.com.br\/canaldana\/wp-json\/wp\/v2\/posts\/49852","targetHints":{"allow":["GET"]}}],"collection":[{"href":"https:\/\/dana.com.br\/canaldana\/wp-json\/wp\/v2\/posts"}],"about":[{"href":"https:\/\/dana.com.br\/canaldana\/wp-json\/wp\/v2\/types\/post"}],"author":[{"embeddable":true,"href":"https:\/\/dana.com.br\/canaldana\/wp-json\/wp\/v2\/users\/3"}],"replies":[{"embeddable":true,"href":"https:\/\/dana.com.br\/canaldana\/wp-json\/wp\/v2\/comments?post=49852"}],"version-history":[{"count":0,"href":"https:\/\/dana.com.br\/canaldana\/wp-json\/wp\/v2\/posts\/49852\/revisions"}],"wp:attachment":[{"href":"https:\/\/dana.com.br\/canaldana\/wp-json\/wp\/v2\/media?parent=49852"}],"wp:term":[{"taxonomy":"category","embeddable":true,"href":"https:\/\/dana.com.br\/canaldana\/wp-json\/wp\/v2\/categories?post=49852"},{"taxonomy":"post_tag","embeddable":true,"href":"https:\/\/dana.com.br\/canaldana\/wp-json\/wp\/v2\/tags?post=49852"}],"curies":[{"name":"wp","href":"https:\/\/api.w.org\/{rel}","templated":true}]}}