{"id":49835,"date":"2021-05-03T08:20:02","date_gmt":"2021-05-03T11:20:02","guid":{"rendered":"https:\/\/dana.com.br\/canaldana\/?p=49835"},"modified":"2021-05-03T08:20:02","modified_gmt":"2021-05-03T11:20:02","slug":"plr-trabalhadores-da-fiat-e-gm-sao-caetano-fecham-acordo","status":"publish","type":"post","link":"https:\/\/dana.com.br\/canaldana\/2021\/05\/03\/plr-trabalhadores-da-fiat-e-gm-sao-caetano-fecham-acordo\/","title":{"rendered":"PLR: trabalhadores da Fiat e GM S\u00e3o Caetano fecham acordo"},"content":{"rendered":"<p><em>AutoInd\u00fastria<\/em><\/p>\n<p>&nbsp;<\/p>\n<p>Os Sindicatos dos Metal\u00fargicos de Betim, MG, e S\u00e3o Caetano do Sul, SP, divulgaram esta semana os resultados das assembleias que aprovaram acordos referente \u00e0 PLR, Participa\u00e7\u00e3o nos Lucros e Resultados de 2021, das f\u00e1bricas da Fiat e General Motors, respectivamente.<\/p>\n<p>&nbsp;<\/p>\n<p>A vota\u00e7\u00e3o online dos trabalhadores da Fiat foi na quinta-feira, 29, quando ficou definido um novo acordo salarial e uma PLR de no m\u00ednimo R$6.150 (independentemente de metas), com possibilidade de chegar a R$7.764,23 caso os resultados pr\u00e9-estabelecidos sejam atingidos. O valor \u00e9 10,62% maior do que o do ano passado. A primeira parcela ser\u00e1 paga at\u00e9 o pr\u00f3ximo dia 11 de junho e o restante at\u00e9 28 de janeiro de 2022.<\/p>\n<p>&nbsp;<\/p>\n<p>No caso da GM, a PLR \u00e9 a mesma aprovada pelos trabalhadores da f\u00e1brica de Gravata\u00ed, RS, h\u00e1 um m\u00eas, de R$ 13.985,51, com o pagamento de R$ 8 mil nesta sexta-feira, 30, e o restante em janeiro. O valor \u00e9 5,45% superior ao que a montadora pagou no ano passado, \u00edndice que equivale \u00e0 infla\u00e7\u00e3o medida pelo INPC.<\/p>\n<p>&nbsp;<\/p>\n<p>Para o pagamento da segunda parcela ser\u00e1 necess\u00e1rio que o empregado tenha trabalhado um m\u00ednimo de 90 dias no segundo semestre de 2021. Caso o empregado n\u00e3o atinja este n\u00famero de dias, o valor da segunda parcela deste empregado ser\u00e1 redistribu\u00eddo entre os demais com zero absente\u00edsmo, informa o sindicato de S\u00e3o Caetano.<\/p>\n<p>&nbsp;<\/p>\n<p>No caso da f\u00e1brica da Fiat, os trabalhadores tamb\u00e9m aprovaram na assembleia virtual o acordo coletivo 2021\/2022, definindo um reajuste salarial com reposi\u00e7\u00e3o integral da infla\u00e7\u00e3o acumulada entre 1\u00b0 outubro 2020 a 30 setembro 2021. A aplica\u00e7\u00e3o do reajuste ser\u00e1 em duas partes: metade em outubro deste ano e a outra metade em janeiro do pr\u00f3ximo.<\/p>\n<p>&nbsp;<\/p>\n<p>Dentre outros itens, foram acertados tamb\u00e9m abono de f\u00e9rias no mesmo valor do ano anterior a abono \u00fanico, na data-base, de R$1.247,64, a ser pago at\u00e9 3 de janeiro de 2022. A empresa tamb\u00e9m concordou em ampliar a licen\u00e7a maternidade de 120 dias para 180 dias.<\/p>\n<p>&nbsp;<\/p>\n<p>Um item que tamb\u00e9m entrou na pauta foi a fixa\u00e7\u00e3o dos turnos a partir de 3 de maio de este ano. Na jornada de segunda a sexta-feira, o primeiro turno ser\u00e1 das 6h \u00e0s 15h48 e o segundo, das 15h48 \u00e0 1h09. Os crit\u00e9rios para a sele\u00e7\u00e3o dos trabalhadores e trabalhadoras que fixar\u00e3o nos turnos s\u00e3o tempo de empresa, condi\u00e7\u00e3o de estudante e ser maior de idade. (AutoInd\u00fastria)<\/p>\n","protected":false},"excerpt":{"rendered":"<p>AutoInd\u00fastria &nbsp; Os Sindicatos dos Metal\u00fargicos de Betim, MG, e S\u00e3o Caetano do Sul, SP, divulgaram esta semana os resultados das assembleias que aprovaram acordos referente \u00e0 PLR, Participa\u00e7\u00e3o nos Lucros e Resultados de 2021, das f\u00e1bricas da Fiat e General Motors, respectivamente. &nbsp; A vota\u00e7\u00e3o online dos trabalhadores da Fiat foi na quinta-feira, 29,\u2026 <a class=\"readmore\" href=\"https:\/\/dana.com.br\/canaldana\/2021\/05\/03\/plr-trabalhadores-da-fiat-e-gm-sao-caetano-fecham-acordo\/\">Leia mais \u00bb<\/a><\/p>\n","protected":false},"author":3,"featured_media":0,"comment_status":"closed","ping_status":"closed","sticky":false,"template":"","format":"standard","meta":{"_acf_changed":false,"footnotes":""},"categories":[61],"tags":[],"class_list":["post-49835","post","type-post","status-publish","format-standard","hentry","category-destaques"],"acf":[],"yoast_head":"<!-- This site is optimized with the Yoast SEO plugin v27.3 - https:\/\/yoast.com\/product\/yoast-seo-wordpress\/ -->\n<title>PLR: trabalhadores da Fiat e GM S\u00e3o Caetano fecham acordo - Canal Dana<\/title>\n<meta name=\"robots\" content=\"index, follow, max-snippet:-1, max-image-preview:large, max-video-preview:-1\" \/>\n<link rel=\"canonical\" href=\"https:\/\/dana.com.br\/canaldana\/2021\/05\/03\/plr-trabalhadores-da-fiat-e-gm-sao-caetano-fecham-acordo\/\" \/>\n<meta property=\"og:locale\" content=\"pt_BR\" \/>\n<meta property=\"og:type\" content=\"article\" \/>\n<meta property=\"og:title\" content=\"PLR: trabalhadores da Fiat e GM S\u00e3o Caetano fecham acordo - Canal Dana\" \/>\n<meta property=\"og:description\" content=\"AutoInd\u00fastria &nbsp; Os Sindicatos dos Metal\u00fargicos de Betim, MG, e S\u00e3o Caetano do Sul, SP, divulgaram esta semana os resultados das assembleias que aprovaram acordos referente \u00e0 PLR, Participa\u00e7\u00e3o nos Lucros e Resultados de 2021, das f\u00e1bricas da Fiat e General Motors, respectivamente. &nbsp; A vota\u00e7\u00e3o online dos trabalhadores da Fiat foi na quinta-feira, 29,\u2026 Leia mais \u00bb\" \/>\n<meta property=\"og:url\" content=\"https:\/\/dana.com.br\/canaldana\/2021\/05\/03\/plr-trabalhadores-da-fiat-e-gm-sao-caetano-fecham-acordo\/\" \/>\n<meta property=\"og:site_name\" content=\"Canal Dana\" \/>\n<meta property=\"article:published_time\" content=\"2021-05-03T11:20:02+00:00\" \/>\n<meta name=\"author\" content=\"Canal Dana\" \/>\n<meta name=\"twitter:card\" content=\"summary_large_image\" \/>\n<meta name=\"twitter:label1\" content=\"Escrito por\" \/>\n\t<meta name=\"twitter:data1\" content=\"Canal Dana\" \/>\n\t<meta name=\"twitter:label2\" content=\"Est. tempo de leitura\" \/>\n\t<meta name=\"twitter:data2\" content=\"2 minutos\" \/>\n<script type=\"application\/ld+json\" class=\"yoast-schema-graph\">{\"@context\":\"https:\\\/\\\/schema.org\",\"@graph\":[{\"@type\":\"Article\",\"@id\":\"https:\\\/\\\/dana.com.br\\\/canaldana\\\/2021\\\/05\\\/03\\\/plr-trabalhadores-da-fiat-e-gm-sao-caetano-fecham-acordo\\\/#article\",\"isPartOf\":{\"@id\":\"https:\\\/\\\/dana.com.br\\\/canaldana\\\/2021\\\/05\\\/03\\\/plr-trabalhadores-da-fiat-e-gm-sao-caetano-fecham-acordo\\\/\"},\"author\":{\"name\":\"Canal Dana\",\"@id\":\"https:\\\/\\\/dana.com.br\\\/canaldana\\\/#\\\/schema\\\/person\\\/3c21f22f56fcf3bc46b94bc60ea4fef6\"},\"headline\":\"PLR: trabalhadores da Fiat e GM S\u00e3o Caetano fecham acordo\",\"datePublished\":\"2021-05-03T11:20:02+00:00\",\"mainEntityOfPage\":{\"@id\":\"https:\\\/\\\/dana.com.br\\\/canaldana\\\/2021\\\/05\\\/03\\\/plr-trabalhadores-da-fiat-e-gm-sao-caetano-fecham-acordo\\\/\"},\"wordCount\":423,\"articleSection\":[\"Destaques\"],\"inLanguage\":\"pt-BR\"},{\"@type\":\"WebPage\",\"@id\":\"https:\\\/\\\/dana.com.br\\\/canaldana\\\/2021\\\/05\\\/03\\\/plr-trabalhadores-da-fiat-e-gm-sao-caetano-fecham-acordo\\\/\",\"url\":\"https:\\\/\\\/dana.com.br\\\/canaldana\\\/2021\\\/05\\\/03\\\/plr-trabalhadores-da-fiat-e-gm-sao-caetano-fecham-acordo\\\/\",\"name\":\"PLR: trabalhadores da Fiat e GM S\u00e3o Caetano fecham acordo - Canal Dana\",\"isPartOf\":{\"@id\":\"https:\\\/\\\/dana.com.br\\\/canaldana\\\/#website\"},\"datePublished\":\"2021-05-03T11:20:02+00:00\",\"author\":{\"@id\":\"https:\\\/\\\/dana.com.br\\\/canaldana\\\/#\\\/schema\\\/person\\\/3c21f22f56fcf3bc46b94bc60ea4fef6\"},\"breadcrumb\":{\"@id\":\"https:\\\/\\\/dana.com.br\\\/canaldana\\\/2021\\\/05\\\/03\\\/plr-trabalhadores-da-fiat-e-gm-sao-caetano-fecham-acordo\\\/#breadcrumb\"},\"inLanguage\":\"pt-BR\",\"potentialAction\":[{\"@type\":\"ReadAction\",\"target\":[\"https:\\\/\\\/dana.com.br\\\/canaldana\\\/2021\\\/05\\\/03\\\/plr-trabalhadores-da-fiat-e-gm-sao-caetano-fecham-acordo\\\/\"]}]},{\"@type\":\"BreadcrumbList\",\"@id\":\"https:\\\/\\\/dana.com.br\\\/canaldana\\\/2021\\\/05\\\/03\\\/plr-trabalhadores-da-fiat-e-gm-sao-caetano-fecham-acordo\\\/#breadcrumb\",\"itemListElement\":[{\"@type\":\"ListItem\",\"position\":1,\"name\":\"Home\",\"item\":\"https:\\\/\\\/dana.com.br\\\/canaldana\\\/\"},{\"@type\":\"ListItem\",\"position\":2,\"name\":\"Destaques\",\"item\":\"https:\\\/\\\/dana.com.br\\\/canaldana\\\/destaques\\\/\"},{\"@type\":\"ListItem\",\"position\":3,\"name\":\"PLR: trabalhadores da Fiat e GM S\u00e3o Caetano fecham acordo\"}]},{\"@type\":\"WebSite\",\"@id\":\"https:\\\/\\\/dana.com.br\\\/canaldana\\\/#website\",\"url\":\"https:\\\/\\\/dana.com.br\\\/canaldana\\\/\",\"name\":\"Canal Dana\",\"description\":\"Informativo com as principais not\u00edcias da ind\u00fastria automotiva\",\"potentialAction\":[{\"@type\":\"SearchAction\",\"target\":{\"@type\":\"EntryPoint\",\"urlTemplate\":\"https:\\\/\\\/dana.com.br\\\/canaldana\\\/?s={search_term_string}\"},\"query-input\":{\"@type\":\"PropertyValueSpecification\",\"valueRequired\":true,\"valueName\":\"search_term_string\"}}],\"inLanguage\":\"pt-BR\"},{\"@type\":\"Person\",\"@id\":\"https:\\\/\\\/dana.com.br\\\/canaldana\\\/#\\\/schema\\\/person\\\/3c21f22f56fcf3bc46b94bc60ea4fef6\",\"name\":\"Canal Dana\",\"image\":{\"@type\":\"ImageObject\",\"inLanguage\":\"pt-BR\",\"@id\":\"https:\\\/\\\/secure.gravatar.com\\\/avatar\\\/420aaf9278582877d9018637c6817617705899d2858d7572ef0fe59a6b6454b4?s=96&d=mm&r=g\",\"url\":\"https:\\\/\\\/secure.gravatar.com\\\/avatar\\\/420aaf9278582877d9018637c6817617705899d2858d7572ef0fe59a6b6454b4?s=96&d=mm&r=g\",\"contentUrl\":\"https:\\\/\\\/secure.gravatar.com\\\/avatar\\\/420aaf9278582877d9018637c6817617705899d2858d7572ef0fe59a6b6454b4?s=96&d=mm&r=g\",\"caption\":\"Canal Dana\"},\"url\":\"https:\\\/\\\/dana.com.br\\\/canaldana\\\/author\\\/cdeditor\\\/\"}]}<\/script>\n<!-- \/ Yoast SEO plugin. -->","yoast_head_json":{"title":"PLR: trabalhadores da Fiat e GM S\u00e3o Caetano fecham acordo - Canal Dana","robots":{"index":"index","follow":"follow","max-snippet":"max-snippet:-1","max-image-preview":"max-image-preview:large","max-video-preview":"max-video-preview:-1"},"canonical":"https:\/\/dana.com.br\/canaldana\/2021\/05\/03\/plr-trabalhadores-da-fiat-e-gm-sao-caetano-fecham-acordo\/","og_locale":"pt_BR","og_type":"article","og_title":"PLR: trabalhadores da Fiat e GM S\u00e3o Caetano fecham acordo - Canal Dana","og_description":"AutoInd\u00fastria &nbsp; Os Sindicatos dos Metal\u00fargicos de Betim, MG, e S\u00e3o Caetano do Sul, SP, divulgaram esta semana os resultados das assembleias que aprovaram acordos referente \u00e0 PLR, Participa\u00e7\u00e3o nos Lucros e Resultados de 2021, das f\u00e1bricas da Fiat e General Motors, respectivamente. &nbsp; A vota\u00e7\u00e3o online dos trabalhadores da Fiat foi na quinta-feira, 29,\u2026 Leia mais \u00bb","og_url":"https:\/\/dana.com.br\/canaldana\/2021\/05\/03\/plr-trabalhadores-da-fiat-e-gm-sao-caetano-fecham-acordo\/","og_site_name":"Canal Dana","article_published_time":"2021-05-03T11:20:02+00:00","author":"Canal Dana","twitter_card":"summary_large_image","twitter_misc":{"Escrito por":"Canal Dana","Est. tempo de leitura":"2 minutos"},"schema":{"@context":"https:\/\/schema.org","@graph":[{"@type":"Article","@id":"https:\/\/dana.com.br\/canaldana\/2021\/05\/03\/plr-trabalhadores-da-fiat-e-gm-sao-caetano-fecham-acordo\/#article","isPartOf":{"@id":"https:\/\/dana.com.br\/canaldana\/2021\/05\/03\/plr-trabalhadores-da-fiat-e-gm-sao-caetano-fecham-acordo\/"},"author":{"name":"Canal Dana","@id":"https:\/\/dana.com.br\/canaldana\/#\/schema\/person\/3c21f22f56fcf3bc46b94bc60ea4fef6"},"headline":"PLR: trabalhadores da Fiat e GM S\u00e3o Caetano fecham acordo","datePublished":"2021-05-03T11:20:02+00:00","mainEntityOfPage":{"@id":"https:\/\/dana.com.br\/canaldana\/2021\/05\/03\/plr-trabalhadores-da-fiat-e-gm-sao-caetano-fecham-acordo\/"},"wordCount":423,"articleSection":["Destaques"],"inLanguage":"pt-BR"},{"@type":"WebPage","@id":"https:\/\/dana.com.br\/canaldana\/2021\/05\/03\/plr-trabalhadores-da-fiat-e-gm-sao-caetano-fecham-acordo\/","url":"https:\/\/dana.com.br\/canaldana\/2021\/05\/03\/plr-trabalhadores-da-fiat-e-gm-sao-caetano-fecham-acordo\/","name":"PLR: trabalhadores da Fiat e GM S\u00e3o Caetano fecham acordo - Canal Dana","isPartOf":{"@id":"https:\/\/dana.com.br\/canaldana\/#website"},"datePublished":"2021-05-03T11:20:02+00:00","author":{"@id":"https:\/\/dana.com.br\/canaldana\/#\/schema\/person\/3c21f22f56fcf3bc46b94bc60ea4fef6"},"breadcrumb":{"@id":"https:\/\/dana.com.br\/canaldana\/2021\/05\/03\/plr-trabalhadores-da-fiat-e-gm-sao-caetano-fecham-acordo\/#breadcrumb"},"inLanguage":"pt-BR","potentialAction":[{"@type":"ReadAction","target":["https:\/\/dana.com.br\/canaldana\/2021\/05\/03\/plr-trabalhadores-da-fiat-e-gm-sao-caetano-fecham-acordo\/"]}]},{"@type":"BreadcrumbList","@id":"https:\/\/dana.com.br\/canaldana\/2021\/05\/03\/plr-trabalhadores-da-fiat-e-gm-sao-caetano-fecham-acordo\/#breadcrumb","itemListElement":[{"@type":"ListItem","position":1,"name":"Home","item":"https:\/\/dana.com.br\/canaldana\/"},{"@type":"ListItem","position":2,"name":"Destaques","item":"https:\/\/dana.com.br\/canaldana\/destaques\/"},{"@type":"ListItem","position":3,"name":"PLR: trabalhadores da Fiat e GM S\u00e3o Caetano fecham acordo"}]},{"@type":"WebSite","@id":"https:\/\/dana.com.br\/canaldana\/#website","url":"https:\/\/dana.com.br\/canaldana\/","name":"Canal Dana","description":"Informativo com as principais not\u00edcias da ind\u00fastria automotiva","potentialAction":[{"@type":"SearchAction","target":{"@type":"EntryPoint","urlTemplate":"https:\/\/dana.com.br\/canaldana\/?s={search_term_string}"},"query-input":{"@type":"PropertyValueSpecification","valueRequired":true,"valueName":"search_term_string"}}],"inLanguage":"pt-BR"},{"@type":"Person","@id":"https:\/\/dana.com.br\/canaldana\/#\/schema\/person\/3c21f22f56fcf3bc46b94bc60ea4fef6","name":"Canal Dana","image":{"@type":"ImageObject","inLanguage":"pt-BR","@id":"https:\/\/secure.gravatar.com\/avatar\/420aaf9278582877d9018637c6817617705899d2858d7572ef0fe59a6b6454b4?s=96&d=mm&r=g","url":"https:\/\/secure.gravatar.com\/avatar\/420aaf9278582877d9018637c6817617705899d2858d7572ef0fe59a6b6454b4?s=96&d=mm&r=g","contentUrl":"https:\/\/secure.gravatar.com\/avatar\/420aaf9278582877d9018637c6817617705899d2858d7572ef0fe59a6b6454b4?s=96&d=mm&r=g","caption":"Canal Dana"},"url":"https:\/\/dana.com.br\/canaldana\/author\/cdeditor\/"}]}},"_links":{"self":[{"href":"https:\/\/dana.com.br\/canaldana\/wp-json\/wp\/v2\/posts\/49835","targetHints":{"allow":["GET"]}}],"collection":[{"href":"https:\/\/dana.com.br\/canaldana\/wp-json\/wp\/v2\/posts"}],"about":[{"href":"https:\/\/dana.com.br\/canaldana\/wp-json\/wp\/v2\/types\/post"}],"author":[{"embeddable":true,"href":"https:\/\/dana.com.br\/canaldana\/wp-json\/wp\/v2\/users\/3"}],"replies":[{"embeddable":true,"href":"https:\/\/dana.com.br\/canaldana\/wp-json\/wp\/v2\/comments?post=49835"}],"version-history":[{"count":0,"href":"https:\/\/dana.com.br\/canaldana\/wp-json\/wp\/v2\/posts\/49835\/revisions"}],"wp:attachment":[{"href":"https:\/\/dana.com.br\/canaldana\/wp-json\/wp\/v2\/media?parent=49835"}],"wp:term":[{"taxonomy":"category","embeddable":true,"href":"https:\/\/dana.com.br\/canaldana\/wp-json\/wp\/v2\/categories?post=49835"},{"taxonomy":"post_tag","embeddable":true,"href":"https:\/\/dana.com.br\/canaldana\/wp-json\/wp\/v2\/tags?post=49835"}],"curies":[{"name":"wp","href":"https:\/\/api.w.org\/{rel}","templated":true}]}}