{"id":49813,"date":"2021-05-03T08:14:46","date_gmt":"2021-05-03T11:14:46","guid":{"rendered":"https:\/\/dana.com.br\/canaldana\/?p=49813"},"modified":"2021-05-03T08:14:46","modified_gmt":"2021-05-03T11:14:46","slug":"vw-define-novas-metas-rumo-a-emissao-zero","status":"publish","type":"post","link":"https:\/\/dana.com.br\/canaldana\/2021\/05\/03\/vw-define-novas-metas-rumo-a-emissao-zero\/","title":{"rendered":"VW define novas metas rumo \u00e0 emiss\u00e3o zero"},"content":{"rendered":"<p><em>AutoInd\u00fastria<\/em><\/p>\n<p>&nbsp;<\/p>\n<p>A Volkswagen realizou na \u00faltima quinta-feira, 29, sua primeira Conven\u00e7\u00e3o Way to Zero (Caminho para Zero), definindo 2050 como a data refer\u00eancia para a companhia tornar-se neutra em carbono. A fabricante tamb\u00e9m estabeleceu a meta de obter 40% de redu\u00e7\u00e3o nas emiss\u00f5es de CO2 por ve\u00edculo na Europa at\u00e9 2030, um \u00edndice maior do que havia programado h\u00e1 3 anos, que era de 30%. Isso representar\u00e1 uma redu\u00e7\u00e3o, por carro, de 17 toneladas de di\u00f3xido de carbono em m\u00e9dia.<\/p>\n<p>&nbsp;<\/p>\n<p>No que diz respeito \u00e0 acelera\u00e7\u00e3o da transi\u00e7\u00e3o para a mobilidade el\u00e9trica, o objetivo da companhia \u00e9 tornar-se neutra em carbono tanto na \u00e1rea produtiva, incluindo a cadeia de fornecedores, como nos produtos. Isso se soma \u00e0 reciclagem sistem\u00e1tica das baterias de alta voltagem de ve\u00edculos el\u00e9tricos antigos.<\/p>\n<p>&nbsp;<\/p>\n<p>\u201cA Volkswagen defende a mobilidade el\u00e9trica para todos. Estabelecemos isso no Way To Zero e estamos consistentemente colocando o meio-ambiente no foco de todas as nossas atividades\u201d, disse Ralf Brandst\u00e4tter, CEO da Volkswagen durante a conven\u00e7\u00e3o.<\/p>\n<p>&nbsp;<\/p>\n<p>O executivo garantiu ainda que a empresa adotando um enfoque hol\u00edstico para a descarboniza\u00e7\u00e3o, que come\u00e7a na produ\u00e7\u00e3o e segue por toda a vida \u00fatil at\u00e9 a reciclagem: \u201cSomos os primeiros fabricantes de carros a apoiar a expans\u00e3o das energias renov\u00e1veis para uma escala industrial.\u201d<\/p>\n<p>&nbsp;<\/p>\n<p>Lembrando que um fator-chave para alcan\u00e7ar a mobilidade el\u00e9trica neutra em carbono \u00e9 poder carregar os ve\u00edculos consistentemente com energia gerada por fontes renov\u00e1veis, a Volkswagen informou que j\u00e1 oferece aos seus clientes eletricidade verde para carga em domic\u00edlio (VW Naturstrom) e na estrada (nas esta\u00e7\u00f5es de carga Ioinity, por exemplo).<\/p>\n<p>&nbsp;<\/p>\n<p>Dentre outras iniciativas, a Volkswagen diz ser a primeira fabricante de carros a apoiar diretamente a expans\u00e3o da energia renov\u00e1vel em grande escala. Contratos para os primeiros projetos j\u00e1 foram assinados com a empresa energ\u00e9tica RWE. Na Alemanha, a montadora est\u00e1 apoiando a constru\u00e7\u00e3o de uma usina solar com capacidade total de 170 milh\u00f5es de kW\/h por ano.<\/p>\n<p>&nbsp;<\/p>\n<p>O plano \u00e9 que todos os projetos reunidos possam gerar cerca de 7 terawatts-hora de eletricidade verde a mais at\u00e9 2025. O total da eletricidade renov\u00e1vel entrando na grade de fornecimento aumentar\u00e1 paralelamente ao n\u00famero de ve\u00edculos ID. Dessa forma, a Volkswagen est\u00e1 melhorando a pegada clim\u00e1tica da fam\u00edlia ID. e criando a base para a utiliza\u00e7\u00e3o de sua frota el\u00e9trica neutra em carbono.<\/p>\n<p>&nbsp;<\/p>\n<p>Com a Conven\u00e7\u00e3o Way to Zero, a Volkswagen quer incentivar um di\u00e1logo aberto com o governo, a ind\u00fastria e a sociedade. O evento com dura\u00e7\u00e3o de um dia, realizado de forma totalmente digital devido \u00e0 pandemia do coronav\u00edrus, teve a participa\u00e7\u00e3o de mais de 20 palestrantes de partidos pol\u00edticos, ONGs, institui\u00e7\u00f5es cient\u00edficas e outras empresas, juntamente com representantes da Volkswagen. (AutoInd\u00fastria)<\/p>\n","protected":false},"excerpt":{"rendered":"<p>AutoInd\u00fastria &nbsp; A Volkswagen realizou na \u00faltima quinta-feira, 29, sua primeira Conven\u00e7\u00e3o Way to Zero (Caminho para Zero), definindo 2050 como a data refer\u00eancia para a companhia tornar-se neutra em carbono. A fabricante tamb\u00e9m estabeleceu a meta de obter 40% de redu\u00e7\u00e3o nas emiss\u00f5es de CO2 por ve\u00edculo na Europa at\u00e9 2030, um \u00edndice maior\u2026 <a class=\"readmore\" href=\"https:\/\/dana.com.br\/canaldana\/2021\/05\/03\/vw-define-novas-metas-rumo-a-emissao-zero\/\">Leia mais \u00bb<\/a><\/p>\n","protected":false},"author":3,"featured_media":0,"comment_status":"closed","ping_status":"closed","sticky":false,"template":"","format":"standard","meta":{"_acf_changed":false,"footnotes":""},"categories":[63],"tags":[],"class_list":["post-49813","post","type-post","status-publish","format-standard","hentry","category-meio-ambiente"],"acf":[],"yoast_head":"<!-- This site is optimized with the Yoast SEO plugin v27.3 - https:\/\/yoast.com\/product\/yoast-seo-wordpress\/ -->\n<title>VW define novas metas rumo \u00e0 emiss\u00e3o zero - Canal Dana<\/title>\n<meta name=\"robots\" content=\"index, follow, max-snippet:-1, max-image-preview:large, max-video-preview:-1\" \/>\n<link rel=\"canonical\" href=\"https:\/\/dana.com.br\/canaldana\/2021\/05\/03\/vw-define-novas-metas-rumo-a-emissao-zero\/\" \/>\n<meta property=\"og:locale\" content=\"pt_BR\" \/>\n<meta property=\"og:type\" content=\"article\" \/>\n<meta property=\"og:title\" content=\"VW define novas metas rumo \u00e0 emiss\u00e3o zero - Canal Dana\" \/>\n<meta property=\"og:description\" content=\"AutoInd\u00fastria &nbsp; A Volkswagen realizou na \u00faltima quinta-feira, 29, sua primeira Conven\u00e7\u00e3o Way to Zero (Caminho para Zero), definindo 2050 como a data refer\u00eancia para a companhia tornar-se neutra em carbono. A fabricante tamb\u00e9m estabeleceu a meta de obter 40% de redu\u00e7\u00e3o nas emiss\u00f5es de CO2 por ve\u00edculo na Europa at\u00e9 2030, um \u00edndice maior\u2026 Leia mais \u00bb\" \/>\n<meta property=\"og:url\" content=\"https:\/\/dana.com.br\/canaldana\/2021\/05\/03\/vw-define-novas-metas-rumo-a-emissao-zero\/\" \/>\n<meta property=\"og:site_name\" content=\"Canal Dana\" \/>\n<meta property=\"article:published_time\" content=\"2021-05-03T11:14:46+00:00\" \/>\n<meta name=\"author\" content=\"Canal Dana\" \/>\n<meta name=\"twitter:card\" content=\"summary_large_image\" \/>\n<meta name=\"twitter:label1\" content=\"Escrito por\" \/>\n\t<meta name=\"twitter:data1\" content=\"Canal Dana\" \/>\n\t<meta name=\"twitter:label2\" content=\"Est. tempo de leitura\" \/>\n\t<meta name=\"twitter:data2\" content=\"2 minutos\" \/>\n<script type=\"application\/ld+json\" class=\"yoast-schema-graph\">{\"@context\":\"https:\\\/\\\/schema.org\",\"@graph\":[{\"@type\":\"Article\",\"@id\":\"https:\\\/\\\/dana.com.br\\\/canaldana\\\/2021\\\/05\\\/03\\\/vw-define-novas-metas-rumo-a-emissao-zero\\\/#article\",\"isPartOf\":{\"@id\":\"https:\\\/\\\/dana.com.br\\\/canaldana\\\/2021\\\/05\\\/03\\\/vw-define-novas-metas-rumo-a-emissao-zero\\\/\"},\"author\":{\"name\":\"Canal Dana\",\"@id\":\"https:\\\/\\\/dana.com.br\\\/canaldana\\\/#\\\/schema\\\/person\\\/3c21f22f56fcf3bc46b94bc60ea4fef6\"},\"headline\":\"VW define novas metas rumo \u00e0 emiss\u00e3o zero\",\"datePublished\":\"2021-05-03T11:14:46+00:00\",\"mainEntityOfPage\":{\"@id\":\"https:\\\/\\\/dana.com.br\\\/canaldana\\\/2021\\\/05\\\/03\\\/vw-define-novas-metas-rumo-a-emissao-zero\\\/\"},\"wordCount\":496,\"articleSection\":[\"Meio Ambiente\"],\"inLanguage\":\"pt-BR\"},{\"@type\":\"WebPage\",\"@id\":\"https:\\\/\\\/dana.com.br\\\/canaldana\\\/2021\\\/05\\\/03\\\/vw-define-novas-metas-rumo-a-emissao-zero\\\/\",\"url\":\"https:\\\/\\\/dana.com.br\\\/canaldana\\\/2021\\\/05\\\/03\\\/vw-define-novas-metas-rumo-a-emissao-zero\\\/\",\"name\":\"VW define novas metas rumo \u00e0 emiss\u00e3o zero - Canal Dana\",\"isPartOf\":{\"@id\":\"https:\\\/\\\/dana.com.br\\\/canaldana\\\/#website\"},\"datePublished\":\"2021-05-03T11:14:46+00:00\",\"author\":{\"@id\":\"https:\\\/\\\/dana.com.br\\\/canaldana\\\/#\\\/schema\\\/person\\\/3c21f22f56fcf3bc46b94bc60ea4fef6\"},\"breadcrumb\":{\"@id\":\"https:\\\/\\\/dana.com.br\\\/canaldana\\\/2021\\\/05\\\/03\\\/vw-define-novas-metas-rumo-a-emissao-zero\\\/#breadcrumb\"},\"inLanguage\":\"pt-BR\",\"potentialAction\":[{\"@type\":\"ReadAction\",\"target\":[\"https:\\\/\\\/dana.com.br\\\/canaldana\\\/2021\\\/05\\\/03\\\/vw-define-novas-metas-rumo-a-emissao-zero\\\/\"]}]},{\"@type\":\"BreadcrumbList\",\"@id\":\"https:\\\/\\\/dana.com.br\\\/canaldana\\\/2021\\\/05\\\/03\\\/vw-define-novas-metas-rumo-a-emissao-zero\\\/#breadcrumb\",\"itemListElement\":[{\"@type\":\"ListItem\",\"position\":1,\"name\":\"Home\",\"item\":\"https:\\\/\\\/dana.com.br\\\/canaldana\\\/\"},{\"@type\":\"ListItem\",\"position\":2,\"name\":\"Meio Ambiente\",\"item\":\"https:\\\/\\\/dana.com.br\\\/canaldana\\\/meio-ambiente\\\/\"},{\"@type\":\"ListItem\",\"position\":3,\"name\":\"VW define novas metas rumo \u00e0 emiss\u00e3o zero\"}]},{\"@type\":\"WebSite\",\"@id\":\"https:\\\/\\\/dana.com.br\\\/canaldana\\\/#website\",\"url\":\"https:\\\/\\\/dana.com.br\\\/canaldana\\\/\",\"name\":\"Canal Dana\",\"description\":\"Informativo com as principais not\u00edcias da ind\u00fastria automotiva\",\"potentialAction\":[{\"@type\":\"SearchAction\",\"target\":{\"@type\":\"EntryPoint\",\"urlTemplate\":\"https:\\\/\\\/dana.com.br\\\/canaldana\\\/?s={search_term_string}\"},\"query-input\":{\"@type\":\"PropertyValueSpecification\",\"valueRequired\":true,\"valueName\":\"search_term_string\"}}],\"inLanguage\":\"pt-BR\"},{\"@type\":\"Person\",\"@id\":\"https:\\\/\\\/dana.com.br\\\/canaldana\\\/#\\\/schema\\\/person\\\/3c21f22f56fcf3bc46b94bc60ea4fef6\",\"name\":\"Canal Dana\",\"image\":{\"@type\":\"ImageObject\",\"inLanguage\":\"pt-BR\",\"@id\":\"https:\\\/\\\/secure.gravatar.com\\\/avatar\\\/420aaf9278582877d9018637c6817617705899d2858d7572ef0fe59a6b6454b4?s=96&d=mm&r=g\",\"url\":\"https:\\\/\\\/secure.gravatar.com\\\/avatar\\\/420aaf9278582877d9018637c6817617705899d2858d7572ef0fe59a6b6454b4?s=96&d=mm&r=g\",\"contentUrl\":\"https:\\\/\\\/secure.gravatar.com\\\/avatar\\\/420aaf9278582877d9018637c6817617705899d2858d7572ef0fe59a6b6454b4?s=96&d=mm&r=g\",\"caption\":\"Canal Dana\"},\"url\":\"https:\\\/\\\/dana.com.br\\\/canaldana\\\/author\\\/cdeditor\\\/\"}]}<\/script>\n<!-- \/ Yoast SEO plugin. -->","yoast_head_json":{"title":"VW define novas metas rumo \u00e0 emiss\u00e3o zero - Canal Dana","robots":{"index":"index","follow":"follow","max-snippet":"max-snippet:-1","max-image-preview":"max-image-preview:large","max-video-preview":"max-video-preview:-1"},"canonical":"https:\/\/dana.com.br\/canaldana\/2021\/05\/03\/vw-define-novas-metas-rumo-a-emissao-zero\/","og_locale":"pt_BR","og_type":"article","og_title":"VW define novas metas rumo \u00e0 emiss\u00e3o zero - Canal Dana","og_description":"AutoInd\u00fastria &nbsp; A Volkswagen realizou na \u00faltima quinta-feira, 29, sua primeira Conven\u00e7\u00e3o Way to Zero (Caminho para Zero), definindo 2050 como a data refer\u00eancia para a companhia tornar-se neutra em carbono. A fabricante tamb\u00e9m estabeleceu a meta de obter 40% de redu\u00e7\u00e3o nas emiss\u00f5es de CO2 por ve\u00edculo na Europa at\u00e9 2030, um \u00edndice maior\u2026 Leia mais \u00bb","og_url":"https:\/\/dana.com.br\/canaldana\/2021\/05\/03\/vw-define-novas-metas-rumo-a-emissao-zero\/","og_site_name":"Canal Dana","article_published_time":"2021-05-03T11:14:46+00:00","author":"Canal Dana","twitter_card":"summary_large_image","twitter_misc":{"Escrito por":"Canal Dana","Est. tempo de leitura":"2 minutos"},"schema":{"@context":"https:\/\/schema.org","@graph":[{"@type":"Article","@id":"https:\/\/dana.com.br\/canaldana\/2021\/05\/03\/vw-define-novas-metas-rumo-a-emissao-zero\/#article","isPartOf":{"@id":"https:\/\/dana.com.br\/canaldana\/2021\/05\/03\/vw-define-novas-metas-rumo-a-emissao-zero\/"},"author":{"name":"Canal Dana","@id":"https:\/\/dana.com.br\/canaldana\/#\/schema\/person\/3c21f22f56fcf3bc46b94bc60ea4fef6"},"headline":"VW define novas metas rumo \u00e0 emiss\u00e3o zero","datePublished":"2021-05-03T11:14:46+00:00","mainEntityOfPage":{"@id":"https:\/\/dana.com.br\/canaldana\/2021\/05\/03\/vw-define-novas-metas-rumo-a-emissao-zero\/"},"wordCount":496,"articleSection":["Meio Ambiente"],"inLanguage":"pt-BR"},{"@type":"WebPage","@id":"https:\/\/dana.com.br\/canaldana\/2021\/05\/03\/vw-define-novas-metas-rumo-a-emissao-zero\/","url":"https:\/\/dana.com.br\/canaldana\/2021\/05\/03\/vw-define-novas-metas-rumo-a-emissao-zero\/","name":"VW define novas metas rumo \u00e0 emiss\u00e3o zero - Canal Dana","isPartOf":{"@id":"https:\/\/dana.com.br\/canaldana\/#website"},"datePublished":"2021-05-03T11:14:46+00:00","author":{"@id":"https:\/\/dana.com.br\/canaldana\/#\/schema\/person\/3c21f22f56fcf3bc46b94bc60ea4fef6"},"breadcrumb":{"@id":"https:\/\/dana.com.br\/canaldana\/2021\/05\/03\/vw-define-novas-metas-rumo-a-emissao-zero\/#breadcrumb"},"inLanguage":"pt-BR","potentialAction":[{"@type":"ReadAction","target":["https:\/\/dana.com.br\/canaldana\/2021\/05\/03\/vw-define-novas-metas-rumo-a-emissao-zero\/"]}]},{"@type":"BreadcrumbList","@id":"https:\/\/dana.com.br\/canaldana\/2021\/05\/03\/vw-define-novas-metas-rumo-a-emissao-zero\/#breadcrumb","itemListElement":[{"@type":"ListItem","position":1,"name":"Home","item":"https:\/\/dana.com.br\/canaldana\/"},{"@type":"ListItem","position":2,"name":"Meio Ambiente","item":"https:\/\/dana.com.br\/canaldana\/meio-ambiente\/"},{"@type":"ListItem","position":3,"name":"VW define novas metas rumo \u00e0 emiss\u00e3o zero"}]},{"@type":"WebSite","@id":"https:\/\/dana.com.br\/canaldana\/#website","url":"https:\/\/dana.com.br\/canaldana\/","name":"Canal Dana","description":"Informativo com as principais not\u00edcias da ind\u00fastria automotiva","potentialAction":[{"@type":"SearchAction","target":{"@type":"EntryPoint","urlTemplate":"https:\/\/dana.com.br\/canaldana\/?s={search_term_string}"},"query-input":{"@type":"PropertyValueSpecification","valueRequired":true,"valueName":"search_term_string"}}],"inLanguage":"pt-BR"},{"@type":"Person","@id":"https:\/\/dana.com.br\/canaldana\/#\/schema\/person\/3c21f22f56fcf3bc46b94bc60ea4fef6","name":"Canal Dana","image":{"@type":"ImageObject","inLanguage":"pt-BR","@id":"https:\/\/secure.gravatar.com\/avatar\/420aaf9278582877d9018637c6817617705899d2858d7572ef0fe59a6b6454b4?s=96&d=mm&r=g","url":"https:\/\/secure.gravatar.com\/avatar\/420aaf9278582877d9018637c6817617705899d2858d7572ef0fe59a6b6454b4?s=96&d=mm&r=g","contentUrl":"https:\/\/secure.gravatar.com\/avatar\/420aaf9278582877d9018637c6817617705899d2858d7572ef0fe59a6b6454b4?s=96&d=mm&r=g","caption":"Canal Dana"},"url":"https:\/\/dana.com.br\/canaldana\/author\/cdeditor\/"}]}},"_links":{"self":[{"href":"https:\/\/dana.com.br\/canaldana\/wp-json\/wp\/v2\/posts\/49813","targetHints":{"allow":["GET"]}}],"collection":[{"href":"https:\/\/dana.com.br\/canaldana\/wp-json\/wp\/v2\/posts"}],"about":[{"href":"https:\/\/dana.com.br\/canaldana\/wp-json\/wp\/v2\/types\/post"}],"author":[{"embeddable":true,"href":"https:\/\/dana.com.br\/canaldana\/wp-json\/wp\/v2\/users\/3"}],"replies":[{"embeddable":true,"href":"https:\/\/dana.com.br\/canaldana\/wp-json\/wp\/v2\/comments?post=49813"}],"version-history":[{"count":0,"href":"https:\/\/dana.com.br\/canaldana\/wp-json\/wp\/v2\/posts\/49813\/revisions"}],"wp:attachment":[{"href":"https:\/\/dana.com.br\/canaldana\/wp-json\/wp\/v2\/media?parent=49813"}],"wp:term":[{"taxonomy":"category","embeddable":true,"href":"https:\/\/dana.com.br\/canaldana\/wp-json\/wp\/v2\/categories?post=49813"},{"taxonomy":"post_tag","embeddable":true,"href":"https:\/\/dana.com.br\/canaldana\/wp-json\/wp\/v2\/tags?post=49813"}],"curies":[{"name":"wp","href":"https:\/\/api.w.org\/{rel}","templated":true}]}}