{"id":49811,"date":"2021-05-03T08:14:12","date_gmt":"2021-05-03T11:14:12","guid":{"rendered":"https:\/\/dana.com.br\/canaldana\/?p=49811"},"modified":"2021-05-03T08:14:12","modified_gmt":"2021-05-03T11:14:12","slug":"gm-vai-investir-us-1-bilhao-para-fazer-carros-eletricos-no-mexico","status":"publish","type":"post","link":"https:\/\/dana.com.br\/canaldana\/2021\/05\/03\/gm-vai-investir-us-1-bilhao-para-fazer-carros-eletricos-no-mexico\/","title":{"rendered":"GM vai investir US$ 1 bilh\u00e3o para fazer carros el\u00e9tricos no M\u00e9xico"},"content":{"rendered":"<p><em>Jornal do Carro<\/em><\/p>\n<p>&nbsp;<\/p>\n<p>A General Motors anunciou que investir\u00e1 US$ 1 bilh\u00e3o (aproximadamente R$ 5,4 bi) na f\u00e1brica em Ramos Arizpe, no M\u00e9xico, para produzir ve\u00edculos el\u00e9tricos. O in\u00edcio da produ\u00e7\u00e3o deve acontecer em 2023, contudo, a GM come\u00e7ar\u00e1 a fabricar componentes e as novas baterias Ultium ainda neste ano.<\/p>\n<p>&nbsp;<\/p>\n<p>Atualmente, a planta mexicana responde pela produ\u00e7\u00e3o do Chevrolet Blazer e Equinox, al\u00e9m de motores e transmiss\u00f5es. A montadora j\u00e1 estava dando ind\u00edcios que faria essa mudan\u00e7a. Contudo, sofreu forte press\u00e3o da uni\u00e3o sindical de trabalhadores automotivos (UAW). Assim, voltou atr\u00e1s e refor\u00e7ou que produziria carros el\u00e9tricos nas f\u00e1bricas do Canad\u00e1 e dos EUA.<\/p>\n<p>&nbsp;<\/p>\n<p>De acordo com a UAW, o an\u00fancio n\u00e3o era esperado e foi como um \u201ctapa na cara\u201d, n\u00e3o s\u00f3 para a categoria, mas para toda a \u201cfor\u00e7a de trabalho contribuinte norte-americana \u201c.<\/p>\n<p>&nbsp;<\/p>\n<p>Em comunicado, o Vice-presidente da uni\u00e3o sindical, Terry Dittes, afirma que \u00e9 inconveniente aceitar que os subs\u00eddios do governo sirvam para produzir ve\u00edculos fora dos EUA. Por sua vez, a GM respondeu que \u201crecentemente anunciou a cria\u00e7\u00e3o de 9 mil vagas. Al\u00e9m disso, investir\u00e1 US$ 9 bilh\u00f5es em baterias e carros el\u00e9tricos nas f\u00e1bricas de Michigan, Ohio e Tennessee.<\/p>\n<p>&nbsp;<\/p>\n<p>Desse modo, caber\u00e1 a planta de Ramos Arizpe ser a quinta f\u00e1brica de carros el\u00e9tricos da montadora norte-americana. O presidente da GM M\u00e9xico, Francisco Garza, declarou que \u201co investimento contribuir\u00e1 continuar impulsionando a manufatura mexicana ao mesmo tempo que traz desenvolvimento para a regi\u00e3o, a ind\u00fastria e o pa\u00eds\u201d.<\/p>\n<p>&nbsp;<\/p>\n<p><strong>F\u00e1brica mexicana vai construir ve\u00edculo da Honda<\/strong><\/p>\n<p>&nbsp;<\/p>\n<p>Vale lembrar que a planta mexicana produzir\u00e1 tamb\u00e9m os modelos el\u00e9tricos da Honda. Um deles ser\u00e1 o in\u00e9dito crossover el\u00e9trico apresentado no Sal\u00e3o de Pequim no ano passado.<\/p>\n<p>&nbsp;<\/p>\n<p>Conforme hav\u00edamos antecipado no Jornal do Carro, a General Motors tamb\u00e9m noticiou a cria\u00e7\u00e3o da Factory Zero, f\u00e1brica de zero emiss\u00f5es que construir\u00e1 ve\u00edculos el\u00e9tricos. Ela nascer\u00e1 no antigo complexo automotivo de Hamtramck, em Detroit. (Jornal do Carro)<\/p>\n","protected":false},"excerpt":{"rendered":"<p>Jornal do Carro &nbsp; A General Motors anunciou que investir\u00e1 US$ 1 bilh\u00e3o (aproximadamente R$ 5,4 bi) na f\u00e1brica em Ramos Arizpe, no M\u00e9xico, para produzir ve\u00edculos el\u00e9tricos. O in\u00edcio da produ\u00e7\u00e3o deve acontecer em 2023, contudo, a GM come\u00e7ar\u00e1 a fabricar componentes e as novas baterias Ultium ainda neste ano. &nbsp; Atualmente, a planta\u2026 <a class=\"readmore\" href=\"https:\/\/dana.com.br\/canaldana\/2021\/05\/03\/gm-vai-investir-us-1-bilhao-para-fazer-carros-eletricos-no-mexico\/\">Leia mais \u00bb<\/a><\/p>\n","protected":false},"author":3,"featured_media":0,"comment_status":"closed","ping_status":"closed","sticky":false,"template":"","format":"standard","meta":{"_acf_changed":false,"footnotes":""},"categories":[110],"tags":[],"class_list":["post-49811","post","type-post","status-publish","format-standard","hentry","category-eletricos"],"acf":[],"yoast_head":"<!-- This site is optimized with the Yoast SEO plugin v27.3 - https:\/\/yoast.com\/product\/yoast-seo-wordpress\/ -->\n<title>GM vai investir US$ 1 bilh\u00e3o para fazer carros el\u00e9tricos no M\u00e9xico - Canal Dana<\/title>\n<meta name=\"robots\" content=\"index, follow, max-snippet:-1, max-image-preview:large, max-video-preview:-1\" \/>\n<link rel=\"canonical\" href=\"https:\/\/dana.com.br\/canaldana\/2021\/05\/03\/gm-vai-investir-us-1-bilhao-para-fazer-carros-eletricos-no-mexico\/\" \/>\n<meta property=\"og:locale\" content=\"pt_BR\" \/>\n<meta property=\"og:type\" content=\"article\" \/>\n<meta property=\"og:title\" content=\"GM vai investir US$ 1 bilh\u00e3o para fazer carros el\u00e9tricos no M\u00e9xico - Canal Dana\" \/>\n<meta property=\"og:description\" content=\"Jornal do Carro &nbsp; A General Motors anunciou que investir\u00e1 US$ 1 bilh\u00e3o (aproximadamente R$ 5,4 bi) na f\u00e1brica em Ramos Arizpe, no M\u00e9xico, para produzir ve\u00edculos el\u00e9tricos. O in\u00edcio da produ\u00e7\u00e3o deve acontecer em 2023, contudo, a GM come\u00e7ar\u00e1 a fabricar componentes e as novas baterias Ultium ainda neste ano. &nbsp; Atualmente, a planta\u2026 Leia mais \u00bb\" \/>\n<meta property=\"og:url\" content=\"https:\/\/dana.com.br\/canaldana\/2021\/05\/03\/gm-vai-investir-us-1-bilhao-para-fazer-carros-eletricos-no-mexico\/\" \/>\n<meta property=\"og:site_name\" content=\"Canal Dana\" \/>\n<meta property=\"article:published_time\" content=\"2021-05-03T11:14:12+00:00\" \/>\n<meta name=\"author\" content=\"Canal Dana\" \/>\n<meta name=\"twitter:card\" content=\"summary_large_image\" \/>\n<meta name=\"twitter:label1\" content=\"Escrito por\" \/>\n\t<meta name=\"twitter:data1\" content=\"Canal Dana\" \/>\n\t<meta name=\"twitter:label2\" content=\"Est. tempo de leitura\" \/>\n\t<meta name=\"twitter:data2\" content=\"2 minutos\" \/>\n<script type=\"application\/ld+json\" class=\"yoast-schema-graph\">{\"@context\":\"https:\\\/\\\/schema.org\",\"@graph\":[{\"@type\":\"Article\",\"@id\":\"https:\\\/\\\/dana.com.br\\\/canaldana\\\/2021\\\/05\\\/03\\\/gm-vai-investir-us-1-bilhao-para-fazer-carros-eletricos-no-mexico\\\/#article\",\"isPartOf\":{\"@id\":\"https:\\\/\\\/dana.com.br\\\/canaldana\\\/2021\\\/05\\\/03\\\/gm-vai-investir-us-1-bilhao-para-fazer-carros-eletricos-no-mexico\\\/\"},\"author\":{\"name\":\"Canal Dana\",\"@id\":\"https:\\\/\\\/dana.com.br\\\/canaldana\\\/#\\\/schema\\\/person\\\/3c21f22f56fcf3bc46b94bc60ea4fef6\"},\"headline\":\"GM vai investir US$ 1 bilh\u00e3o para fazer carros el\u00e9tricos no M\u00e9xico\",\"datePublished\":\"2021-05-03T11:14:12+00:00\",\"mainEntityOfPage\":{\"@id\":\"https:\\\/\\\/dana.com.br\\\/canaldana\\\/2021\\\/05\\\/03\\\/gm-vai-investir-us-1-bilhao-para-fazer-carros-eletricos-no-mexico\\\/\"},\"wordCount\":383,\"articleSection\":[\"El\u00e9tricos\"],\"inLanguage\":\"pt-BR\"},{\"@type\":\"WebPage\",\"@id\":\"https:\\\/\\\/dana.com.br\\\/canaldana\\\/2021\\\/05\\\/03\\\/gm-vai-investir-us-1-bilhao-para-fazer-carros-eletricos-no-mexico\\\/\",\"url\":\"https:\\\/\\\/dana.com.br\\\/canaldana\\\/2021\\\/05\\\/03\\\/gm-vai-investir-us-1-bilhao-para-fazer-carros-eletricos-no-mexico\\\/\",\"name\":\"GM vai investir US$ 1 bilh\u00e3o para fazer carros el\u00e9tricos no M\u00e9xico - Canal Dana\",\"isPartOf\":{\"@id\":\"https:\\\/\\\/dana.com.br\\\/canaldana\\\/#website\"},\"datePublished\":\"2021-05-03T11:14:12+00:00\",\"author\":{\"@id\":\"https:\\\/\\\/dana.com.br\\\/canaldana\\\/#\\\/schema\\\/person\\\/3c21f22f56fcf3bc46b94bc60ea4fef6\"},\"breadcrumb\":{\"@id\":\"https:\\\/\\\/dana.com.br\\\/canaldana\\\/2021\\\/05\\\/03\\\/gm-vai-investir-us-1-bilhao-para-fazer-carros-eletricos-no-mexico\\\/#breadcrumb\"},\"inLanguage\":\"pt-BR\",\"potentialAction\":[{\"@type\":\"ReadAction\",\"target\":[\"https:\\\/\\\/dana.com.br\\\/canaldana\\\/2021\\\/05\\\/03\\\/gm-vai-investir-us-1-bilhao-para-fazer-carros-eletricos-no-mexico\\\/\"]}]},{\"@type\":\"BreadcrumbList\",\"@id\":\"https:\\\/\\\/dana.com.br\\\/canaldana\\\/2021\\\/05\\\/03\\\/gm-vai-investir-us-1-bilhao-para-fazer-carros-eletricos-no-mexico\\\/#breadcrumb\",\"itemListElement\":[{\"@type\":\"ListItem\",\"position\":1,\"name\":\"Home\",\"item\":\"https:\\\/\\\/dana.com.br\\\/canaldana\\\/\"},{\"@type\":\"ListItem\",\"position\":2,\"name\":\"El\u00e9tricos\",\"item\":\"https:\\\/\\\/dana.com.br\\\/canaldana\\\/eletricos\\\/\"},{\"@type\":\"ListItem\",\"position\":3,\"name\":\"GM vai investir US$ 1 bilh\u00e3o para fazer carros el\u00e9tricos no M\u00e9xico\"}]},{\"@type\":\"WebSite\",\"@id\":\"https:\\\/\\\/dana.com.br\\\/canaldana\\\/#website\",\"url\":\"https:\\\/\\\/dana.com.br\\\/canaldana\\\/\",\"name\":\"Canal Dana\",\"description\":\"Informativo com as principais not\u00edcias da ind\u00fastria automotiva\",\"potentialAction\":[{\"@type\":\"SearchAction\",\"target\":{\"@type\":\"EntryPoint\",\"urlTemplate\":\"https:\\\/\\\/dana.com.br\\\/canaldana\\\/?s={search_term_string}\"},\"query-input\":{\"@type\":\"PropertyValueSpecification\",\"valueRequired\":true,\"valueName\":\"search_term_string\"}}],\"inLanguage\":\"pt-BR\"},{\"@type\":\"Person\",\"@id\":\"https:\\\/\\\/dana.com.br\\\/canaldana\\\/#\\\/schema\\\/person\\\/3c21f22f56fcf3bc46b94bc60ea4fef6\",\"name\":\"Canal Dana\",\"image\":{\"@type\":\"ImageObject\",\"inLanguage\":\"pt-BR\",\"@id\":\"https:\\\/\\\/secure.gravatar.com\\\/avatar\\\/420aaf9278582877d9018637c6817617705899d2858d7572ef0fe59a6b6454b4?s=96&d=mm&r=g\",\"url\":\"https:\\\/\\\/secure.gravatar.com\\\/avatar\\\/420aaf9278582877d9018637c6817617705899d2858d7572ef0fe59a6b6454b4?s=96&d=mm&r=g\",\"contentUrl\":\"https:\\\/\\\/secure.gravatar.com\\\/avatar\\\/420aaf9278582877d9018637c6817617705899d2858d7572ef0fe59a6b6454b4?s=96&d=mm&r=g\",\"caption\":\"Canal Dana\"},\"url\":\"https:\\\/\\\/dana.com.br\\\/canaldana\\\/author\\\/cdeditor\\\/\"}]}<\/script>\n<!-- \/ Yoast SEO plugin. -->","yoast_head_json":{"title":"GM vai investir US$ 1 bilh\u00e3o para fazer carros el\u00e9tricos no M\u00e9xico - Canal Dana","robots":{"index":"index","follow":"follow","max-snippet":"max-snippet:-1","max-image-preview":"max-image-preview:large","max-video-preview":"max-video-preview:-1"},"canonical":"https:\/\/dana.com.br\/canaldana\/2021\/05\/03\/gm-vai-investir-us-1-bilhao-para-fazer-carros-eletricos-no-mexico\/","og_locale":"pt_BR","og_type":"article","og_title":"GM vai investir US$ 1 bilh\u00e3o para fazer carros el\u00e9tricos no M\u00e9xico - Canal Dana","og_description":"Jornal do Carro &nbsp; A General Motors anunciou que investir\u00e1 US$ 1 bilh\u00e3o (aproximadamente R$ 5,4 bi) na f\u00e1brica em Ramos Arizpe, no M\u00e9xico, para produzir ve\u00edculos el\u00e9tricos. O in\u00edcio da produ\u00e7\u00e3o deve acontecer em 2023, contudo, a GM come\u00e7ar\u00e1 a fabricar componentes e as novas baterias Ultium ainda neste ano. &nbsp; Atualmente, a planta\u2026 Leia mais \u00bb","og_url":"https:\/\/dana.com.br\/canaldana\/2021\/05\/03\/gm-vai-investir-us-1-bilhao-para-fazer-carros-eletricos-no-mexico\/","og_site_name":"Canal Dana","article_published_time":"2021-05-03T11:14:12+00:00","author":"Canal Dana","twitter_card":"summary_large_image","twitter_misc":{"Escrito por":"Canal Dana","Est. tempo de leitura":"2 minutos"},"schema":{"@context":"https:\/\/schema.org","@graph":[{"@type":"Article","@id":"https:\/\/dana.com.br\/canaldana\/2021\/05\/03\/gm-vai-investir-us-1-bilhao-para-fazer-carros-eletricos-no-mexico\/#article","isPartOf":{"@id":"https:\/\/dana.com.br\/canaldana\/2021\/05\/03\/gm-vai-investir-us-1-bilhao-para-fazer-carros-eletricos-no-mexico\/"},"author":{"name":"Canal Dana","@id":"https:\/\/dana.com.br\/canaldana\/#\/schema\/person\/3c21f22f56fcf3bc46b94bc60ea4fef6"},"headline":"GM vai investir US$ 1 bilh\u00e3o para fazer carros el\u00e9tricos no M\u00e9xico","datePublished":"2021-05-03T11:14:12+00:00","mainEntityOfPage":{"@id":"https:\/\/dana.com.br\/canaldana\/2021\/05\/03\/gm-vai-investir-us-1-bilhao-para-fazer-carros-eletricos-no-mexico\/"},"wordCount":383,"articleSection":["El\u00e9tricos"],"inLanguage":"pt-BR"},{"@type":"WebPage","@id":"https:\/\/dana.com.br\/canaldana\/2021\/05\/03\/gm-vai-investir-us-1-bilhao-para-fazer-carros-eletricos-no-mexico\/","url":"https:\/\/dana.com.br\/canaldana\/2021\/05\/03\/gm-vai-investir-us-1-bilhao-para-fazer-carros-eletricos-no-mexico\/","name":"GM vai investir US$ 1 bilh\u00e3o para fazer carros el\u00e9tricos no M\u00e9xico - Canal Dana","isPartOf":{"@id":"https:\/\/dana.com.br\/canaldana\/#website"},"datePublished":"2021-05-03T11:14:12+00:00","author":{"@id":"https:\/\/dana.com.br\/canaldana\/#\/schema\/person\/3c21f22f56fcf3bc46b94bc60ea4fef6"},"breadcrumb":{"@id":"https:\/\/dana.com.br\/canaldana\/2021\/05\/03\/gm-vai-investir-us-1-bilhao-para-fazer-carros-eletricos-no-mexico\/#breadcrumb"},"inLanguage":"pt-BR","potentialAction":[{"@type":"ReadAction","target":["https:\/\/dana.com.br\/canaldana\/2021\/05\/03\/gm-vai-investir-us-1-bilhao-para-fazer-carros-eletricos-no-mexico\/"]}]},{"@type":"BreadcrumbList","@id":"https:\/\/dana.com.br\/canaldana\/2021\/05\/03\/gm-vai-investir-us-1-bilhao-para-fazer-carros-eletricos-no-mexico\/#breadcrumb","itemListElement":[{"@type":"ListItem","position":1,"name":"Home","item":"https:\/\/dana.com.br\/canaldana\/"},{"@type":"ListItem","position":2,"name":"El\u00e9tricos","item":"https:\/\/dana.com.br\/canaldana\/eletricos\/"},{"@type":"ListItem","position":3,"name":"GM vai investir US$ 1 bilh\u00e3o para fazer carros el\u00e9tricos no M\u00e9xico"}]},{"@type":"WebSite","@id":"https:\/\/dana.com.br\/canaldana\/#website","url":"https:\/\/dana.com.br\/canaldana\/","name":"Canal Dana","description":"Informativo com as principais not\u00edcias da ind\u00fastria automotiva","potentialAction":[{"@type":"SearchAction","target":{"@type":"EntryPoint","urlTemplate":"https:\/\/dana.com.br\/canaldana\/?s={search_term_string}"},"query-input":{"@type":"PropertyValueSpecification","valueRequired":true,"valueName":"search_term_string"}}],"inLanguage":"pt-BR"},{"@type":"Person","@id":"https:\/\/dana.com.br\/canaldana\/#\/schema\/person\/3c21f22f56fcf3bc46b94bc60ea4fef6","name":"Canal Dana","image":{"@type":"ImageObject","inLanguage":"pt-BR","@id":"https:\/\/secure.gravatar.com\/avatar\/420aaf9278582877d9018637c6817617705899d2858d7572ef0fe59a6b6454b4?s=96&d=mm&r=g","url":"https:\/\/secure.gravatar.com\/avatar\/420aaf9278582877d9018637c6817617705899d2858d7572ef0fe59a6b6454b4?s=96&d=mm&r=g","contentUrl":"https:\/\/secure.gravatar.com\/avatar\/420aaf9278582877d9018637c6817617705899d2858d7572ef0fe59a6b6454b4?s=96&d=mm&r=g","caption":"Canal Dana"},"url":"https:\/\/dana.com.br\/canaldana\/author\/cdeditor\/"}]}},"_links":{"self":[{"href":"https:\/\/dana.com.br\/canaldana\/wp-json\/wp\/v2\/posts\/49811","targetHints":{"allow":["GET"]}}],"collection":[{"href":"https:\/\/dana.com.br\/canaldana\/wp-json\/wp\/v2\/posts"}],"about":[{"href":"https:\/\/dana.com.br\/canaldana\/wp-json\/wp\/v2\/types\/post"}],"author":[{"embeddable":true,"href":"https:\/\/dana.com.br\/canaldana\/wp-json\/wp\/v2\/users\/3"}],"replies":[{"embeddable":true,"href":"https:\/\/dana.com.br\/canaldana\/wp-json\/wp\/v2\/comments?post=49811"}],"version-history":[{"count":0,"href":"https:\/\/dana.com.br\/canaldana\/wp-json\/wp\/v2\/posts\/49811\/revisions"}],"wp:attachment":[{"href":"https:\/\/dana.com.br\/canaldana\/wp-json\/wp\/v2\/media?parent=49811"}],"wp:term":[{"taxonomy":"category","embeddable":true,"href":"https:\/\/dana.com.br\/canaldana\/wp-json\/wp\/v2\/categories?post=49811"},{"taxonomy":"post_tag","embeddable":true,"href":"https:\/\/dana.com.br\/canaldana\/wp-json\/wp\/v2\/tags?post=49811"}],"curies":[{"name":"wp","href":"https:\/\/api.w.org\/{rel}","templated":true}]}}