{"id":49785,"date":"2021-04-30T08:20:24","date_gmt":"2021-04-30T11:20:24","guid":{"rendered":"https:\/\/dana.com.br\/canaldana\/?p=49785"},"modified":"2021-04-30T08:20:24","modified_gmt":"2021-04-30T11:20:24","slug":"renault-do-brasil-adere-ao-programa-laco-amarelo","status":"publish","type":"post","link":"https:\/\/dana.com.br\/canaldana\/2021\/04\/30\/renault-do-brasil-adere-ao-programa-laco-amarelo\/","title":{"rendered":"Renault do Brasil adere ao Programa La\u00e7o Amarelo"},"content":{"rendered":"<p><em>Coisas de Agora<\/em><\/p>\n<p>&nbsp;<\/p>\n<p>A Renault do Brasil, por meio do Instituto Renault, aderiu ao Programa La\u00e7o Amarelo, uma iniciativa criada pelo Observat\u00f3rio Nacional de Seguran\u00e7a Vi\u00e1ria (ONSV), que tem o objetivo de sensibilizar para reduzir o n\u00famero de acidentes de tr\u00e2nsito no Brasil. Com isso, a Renault do Brasil e o Instituto Renault refor\u00e7am o seu compromisso com seguran\u00e7a por meio de programas e propostas que educam e conscientizam a sociedade sobre uma conviv\u00eancia segura no tr\u00e2nsito.<\/p>\n<p>&nbsp;<\/p>\n<p>De acordo com Jos\u00e9 Aur\u00e9lio Ramalho, diretor-presidente do ONSV, \u201ca ades\u00e3o da Renault ao programa La\u00e7o Amarelo demonstra a responsabilidade social da marca alinhada com o chamamento mundial da ONU e OMS para redu\u00e7\u00e3o do n\u00famero de acidentes de tr\u00e2nsito que matam e machucam tantas pessoas n\u00e3o s\u00f3 no Brasil, como tamb\u00e9m no mundo. Bem-vinda Renault\u201d.<\/p>\n<p>&nbsp;<\/p>\n<p>O Programa La\u00e7o Amarelo \u00e9 um desdobramento do Movimento Maio Amarelo, criado pelo ONSV, que busca expandir a comunica\u00e7\u00e3o de iniciativas de seguran\u00e7a vi\u00e1ria nos outros meses do ano, conscientizando a popula\u00e7\u00e3o por meio de conte\u00fados desenvolvidos por especialistas do Observat\u00f3rio.<\/p>\n<p>&nbsp;<\/p>\n<p>\u201cCom essa ades\u00e3o, a Renault do Brasil refor\u00e7a seu compromisso com a\u00e7\u00f5es concretas de educa\u00e7\u00e3o para a seguran\u00e7a no tr\u00e2nsito, ampliando suas iniciativas para construir uma conviv\u00eancia mais harmoniosa entre os diferentes atores do tr\u00e2nsito\u201d, explica Caique Ferreira, vice-presidente do Instituto Renault e diretor de Comunica\u00e7\u00e3o da Renault do Brasil.<\/p>\n<p>&nbsp;<\/p>\n<p>A ades\u00e3o ao programa soma-se \u00e0 outras iniciativas do Instituto Renault, como o programa O Tr\u00e2nsito e Eu, realizado desde 2012 no Brasil, e que busca sensibilizar as crian\u00e7as para a conviv\u00eancia segura no tr\u00e2nsito, contribuindo para a constru\u00e7\u00e3o da cidadania. O programa global do Renault Group j\u00e1 beneficiou mais de 15 milh\u00f5es de crian\u00e7as e jovens em 35 pa\u00edses. No Brasil, mais de 260 mil alunos j\u00e1 participaram do programa, em oito munic\u00edpios brasileiros que mant\u00e9m atividades permanentes e em a\u00e7\u00f5es itinerantes.<\/p>\n<p>&nbsp;<\/p>\n<p>Dentre os materiais do programa O Tr\u00e2nsito e Eu disponibilizados, est\u00e3o cartilhas, jogos e atividades com realidade virtual, que podem ser acessados por tablet ou celulares, permitindo um aprendizado l\u00fadico, bem como a\u00e7\u00f5es cont\u00ednuas ou itinerantes das minicidades. Essas estruturas transportam as crian\u00e7as para uma viv\u00eancia pr\u00e1tica sobre cidadania, seguran\u00e7a no tr\u00e2nsito, mobilidade urbana, sustentabilidade e respeito \u00e0s diferen\u00e7as.<\/p>\n<p>&nbsp;<\/p>\n<p><strong>Instituto Renault<\/strong><\/p>\n<p>&nbsp;<\/p>\n<p>Fundado em 2010, o Instituto Renault j\u00e1 impactou mais de 755 mil pessoas, atuando em dois eixos: Inclus\u00e3o e Mobilidade Sustent\u00e1vel.<\/p>\n<p>&nbsp;<\/p>\n<p>No eixo Inclus\u00e3o, o Instituto Renault apoia a Associa\u00e7\u00e3o Borda Viva, para promo\u00e7\u00e3o do desenvolvimento social, da seguran\u00e7a alimentar para crian\u00e7as e do empoderamento feminino por meio do empreendedorismo e da gera\u00e7\u00e3o de renda. O Instituto tamb\u00e9m promove o Renault Experience, projeto que tem como objetivo estimular o empreendedorismo e a inova\u00e7\u00e3o entre universit\u00e1rios de todo o pa\u00eds na busca por solu\u00e7\u00f5es que facilitem o dia a dia da sociedade. Desde 2018, al\u00e9m da categoria Solu\u00e7\u00f5es de Mobilidade, foram criadas duas novas: Neg\u00f3cios Sociais e Desafio Twizy.<\/p>\n<p>&nbsp;<\/p>\n<p>No eixo Mobilidade Sustent\u00e1vel, destaque para o Programa \u201cO Tr\u00e2nsito e Eu\u201d, de educa\u00e7\u00e3o para seguran\u00e7a no tr\u00e2nsito, presente de forma permanente em oito munic\u00edpios do pa\u00eds: Curitiba, S\u00e3o Jos\u00e9 dos Pinhais, Maring\u00e1 e Arapongas, no Paran\u00e1; Pelotas (RS); al\u00e9m das cidades paulistas de S\u00e3o Bernardo do Campo, Santa B\u00e1rbara d\u2019Oeste e S\u00e3o Paulo, capital. O programa tamb\u00e9m desenvolve a\u00e7\u00f5es itinerantes em parques, shoppings e eventos. Cerca de 200 mil crian\u00e7as de 4 mil escolas pelo Brasil j\u00e1 foram impactadas pela iniciativa e mais de 5 mil professores passaram pela forma\u00e7\u00e3o. No mesmo eixo, a Renault j\u00e1 comercializou cerca de 300 ve\u00edculos 100% el\u00e9tricos no Brasil a empresas que possuem projetos relacionados \u00e0 mobilidade zero emiss\u00e3o.<\/p>\n<p>&nbsp;<\/p>\n<p><strong>Visite<\/strong><\/p>\n<p><strong>\u00a0<\/strong><\/p>\n<p><strong>Instituto Renault \u2013<\/strong> <a href=\"http:\/\/www.institutorenault.com.br\" target=\"_blank\" rel=\"noopener noreferrer\">http:\/\/www.institutorenault.com.br<\/a>.<\/p>\n<p><strong>Observat\u00f3rio Nacional de Seguran\u00e7a Vi\u00e1ria \u2013<\/strong> <a href=\"http:\/\/www.institutorenault.com.br\" target=\"_blank\" rel=\"noopener noreferrer\">http:\/\/www.institutorenault.com.br<\/a>.<\/p>\n<p><strong>La\u00e7o Amarelo \u2013<\/strong> <a href=\"http:\/\/www.institutorenault.com.br\" target=\"_blank\" rel=\"noopener noreferrer\">http\/\/www.lacoamarelo.org.br<\/a>.<\/p>\n<p>(Coisas de Agora)<\/p>\n","protected":false},"excerpt":{"rendered":"<p>Coisas de Agora &nbsp; A Renault do Brasil, por meio do Instituto Renault, aderiu ao Programa La\u00e7o Amarelo, uma iniciativa criada pelo Observat\u00f3rio Nacional de Seguran\u00e7a Vi\u00e1ria (ONSV), que tem o objetivo de sensibilizar para reduzir o n\u00famero de acidentes de tr\u00e2nsito no Brasil. Com isso, a Renault do Brasil e o Instituto Renault refor\u00e7am\u2026 <a class=\"readmore\" href=\"https:\/\/dana.com.br\/canaldana\/2021\/04\/30\/renault-do-brasil-adere-ao-programa-laco-amarelo\/\">Leia mais \u00bb<\/a><\/p>\n","protected":false},"author":3,"featured_media":0,"comment_status":"closed","ping_status":"closed","sticky":false,"template":"","format":"standard","meta":{"_acf_changed":false,"footnotes":""},"categories":[79],"tags":[],"class_list":["post-49785","post","type-post","status-publish","format-standard","hentry","category-mercado"],"acf":[],"yoast_head":"<!-- This site is optimized with the Yoast SEO plugin v27.3 - https:\/\/yoast.com\/product\/yoast-seo-wordpress\/ -->\n<title>Renault do Brasil adere ao Programa La\u00e7o Amarelo - Canal Dana<\/title>\n<meta name=\"robots\" content=\"index, follow, max-snippet:-1, max-image-preview:large, max-video-preview:-1\" \/>\n<link rel=\"canonical\" href=\"https:\/\/dana.com.br\/canaldana\/2021\/04\/30\/renault-do-brasil-adere-ao-programa-laco-amarelo\/\" \/>\n<meta property=\"og:locale\" content=\"pt_BR\" \/>\n<meta property=\"og:type\" content=\"article\" \/>\n<meta property=\"og:title\" content=\"Renault do Brasil adere ao Programa La\u00e7o Amarelo - Canal Dana\" \/>\n<meta property=\"og:description\" content=\"Coisas de Agora &nbsp; A Renault do Brasil, por meio do Instituto Renault, aderiu ao Programa La\u00e7o Amarelo, uma iniciativa criada pelo Observat\u00f3rio Nacional de Seguran\u00e7a Vi\u00e1ria (ONSV), que tem o objetivo de sensibilizar para reduzir o n\u00famero de acidentes de tr\u00e2nsito no Brasil. Com isso, a Renault do Brasil e o Instituto Renault refor\u00e7am\u2026 Leia mais \u00bb\" \/>\n<meta property=\"og:url\" content=\"https:\/\/dana.com.br\/canaldana\/2021\/04\/30\/renault-do-brasil-adere-ao-programa-laco-amarelo\/\" \/>\n<meta property=\"og:site_name\" content=\"Canal Dana\" \/>\n<meta property=\"article:published_time\" content=\"2021-04-30T11:20:24+00:00\" \/>\n<meta name=\"author\" content=\"Canal Dana\" \/>\n<meta name=\"twitter:card\" content=\"summary_large_image\" \/>\n<meta name=\"twitter:label1\" content=\"Escrito por\" \/>\n\t<meta name=\"twitter:data1\" content=\"Canal Dana\" \/>\n\t<meta name=\"twitter:label2\" content=\"Est. tempo de leitura\" \/>\n\t<meta name=\"twitter:data2\" content=\"4 minutos\" \/>\n<script type=\"application\/ld+json\" class=\"yoast-schema-graph\">{\"@context\":\"https:\\\/\\\/schema.org\",\"@graph\":[{\"@type\":\"Article\",\"@id\":\"https:\\\/\\\/dana.com.br\\\/canaldana\\\/2021\\\/04\\\/30\\\/renault-do-brasil-adere-ao-programa-laco-amarelo\\\/#article\",\"isPartOf\":{\"@id\":\"https:\\\/\\\/dana.com.br\\\/canaldana\\\/2021\\\/04\\\/30\\\/renault-do-brasil-adere-ao-programa-laco-amarelo\\\/\"},\"author\":{\"name\":\"Canal Dana\",\"@id\":\"https:\\\/\\\/dana.com.br\\\/canaldana\\\/#\\\/schema\\\/person\\\/3c21f22f56fcf3bc46b94bc60ea4fef6\"},\"headline\":\"Renault do Brasil adere ao Programa La\u00e7o Amarelo\",\"datePublished\":\"2021-04-30T11:20:24+00:00\",\"mainEntityOfPage\":{\"@id\":\"https:\\\/\\\/dana.com.br\\\/canaldana\\\/2021\\\/04\\\/30\\\/renault-do-brasil-adere-ao-programa-laco-amarelo\\\/\"},\"wordCount\":722,\"articleSection\":[\"Mercado\"],\"inLanguage\":\"pt-BR\"},{\"@type\":\"WebPage\",\"@id\":\"https:\\\/\\\/dana.com.br\\\/canaldana\\\/2021\\\/04\\\/30\\\/renault-do-brasil-adere-ao-programa-laco-amarelo\\\/\",\"url\":\"https:\\\/\\\/dana.com.br\\\/canaldana\\\/2021\\\/04\\\/30\\\/renault-do-brasil-adere-ao-programa-laco-amarelo\\\/\",\"name\":\"Renault do Brasil adere ao Programa La\u00e7o Amarelo - Canal Dana\",\"isPartOf\":{\"@id\":\"https:\\\/\\\/dana.com.br\\\/canaldana\\\/#website\"},\"datePublished\":\"2021-04-30T11:20:24+00:00\",\"author\":{\"@id\":\"https:\\\/\\\/dana.com.br\\\/canaldana\\\/#\\\/schema\\\/person\\\/3c21f22f56fcf3bc46b94bc60ea4fef6\"},\"breadcrumb\":{\"@id\":\"https:\\\/\\\/dana.com.br\\\/canaldana\\\/2021\\\/04\\\/30\\\/renault-do-brasil-adere-ao-programa-laco-amarelo\\\/#breadcrumb\"},\"inLanguage\":\"pt-BR\",\"potentialAction\":[{\"@type\":\"ReadAction\",\"target\":[\"https:\\\/\\\/dana.com.br\\\/canaldana\\\/2021\\\/04\\\/30\\\/renault-do-brasil-adere-ao-programa-laco-amarelo\\\/\"]}]},{\"@type\":\"BreadcrumbList\",\"@id\":\"https:\\\/\\\/dana.com.br\\\/canaldana\\\/2021\\\/04\\\/30\\\/renault-do-brasil-adere-ao-programa-laco-amarelo\\\/#breadcrumb\",\"itemListElement\":[{\"@type\":\"ListItem\",\"position\":1,\"name\":\"Home\",\"item\":\"https:\\\/\\\/dana.com.br\\\/canaldana\\\/\"},{\"@type\":\"ListItem\",\"position\":2,\"name\":\"Mercado\",\"item\":\"https:\\\/\\\/dana.com.br\\\/canaldana\\\/mercado\\\/\"},{\"@type\":\"ListItem\",\"position\":3,\"name\":\"Renault do Brasil adere ao Programa La\u00e7o Amarelo\"}]},{\"@type\":\"WebSite\",\"@id\":\"https:\\\/\\\/dana.com.br\\\/canaldana\\\/#website\",\"url\":\"https:\\\/\\\/dana.com.br\\\/canaldana\\\/\",\"name\":\"Canal Dana\",\"description\":\"Informativo com as principais not\u00edcias da ind\u00fastria automotiva\",\"potentialAction\":[{\"@type\":\"SearchAction\",\"target\":{\"@type\":\"EntryPoint\",\"urlTemplate\":\"https:\\\/\\\/dana.com.br\\\/canaldana\\\/?s={search_term_string}\"},\"query-input\":{\"@type\":\"PropertyValueSpecification\",\"valueRequired\":true,\"valueName\":\"search_term_string\"}}],\"inLanguage\":\"pt-BR\"},{\"@type\":\"Person\",\"@id\":\"https:\\\/\\\/dana.com.br\\\/canaldana\\\/#\\\/schema\\\/person\\\/3c21f22f56fcf3bc46b94bc60ea4fef6\",\"name\":\"Canal Dana\",\"image\":{\"@type\":\"ImageObject\",\"inLanguage\":\"pt-BR\",\"@id\":\"https:\\\/\\\/secure.gravatar.com\\\/avatar\\\/420aaf9278582877d9018637c6817617705899d2858d7572ef0fe59a6b6454b4?s=96&d=mm&r=g\",\"url\":\"https:\\\/\\\/secure.gravatar.com\\\/avatar\\\/420aaf9278582877d9018637c6817617705899d2858d7572ef0fe59a6b6454b4?s=96&d=mm&r=g\",\"contentUrl\":\"https:\\\/\\\/secure.gravatar.com\\\/avatar\\\/420aaf9278582877d9018637c6817617705899d2858d7572ef0fe59a6b6454b4?s=96&d=mm&r=g\",\"caption\":\"Canal Dana\"},\"url\":\"https:\\\/\\\/dana.com.br\\\/canaldana\\\/author\\\/cdeditor\\\/\"}]}<\/script>\n<!-- \/ Yoast SEO plugin. -->","yoast_head_json":{"title":"Renault do Brasil adere ao Programa La\u00e7o Amarelo - Canal Dana","robots":{"index":"index","follow":"follow","max-snippet":"max-snippet:-1","max-image-preview":"max-image-preview:large","max-video-preview":"max-video-preview:-1"},"canonical":"https:\/\/dana.com.br\/canaldana\/2021\/04\/30\/renault-do-brasil-adere-ao-programa-laco-amarelo\/","og_locale":"pt_BR","og_type":"article","og_title":"Renault do Brasil adere ao Programa La\u00e7o Amarelo - Canal Dana","og_description":"Coisas de Agora &nbsp; A Renault do Brasil, por meio do Instituto Renault, aderiu ao Programa La\u00e7o Amarelo, uma iniciativa criada pelo Observat\u00f3rio Nacional de Seguran\u00e7a Vi\u00e1ria (ONSV), que tem o objetivo de sensibilizar para reduzir o n\u00famero de acidentes de tr\u00e2nsito no Brasil. Com isso, a Renault do Brasil e o Instituto Renault refor\u00e7am\u2026 Leia mais \u00bb","og_url":"https:\/\/dana.com.br\/canaldana\/2021\/04\/30\/renault-do-brasil-adere-ao-programa-laco-amarelo\/","og_site_name":"Canal Dana","article_published_time":"2021-04-30T11:20:24+00:00","author":"Canal Dana","twitter_card":"summary_large_image","twitter_misc":{"Escrito por":"Canal Dana","Est. tempo de leitura":"4 minutos"},"schema":{"@context":"https:\/\/schema.org","@graph":[{"@type":"Article","@id":"https:\/\/dana.com.br\/canaldana\/2021\/04\/30\/renault-do-brasil-adere-ao-programa-laco-amarelo\/#article","isPartOf":{"@id":"https:\/\/dana.com.br\/canaldana\/2021\/04\/30\/renault-do-brasil-adere-ao-programa-laco-amarelo\/"},"author":{"name":"Canal Dana","@id":"https:\/\/dana.com.br\/canaldana\/#\/schema\/person\/3c21f22f56fcf3bc46b94bc60ea4fef6"},"headline":"Renault do Brasil adere ao Programa La\u00e7o Amarelo","datePublished":"2021-04-30T11:20:24+00:00","mainEntityOfPage":{"@id":"https:\/\/dana.com.br\/canaldana\/2021\/04\/30\/renault-do-brasil-adere-ao-programa-laco-amarelo\/"},"wordCount":722,"articleSection":["Mercado"],"inLanguage":"pt-BR"},{"@type":"WebPage","@id":"https:\/\/dana.com.br\/canaldana\/2021\/04\/30\/renault-do-brasil-adere-ao-programa-laco-amarelo\/","url":"https:\/\/dana.com.br\/canaldana\/2021\/04\/30\/renault-do-brasil-adere-ao-programa-laco-amarelo\/","name":"Renault do Brasil adere ao Programa La\u00e7o Amarelo - Canal Dana","isPartOf":{"@id":"https:\/\/dana.com.br\/canaldana\/#website"},"datePublished":"2021-04-30T11:20:24+00:00","author":{"@id":"https:\/\/dana.com.br\/canaldana\/#\/schema\/person\/3c21f22f56fcf3bc46b94bc60ea4fef6"},"breadcrumb":{"@id":"https:\/\/dana.com.br\/canaldana\/2021\/04\/30\/renault-do-brasil-adere-ao-programa-laco-amarelo\/#breadcrumb"},"inLanguage":"pt-BR","potentialAction":[{"@type":"ReadAction","target":["https:\/\/dana.com.br\/canaldana\/2021\/04\/30\/renault-do-brasil-adere-ao-programa-laco-amarelo\/"]}]},{"@type":"BreadcrumbList","@id":"https:\/\/dana.com.br\/canaldana\/2021\/04\/30\/renault-do-brasil-adere-ao-programa-laco-amarelo\/#breadcrumb","itemListElement":[{"@type":"ListItem","position":1,"name":"Home","item":"https:\/\/dana.com.br\/canaldana\/"},{"@type":"ListItem","position":2,"name":"Mercado","item":"https:\/\/dana.com.br\/canaldana\/mercado\/"},{"@type":"ListItem","position":3,"name":"Renault do Brasil adere ao Programa La\u00e7o Amarelo"}]},{"@type":"WebSite","@id":"https:\/\/dana.com.br\/canaldana\/#website","url":"https:\/\/dana.com.br\/canaldana\/","name":"Canal Dana","description":"Informativo com as principais not\u00edcias da ind\u00fastria automotiva","potentialAction":[{"@type":"SearchAction","target":{"@type":"EntryPoint","urlTemplate":"https:\/\/dana.com.br\/canaldana\/?s={search_term_string}"},"query-input":{"@type":"PropertyValueSpecification","valueRequired":true,"valueName":"search_term_string"}}],"inLanguage":"pt-BR"},{"@type":"Person","@id":"https:\/\/dana.com.br\/canaldana\/#\/schema\/person\/3c21f22f56fcf3bc46b94bc60ea4fef6","name":"Canal Dana","image":{"@type":"ImageObject","inLanguage":"pt-BR","@id":"https:\/\/secure.gravatar.com\/avatar\/420aaf9278582877d9018637c6817617705899d2858d7572ef0fe59a6b6454b4?s=96&d=mm&r=g","url":"https:\/\/secure.gravatar.com\/avatar\/420aaf9278582877d9018637c6817617705899d2858d7572ef0fe59a6b6454b4?s=96&d=mm&r=g","contentUrl":"https:\/\/secure.gravatar.com\/avatar\/420aaf9278582877d9018637c6817617705899d2858d7572ef0fe59a6b6454b4?s=96&d=mm&r=g","caption":"Canal Dana"},"url":"https:\/\/dana.com.br\/canaldana\/author\/cdeditor\/"}]}},"_links":{"self":[{"href":"https:\/\/dana.com.br\/canaldana\/wp-json\/wp\/v2\/posts\/49785","targetHints":{"allow":["GET"]}}],"collection":[{"href":"https:\/\/dana.com.br\/canaldana\/wp-json\/wp\/v2\/posts"}],"about":[{"href":"https:\/\/dana.com.br\/canaldana\/wp-json\/wp\/v2\/types\/post"}],"author":[{"embeddable":true,"href":"https:\/\/dana.com.br\/canaldana\/wp-json\/wp\/v2\/users\/3"}],"replies":[{"embeddable":true,"href":"https:\/\/dana.com.br\/canaldana\/wp-json\/wp\/v2\/comments?post=49785"}],"version-history":[{"count":0,"href":"https:\/\/dana.com.br\/canaldana\/wp-json\/wp\/v2\/posts\/49785\/revisions"}],"wp:attachment":[{"href":"https:\/\/dana.com.br\/canaldana\/wp-json\/wp\/v2\/media?parent=49785"}],"wp:term":[{"taxonomy":"category","embeddable":true,"href":"https:\/\/dana.com.br\/canaldana\/wp-json\/wp\/v2\/categories?post=49785"},{"taxonomy":"post_tag","embeddable":true,"href":"https:\/\/dana.com.br\/canaldana\/wp-json\/wp\/v2\/tags?post=49785"}],"curies":[{"name":"wp","href":"https:\/\/api.w.org\/{rel}","templated":true}]}}