{"id":49781,"date":"2021-04-30T08:18:56","date_gmt":"2021-04-30T11:18:56","guid":{"rendered":"https:\/\/dana.com.br\/canaldana\/?p=49781"},"modified":"2021-04-30T08:18:56","modified_gmt":"2021-04-30T11:18:56","slug":"cummins-e-plus-juntas-em-caminhoes-autonomos-a-gas","status":"publish","type":"post","link":"https:\/\/dana.com.br\/canaldana\/2021\/04\/30\/cummins-e-plus-juntas-em-caminhoes-autonomos-a-gas\/","title":{"rendered":"Cummins e Plus juntas em caminh\u00f5es aut\u00f4nomos a g\u00e1s"},"content":{"rendered":"<p><em>AutoInd\u00fastria<\/em><\/p>\n<p>&nbsp;<\/p>\n<p>A Cummins e a empresa de tecnologia Plus anunciaram uma parceria para o desenvolvimento de caminh\u00f5es aut\u00f4nomos, ainda supervisionados por motoristas, equipados com motores a g\u00e1s natural. A iniciativa \u00e9 in\u00e9dita na ind\u00fastria de ve\u00edculos ao incluir o combust\u00edvel no projeto. Pelo planejamento, as empresas esperam poder oferecer a novidade ao mercado transportador em 2022.<\/p>\n<p>&nbsp;<\/p>\n<p>Nos pilares do desenvolvimento est\u00e3o os motores a g\u00e1s natural comprimido Near Zero da Cummins que, segundo a fabricante emitem 90% menos Nox em rela\u00e7\u00e3o ao limite estabelecido pela EPA, a ag\u00eancia de prote\u00e7\u00e3o ambiental dos Estados Unidos.\u00a0 Integrados aos caminh\u00f5es, entra em cena a Plus com o sistema de dire\u00e7\u00e3o aut\u00f4nomo supervisionado chamado Plus Drive.<\/p>\n<p>&nbsp;<\/p>\n<p>As empresas entendem que a parceria providenciar\u00e1 mais um caminho no processo de alcan\u00e7ar de maneira mais r\u00e1pida as metas de redu\u00e7\u00e3o de emiss\u00f5es. \u201cIntegrar os motores movidos a g\u00e1s natural aos caminh\u00f5es aut\u00f4nomos supervisionados permite um novo tipo de solu\u00e7\u00e3o de transporte e oferece aos clientes op\u00e7\u00f5es ainda maiores para cumprir suas metas de emiss\u00f5es\u201d, resume em nota J. Michael Taylor, gerente geral de Integra\u00e7\u00e3o Global de Powertrain da Cummins Inc. \u201c\u00c9 a pr\u00f3xima etapa l\u00f3gica para fornecer aos clientes solu\u00e7\u00f5es que se alinham com seus requisitos espec\u00edficos de neg\u00f3cios.\u201d<\/p>\n<p>&nbsp;<\/p>\n<p>\u201cO transporte sustent\u00e1vel \u00e9 bom para os neg\u00f3cios e para a humanidade. Esta \u00e9 uma colabora\u00e7\u00e3o extraordin\u00e1ria que re\u00fane duas excelentes equipes de engenharia para criar uma solu\u00e7\u00e3o inovadora e pronta para a produ\u00e7\u00e3o que ter\u00e1 um enorme impacto comercial e ambiental\u201d, completa Shawn Kerrigan, COO e cofundador da Plus.<\/p>\n<p>&nbsp;<\/p>\n<p>A empresa do Vale do Sil\u00edcio come\u00e7ar\u00e1 a produ\u00e7\u00e3o em massa do PlusDrive a partir do segundo semestre deste ano, com planos de tamb\u00e9m fornecer a solu\u00e7\u00e3o nos Estados Unidos, China, Europa e outros mercados asi\u00e1ticos.\u00a0 O sistema j\u00e1 se encontra em diversas frotas pelo mundo e tem apresentado benef\u00edcios em seguran\u00e7a, menores custos de combust\u00edvel, mais conforto e menos emiss\u00f5es de carbono. (AutoInd\u00fastria)<\/p>\n","protected":false},"excerpt":{"rendered":"<p>AutoInd\u00fastria &nbsp; A Cummins e a empresa de tecnologia Plus anunciaram uma parceria para o desenvolvimento de caminh\u00f5es aut\u00f4nomos, ainda supervisionados por motoristas, equipados com motores a g\u00e1s natural. A iniciativa \u00e9 in\u00e9dita na ind\u00fastria de ve\u00edculos ao incluir o combust\u00edvel no projeto. Pelo planejamento, as empresas esperam poder oferecer a novidade ao mercado transportador\u2026 <a class=\"readmore\" href=\"https:\/\/dana.com.br\/canaldana\/2021\/04\/30\/cummins-e-plus-juntas-em-caminhoes-autonomos-a-gas\/\">Leia mais \u00bb<\/a><\/p>\n","protected":false},"author":3,"featured_media":0,"comment_status":"closed","ping_status":"closed","sticky":false,"template":"","format":"standard","meta":{"_acf_changed":false,"footnotes":""},"categories":[79],"tags":[],"class_list":["post-49781","post","type-post","status-publish","format-standard","hentry","category-mercado"],"acf":[],"yoast_head":"<!-- This site is optimized with the Yoast SEO plugin v27.3 - https:\/\/yoast.com\/product\/yoast-seo-wordpress\/ -->\n<title>Cummins e Plus juntas em caminh\u00f5es aut\u00f4nomos a g\u00e1s - Canal Dana<\/title>\n<meta name=\"robots\" content=\"index, follow, max-snippet:-1, max-image-preview:large, max-video-preview:-1\" \/>\n<link rel=\"canonical\" href=\"https:\/\/dana.com.br\/canaldana\/2021\/04\/30\/cummins-e-plus-juntas-em-caminhoes-autonomos-a-gas\/\" \/>\n<meta property=\"og:locale\" content=\"pt_BR\" \/>\n<meta property=\"og:type\" content=\"article\" \/>\n<meta property=\"og:title\" content=\"Cummins e Plus juntas em caminh\u00f5es aut\u00f4nomos a g\u00e1s - Canal Dana\" \/>\n<meta property=\"og:description\" content=\"AutoInd\u00fastria &nbsp; A Cummins e a empresa de tecnologia Plus anunciaram uma parceria para o desenvolvimento de caminh\u00f5es aut\u00f4nomos, ainda supervisionados por motoristas, equipados com motores a g\u00e1s natural. A iniciativa \u00e9 in\u00e9dita na ind\u00fastria de ve\u00edculos ao incluir o combust\u00edvel no projeto. Pelo planejamento, as empresas esperam poder oferecer a novidade ao mercado transportador\u2026 Leia mais \u00bb\" \/>\n<meta property=\"og:url\" content=\"https:\/\/dana.com.br\/canaldana\/2021\/04\/30\/cummins-e-plus-juntas-em-caminhoes-autonomos-a-gas\/\" \/>\n<meta property=\"og:site_name\" content=\"Canal Dana\" \/>\n<meta property=\"article:published_time\" content=\"2021-04-30T11:18:56+00:00\" \/>\n<meta name=\"author\" content=\"Canal Dana\" \/>\n<meta name=\"twitter:card\" content=\"summary_large_image\" \/>\n<meta name=\"twitter:label1\" content=\"Escrito por\" \/>\n\t<meta name=\"twitter:data1\" content=\"Canal Dana\" \/>\n\t<meta name=\"twitter:label2\" content=\"Est. tempo de leitura\" \/>\n\t<meta name=\"twitter:data2\" content=\"2 minutos\" \/>\n<script type=\"application\/ld+json\" class=\"yoast-schema-graph\">{\"@context\":\"https:\\\/\\\/schema.org\",\"@graph\":[{\"@type\":\"Article\",\"@id\":\"https:\\\/\\\/dana.com.br\\\/canaldana\\\/2021\\\/04\\\/30\\\/cummins-e-plus-juntas-em-caminhoes-autonomos-a-gas\\\/#article\",\"isPartOf\":{\"@id\":\"https:\\\/\\\/dana.com.br\\\/canaldana\\\/2021\\\/04\\\/30\\\/cummins-e-plus-juntas-em-caminhoes-autonomos-a-gas\\\/\"},\"author\":{\"name\":\"Canal Dana\",\"@id\":\"https:\\\/\\\/dana.com.br\\\/canaldana\\\/#\\\/schema\\\/person\\\/3c21f22f56fcf3bc46b94bc60ea4fef6\"},\"headline\":\"Cummins e Plus juntas em caminh\u00f5es aut\u00f4nomos a g\u00e1s\",\"datePublished\":\"2021-04-30T11:18:56+00:00\",\"mainEntityOfPage\":{\"@id\":\"https:\\\/\\\/dana.com.br\\\/canaldana\\\/2021\\\/04\\\/30\\\/cummins-e-plus-juntas-em-caminhoes-autonomos-a-gas\\\/\"},\"wordCount\":378,\"articleSection\":[\"Mercado\"],\"inLanguage\":\"pt-BR\"},{\"@type\":\"WebPage\",\"@id\":\"https:\\\/\\\/dana.com.br\\\/canaldana\\\/2021\\\/04\\\/30\\\/cummins-e-plus-juntas-em-caminhoes-autonomos-a-gas\\\/\",\"url\":\"https:\\\/\\\/dana.com.br\\\/canaldana\\\/2021\\\/04\\\/30\\\/cummins-e-plus-juntas-em-caminhoes-autonomos-a-gas\\\/\",\"name\":\"Cummins e Plus juntas em caminh\u00f5es aut\u00f4nomos a g\u00e1s - Canal Dana\",\"isPartOf\":{\"@id\":\"https:\\\/\\\/dana.com.br\\\/canaldana\\\/#website\"},\"datePublished\":\"2021-04-30T11:18:56+00:00\",\"author\":{\"@id\":\"https:\\\/\\\/dana.com.br\\\/canaldana\\\/#\\\/schema\\\/person\\\/3c21f22f56fcf3bc46b94bc60ea4fef6\"},\"breadcrumb\":{\"@id\":\"https:\\\/\\\/dana.com.br\\\/canaldana\\\/2021\\\/04\\\/30\\\/cummins-e-plus-juntas-em-caminhoes-autonomos-a-gas\\\/#breadcrumb\"},\"inLanguage\":\"pt-BR\",\"potentialAction\":[{\"@type\":\"ReadAction\",\"target\":[\"https:\\\/\\\/dana.com.br\\\/canaldana\\\/2021\\\/04\\\/30\\\/cummins-e-plus-juntas-em-caminhoes-autonomos-a-gas\\\/\"]}]},{\"@type\":\"BreadcrumbList\",\"@id\":\"https:\\\/\\\/dana.com.br\\\/canaldana\\\/2021\\\/04\\\/30\\\/cummins-e-plus-juntas-em-caminhoes-autonomos-a-gas\\\/#breadcrumb\",\"itemListElement\":[{\"@type\":\"ListItem\",\"position\":1,\"name\":\"Home\",\"item\":\"https:\\\/\\\/dana.com.br\\\/canaldana\\\/\"},{\"@type\":\"ListItem\",\"position\":2,\"name\":\"Mercado\",\"item\":\"https:\\\/\\\/dana.com.br\\\/canaldana\\\/mercado\\\/\"},{\"@type\":\"ListItem\",\"position\":3,\"name\":\"Cummins e Plus juntas em caminh\u00f5es aut\u00f4nomos a g\u00e1s\"}]},{\"@type\":\"WebSite\",\"@id\":\"https:\\\/\\\/dana.com.br\\\/canaldana\\\/#website\",\"url\":\"https:\\\/\\\/dana.com.br\\\/canaldana\\\/\",\"name\":\"Canal Dana\",\"description\":\"Informativo com as principais not\u00edcias da ind\u00fastria automotiva\",\"potentialAction\":[{\"@type\":\"SearchAction\",\"target\":{\"@type\":\"EntryPoint\",\"urlTemplate\":\"https:\\\/\\\/dana.com.br\\\/canaldana\\\/?s={search_term_string}\"},\"query-input\":{\"@type\":\"PropertyValueSpecification\",\"valueRequired\":true,\"valueName\":\"search_term_string\"}}],\"inLanguage\":\"pt-BR\"},{\"@type\":\"Person\",\"@id\":\"https:\\\/\\\/dana.com.br\\\/canaldana\\\/#\\\/schema\\\/person\\\/3c21f22f56fcf3bc46b94bc60ea4fef6\",\"name\":\"Canal Dana\",\"image\":{\"@type\":\"ImageObject\",\"inLanguage\":\"pt-BR\",\"@id\":\"https:\\\/\\\/secure.gravatar.com\\\/avatar\\\/420aaf9278582877d9018637c6817617705899d2858d7572ef0fe59a6b6454b4?s=96&d=mm&r=g\",\"url\":\"https:\\\/\\\/secure.gravatar.com\\\/avatar\\\/420aaf9278582877d9018637c6817617705899d2858d7572ef0fe59a6b6454b4?s=96&d=mm&r=g\",\"contentUrl\":\"https:\\\/\\\/secure.gravatar.com\\\/avatar\\\/420aaf9278582877d9018637c6817617705899d2858d7572ef0fe59a6b6454b4?s=96&d=mm&r=g\",\"caption\":\"Canal Dana\"},\"url\":\"https:\\\/\\\/dana.com.br\\\/canaldana\\\/author\\\/cdeditor\\\/\"}]}<\/script>\n<!-- \/ Yoast SEO plugin. -->","yoast_head_json":{"title":"Cummins e Plus juntas em caminh\u00f5es aut\u00f4nomos a g\u00e1s - Canal Dana","robots":{"index":"index","follow":"follow","max-snippet":"max-snippet:-1","max-image-preview":"max-image-preview:large","max-video-preview":"max-video-preview:-1"},"canonical":"https:\/\/dana.com.br\/canaldana\/2021\/04\/30\/cummins-e-plus-juntas-em-caminhoes-autonomos-a-gas\/","og_locale":"pt_BR","og_type":"article","og_title":"Cummins e Plus juntas em caminh\u00f5es aut\u00f4nomos a g\u00e1s - Canal Dana","og_description":"AutoInd\u00fastria &nbsp; A Cummins e a empresa de tecnologia Plus anunciaram uma parceria para o desenvolvimento de caminh\u00f5es aut\u00f4nomos, ainda supervisionados por motoristas, equipados com motores a g\u00e1s natural. A iniciativa \u00e9 in\u00e9dita na ind\u00fastria de ve\u00edculos ao incluir o combust\u00edvel no projeto. Pelo planejamento, as empresas esperam poder oferecer a novidade ao mercado transportador\u2026 Leia mais \u00bb","og_url":"https:\/\/dana.com.br\/canaldana\/2021\/04\/30\/cummins-e-plus-juntas-em-caminhoes-autonomos-a-gas\/","og_site_name":"Canal Dana","article_published_time":"2021-04-30T11:18:56+00:00","author":"Canal Dana","twitter_card":"summary_large_image","twitter_misc":{"Escrito por":"Canal Dana","Est. tempo de leitura":"2 minutos"},"schema":{"@context":"https:\/\/schema.org","@graph":[{"@type":"Article","@id":"https:\/\/dana.com.br\/canaldana\/2021\/04\/30\/cummins-e-plus-juntas-em-caminhoes-autonomos-a-gas\/#article","isPartOf":{"@id":"https:\/\/dana.com.br\/canaldana\/2021\/04\/30\/cummins-e-plus-juntas-em-caminhoes-autonomos-a-gas\/"},"author":{"name":"Canal Dana","@id":"https:\/\/dana.com.br\/canaldana\/#\/schema\/person\/3c21f22f56fcf3bc46b94bc60ea4fef6"},"headline":"Cummins e Plus juntas em caminh\u00f5es aut\u00f4nomos a g\u00e1s","datePublished":"2021-04-30T11:18:56+00:00","mainEntityOfPage":{"@id":"https:\/\/dana.com.br\/canaldana\/2021\/04\/30\/cummins-e-plus-juntas-em-caminhoes-autonomos-a-gas\/"},"wordCount":378,"articleSection":["Mercado"],"inLanguage":"pt-BR"},{"@type":"WebPage","@id":"https:\/\/dana.com.br\/canaldana\/2021\/04\/30\/cummins-e-plus-juntas-em-caminhoes-autonomos-a-gas\/","url":"https:\/\/dana.com.br\/canaldana\/2021\/04\/30\/cummins-e-plus-juntas-em-caminhoes-autonomos-a-gas\/","name":"Cummins e Plus juntas em caminh\u00f5es aut\u00f4nomos a g\u00e1s - Canal Dana","isPartOf":{"@id":"https:\/\/dana.com.br\/canaldana\/#website"},"datePublished":"2021-04-30T11:18:56+00:00","author":{"@id":"https:\/\/dana.com.br\/canaldana\/#\/schema\/person\/3c21f22f56fcf3bc46b94bc60ea4fef6"},"breadcrumb":{"@id":"https:\/\/dana.com.br\/canaldana\/2021\/04\/30\/cummins-e-plus-juntas-em-caminhoes-autonomos-a-gas\/#breadcrumb"},"inLanguage":"pt-BR","potentialAction":[{"@type":"ReadAction","target":["https:\/\/dana.com.br\/canaldana\/2021\/04\/30\/cummins-e-plus-juntas-em-caminhoes-autonomos-a-gas\/"]}]},{"@type":"BreadcrumbList","@id":"https:\/\/dana.com.br\/canaldana\/2021\/04\/30\/cummins-e-plus-juntas-em-caminhoes-autonomos-a-gas\/#breadcrumb","itemListElement":[{"@type":"ListItem","position":1,"name":"Home","item":"https:\/\/dana.com.br\/canaldana\/"},{"@type":"ListItem","position":2,"name":"Mercado","item":"https:\/\/dana.com.br\/canaldana\/mercado\/"},{"@type":"ListItem","position":3,"name":"Cummins e Plus juntas em caminh\u00f5es aut\u00f4nomos a g\u00e1s"}]},{"@type":"WebSite","@id":"https:\/\/dana.com.br\/canaldana\/#website","url":"https:\/\/dana.com.br\/canaldana\/","name":"Canal Dana","description":"Informativo com as principais not\u00edcias da ind\u00fastria automotiva","potentialAction":[{"@type":"SearchAction","target":{"@type":"EntryPoint","urlTemplate":"https:\/\/dana.com.br\/canaldana\/?s={search_term_string}"},"query-input":{"@type":"PropertyValueSpecification","valueRequired":true,"valueName":"search_term_string"}}],"inLanguage":"pt-BR"},{"@type":"Person","@id":"https:\/\/dana.com.br\/canaldana\/#\/schema\/person\/3c21f22f56fcf3bc46b94bc60ea4fef6","name":"Canal Dana","image":{"@type":"ImageObject","inLanguage":"pt-BR","@id":"https:\/\/secure.gravatar.com\/avatar\/420aaf9278582877d9018637c6817617705899d2858d7572ef0fe59a6b6454b4?s=96&d=mm&r=g","url":"https:\/\/secure.gravatar.com\/avatar\/420aaf9278582877d9018637c6817617705899d2858d7572ef0fe59a6b6454b4?s=96&d=mm&r=g","contentUrl":"https:\/\/secure.gravatar.com\/avatar\/420aaf9278582877d9018637c6817617705899d2858d7572ef0fe59a6b6454b4?s=96&d=mm&r=g","caption":"Canal Dana"},"url":"https:\/\/dana.com.br\/canaldana\/author\/cdeditor\/"}]}},"_links":{"self":[{"href":"https:\/\/dana.com.br\/canaldana\/wp-json\/wp\/v2\/posts\/49781","targetHints":{"allow":["GET"]}}],"collection":[{"href":"https:\/\/dana.com.br\/canaldana\/wp-json\/wp\/v2\/posts"}],"about":[{"href":"https:\/\/dana.com.br\/canaldana\/wp-json\/wp\/v2\/types\/post"}],"author":[{"embeddable":true,"href":"https:\/\/dana.com.br\/canaldana\/wp-json\/wp\/v2\/users\/3"}],"replies":[{"embeddable":true,"href":"https:\/\/dana.com.br\/canaldana\/wp-json\/wp\/v2\/comments?post=49781"}],"version-history":[{"count":0,"href":"https:\/\/dana.com.br\/canaldana\/wp-json\/wp\/v2\/posts\/49781\/revisions"}],"wp:attachment":[{"href":"https:\/\/dana.com.br\/canaldana\/wp-json\/wp\/v2\/media?parent=49781"}],"wp:term":[{"taxonomy":"category","embeddable":true,"href":"https:\/\/dana.com.br\/canaldana\/wp-json\/wp\/v2\/categories?post=49781"},{"taxonomy":"post_tag","embeddable":true,"href":"https:\/\/dana.com.br\/canaldana\/wp-json\/wp\/v2\/tags?post=49781"}],"curies":[{"name":"wp","href":"https:\/\/api.w.org\/{rel}","templated":true}]}}