{"id":49727,"date":"2021-04-28T08:34:25","date_gmt":"2021-04-28T11:34:25","guid":{"rendered":"https:\/\/dana.com.br\/canaldana\/?p=49727"},"modified":"2021-04-28T08:34:25","modified_gmt":"2021-04-28T11:34:25","slug":"inflacao-desacelera-em-abril-e-previa-do-mes-fica-em-060","status":"publish","type":"post","link":"https:\/\/dana.com.br\/canaldana\/2021\/04\/28\/inflacao-desacelera-em-abril-e-previa-do-mes-fica-em-060\/","title":{"rendered":"Infla\u00e7\u00e3o desacelera em abril e pr\u00e9via do m\u00eas fica em 0,60%"},"content":{"rendered":"<p><em>O Estado de S. Paulo <\/em><\/p>\n<p>&nbsp;<\/p>\n<p>A alta nos pre\u00e7os dos combust\u00edveis perdeu f\u00f4lego na pr\u00e9via da infla\u00e7\u00e3o de abril, mas o aumento na gasolina ainda foi respons\u00e1vel por metade do avan\u00e7o de 0,60% registrado pelo \u00cdndice Nacional de Pre\u00e7os ao Consumidor Amplo \u2013 15 (IPCA-15) este m\u00eas, informou ontem o IBGE.<\/p>\n<p>&nbsp;<\/p>\n<p>A taxa acumulada em 12 meses acelerou de 5,52% em mar\u00e7o para 6,17% em abril, o resultado mais elevado desde dezembro de 2016. No entanto, o desempenho veio melhor que o esperado pela maioria dos analistas do mercado financeiro ouvidos pelo Proje\u00e7\u00f5es Broadcast.<\/p>\n<p>&nbsp;<\/p>\n<p>A desacelera\u00e7\u00e3o do IPCA -15 no m\u00eas de abril ap\u00f3s a alta de 0,93% em mar\u00e7o indica que \u201cfinalmente\u201d a infla\u00e7\u00e3o est\u00e1 perdendo for\u00e7a, avaliou Gustavo Cruz, estrategista da gestora de recursos RB Investimentos.<\/p>\n<p>&nbsp;<\/p>\n<p>\u201cEsse deve ser o comportamento dos pr\u00f3ximos meses. Inclusive, a proje\u00e7\u00e3o para o IPCA de abril, na Focus (boletim semanal com proje\u00e7\u00f5es de analistas compiladas pelo Banco Central), chegou a 0,45% e j\u00e1 caiu para 0,38%. Deve ficar em torno de 0,30% ou at\u00e9 menor do que isso nos pr\u00f3ximos meses, s\u00f3 acelerando no fim do ano\u201d, previu Cruz.<\/p>\n<p>&nbsp;<\/p>\n<p>O estrategista da RB Investimentos acredita que o arrefecimento do IPCA-15 refor\u00e7a a sinaliza\u00e7\u00e3o de que o Banco Central elevar\u00e1 em 0,75 ponto porcentual a taxa b\u00e1sica de juros, a Selic, para 3,50% ao ano, na reuni\u00e3o do Comit\u00ea de Pol\u00edtica Monet\u00e1ria (Copom) de maio<\/p>\n<p>&nbsp;<\/p>\n<p>O estrategista-chefe do Banco Mizuho do Brasil, Luciano Rostagno, concorda que aumentaram as chances de um novo aumento de apenas 0,75 ponto porcentual na Selic, que j\u00e1 foi elevada na \u00faltima reuni\u00e3o do Copom de 2,00% para 2,75% ao ano.<\/p>\n<p>&nbsp;<\/p>\n<p>No IPCA-15 de abril, o pre\u00e7o da gasolina aumentou 5,49%. Houve altas ainda no \u00f3leo diesel (2,54%) e no etanol (1,46%). As passagens a\u00e9reas subiram 6,27%, ap\u00f3s tr\u00eas quedas seguidas. O g\u00e1s de botij\u00e3o teve um aumento de 2,49%, acumulando um avan\u00e7o de 20,22% nos \u00faltimos 12 meses. A energia el\u00e9trica ficou 0,47% mais cara em abril.<\/p>\n<p>&nbsp;<\/p>\n<p>Os gastos das fam\u00edlias com alimenta\u00e7\u00e3o e bebidas subiram 0,36% na pr\u00e9via de abri, sob press\u00e3o dos aumentos no p\u00e3o franc\u00eas (1,73%), leite longa vida (1,75%) e carnes (0,61%). (O Estado de S. Paulo\/Daniela Amorim, Maria Regina Silva e Luciana Xavier)<\/p>\n","protected":false},"excerpt":{"rendered":"<p>O Estado de S. Paulo &nbsp; A alta nos pre\u00e7os dos combust\u00edveis perdeu f\u00f4lego na pr\u00e9via da infla\u00e7\u00e3o de abril, mas o aumento na gasolina ainda foi respons\u00e1vel por metade do avan\u00e7o de 0,60% registrado pelo \u00cdndice Nacional de Pre\u00e7os ao Consumidor Amplo \u2013 15 (IPCA-15) este m\u00eas, informou ontem o IBGE. &nbsp; A taxa\u2026 <a class=\"readmore\" href=\"https:\/\/dana.com.br\/canaldana\/2021\/04\/28\/inflacao-desacelera-em-abril-e-previa-do-mes-fica-em-060\/\">Leia mais \u00bb<\/a><\/p>\n","protected":false},"author":3,"featured_media":0,"comment_status":"closed","ping_status":"closed","sticky":false,"template":"","format":"standard","meta":{"_acf_changed":false,"footnotes":""},"categories":[79],"tags":[],"class_list":["post-49727","post","type-post","status-publish","format-standard","hentry","category-mercado"],"acf":[],"yoast_head":"<!-- This site is optimized with the Yoast SEO plugin v27.3 - https:\/\/yoast.com\/product\/yoast-seo-wordpress\/ -->\n<title>Infla\u00e7\u00e3o desacelera em abril e pr\u00e9via do m\u00eas fica em 0,60% - Canal Dana<\/title>\n<meta name=\"robots\" content=\"index, follow, max-snippet:-1, max-image-preview:large, max-video-preview:-1\" \/>\n<link rel=\"canonical\" href=\"https:\/\/dana.com.br\/canaldana\/2021\/04\/28\/inflacao-desacelera-em-abril-e-previa-do-mes-fica-em-060\/\" \/>\n<meta property=\"og:locale\" content=\"pt_BR\" \/>\n<meta property=\"og:type\" content=\"article\" \/>\n<meta property=\"og:title\" content=\"Infla\u00e7\u00e3o desacelera em abril e pr\u00e9via do m\u00eas fica em 0,60% - Canal Dana\" \/>\n<meta property=\"og:description\" content=\"O Estado de S. Paulo &nbsp; A alta nos pre\u00e7os dos combust\u00edveis perdeu f\u00f4lego na pr\u00e9via da infla\u00e7\u00e3o de abril, mas o aumento na gasolina ainda foi respons\u00e1vel por metade do avan\u00e7o de 0,60% registrado pelo \u00cdndice Nacional de Pre\u00e7os ao Consumidor Amplo \u2013 15 (IPCA-15) este m\u00eas, informou ontem o IBGE. &nbsp; A taxa\u2026 Leia mais \u00bb\" \/>\n<meta property=\"og:url\" content=\"https:\/\/dana.com.br\/canaldana\/2021\/04\/28\/inflacao-desacelera-em-abril-e-previa-do-mes-fica-em-060\/\" \/>\n<meta property=\"og:site_name\" content=\"Canal Dana\" \/>\n<meta property=\"article:published_time\" content=\"2021-04-28T11:34:25+00:00\" \/>\n<meta name=\"author\" content=\"Canal Dana\" \/>\n<meta name=\"twitter:card\" content=\"summary_large_image\" \/>\n<meta name=\"twitter:label1\" content=\"Escrito por\" \/>\n\t<meta name=\"twitter:data1\" content=\"Canal Dana\" \/>\n\t<meta name=\"twitter:label2\" content=\"Est. tempo de leitura\" \/>\n\t<meta name=\"twitter:data2\" content=\"2 minutos\" \/>\n<script type=\"application\/ld+json\" class=\"yoast-schema-graph\">{\"@context\":\"https:\\\/\\\/schema.org\",\"@graph\":[{\"@type\":\"Article\",\"@id\":\"https:\\\/\\\/dana.com.br\\\/canaldana\\\/2021\\\/04\\\/28\\\/inflacao-desacelera-em-abril-e-previa-do-mes-fica-em-060\\\/#article\",\"isPartOf\":{\"@id\":\"https:\\\/\\\/dana.com.br\\\/canaldana\\\/2021\\\/04\\\/28\\\/inflacao-desacelera-em-abril-e-previa-do-mes-fica-em-060\\\/\"},\"author\":{\"name\":\"Canal Dana\",\"@id\":\"https:\\\/\\\/dana.com.br\\\/canaldana\\\/#\\\/schema\\\/person\\\/3c21f22f56fcf3bc46b94bc60ea4fef6\"},\"headline\":\"Infla\u00e7\u00e3o desacelera em abril e pr\u00e9via do m\u00eas fica em 0,60%\",\"datePublished\":\"2021-04-28T11:34:25+00:00\",\"mainEntityOfPage\":{\"@id\":\"https:\\\/\\\/dana.com.br\\\/canaldana\\\/2021\\\/04\\\/28\\\/inflacao-desacelera-em-abril-e-previa-do-mes-fica-em-060\\\/\"},\"wordCount\":406,\"articleSection\":[\"Mercado\"],\"inLanguage\":\"pt-BR\"},{\"@type\":\"WebPage\",\"@id\":\"https:\\\/\\\/dana.com.br\\\/canaldana\\\/2021\\\/04\\\/28\\\/inflacao-desacelera-em-abril-e-previa-do-mes-fica-em-060\\\/\",\"url\":\"https:\\\/\\\/dana.com.br\\\/canaldana\\\/2021\\\/04\\\/28\\\/inflacao-desacelera-em-abril-e-previa-do-mes-fica-em-060\\\/\",\"name\":\"Infla\u00e7\u00e3o desacelera em abril e pr\u00e9via do m\u00eas fica em 0,60% - Canal Dana\",\"isPartOf\":{\"@id\":\"https:\\\/\\\/dana.com.br\\\/canaldana\\\/#website\"},\"datePublished\":\"2021-04-28T11:34:25+00:00\",\"author\":{\"@id\":\"https:\\\/\\\/dana.com.br\\\/canaldana\\\/#\\\/schema\\\/person\\\/3c21f22f56fcf3bc46b94bc60ea4fef6\"},\"breadcrumb\":{\"@id\":\"https:\\\/\\\/dana.com.br\\\/canaldana\\\/2021\\\/04\\\/28\\\/inflacao-desacelera-em-abril-e-previa-do-mes-fica-em-060\\\/#breadcrumb\"},\"inLanguage\":\"pt-BR\",\"potentialAction\":[{\"@type\":\"ReadAction\",\"target\":[\"https:\\\/\\\/dana.com.br\\\/canaldana\\\/2021\\\/04\\\/28\\\/inflacao-desacelera-em-abril-e-previa-do-mes-fica-em-060\\\/\"]}]},{\"@type\":\"BreadcrumbList\",\"@id\":\"https:\\\/\\\/dana.com.br\\\/canaldana\\\/2021\\\/04\\\/28\\\/inflacao-desacelera-em-abril-e-previa-do-mes-fica-em-060\\\/#breadcrumb\",\"itemListElement\":[{\"@type\":\"ListItem\",\"position\":1,\"name\":\"Home\",\"item\":\"https:\\\/\\\/dana.com.br\\\/canaldana\\\/\"},{\"@type\":\"ListItem\",\"position\":2,\"name\":\"Mercado\",\"item\":\"https:\\\/\\\/dana.com.br\\\/canaldana\\\/mercado\\\/\"},{\"@type\":\"ListItem\",\"position\":3,\"name\":\"Infla\u00e7\u00e3o desacelera em abril e pr\u00e9via do m\u00eas fica em 0,60%\"}]},{\"@type\":\"WebSite\",\"@id\":\"https:\\\/\\\/dana.com.br\\\/canaldana\\\/#website\",\"url\":\"https:\\\/\\\/dana.com.br\\\/canaldana\\\/\",\"name\":\"Canal Dana\",\"description\":\"Informativo com as principais not\u00edcias da ind\u00fastria automotiva\",\"potentialAction\":[{\"@type\":\"SearchAction\",\"target\":{\"@type\":\"EntryPoint\",\"urlTemplate\":\"https:\\\/\\\/dana.com.br\\\/canaldana\\\/?s={search_term_string}\"},\"query-input\":{\"@type\":\"PropertyValueSpecification\",\"valueRequired\":true,\"valueName\":\"search_term_string\"}}],\"inLanguage\":\"pt-BR\"},{\"@type\":\"Person\",\"@id\":\"https:\\\/\\\/dana.com.br\\\/canaldana\\\/#\\\/schema\\\/person\\\/3c21f22f56fcf3bc46b94bc60ea4fef6\",\"name\":\"Canal Dana\",\"image\":{\"@type\":\"ImageObject\",\"inLanguage\":\"pt-BR\",\"@id\":\"https:\\\/\\\/secure.gravatar.com\\\/avatar\\\/420aaf9278582877d9018637c6817617705899d2858d7572ef0fe59a6b6454b4?s=96&d=mm&r=g\",\"url\":\"https:\\\/\\\/secure.gravatar.com\\\/avatar\\\/420aaf9278582877d9018637c6817617705899d2858d7572ef0fe59a6b6454b4?s=96&d=mm&r=g\",\"contentUrl\":\"https:\\\/\\\/secure.gravatar.com\\\/avatar\\\/420aaf9278582877d9018637c6817617705899d2858d7572ef0fe59a6b6454b4?s=96&d=mm&r=g\",\"caption\":\"Canal Dana\"},\"url\":\"https:\\\/\\\/dana.com.br\\\/canaldana\\\/author\\\/cdeditor\\\/\"}]}<\/script>\n<!-- \/ Yoast SEO plugin. -->","yoast_head_json":{"title":"Infla\u00e7\u00e3o desacelera em abril e pr\u00e9via do m\u00eas fica em 0,60% - Canal Dana","robots":{"index":"index","follow":"follow","max-snippet":"max-snippet:-1","max-image-preview":"max-image-preview:large","max-video-preview":"max-video-preview:-1"},"canonical":"https:\/\/dana.com.br\/canaldana\/2021\/04\/28\/inflacao-desacelera-em-abril-e-previa-do-mes-fica-em-060\/","og_locale":"pt_BR","og_type":"article","og_title":"Infla\u00e7\u00e3o desacelera em abril e pr\u00e9via do m\u00eas fica em 0,60% - Canal Dana","og_description":"O Estado de S. Paulo &nbsp; A alta nos pre\u00e7os dos combust\u00edveis perdeu f\u00f4lego na pr\u00e9via da infla\u00e7\u00e3o de abril, mas o aumento na gasolina ainda foi respons\u00e1vel por metade do avan\u00e7o de 0,60% registrado pelo \u00cdndice Nacional de Pre\u00e7os ao Consumidor Amplo \u2013 15 (IPCA-15) este m\u00eas, informou ontem o IBGE. &nbsp; A taxa\u2026 Leia mais \u00bb","og_url":"https:\/\/dana.com.br\/canaldana\/2021\/04\/28\/inflacao-desacelera-em-abril-e-previa-do-mes-fica-em-060\/","og_site_name":"Canal Dana","article_published_time":"2021-04-28T11:34:25+00:00","author":"Canal Dana","twitter_card":"summary_large_image","twitter_misc":{"Escrito por":"Canal Dana","Est. tempo de leitura":"2 minutos"},"schema":{"@context":"https:\/\/schema.org","@graph":[{"@type":"Article","@id":"https:\/\/dana.com.br\/canaldana\/2021\/04\/28\/inflacao-desacelera-em-abril-e-previa-do-mes-fica-em-060\/#article","isPartOf":{"@id":"https:\/\/dana.com.br\/canaldana\/2021\/04\/28\/inflacao-desacelera-em-abril-e-previa-do-mes-fica-em-060\/"},"author":{"name":"Canal Dana","@id":"https:\/\/dana.com.br\/canaldana\/#\/schema\/person\/3c21f22f56fcf3bc46b94bc60ea4fef6"},"headline":"Infla\u00e7\u00e3o desacelera em abril e pr\u00e9via do m\u00eas fica em 0,60%","datePublished":"2021-04-28T11:34:25+00:00","mainEntityOfPage":{"@id":"https:\/\/dana.com.br\/canaldana\/2021\/04\/28\/inflacao-desacelera-em-abril-e-previa-do-mes-fica-em-060\/"},"wordCount":406,"articleSection":["Mercado"],"inLanguage":"pt-BR"},{"@type":"WebPage","@id":"https:\/\/dana.com.br\/canaldana\/2021\/04\/28\/inflacao-desacelera-em-abril-e-previa-do-mes-fica-em-060\/","url":"https:\/\/dana.com.br\/canaldana\/2021\/04\/28\/inflacao-desacelera-em-abril-e-previa-do-mes-fica-em-060\/","name":"Infla\u00e7\u00e3o desacelera em abril e pr\u00e9via do m\u00eas fica em 0,60% - Canal Dana","isPartOf":{"@id":"https:\/\/dana.com.br\/canaldana\/#website"},"datePublished":"2021-04-28T11:34:25+00:00","author":{"@id":"https:\/\/dana.com.br\/canaldana\/#\/schema\/person\/3c21f22f56fcf3bc46b94bc60ea4fef6"},"breadcrumb":{"@id":"https:\/\/dana.com.br\/canaldana\/2021\/04\/28\/inflacao-desacelera-em-abril-e-previa-do-mes-fica-em-060\/#breadcrumb"},"inLanguage":"pt-BR","potentialAction":[{"@type":"ReadAction","target":["https:\/\/dana.com.br\/canaldana\/2021\/04\/28\/inflacao-desacelera-em-abril-e-previa-do-mes-fica-em-060\/"]}]},{"@type":"BreadcrumbList","@id":"https:\/\/dana.com.br\/canaldana\/2021\/04\/28\/inflacao-desacelera-em-abril-e-previa-do-mes-fica-em-060\/#breadcrumb","itemListElement":[{"@type":"ListItem","position":1,"name":"Home","item":"https:\/\/dana.com.br\/canaldana\/"},{"@type":"ListItem","position":2,"name":"Mercado","item":"https:\/\/dana.com.br\/canaldana\/mercado\/"},{"@type":"ListItem","position":3,"name":"Infla\u00e7\u00e3o desacelera em abril e pr\u00e9via do m\u00eas fica em 0,60%"}]},{"@type":"WebSite","@id":"https:\/\/dana.com.br\/canaldana\/#website","url":"https:\/\/dana.com.br\/canaldana\/","name":"Canal Dana","description":"Informativo com as principais not\u00edcias da ind\u00fastria automotiva","potentialAction":[{"@type":"SearchAction","target":{"@type":"EntryPoint","urlTemplate":"https:\/\/dana.com.br\/canaldana\/?s={search_term_string}"},"query-input":{"@type":"PropertyValueSpecification","valueRequired":true,"valueName":"search_term_string"}}],"inLanguage":"pt-BR"},{"@type":"Person","@id":"https:\/\/dana.com.br\/canaldana\/#\/schema\/person\/3c21f22f56fcf3bc46b94bc60ea4fef6","name":"Canal Dana","image":{"@type":"ImageObject","inLanguage":"pt-BR","@id":"https:\/\/secure.gravatar.com\/avatar\/420aaf9278582877d9018637c6817617705899d2858d7572ef0fe59a6b6454b4?s=96&d=mm&r=g","url":"https:\/\/secure.gravatar.com\/avatar\/420aaf9278582877d9018637c6817617705899d2858d7572ef0fe59a6b6454b4?s=96&d=mm&r=g","contentUrl":"https:\/\/secure.gravatar.com\/avatar\/420aaf9278582877d9018637c6817617705899d2858d7572ef0fe59a6b6454b4?s=96&d=mm&r=g","caption":"Canal Dana"},"url":"https:\/\/dana.com.br\/canaldana\/author\/cdeditor\/"}]}},"_links":{"self":[{"href":"https:\/\/dana.com.br\/canaldana\/wp-json\/wp\/v2\/posts\/49727","targetHints":{"allow":["GET"]}}],"collection":[{"href":"https:\/\/dana.com.br\/canaldana\/wp-json\/wp\/v2\/posts"}],"about":[{"href":"https:\/\/dana.com.br\/canaldana\/wp-json\/wp\/v2\/types\/post"}],"author":[{"embeddable":true,"href":"https:\/\/dana.com.br\/canaldana\/wp-json\/wp\/v2\/users\/3"}],"replies":[{"embeddable":true,"href":"https:\/\/dana.com.br\/canaldana\/wp-json\/wp\/v2\/comments?post=49727"}],"version-history":[{"count":0,"href":"https:\/\/dana.com.br\/canaldana\/wp-json\/wp\/v2\/posts\/49727\/revisions"}],"wp:attachment":[{"href":"https:\/\/dana.com.br\/canaldana\/wp-json\/wp\/v2\/media?parent=49727"}],"wp:term":[{"taxonomy":"category","embeddable":true,"href":"https:\/\/dana.com.br\/canaldana\/wp-json\/wp\/v2\/categories?post=49727"},{"taxonomy":"post_tag","embeddable":true,"href":"https:\/\/dana.com.br\/canaldana\/wp-json\/wp\/v2\/tags?post=49727"}],"curies":[{"name":"wp","href":"https:\/\/api.w.org\/{rel}","templated":true}]}}