{"id":49709,"date":"2021-04-28T08:29:47","date_gmt":"2021-04-28T11:29:47","guid":{"rendered":"https:\/\/dana.com.br\/canaldana\/?p=49709"},"modified":"2021-04-28T08:29:47","modified_gmt":"2021-04-28T11:29:47","slug":"daimler-truck-prepara-a-casa-para-se-tornar-independente","status":"publish","type":"post","link":"https:\/\/dana.com.br\/canaldana\/2021\/04\/28\/daimler-truck-prepara-a-casa-para-se-tornar-independente\/","title":{"rendered":"Daimler Truck prepara a casa para se tornar independente"},"content":{"rendered":"<p><em>AutoInd\u00fastria<\/em><\/p>\n<p>&nbsp;<\/p>\n<p>Em preparativos para ser listada na Bolsa de Valores de Frankfurt e se tornar independente do Grupo Daimler at\u00e9 o fim de 2021, a Daimler Truck anunciou reorganiza\u00e7\u00e3o na estrutura da organiza\u00e7\u00e3o e composi\u00e7\u00e3o de Conselho de Administra\u00e7\u00e3o a ser institu\u00eddas a partir de 1\u00ba de julho.<\/p>\n<p>&nbsp;<\/p>\n<p>As medidas t\u00eam objetivo de aumentar a efici\u00eancia e proporcionar velocidade nos desenvolvimentos tecnol\u00f3gicos e autonomia nas decis\u00f5es dos comandos de cada uma das regi\u00f5es nas quais a empresa atua. Na pr\u00e1tica, marcas como Freightliner, Western Star e Thomas Built, na Am\u00e9rica do Norte, Mercedes-Benz Trucks, na Europa e Am\u00e9rica Latina, e Fuso e BharatzBenz, na \u00c1sia, ter\u00e3o maior independ\u00eancia para agir.<\/p>\n<p>&nbsp;<\/p>\n<p>Com o olhar no futuro, alinhada com as tend\u00eancias de descarboniza\u00e7\u00e3o e com os desenvolvimentos de acionamentos livres de combust\u00edveis f\u00f3sseis, bem como as solu\u00e7\u00f5es do campo da conectividade e dos softwares, a Daimler Truck criou a divis\u00e3o Truck Techonology Group (Grupo de Tecnologia de Caminh\u00f5es).<\/p>\n<p>&nbsp;<\/p>\n<p>A unidade, que ser\u00e1 chefiada por Andreas Gorbach, concentrar\u00e1 compet\u00eancias para pesquisa, desenvolvimento para tecnologias futuras de trens de for\u00e7a (motores a combust\u00e3o, baterias el\u00e9tricas e c\u00e9lulas de combust\u00edvel), al\u00e9m de ser respons\u00e1vel pelo software dos ve\u00edculos, el\u00e9tricos\/eletr\u00f4nicos e compras globais.<\/p>\n<p>&nbsp;<\/p>\n<p>\u201cA nova estrutura de neg\u00f3cios dar\u00e1 \u00e0 Daimler Trucks &amp; Buses o melhor dos dois mundos: m\u00e1xima aproxima\u00e7\u00e3o com o cliente e empreendedorismo em nossas regi\u00f5es com for\u00e7a total de engenharia focada em futuras tecnologias\u201d, afirma em nota Martin Daum, CEO da Daimler Truck.<\/p>\n<p>&nbsp;<\/p>\n<p>Dentre as mudan\u00e7as no comando organizacional, Sven Ennerst, anteriormente respons\u00e1vel pelo Desenvolvimento, Compras e pela Regi\u00e3o China, ir\u00e1 continuar como Representante Geral na China at\u00e9 o fim do ano. Frank Reintjes, respons\u00e1vel pela divis\u00e3o Global Powertrain, acompanhar\u00e1 o realinhamento da Daimler Truck AG como Conselheiro Executivo Senior do CEO tamb\u00e9m at\u00e9 o fim de 2021. Ambos os executivos se aposentar\u00e3o no fim do exerc\u00edcio deste ano.<\/p>\n<p>&nbsp;<\/p>\n<p>Por outra frente, a empresa estabelecer\u00e1 nova unidade de servi\u00e7os financeiros espec\u00edfica para caminh\u00f5es e \u00f4nibus. A futura Daimler Truck Financial Services ter\u00e1 a dire\u00e7\u00e3o de Stephan Unger.<\/p>\n<p>&nbsp;<\/p>\n<p>Com a reorganiza\u00e7\u00e3o, o Conselho de Administra\u00e7\u00e3o da Daimler Truck ser\u00e1 composto pelo CEO Martin Daum; Karin R\u00e5dstr\u00f6m, respons\u00e1vel pelas regi\u00f5es da Europa e Am\u00e9rica Latina; John O\u2019Leary, CEO da Daimler Trucks North America; Hartmut Schick, CEO da Daimler Trucks Asia; Andreas Gorbach, que chefiar\u00e1 o Truck Technology Group; Stephan Unger, respons\u00e1vel no Conselho de Administra\u00e7\u00e3o pela futura Daimler Truck Financial Services; Jochen G\u00f6tz, responder\u00e1 por Finan\u00e7as e Controlling e J\u00fcrgen Hartwig, a cargo dos Recursos Humanos. (AutoInd\u00fastria)<\/p>\n","protected":false},"excerpt":{"rendered":"<p>AutoInd\u00fastria &nbsp; Em preparativos para ser listada na Bolsa de Valores de Frankfurt e se tornar independente do Grupo Daimler at\u00e9 o fim de 2021, a Daimler Truck anunciou reorganiza\u00e7\u00e3o na estrutura da organiza\u00e7\u00e3o e composi\u00e7\u00e3o de Conselho de Administra\u00e7\u00e3o a ser institu\u00eddas a partir de 1\u00ba de julho. &nbsp; As medidas t\u00eam objetivo de\u2026 <a class=\"readmore\" href=\"https:\/\/dana.com.br\/canaldana\/2021\/04\/28\/daimler-truck-prepara-a-casa-para-se-tornar-independente\/\">Leia mais \u00bb<\/a><\/p>\n","protected":false},"author":3,"featured_media":0,"comment_status":"closed","ping_status":"closed","sticky":false,"template":"","format":"standard","meta":{"_acf_changed":false,"footnotes":""},"categories":[79],"tags":[],"class_list":["post-49709","post","type-post","status-publish","format-standard","hentry","category-mercado"],"acf":[],"yoast_head":"<!-- This site is optimized with the Yoast SEO plugin v27.3 - https:\/\/yoast.com\/product\/yoast-seo-wordpress\/ -->\n<title>Daimler Truck prepara a casa para se tornar independente - Canal Dana<\/title>\n<meta name=\"robots\" content=\"index, follow, max-snippet:-1, max-image-preview:large, max-video-preview:-1\" \/>\n<link rel=\"canonical\" href=\"https:\/\/dana.com.br\/canaldana\/2021\/04\/28\/daimler-truck-prepara-a-casa-para-se-tornar-independente\/\" \/>\n<meta property=\"og:locale\" content=\"pt_BR\" \/>\n<meta property=\"og:type\" content=\"article\" \/>\n<meta property=\"og:title\" content=\"Daimler Truck prepara a casa para se tornar independente - Canal Dana\" \/>\n<meta property=\"og:description\" content=\"AutoInd\u00fastria &nbsp; Em preparativos para ser listada na Bolsa de Valores de Frankfurt e se tornar independente do Grupo Daimler at\u00e9 o fim de 2021, a Daimler Truck anunciou reorganiza\u00e7\u00e3o na estrutura da organiza\u00e7\u00e3o e composi\u00e7\u00e3o de Conselho de Administra\u00e7\u00e3o a ser institu\u00eddas a partir de 1\u00ba de julho. &nbsp; As medidas t\u00eam objetivo de\u2026 Leia mais \u00bb\" \/>\n<meta property=\"og:url\" content=\"https:\/\/dana.com.br\/canaldana\/2021\/04\/28\/daimler-truck-prepara-a-casa-para-se-tornar-independente\/\" \/>\n<meta property=\"og:site_name\" content=\"Canal Dana\" \/>\n<meta property=\"article:published_time\" content=\"2021-04-28T11:29:47+00:00\" \/>\n<meta name=\"author\" content=\"Canal Dana\" \/>\n<meta name=\"twitter:card\" content=\"summary_large_image\" \/>\n<meta name=\"twitter:label1\" content=\"Escrito por\" \/>\n\t<meta name=\"twitter:data1\" content=\"Canal Dana\" \/>\n\t<meta name=\"twitter:label2\" content=\"Est. tempo de leitura\" \/>\n\t<meta name=\"twitter:data2\" content=\"2 minutos\" \/>\n<script type=\"application\/ld+json\" class=\"yoast-schema-graph\">{\"@context\":\"https:\\\/\\\/schema.org\",\"@graph\":[{\"@type\":\"Article\",\"@id\":\"https:\\\/\\\/dana.com.br\\\/canaldana\\\/2021\\\/04\\\/28\\\/daimler-truck-prepara-a-casa-para-se-tornar-independente\\\/#article\",\"isPartOf\":{\"@id\":\"https:\\\/\\\/dana.com.br\\\/canaldana\\\/2021\\\/04\\\/28\\\/daimler-truck-prepara-a-casa-para-se-tornar-independente\\\/\"},\"author\":{\"name\":\"Canal Dana\",\"@id\":\"https:\\\/\\\/dana.com.br\\\/canaldana\\\/#\\\/schema\\\/person\\\/3c21f22f56fcf3bc46b94bc60ea4fef6\"},\"headline\":\"Daimler Truck prepara a casa para se tornar independente\",\"datePublished\":\"2021-04-28T11:29:47+00:00\",\"mainEntityOfPage\":{\"@id\":\"https:\\\/\\\/dana.com.br\\\/canaldana\\\/2021\\\/04\\\/28\\\/daimler-truck-prepara-a-casa-para-se-tornar-independente\\\/\"},\"wordCount\":492,\"articleSection\":[\"Mercado\"],\"inLanguage\":\"pt-BR\"},{\"@type\":\"WebPage\",\"@id\":\"https:\\\/\\\/dana.com.br\\\/canaldana\\\/2021\\\/04\\\/28\\\/daimler-truck-prepara-a-casa-para-se-tornar-independente\\\/\",\"url\":\"https:\\\/\\\/dana.com.br\\\/canaldana\\\/2021\\\/04\\\/28\\\/daimler-truck-prepara-a-casa-para-se-tornar-independente\\\/\",\"name\":\"Daimler Truck prepara a casa para se tornar independente - Canal Dana\",\"isPartOf\":{\"@id\":\"https:\\\/\\\/dana.com.br\\\/canaldana\\\/#website\"},\"datePublished\":\"2021-04-28T11:29:47+00:00\",\"author\":{\"@id\":\"https:\\\/\\\/dana.com.br\\\/canaldana\\\/#\\\/schema\\\/person\\\/3c21f22f56fcf3bc46b94bc60ea4fef6\"},\"breadcrumb\":{\"@id\":\"https:\\\/\\\/dana.com.br\\\/canaldana\\\/2021\\\/04\\\/28\\\/daimler-truck-prepara-a-casa-para-se-tornar-independente\\\/#breadcrumb\"},\"inLanguage\":\"pt-BR\",\"potentialAction\":[{\"@type\":\"ReadAction\",\"target\":[\"https:\\\/\\\/dana.com.br\\\/canaldana\\\/2021\\\/04\\\/28\\\/daimler-truck-prepara-a-casa-para-se-tornar-independente\\\/\"]}]},{\"@type\":\"BreadcrumbList\",\"@id\":\"https:\\\/\\\/dana.com.br\\\/canaldana\\\/2021\\\/04\\\/28\\\/daimler-truck-prepara-a-casa-para-se-tornar-independente\\\/#breadcrumb\",\"itemListElement\":[{\"@type\":\"ListItem\",\"position\":1,\"name\":\"Home\",\"item\":\"https:\\\/\\\/dana.com.br\\\/canaldana\\\/\"},{\"@type\":\"ListItem\",\"position\":2,\"name\":\"Mercado\",\"item\":\"https:\\\/\\\/dana.com.br\\\/canaldana\\\/mercado\\\/\"},{\"@type\":\"ListItem\",\"position\":3,\"name\":\"Daimler Truck prepara a casa para se tornar independente\"}]},{\"@type\":\"WebSite\",\"@id\":\"https:\\\/\\\/dana.com.br\\\/canaldana\\\/#website\",\"url\":\"https:\\\/\\\/dana.com.br\\\/canaldana\\\/\",\"name\":\"Canal Dana\",\"description\":\"Informativo com as principais not\u00edcias da ind\u00fastria automotiva\",\"potentialAction\":[{\"@type\":\"SearchAction\",\"target\":{\"@type\":\"EntryPoint\",\"urlTemplate\":\"https:\\\/\\\/dana.com.br\\\/canaldana\\\/?s={search_term_string}\"},\"query-input\":{\"@type\":\"PropertyValueSpecification\",\"valueRequired\":true,\"valueName\":\"search_term_string\"}}],\"inLanguage\":\"pt-BR\"},{\"@type\":\"Person\",\"@id\":\"https:\\\/\\\/dana.com.br\\\/canaldana\\\/#\\\/schema\\\/person\\\/3c21f22f56fcf3bc46b94bc60ea4fef6\",\"name\":\"Canal Dana\",\"image\":{\"@type\":\"ImageObject\",\"inLanguage\":\"pt-BR\",\"@id\":\"https:\\\/\\\/secure.gravatar.com\\\/avatar\\\/420aaf9278582877d9018637c6817617705899d2858d7572ef0fe59a6b6454b4?s=96&d=mm&r=g\",\"url\":\"https:\\\/\\\/secure.gravatar.com\\\/avatar\\\/420aaf9278582877d9018637c6817617705899d2858d7572ef0fe59a6b6454b4?s=96&d=mm&r=g\",\"contentUrl\":\"https:\\\/\\\/secure.gravatar.com\\\/avatar\\\/420aaf9278582877d9018637c6817617705899d2858d7572ef0fe59a6b6454b4?s=96&d=mm&r=g\",\"caption\":\"Canal Dana\"},\"url\":\"https:\\\/\\\/dana.com.br\\\/canaldana\\\/author\\\/cdeditor\\\/\"}]}<\/script>\n<!-- \/ Yoast SEO plugin. -->","yoast_head_json":{"title":"Daimler Truck prepara a casa para se tornar independente - Canal Dana","robots":{"index":"index","follow":"follow","max-snippet":"max-snippet:-1","max-image-preview":"max-image-preview:large","max-video-preview":"max-video-preview:-1"},"canonical":"https:\/\/dana.com.br\/canaldana\/2021\/04\/28\/daimler-truck-prepara-a-casa-para-se-tornar-independente\/","og_locale":"pt_BR","og_type":"article","og_title":"Daimler Truck prepara a casa para se tornar independente - Canal Dana","og_description":"AutoInd\u00fastria &nbsp; Em preparativos para ser listada na Bolsa de Valores de Frankfurt e se tornar independente do Grupo Daimler at\u00e9 o fim de 2021, a Daimler Truck anunciou reorganiza\u00e7\u00e3o na estrutura da organiza\u00e7\u00e3o e composi\u00e7\u00e3o de Conselho de Administra\u00e7\u00e3o a ser institu\u00eddas a partir de 1\u00ba de julho. &nbsp; As medidas t\u00eam objetivo de\u2026 Leia mais \u00bb","og_url":"https:\/\/dana.com.br\/canaldana\/2021\/04\/28\/daimler-truck-prepara-a-casa-para-se-tornar-independente\/","og_site_name":"Canal Dana","article_published_time":"2021-04-28T11:29:47+00:00","author":"Canal Dana","twitter_card":"summary_large_image","twitter_misc":{"Escrito por":"Canal Dana","Est. tempo de leitura":"2 minutos"},"schema":{"@context":"https:\/\/schema.org","@graph":[{"@type":"Article","@id":"https:\/\/dana.com.br\/canaldana\/2021\/04\/28\/daimler-truck-prepara-a-casa-para-se-tornar-independente\/#article","isPartOf":{"@id":"https:\/\/dana.com.br\/canaldana\/2021\/04\/28\/daimler-truck-prepara-a-casa-para-se-tornar-independente\/"},"author":{"name":"Canal Dana","@id":"https:\/\/dana.com.br\/canaldana\/#\/schema\/person\/3c21f22f56fcf3bc46b94bc60ea4fef6"},"headline":"Daimler Truck prepara a casa para se tornar independente","datePublished":"2021-04-28T11:29:47+00:00","mainEntityOfPage":{"@id":"https:\/\/dana.com.br\/canaldana\/2021\/04\/28\/daimler-truck-prepara-a-casa-para-se-tornar-independente\/"},"wordCount":492,"articleSection":["Mercado"],"inLanguage":"pt-BR"},{"@type":"WebPage","@id":"https:\/\/dana.com.br\/canaldana\/2021\/04\/28\/daimler-truck-prepara-a-casa-para-se-tornar-independente\/","url":"https:\/\/dana.com.br\/canaldana\/2021\/04\/28\/daimler-truck-prepara-a-casa-para-se-tornar-independente\/","name":"Daimler Truck prepara a casa para se tornar independente - Canal Dana","isPartOf":{"@id":"https:\/\/dana.com.br\/canaldana\/#website"},"datePublished":"2021-04-28T11:29:47+00:00","author":{"@id":"https:\/\/dana.com.br\/canaldana\/#\/schema\/person\/3c21f22f56fcf3bc46b94bc60ea4fef6"},"breadcrumb":{"@id":"https:\/\/dana.com.br\/canaldana\/2021\/04\/28\/daimler-truck-prepara-a-casa-para-se-tornar-independente\/#breadcrumb"},"inLanguage":"pt-BR","potentialAction":[{"@type":"ReadAction","target":["https:\/\/dana.com.br\/canaldana\/2021\/04\/28\/daimler-truck-prepara-a-casa-para-se-tornar-independente\/"]}]},{"@type":"BreadcrumbList","@id":"https:\/\/dana.com.br\/canaldana\/2021\/04\/28\/daimler-truck-prepara-a-casa-para-se-tornar-independente\/#breadcrumb","itemListElement":[{"@type":"ListItem","position":1,"name":"Home","item":"https:\/\/dana.com.br\/canaldana\/"},{"@type":"ListItem","position":2,"name":"Mercado","item":"https:\/\/dana.com.br\/canaldana\/mercado\/"},{"@type":"ListItem","position":3,"name":"Daimler Truck prepara a casa para se tornar independente"}]},{"@type":"WebSite","@id":"https:\/\/dana.com.br\/canaldana\/#website","url":"https:\/\/dana.com.br\/canaldana\/","name":"Canal Dana","description":"Informativo com as principais not\u00edcias da ind\u00fastria automotiva","potentialAction":[{"@type":"SearchAction","target":{"@type":"EntryPoint","urlTemplate":"https:\/\/dana.com.br\/canaldana\/?s={search_term_string}"},"query-input":{"@type":"PropertyValueSpecification","valueRequired":true,"valueName":"search_term_string"}}],"inLanguage":"pt-BR"},{"@type":"Person","@id":"https:\/\/dana.com.br\/canaldana\/#\/schema\/person\/3c21f22f56fcf3bc46b94bc60ea4fef6","name":"Canal Dana","image":{"@type":"ImageObject","inLanguage":"pt-BR","@id":"https:\/\/secure.gravatar.com\/avatar\/420aaf9278582877d9018637c6817617705899d2858d7572ef0fe59a6b6454b4?s=96&d=mm&r=g","url":"https:\/\/secure.gravatar.com\/avatar\/420aaf9278582877d9018637c6817617705899d2858d7572ef0fe59a6b6454b4?s=96&d=mm&r=g","contentUrl":"https:\/\/secure.gravatar.com\/avatar\/420aaf9278582877d9018637c6817617705899d2858d7572ef0fe59a6b6454b4?s=96&d=mm&r=g","caption":"Canal Dana"},"url":"https:\/\/dana.com.br\/canaldana\/author\/cdeditor\/"}]}},"_links":{"self":[{"href":"https:\/\/dana.com.br\/canaldana\/wp-json\/wp\/v2\/posts\/49709","targetHints":{"allow":["GET"]}}],"collection":[{"href":"https:\/\/dana.com.br\/canaldana\/wp-json\/wp\/v2\/posts"}],"about":[{"href":"https:\/\/dana.com.br\/canaldana\/wp-json\/wp\/v2\/types\/post"}],"author":[{"embeddable":true,"href":"https:\/\/dana.com.br\/canaldana\/wp-json\/wp\/v2\/users\/3"}],"replies":[{"embeddable":true,"href":"https:\/\/dana.com.br\/canaldana\/wp-json\/wp\/v2\/comments?post=49709"}],"version-history":[{"count":0,"href":"https:\/\/dana.com.br\/canaldana\/wp-json\/wp\/v2\/posts\/49709\/revisions"}],"wp:attachment":[{"href":"https:\/\/dana.com.br\/canaldana\/wp-json\/wp\/v2\/media?parent=49709"}],"wp:term":[{"taxonomy":"category","embeddable":true,"href":"https:\/\/dana.com.br\/canaldana\/wp-json\/wp\/v2\/categories?post=49709"},{"taxonomy":"post_tag","embeddable":true,"href":"https:\/\/dana.com.br\/canaldana\/wp-json\/wp\/v2\/tags?post=49709"}],"curies":[{"name":"wp","href":"https:\/\/api.w.org\/{rel}","templated":true}]}}