{"id":49656,"date":"2021-04-26T08:04:24","date_gmt":"2021-04-26T11:04:24","guid":{"rendered":"https:\/\/dana.com.br\/canaldana\/?p=49656"},"modified":"2021-04-26T08:04:24","modified_gmt":"2021-04-26T11:04:24","slug":"gerdau-vai-reabrir-unidade-que-hiberna-ha-sete-anos-para-atender-demanda-do-mercado-nacional","status":"publish","type":"post","link":"https:\/\/dana.com.br\/canaldana\/2021\/04\/26\/gerdau-vai-reabrir-unidade-que-hiberna-ha-sete-anos-para-atender-demanda-do-mercado-nacional\/","title":{"rendered":"Gerdau vai reabrir unidade que &#8220;hiberna&#8221; h\u00e1 sete anos para atender demanda do mercado nacional"},"content":{"rendered":"<p><em>O Estado de S. Paulo<\/em><\/p>\n<p>&nbsp;<\/p>\n<p>Com a demanda por a\u00e7o em alta no Brasil, a Gerdau come\u00e7a a tirar do papel uma promessa feita no in\u00edcio do ano por Gustavo Werneck, presidente da empresa, de dar prioridade ao mercado dom\u00e9stico em 2021. Logo ap\u00f3s anunciar um investimento de R$ 1 bilh\u00e3o na divis\u00e3o de a\u00e7os especiais no Pa\u00eds, a companhia informou na quinta-feira que vai retomar no segundo semestre a produ\u00e7\u00e3o em Arauc\u00e1ria (PR), que \u201chibernava\u201d desde 2014 e tem capacidade anual de 420 mil toneladas.<\/p>\n<p>&nbsp;<\/p>\n<p>A forte demanda por a\u00e7o no Pa\u00eds em setores como a constru\u00e7\u00e3o civil, que se mostrou resistente \u00e0 pandemia, tem criado uma escassez do insumo e ajudado o setor a reajustar pre\u00e7os. Foi essa a fa\u00edsca que levou a companhia a trazer de volta \u00e0 ativa uma unidade desligada h\u00e1 sete anos. Este cen\u00e1rio contrasta com a maior cautela que a pr\u00f3pria Gerdau mant\u00e9m para suas opera\u00e7\u00f5es no exterior. \u201cEssa retomada da usina no Paran\u00e1 flerta com o fortalecimento do mercado e dos pre\u00e7os, que permite aumento das margens\u201d, afirma Ilan Abertman, analista da Ativa Investimentos.<\/p>\n<p>&nbsp;<\/p>\n<p>A Gerdau vai investir R$ 55 milh\u00f5es na retomada da unidade, que deve voltar a operar de forma gradual e gerar 300 postos de trabalho, diretos e indiretos. Marcos Faraco, vice-presidente da companhia, disse, em nota, estar otimista com as perspectivas para o mercado brasileiro. A empresa espera atender ao aumento da demanda por a\u00e7os longos, al\u00e9m de otimizar o fornecimento de produtos aos clientes no Pa\u00eds.<\/p>\n<p>&nbsp;<\/p>\n<p>Na mesma toada, os investimentos anunciados no in\u00edcio da semana ser\u00e3o usados para modernizar e ampliar opera\u00e7\u00f5es diante das perspectivas positivas de retomada dos setores automotivo e de m\u00e1quinas e equipamentos. A Gerdau informou que os aportes ter\u00e3o como foco as usinas de Pindamonhangaba e Mogi das Cruzes, em S\u00e3o Paulo, e de Charqueadas, no Rio Grande do Sul. Parte dos recursos \u00e9 relativa a planos que ficaram na gaveta em 2020, devido \u00e0 pandemia de covid-19.<\/p>\n<p>&nbsp;<\/p>\n<p>Para analistas, o setor est\u00e1 diante de uma janela de oportunidade. Em relat\u00f3rio divulgado aos clientes na quinta-feira, os analistas Leonardo Correa e Caio Greiner, do BTG Pactual, disseram estar otimistas com o desempenho das empresas de a\u00e7o e consideraram o momento do setor como o mais favor\u00e1vel em anos.<\/p>\n<p>&nbsp;<\/p>\n<p>Ao divulgar os dados do setor em mar\u00e7o, na \u00faltima ter\u00e7a-feira, o presidente do Instituto Nacional dos Distribuidores de A\u00e7o (Inda), Carlos Loureiro, disse que as usinas j\u00e1 reajustaram em 35% o pre\u00e7o do a\u00e7o para os distribuidores neste ano. Foram pelo menos tr\u00eas aumentos at\u00e9 agora. Em abril, as altas devem ficar entre 10% e 12%.<\/p>\n<p>&nbsp;<\/p>\n<p>Ao mesmo tempo em que demonstra confian\u00e7a com o mercado local, a Gerdau se mostrou cautelosa com as perspectivas para as opera\u00e7\u00f5es no exterior. Em comunicado \u00e0 SEC (xerife do mercado de capitais americano) nesta semana, a companhia alertou que est\u00e1 sujeita a diversos riscos e incertezas vindos das mudan\u00e7as nas condi\u00e7\u00f5es concorrenciais, econ\u00f4micas, pol\u00edticas e sociais, \u201cque poderiam prejudicar os seus neg\u00f3cios, os resultados das suas opera\u00e7\u00f5es ou sua situa\u00e7\u00e3o financeira\u201d. (O Estado de S. Paulo\/Wagner Gomes)<\/p>\n","protected":false},"excerpt":{"rendered":"<p>O Estado de S. Paulo &nbsp; Com a demanda por a\u00e7o em alta no Brasil, a Gerdau come\u00e7a a tirar do papel uma promessa feita no in\u00edcio do ano por Gustavo Werneck, presidente da empresa, de dar prioridade ao mercado dom\u00e9stico em 2021. Logo ap\u00f3s anunciar um investimento de R$ 1 bilh\u00e3o na divis\u00e3o de\u2026 <a class=\"readmore\" href=\"https:\/\/dana.com.br\/canaldana\/2021\/04\/26\/gerdau-vai-reabrir-unidade-que-hiberna-ha-sete-anos-para-atender-demanda-do-mercado-nacional\/\">Leia mais \u00bb<\/a><\/p>\n","protected":false},"author":3,"featured_media":0,"comment_status":"closed","ping_status":"closed","sticky":false,"template":"","format":"standard","meta":{"_acf_changed":false,"footnotes":""},"categories":[61],"tags":[],"class_list":["post-49656","post","type-post","status-publish","format-standard","hentry","category-destaques"],"acf":[],"yoast_head":"<!-- This site is optimized with the Yoast SEO plugin v27.3 - https:\/\/yoast.com\/product\/yoast-seo-wordpress\/ -->\n<title>Gerdau vai reabrir unidade que &quot;hiberna&quot; h\u00e1 sete anos para atender demanda do mercado nacional - Canal Dana<\/title>\n<meta name=\"robots\" content=\"index, follow, max-snippet:-1, max-image-preview:large, max-video-preview:-1\" \/>\n<link rel=\"canonical\" href=\"https:\/\/dana.com.br\/canaldana\/2021\/04\/26\/gerdau-vai-reabrir-unidade-que-hiberna-ha-sete-anos-para-atender-demanda-do-mercado-nacional\/\" \/>\n<meta property=\"og:locale\" content=\"pt_BR\" \/>\n<meta property=\"og:type\" content=\"article\" \/>\n<meta property=\"og:title\" content=\"Gerdau vai reabrir unidade que &quot;hiberna&quot; h\u00e1 sete anos para atender demanda do mercado nacional - Canal Dana\" \/>\n<meta property=\"og:description\" content=\"O Estado de S. Paulo &nbsp; Com a demanda por a\u00e7o em alta no Brasil, a Gerdau come\u00e7a a tirar do papel uma promessa feita no in\u00edcio do ano por Gustavo Werneck, presidente da empresa, de dar prioridade ao mercado dom\u00e9stico em 2021. Logo ap\u00f3s anunciar um investimento de R$ 1 bilh\u00e3o na divis\u00e3o de\u2026 Leia mais \u00bb\" \/>\n<meta property=\"og:url\" content=\"https:\/\/dana.com.br\/canaldana\/2021\/04\/26\/gerdau-vai-reabrir-unidade-que-hiberna-ha-sete-anos-para-atender-demanda-do-mercado-nacional\/\" \/>\n<meta property=\"og:site_name\" content=\"Canal Dana\" \/>\n<meta property=\"article:published_time\" content=\"2021-04-26T11:04:24+00:00\" \/>\n<meta name=\"author\" content=\"Canal Dana\" \/>\n<meta name=\"twitter:card\" content=\"summary_large_image\" \/>\n<meta name=\"twitter:label1\" content=\"Escrito por\" \/>\n\t<meta name=\"twitter:data1\" content=\"Canal Dana\" \/>\n\t<meta name=\"twitter:label2\" content=\"Est. tempo de leitura\" \/>\n\t<meta name=\"twitter:data2\" content=\"3 minutos\" \/>\n<script type=\"application\/ld+json\" class=\"yoast-schema-graph\">{\"@context\":\"https:\\\/\\\/schema.org\",\"@graph\":[{\"@type\":\"Article\",\"@id\":\"https:\\\/\\\/dana.com.br\\\/canaldana\\\/2021\\\/04\\\/26\\\/gerdau-vai-reabrir-unidade-que-hiberna-ha-sete-anos-para-atender-demanda-do-mercado-nacional\\\/#article\",\"isPartOf\":{\"@id\":\"https:\\\/\\\/dana.com.br\\\/canaldana\\\/2021\\\/04\\\/26\\\/gerdau-vai-reabrir-unidade-que-hiberna-ha-sete-anos-para-atender-demanda-do-mercado-nacional\\\/\"},\"author\":{\"name\":\"Canal Dana\",\"@id\":\"https:\\\/\\\/dana.com.br\\\/canaldana\\\/#\\\/schema\\\/person\\\/3c21f22f56fcf3bc46b94bc60ea4fef6\"},\"headline\":\"Gerdau vai reabrir unidade que &#8220;hiberna&#8221; h\u00e1 sete anos para atender demanda do mercado nacional\",\"datePublished\":\"2021-04-26T11:04:24+00:00\",\"mainEntityOfPage\":{\"@id\":\"https:\\\/\\\/dana.com.br\\\/canaldana\\\/2021\\\/04\\\/26\\\/gerdau-vai-reabrir-unidade-que-hiberna-ha-sete-anos-para-atender-demanda-do-mercado-nacional\\\/\"},\"wordCount\":568,\"articleSection\":[\"Destaques\"],\"inLanguage\":\"pt-BR\"},{\"@type\":\"WebPage\",\"@id\":\"https:\\\/\\\/dana.com.br\\\/canaldana\\\/2021\\\/04\\\/26\\\/gerdau-vai-reabrir-unidade-que-hiberna-ha-sete-anos-para-atender-demanda-do-mercado-nacional\\\/\",\"url\":\"https:\\\/\\\/dana.com.br\\\/canaldana\\\/2021\\\/04\\\/26\\\/gerdau-vai-reabrir-unidade-que-hiberna-ha-sete-anos-para-atender-demanda-do-mercado-nacional\\\/\",\"name\":\"Gerdau vai reabrir unidade que \\\"hiberna\\\" h\u00e1 sete anos para atender demanda do mercado nacional - Canal Dana\",\"isPartOf\":{\"@id\":\"https:\\\/\\\/dana.com.br\\\/canaldana\\\/#website\"},\"datePublished\":\"2021-04-26T11:04:24+00:00\",\"author\":{\"@id\":\"https:\\\/\\\/dana.com.br\\\/canaldana\\\/#\\\/schema\\\/person\\\/3c21f22f56fcf3bc46b94bc60ea4fef6\"},\"breadcrumb\":{\"@id\":\"https:\\\/\\\/dana.com.br\\\/canaldana\\\/2021\\\/04\\\/26\\\/gerdau-vai-reabrir-unidade-que-hiberna-ha-sete-anos-para-atender-demanda-do-mercado-nacional\\\/#breadcrumb\"},\"inLanguage\":\"pt-BR\",\"potentialAction\":[{\"@type\":\"ReadAction\",\"target\":[\"https:\\\/\\\/dana.com.br\\\/canaldana\\\/2021\\\/04\\\/26\\\/gerdau-vai-reabrir-unidade-que-hiberna-ha-sete-anos-para-atender-demanda-do-mercado-nacional\\\/\"]}]},{\"@type\":\"BreadcrumbList\",\"@id\":\"https:\\\/\\\/dana.com.br\\\/canaldana\\\/2021\\\/04\\\/26\\\/gerdau-vai-reabrir-unidade-que-hiberna-ha-sete-anos-para-atender-demanda-do-mercado-nacional\\\/#breadcrumb\",\"itemListElement\":[{\"@type\":\"ListItem\",\"position\":1,\"name\":\"Home\",\"item\":\"https:\\\/\\\/dana.com.br\\\/canaldana\\\/\"},{\"@type\":\"ListItem\",\"position\":2,\"name\":\"Destaques\",\"item\":\"https:\\\/\\\/dana.com.br\\\/canaldana\\\/destaques\\\/\"},{\"@type\":\"ListItem\",\"position\":3,\"name\":\"Gerdau vai reabrir unidade que &#8220;hiberna&#8221; h\u00e1 sete anos para atender demanda do mercado nacional\"}]},{\"@type\":\"WebSite\",\"@id\":\"https:\\\/\\\/dana.com.br\\\/canaldana\\\/#website\",\"url\":\"https:\\\/\\\/dana.com.br\\\/canaldana\\\/\",\"name\":\"Canal Dana\",\"description\":\"Informativo com as principais not\u00edcias da ind\u00fastria automotiva\",\"potentialAction\":[{\"@type\":\"SearchAction\",\"target\":{\"@type\":\"EntryPoint\",\"urlTemplate\":\"https:\\\/\\\/dana.com.br\\\/canaldana\\\/?s={search_term_string}\"},\"query-input\":{\"@type\":\"PropertyValueSpecification\",\"valueRequired\":true,\"valueName\":\"search_term_string\"}}],\"inLanguage\":\"pt-BR\"},{\"@type\":\"Person\",\"@id\":\"https:\\\/\\\/dana.com.br\\\/canaldana\\\/#\\\/schema\\\/person\\\/3c21f22f56fcf3bc46b94bc60ea4fef6\",\"name\":\"Canal Dana\",\"image\":{\"@type\":\"ImageObject\",\"inLanguage\":\"pt-BR\",\"@id\":\"https:\\\/\\\/secure.gravatar.com\\\/avatar\\\/420aaf9278582877d9018637c6817617705899d2858d7572ef0fe59a6b6454b4?s=96&d=mm&r=g\",\"url\":\"https:\\\/\\\/secure.gravatar.com\\\/avatar\\\/420aaf9278582877d9018637c6817617705899d2858d7572ef0fe59a6b6454b4?s=96&d=mm&r=g\",\"contentUrl\":\"https:\\\/\\\/secure.gravatar.com\\\/avatar\\\/420aaf9278582877d9018637c6817617705899d2858d7572ef0fe59a6b6454b4?s=96&d=mm&r=g\",\"caption\":\"Canal Dana\"},\"url\":\"https:\\\/\\\/dana.com.br\\\/canaldana\\\/author\\\/cdeditor\\\/\"}]}<\/script>\n<!-- \/ Yoast SEO plugin. -->","yoast_head_json":{"title":"Gerdau vai reabrir unidade que \"hiberna\" h\u00e1 sete anos para atender demanda do mercado nacional - Canal Dana","robots":{"index":"index","follow":"follow","max-snippet":"max-snippet:-1","max-image-preview":"max-image-preview:large","max-video-preview":"max-video-preview:-1"},"canonical":"https:\/\/dana.com.br\/canaldana\/2021\/04\/26\/gerdau-vai-reabrir-unidade-que-hiberna-ha-sete-anos-para-atender-demanda-do-mercado-nacional\/","og_locale":"pt_BR","og_type":"article","og_title":"Gerdau vai reabrir unidade que \"hiberna\" h\u00e1 sete anos para atender demanda do mercado nacional - Canal Dana","og_description":"O Estado de S. Paulo &nbsp; Com a demanda por a\u00e7o em alta no Brasil, a Gerdau come\u00e7a a tirar do papel uma promessa feita no in\u00edcio do ano por Gustavo Werneck, presidente da empresa, de dar prioridade ao mercado dom\u00e9stico em 2021. Logo ap\u00f3s anunciar um investimento de R$ 1 bilh\u00e3o na divis\u00e3o de\u2026 Leia mais \u00bb","og_url":"https:\/\/dana.com.br\/canaldana\/2021\/04\/26\/gerdau-vai-reabrir-unidade-que-hiberna-ha-sete-anos-para-atender-demanda-do-mercado-nacional\/","og_site_name":"Canal Dana","article_published_time":"2021-04-26T11:04:24+00:00","author":"Canal Dana","twitter_card":"summary_large_image","twitter_misc":{"Escrito por":"Canal Dana","Est. tempo de leitura":"3 minutos"},"schema":{"@context":"https:\/\/schema.org","@graph":[{"@type":"Article","@id":"https:\/\/dana.com.br\/canaldana\/2021\/04\/26\/gerdau-vai-reabrir-unidade-que-hiberna-ha-sete-anos-para-atender-demanda-do-mercado-nacional\/#article","isPartOf":{"@id":"https:\/\/dana.com.br\/canaldana\/2021\/04\/26\/gerdau-vai-reabrir-unidade-que-hiberna-ha-sete-anos-para-atender-demanda-do-mercado-nacional\/"},"author":{"name":"Canal Dana","@id":"https:\/\/dana.com.br\/canaldana\/#\/schema\/person\/3c21f22f56fcf3bc46b94bc60ea4fef6"},"headline":"Gerdau vai reabrir unidade que &#8220;hiberna&#8221; h\u00e1 sete anos para atender demanda do mercado nacional","datePublished":"2021-04-26T11:04:24+00:00","mainEntityOfPage":{"@id":"https:\/\/dana.com.br\/canaldana\/2021\/04\/26\/gerdau-vai-reabrir-unidade-que-hiberna-ha-sete-anos-para-atender-demanda-do-mercado-nacional\/"},"wordCount":568,"articleSection":["Destaques"],"inLanguage":"pt-BR"},{"@type":"WebPage","@id":"https:\/\/dana.com.br\/canaldana\/2021\/04\/26\/gerdau-vai-reabrir-unidade-que-hiberna-ha-sete-anos-para-atender-demanda-do-mercado-nacional\/","url":"https:\/\/dana.com.br\/canaldana\/2021\/04\/26\/gerdau-vai-reabrir-unidade-que-hiberna-ha-sete-anos-para-atender-demanda-do-mercado-nacional\/","name":"Gerdau vai reabrir unidade que \"hiberna\" h\u00e1 sete anos para atender demanda do mercado nacional - Canal Dana","isPartOf":{"@id":"https:\/\/dana.com.br\/canaldana\/#website"},"datePublished":"2021-04-26T11:04:24+00:00","author":{"@id":"https:\/\/dana.com.br\/canaldana\/#\/schema\/person\/3c21f22f56fcf3bc46b94bc60ea4fef6"},"breadcrumb":{"@id":"https:\/\/dana.com.br\/canaldana\/2021\/04\/26\/gerdau-vai-reabrir-unidade-que-hiberna-ha-sete-anos-para-atender-demanda-do-mercado-nacional\/#breadcrumb"},"inLanguage":"pt-BR","potentialAction":[{"@type":"ReadAction","target":["https:\/\/dana.com.br\/canaldana\/2021\/04\/26\/gerdau-vai-reabrir-unidade-que-hiberna-ha-sete-anos-para-atender-demanda-do-mercado-nacional\/"]}]},{"@type":"BreadcrumbList","@id":"https:\/\/dana.com.br\/canaldana\/2021\/04\/26\/gerdau-vai-reabrir-unidade-que-hiberna-ha-sete-anos-para-atender-demanda-do-mercado-nacional\/#breadcrumb","itemListElement":[{"@type":"ListItem","position":1,"name":"Home","item":"https:\/\/dana.com.br\/canaldana\/"},{"@type":"ListItem","position":2,"name":"Destaques","item":"https:\/\/dana.com.br\/canaldana\/destaques\/"},{"@type":"ListItem","position":3,"name":"Gerdau vai reabrir unidade que &#8220;hiberna&#8221; h\u00e1 sete anos para atender demanda do mercado nacional"}]},{"@type":"WebSite","@id":"https:\/\/dana.com.br\/canaldana\/#website","url":"https:\/\/dana.com.br\/canaldana\/","name":"Canal Dana","description":"Informativo com as principais not\u00edcias da ind\u00fastria automotiva","potentialAction":[{"@type":"SearchAction","target":{"@type":"EntryPoint","urlTemplate":"https:\/\/dana.com.br\/canaldana\/?s={search_term_string}"},"query-input":{"@type":"PropertyValueSpecification","valueRequired":true,"valueName":"search_term_string"}}],"inLanguage":"pt-BR"},{"@type":"Person","@id":"https:\/\/dana.com.br\/canaldana\/#\/schema\/person\/3c21f22f56fcf3bc46b94bc60ea4fef6","name":"Canal Dana","image":{"@type":"ImageObject","inLanguage":"pt-BR","@id":"https:\/\/secure.gravatar.com\/avatar\/420aaf9278582877d9018637c6817617705899d2858d7572ef0fe59a6b6454b4?s=96&d=mm&r=g","url":"https:\/\/secure.gravatar.com\/avatar\/420aaf9278582877d9018637c6817617705899d2858d7572ef0fe59a6b6454b4?s=96&d=mm&r=g","contentUrl":"https:\/\/secure.gravatar.com\/avatar\/420aaf9278582877d9018637c6817617705899d2858d7572ef0fe59a6b6454b4?s=96&d=mm&r=g","caption":"Canal Dana"},"url":"https:\/\/dana.com.br\/canaldana\/author\/cdeditor\/"}]}},"_links":{"self":[{"href":"https:\/\/dana.com.br\/canaldana\/wp-json\/wp\/v2\/posts\/49656","targetHints":{"allow":["GET"]}}],"collection":[{"href":"https:\/\/dana.com.br\/canaldana\/wp-json\/wp\/v2\/posts"}],"about":[{"href":"https:\/\/dana.com.br\/canaldana\/wp-json\/wp\/v2\/types\/post"}],"author":[{"embeddable":true,"href":"https:\/\/dana.com.br\/canaldana\/wp-json\/wp\/v2\/users\/3"}],"replies":[{"embeddable":true,"href":"https:\/\/dana.com.br\/canaldana\/wp-json\/wp\/v2\/comments?post=49656"}],"version-history":[{"count":0,"href":"https:\/\/dana.com.br\/canaldana\/wp-json\/wp\/v2\/posts\/49656\/revisions"}],"wp:attachment":[{"href":"https:\/\/dana.com.br\/canaldana\/wp-json\/wp\/v2\/media?parent=49656"}],"wp:term":[{"taxonomy":"category","embeddable":true,"href":"https:\/\/dana.com.br\/canaldana\/wp-json\/wp\/v2\/categories?post=49656"},{"taxonomy":"post_tag","embeddable":true,"href":"https:\/\/dana.com.br\/canaldana\/wp-json\/wp\/v2\/tags?post=49656"}],"curies":[{"name":"wp","href":"https:\/\/api.w.org\/{rel}","templated":true}]}}