{"id":49563,"date":"2021-04-22T08:31:32","date_gmt":"2021-04-22T11:31:32","guid":{"rendered":"https:\/\/dana.com.br\/canaldana\/?p=49563"},"modified":"2021-04-22T08:31:32","modified_gmt":"2021-04-22T11:31:32","slug":"toyota-e-gm-convocam-recall-de-veiculos","status":"publish","type":"post","link":"https:\/\/dana.com.br\/canaldana\/2021\/04\/22\/toyota-e-gm-convocam-recall-de-veiculos\/","title":{"rendered":"Toyota e GM convocam recall de ve\u00edculos"},"content":{"rendered":"<p><em>Yahoo Finan\u00e7as<\/em><\/p>\n<p>&nbsp;<\/p>\n<p>A Toyota comunica o recall dos modelos Camry e Lexus modelos NX300, RX350 e ES300h com especifica\u00e7\u00f5es abaixo. J\u00e1 o comunicado da GM \u00e9 para ve\u00edculos Chevrolet Tracker, modelos 2020 a 2022, fabricados entre 25\/10\/2019 a 8\/4\/\/2021, com n\u00fameros de chassis de LB900009 at\u00e9 NB100146.<\/p>\n<p>&nbsp;<\/p>\n<p><strong>Problemas da Toyota<\/strong><\/p>\n<p>&nbsp;<\/p>\n<p>Segundo a empresa, os ve\u00edculos envolvidos t\u00eam uma bomba de combust\u00edvel de baixa press\u00e3o no tanque de combust\u00edvel. A certas condi\u00e7\u00f5es de produ\u00e7\u00e3o, o impulsor presente na referida bomba pode apresentar trincas superficiais, o que pode levar a uma deforma\u00e7\u00e3o capaz de criar uma interfer\u00eancia com o corpo, tornando-a inoperante. Caso isso acontea, a luz de verifica\u00e7\u00e3o do motor pode acender e, assim, haver um mau funcionamento do motor.<\/p>\n<p>&nbsp;<\/p>\n<p>Em situa\u00e7\u00f5es raras, o carro pode parar quando est\u00e1 em alta velocidade, o que aumenta o risco de acidentes mais graves, com les\u00f5es graves ou at\u00e9 mesmo fatais dos ocupantes.<\/p>\n<p>&nbsp;<\/p>\n<p><strong>Ve\u00edculos envolvidos<\/strong><\/p>\n<p>&nbsp;<\/p>\n<p><strong>Camry fabrica\u00e7\u00e3o: <\/strong>4\/2 a 28\/3\/2019 chassis (ordem n\u00e3o sequencial) JTNBZ3HK* de K3008425 a K3009269<\/p>\n<p><strong>Lexus NX300 fabrica\u00e7\u00e3o: <\/strong>11\/5 a 14\/5\/2018 chassis (ordem n\u00e3o sequencial) JTJBARBZ* de J2178631 a J2178870<\/p>\n<p><strong>Lexus RX350 fabrica\u00e7\u00e3o: <\/strong>4\/7\/2017 a 13\/5\/2019 chassis (ordem n\u00e3o sequencial) JTJBZMCA* de H2026938 a K2045044<\/p>\n<p><strong>Lexus ES300h fabrica\u00e7\u00e3o:<\/strong> 5\/92018 a 20\/2\/2019 chassis (ordem n\u00e3o sequencial) JTHB21B1* de K2008307 a K2037346<\/p>\n<p>&nbsp;<\/p>\n<p>Devido a isso, quem tem os carros identificados acima deve agendar a substitui\u00e7\u00e3o da bomba em uma concession\u00e1ria a partir da pr\u00f3xima sexta-feira (23). A montadora disponibiliza quatro canais de atendimento. Para quem prefere usar o telefone, os n\u00fameros s\u00e3o: 0800 703 0206 e 0800 539 8727. J\u00e1 pela internet, os sites s\u00e3o <a href=\"http:\/\/www.toyota.com.br\/servicos\/recall\/\" target=\"_blank\" rel=\"noopener noreferrer\">www.toyota.com.br\/servicos\/recall\/<\/a> e <a href=\"http:\/\/www.lexus.com.br\/pt\/contact-us\/recall.html\" target=\"_blank\" rel=\"noopener noreferrer\">www.lexus.com.br\/pt\/contact-us\/recall.html<\/a>.<\/p>\n<p>&nbsp;<\/p>\n<p><strong>Recall da GM<\/strong><\/p>\n<p>&nbsp;<\/p>\n<p>Segundo a GM, em caso de colis\u00f5es, onde o acionamento dos pr\u00e9-tensionadores abdominais dos cintos de seguran\u00e7a da frente do carro \u00e9 esperado, constatou-se a possibilidade de fagulhas decorrentes do seu funcionamento normal atingirem o isolador ac\u00fastico do carpete Chevrolet Tracker. Com isso, h\u00e1 possibilidade de risco de inc\u00eandio na regi\u00e3o inferior da coluna B, o que pode levar a danos materiais e a les\u00f5es graves e fatais aos ocupantes do carro.<\/p>\n<p>&nbsp;<\/p>\n<p>A montadora orienta que os propriet\u00e1rios dos ve\u00edculos que se encaixam nas condi\u00e7\u00f5es do comunicado a marcar na concession\u00e1ria a instala\u00e7\u00e3o de uma prote\u00e7\u00e3o no isolador ac\u00fastico do carpete. O agendamento deve ser feito pelo site <a href=\"http:\/\/www.chevrolet.com.br\" target=\"_blank\" rel=\"noopener noreferrer\">www.chevrolet.com.br<\/a> ou pelo telefone 0800 702 4200<\/p>\n<p>&nbsp;<\/p>\n<p><strong>Orienta\u00e7\u00f5es do Procon-SP<\/strong><\/p>\n<p>&nbsp;<\/p>\n<p>Segundo o Procon-SP, as duas montadoras dever\u00e3o apresentar os esclarecimentos que se fizerem necess\u00e1rios, conforme determina o C\u00f3digo de Defesa do Consumidor, inclusive com informa\u00e7\u00f5es claras e precisas sobre os riscos para o consumidor.<\/p>\n<p>&nbsp;<\/p>\n<p>Quem sofreu algum acidente devido ao problema pode entrar na Justi\u00e7a e pedir a repara\u00e7\u00e3o dos danos. (Yahoo Finan\u00e7as)<\/p>\n","protected":false},"excerpt":{"rendered":"<p>Yahoo Finan\u00e7as &nbsp; A Toyota comunica o recall dos modelos Camry e Lexus modelos NX300, RX350 e ES300h com especifica\u00e7\u00f5es abaixo. J\u00e1 o comunicado da GM \u00e9 para ve\u00edculos Chevrolet Tracker, modelos 2020 a 2022, fabricados entre 25\/10\/2019 a 8\/4\/\/2021, com n\u00fameros de chassis de LB900009 at\u00e9 NB100146. &nbsp; Problemas da Toyota &nbsp; Segundo a\u2026 <a class=\"readmore\" href=\"https:\/\/dana.com.br\/canaldana\/2021\/04\/22\/toyota-e-gm-convocam-recall-de-veiculos\/\">Leia mais \u00bb<\/a><\/p>\n","protected":false},"author":3,"featured_media":0,"comment_status":"closed","ping_status":"closed","sticky":false,"template":"","format":"standard","meta":{"_acf_changed":false,"footnotes":""},"categories":[81],"tags":[],"class_list":["post-49563","post","type-post","status-publish","format-standard","hentry","category-recall"],"acf":[],"yoast_head":"<!-- This site is optimized with the Yoast SEO plugin v27.3 - https:\/\/yoast.com\/product\/yoast-seo-wordpress\/ -->\n<title>Toyota e GM convocam recall de ve\u00edculos - Canal Dana<\/title>\n<meta name=\"robots\" content=\"index, follow, max-snippet:-1, max-image-preview:large, max-video-preview:-1\" \/>\n<link rel=\"canonical\" href=\"https:\/\/dana.com.br\/canaldana\/2021\/04\/22\/toyota-e-gm-convocam-recall-de-veiculos\/\" \/>\n<meta property=\"og:locale\" content=\"pt_BR\" \/>\n<meta property=\"og:type\" content=\"article\" \/>\n<meta property=\"og:title\" content=\"Toyota e GM convocam recall de ve\u00edculos - Canal Dana\" \/>\n<meta property=\"og:description\" content=\"Yahoo Finan\u00e7as &nbsp; A Toyota comunica o recall dos modelos Camry e Lexus modelos NX300, RX350 e ES300h com especifica\u00e7\u00f5es abaixo. J\u00e1 o comunicado da GM \u00e9 para ve\u00edculos Chevrolet Tracker, modelos 2020 a 2022, fabricados entre 25\/10\/2019 a 8\/4\/\/2021, com n\u00fameros de chassis de LB900009 at\u00e9 NB100146. &nbsp; Problemas da Toyota &nbsp; Segundo a\u2026 Leia mais \u00bb\" \/>\n<meta property=\"og:url\" content=\"https:\/\/dana.com.br\/canaldana\/2021\/04\/22\/toyota-e-gm-convocam-recall-de-veiculos\/\" \/>\n<meta property=\"og:site_name\" content=\"Canal Dana\" \/>\n<meta property=\"article:published_time\" content=\"2021-04-22T11:31:32+00:00\" \/>\n<meta name=\"author\" content=\"Canal Dana\" \/>\n<meta name=\"twitter:card\" content=\"summary_large_image\" \/>\n<meta name=\"twitter:label1\" content=\"Escrito por\" \/>\n\t<meta name=\"twitter:data1\" content=\"Canal Dana\" \/>\n\t<meta name=\"twitter:label2\" content=\"Est. tempo de leitura\" \/>\n\t<meta name=\"twitter:data2\" content=\"3 minutos\" \/>\n<script type=\"application\/ld+json\" class=\"yoast-schema-graph\">{\"@context\":\"https:\\\/\\\/schema.org\",\"@graph\":[{\"@type\":\"Article\",\"@id\":\"https:\\\/\\\/dana.com.br\\\/canaldana\\\/2021\\\/04\\\/22\\\/toyota-e-gm-convocam-recall-de-veiculos\\\/#article\",\"isPartOf\":{\"@id\":\"https:\\\/\\\/dana.com.br\\\/canaldana\\\/2021\\\/04\\\/22\\\/toyota-e-gm-convocam-recall-de-veiculos\\\/\"},\"author\":{\"name\":\"Canal Dana\",\"@id\":\"https:\\\/\\\/dana.com.br\\\/canaldana\\\/#\\\/schema\\\/person\\\/3c21f22f56fcf3bc46b94bc60ea4fef6\"},\"headline\":\"Toyota e GM convocam recall de ve\u00edculos\",\"datePublished\":\"2021-04-22T11:31:32+00:00\",\"mainEntityOfPage\":{\"@id\":\"https:\\\/\\\/dana.com.br\\\/canaldana\\\/2021\\\/04\\\/22\\\/toyota-e-gm-convocam-recall-de-veiculos\\\/\"},\"wordCount\":509,\"articleSection\":[\"Recall\"],\"inLanguage\":\"pt-BR\"},{\"@type\":\"WebPage\",\"@id\":\"https:\\\/\\\/dana.com.br\\\/canaldana\\\/2021\\\/04\\\/22\\\/toyota-e-gm-convocam-recall-de-veiculos\\\/\",\"url\":\"https:\\\/\\\/dana.com.br\\\/canaldana\\\/2021\\\/04\\\/22\\\/toyota-e-gm-convocam-recall-de-veiculos\\\/\",\"name\":\"Toyota e GM convocam recall de ve\u00edculos - Canal Dana\",\"isPartOf\":{\"@id\":\"https:\\\/\\\/dana.com.br\\\/canaldana\\\/#website\"},\"datePublished\":\"2021-04-22T11:31:32+00:00\",\"author\":{\"@id\":\"https:\\\/\\\/dana.com.br\\\/canaldana\\\/#\\\/schema\\\/person\\\/3c21f22f56fcf3bc46b94bc60ea4fef6\"},\"breadcrumb\":{\"@id\":\"https:\\\/\\\/dana.com.br\\\/canaldana\\\/2021\\\/04\\\/22\\\/toyota-e-gm-convocam-recall-de-veiculos\\\/#breadcrumb\"},\"inLanguage\":\"pt-BR\",\"potentialAction\":[{\"@type\":\"ReadAction\",\"target\":[\"https:\\\/\\\/dana.com.br\\\/canaldana\\\/2021\\\/04\\\/22\\\/toyota-e-gm-convocam-recall-de-veiculos\\\/\"]}]},{\"@type\":\"BreadcrumbList\",\"@id\":\"https:\\\/\\\/dana.com.br\\\/canaldana\\\/2021\\\/04\\\/22\\\/toyota-e-gm-convocam-recall-de-veiculos\\\/#breadcrumb\",\"itemListElement\":[{\"@type\":\"ListItem\",\"position\":1,\"name\":\"Home\",\"item\":\"https:\\\/\\\/dana.com.br\\\/canaldana\\\/\"},{\"@type\":\"ListItem\",\"position\":2,\"name\":\"Recall\",\"item\":\"https:\\\/\\\/dana.com.br\\\/canaldana\\\/recall\\\/\"},{\"@type\":\"ListItem\",\"position\":3,\"name\":\"Toyota e GM convocam recall de ve\u00edculos\"}]},{\"@type\":\"WebSite\",\"@id\":\"https:\\\/\\\/dana.com.br\\\/canaldana\\\/#website\",\"url\":\"https:\\\/\\\/dana.com.br\\\/canaldana\\\/\",\"name\":\"Canal Dana\",\"description\":\"Informativo com as principais not\u00edcias da ind\u00fastria automotiva\",\"potentialAction\":[{\"@type\":\"SearchAction\",\"target\":{\"@type\":\"EntryPoint\",\"urlTemplate\":\"https:\\\/\\\/dana.com.br\\\/canaldana\\\/?s={search_term_string}\"},\"query-input\":{\"@type\":\"PropertyValueSpecification\",\"valueRequired\":true,\"valueName\":\"search_term_string\"}}],\"inLanguage\":\"pt-BR\"},{\"@type\":\"Person\",\"@id\":\"https:\\\/\\\/dana.com.br\\\/canaldana\\\/#\\\/schema\\\/person\\\/3c21f22f56fcf3bc46b94bc60ea4fef6\",\"name\":\"Canal Dana\",\"image\":{\"@type\":\"ImageObject\",\"inLanguage\":\"pt-BR\",\"@id\":\"https:\\\/\\\/secure.gravatar.com\\\/avatar\\\/420aaf9278582877d9018637c6817617705899d2858d7572ef0fe59a6b6454b4?s=96&d=mm&r=g\",\"url\":\"https:\\\/\\\/secure.gravatar.com\\\/avatar\\\/420aaf9278582877d9018637c6817617705899d2858d7572ef0fe59a6b6454b4?s=96&d=mm&r=g\",\"contentUrl\":\"https:\\\/\\\/secure.gravatar.com\\\/avatar\\\/420aaf9278582877d9018637c6817617705899d2858d7572ef0fe59a6b6454b4?s=96&d=mm&r=g\",\"caption\":\"Canal Dana\"},\"url\":\"https:\\\/\\\/dana.com.br\\\/canaldana\\\/author\\\/cdeditor\\\/\"}]}<\/script>\n<!-- \/ Yoast SEO plugin. -->","yoast_head_json":{"title":"Toyota e GM convocam recall de ve\u00edculos - Canal Dana","robots":{"index":"index","follow":"follow","max-snippet":"max-snippet:-1","max-image-preview":"max-image-preview:large","max-video-preview":"max-video-preview:-1"},"canonical":"https:\/\/dana.com.br\/canaldana\/2021\/04\/22\/toyota-e-gm-convocam-recall-de-veiculos\/","og_locale":"pt_BR","og_type":"article","og_title":"Toyota e GM convocam recall de ve\u00edculos - Canal Dana","og_description":"Yahoo Finan\u00e7as &nbsp; A Toyota comunica o recall dos modelos Camry e Lexus modelos NX300, RX350 e ES300h com especifica\u00e7\u00f5es abaixo. J\u00e1 o comunicado da GM \u00e9 para ve\u00edculos Chevrolet Tracker, modelos 2020 a 2022, fabricados entre 25\/10\/2019 a 8\/4\/\/2021, com n\u00fameros de chassis de LB900009 at\u00e9 NB100146. &nbsp; Problemas da Toyota &nbsp; Segundo a\u2026 Leia mais \u00bb","og_url":"https:\/\/dana.com.br\/canaldana\/2021\/04\/22\/toyota-e-gm-convocam-recall-de-veiculos\/","og_site_name":"Canal Dana","article_published_time":"2021-04-22T11:31:32+00:00","author":"Canal Dana","twitter_card":"summary_large_image","twitter_misc":{"Escrito por":"Canal Dana","Est. tempo de leitura":"3 minutos"},"schema":{"@context":"https:\/\/schema.org","@graph":[{"@type":"Article","@id":"https:\/\/dana.com.br\/canaldana\/2021\/04\/22\/toyota-e-gm-convocam-recall-de-veiculos\/#article","isPartOf":{"@id":"https:\/\/dana.com.br\/canaldana\/2021\/04\/22\/toyota-e-gm-convocam-recall-de-veiculos\/"},"author":{"name":"Canal Dana","@id":"https:\/\/dana.com.br\/canaldana\/#\/schema\/person\/3c21f22f56fcf3bc46b94bc60ea4fef6"},"headline":"Toyota e GM convocam recall de ve\u00edculos","datePublished":"2021-04-22T11:31:32+00:00","mainEntityOfPage":{"@id":"https:\/\/dana.com.br\/canaldana\/2021\/04\/22\/toyota-e-gm-convocam-recall-de-veiculos\/"},"wordCount":509,"articleSection":["Recall"],"inLanguage":"pt-BR"},{"@type":"WebPage","@id":"https:\/\/dana.com.br\/canaldana\/2021\/04\/22\/toyota-e-gm-convocam-recall-de-veiculos\/","url":"https:\/\/dana.com.br\/canaldana\/2021\/04\/22\/toyota-e-gm-convocam-recall-de-veiculos\/","name":"Toyota e GM convocam recall de ve\u00edculos - Canal Dana","isPartOf":{"@id":"https:\/\/dana.com.br\/canaldana\/#website"},"datePublished":"2021-04-22T11:31:32+00:00","author":{"@id":"https:\/\/dana.com.br\/canaldana\/#\/schema\/person\/3c21f22f56fcf3bc46b94bc60ea4fef6"},"breadcrumb":{"@id":"https:\/\/dana.com.br\/canaldana\/2021\/04\/22\/toyota-e-gm-convocam-recall-de-veiculos\/#breadcrumb"},"inLanguage":"pt-BR","potentialAction":[{"@type":"ReadAction","target":["https:\/\/dana.com.br\/canaldana\/2021\/04\/22\/toyota-e-gm-convocam-recall-de-veiculos\/"]}]},{"@type":"BreadcrumbList","@id":"https:\/\/dana.com.br\/canaldana\/2021\/04\/22\/toyota-e-gm-convocam-recall-de-veiculos\/#breadcrumb","itemListElement":[{"@type":"ListItem","position":1,"name":"Home","item":"https:\/\/dana.com.br\/canaldana\/"},{"@type":"ListItem","position":2,"name":"Recall","item":"https:\/\/dana.com.br\/canaldana\/recall\/"},{"@type":"ListItem","position":3,"name":"Toyota e GM convocam recall de ve\u00edculos"}]},{"@type":"WebSite","@id":"https:\/\/dana.com.br\/canaldana\/#website","url":"https:\/\/dana.com.br\/canaldana\/","name":"Canal Dana","description":"Informativo com as principais not\u00edcias da ind\u00fastria automotiva","potentialAction":[{"@type":"SearchAction","target":{"@type":"EntryPoint","urlTemplate":"https:\/\/dana.com.br\/canaldana\/?s={search_term_string}"},"query-input":{"@type":"PropertyValueSpecification","valueRequired":true,"valueName":"search_term_string"}}],"inLanguage":"pt-BR"},{"@type":"Person","@id":"https:\/\/dana.com.br\/canaldana\/#\/schema\/person\/3c21f22f56fcf3bc46b94bc60ea4fef6","name":"Canal Dana","image":{"@type":"ImageObject","inLanguage":"pt-BR","@id":"https:\/\/secure.gravatar.com\/avatar\/420aaf9278582877d9018637c6817617705899d2858d7572ef0fe59a6b6454b4?s=96&d=mm&r=g","url":"https:\/\/secure.gravatar.com\/avatar\/420aaf9278582877d9018637c6817617705899d2858d7572ef0fe59a6b6454b4?s=96&d=mm&r=g","contentUrl":"https:\/\/secure.gravatar.com\/avatar\/420aaf9278582877d9018637c6817617705899d2858d7572ef0fe59a6b6454b4?s=96&d=mm&r=g","caption":"Canal Dana"},"url":"https:\/\/dana.com.br\/canaldana\/author\/cdeditor\/"}]}},"_links":{"self":[{"href":"https:\/\/dana.com.br\/canaldana\/wp-json\/wp\/v2\/posts\/49563","targetHints":{"allow":["GET"]}}],"collection":[{"href":"https:\/\/dana.com.br\/canaldana\/wp-json\/wp\/v2\/posts"}],"about":[{"href":"https:\/\/dana.com.br\/canaldana\/wp-json\/wp\/v2\/types\/post"}],"author":[{"embeddable":true,"href":"https:\/\/dana.com.br\/canaldana\/wp-json\/wp\/v2\/users\/3"}],"replies":[{"embeddable":true,"href":"https:\/\/dana.com.br\/canaldana\/wp-json\/wp\/v2\/comments?post=49563"}],"version-history":[{"count":0,"href":"https:\/\/dana.com.br\/canaldana\/wp-json\/wp\/v2\/posts\/49563\/revisions"}],"wp:attachment":[{"href":"https:\/\/dana.com.br\/canaldana\/wp-json\/wp\/v2\/media?parent=49563"}],"wp:term":[{"taxonomy":"category","embeddable":true,"href":"https:\/\/dana.com.br\/canaldana\/wp-json\/wp\/v2\/categories?post=49563"},{"taxonomy":"post_tag","embeddable":true,"href":"https:\/\/dana.com.br\/canaldana\/wp-json\/wp\/v2\/tags?post=49563"}],"curies":[{"name":"wp","href":"https:\/\/api.w.org\/{rel}","templated":true}]}}