{"id":49463,"date":"2021-04-15T08:35:25","date_gmt":"2021-04-15T11:35:25","guid":{"rendered":"https:\/\/dana.com.br\/canaldana\/?p=49463"},"modified":"2021-04-15T08:35:25","modified_gmt":"2021-04-15T11:35:25","slug":"saiba-como-a-economia-circular-melhora-a-producao-da-industria-e-protege-o-ambiente","status":"publish","type":"post","link":"https:\/\/dana.com.br\/canaldana\/2021\/04\/15\/saiba-como-a-economia-circular-melhora-a-producao-da-industria-e-protege-o-ambiente\/","title":{"rendered":"Saiba como a economia circular melhora a produ\u00e7\u00e3o da ind\u00fastria e protege o ambiente"},"content":{"rendered":"<p><em>Portal Isto \u00c9 Dinheiro<\/em><\/p>\n<p>&nbsp;<\/p>\n<p>O a\u00e7o \u00e9 dos materiais mais usados no mundo e est\u00e1 nos mais diversos lugares \u2013 edif\u00edcios, infraestrutura, carros e caminh\u00f5es, equipamentos dom\u00e9sticos, embalagens, entre outros. O Brasil \u00e9 o 9\u00ba maior produtor mundial de a\u00e7o e, em 2019, foram produzidos 29 milh\u00f5es de toneladas de a\u00e7o no pa\u00eds, segundo dados do Instituto A\u00e7o Brasil. Isso gerou 18 milh\u00f5es de toneladas de coprodutos e res\u00edduos dos quais 94% foram reaproveitados no processo produtivo sider\u00fargico e de outros setores, como o cer\u00e2mico.<\/p>\n<p>&nbsp;<\/p>\n<p>O a\u00e7o \u00e9 um material nobre e tem \u00edndice de reciclagem elevado, em cerca de 85%. Mesmo com tantos atributos que favorecem esse material, o setor \u00e9 incans\u00e1vel em buscar inova\u00e7\u00f5es e novos modelos de neg\u00f3cio que ajudem o a\u00e7o a ser cada vez mais reutiliz\u00e1vel, sem precisar passar diversas vezes pela reciclagem, como consumo de energia e outros insumos.<\/p>\n<p>&nbsp;<\/p>\n<p>O foco do setor est\u00e1 na economia circular, que associa desenvolvimento econ\u00f4mico ao melhor uso de recursos naturais por meio de novas oportunidades de neg\u00f3cios e da otimiza\u00e7\u00e3o na fabrica\u00e7\u00e3o de produtos. A ideia \u00e9 depender menos de mat\u00e9ria-prima virgem, priorizando insumos mais dur\u00e1veis, recicl\u00e1veis e renov\u00e1veis. O conceito de economia circular surge como um contraponto ao modelo econ\u00f4mico linear \u2013 de extra\u00e7\u00e3o de mat\u00e9ria-prima, transforma\u00e7\u00e3o, uso e descarte de res\u00edduos \u2013, que est\u00e1 atingindo seu limite.<\/p>\n<p>&nbsp;<\/p>\n<p>Nos \u00faltimos 30 anos, apesar dos avan\u00e7os tecnol\u00f3gicos e do aumento da produtividade dos processos industriais, que hoje extraem 40% mais valor econ\u00f4mico das mat\u00e9rias-primas, a demanda aumentou 150%. \u201cIsso mostra que n\u00e3o \u00e9 poss\u00edvel manter o modelo linear no longo prazo, mesmo com maior efici\u00eancia no uso de insumos\u201d, avalia Davi Bomtempo, gerente-executivo de Meio Ambiente e Sustentabilidade da Confedera\u00e7\u00e3o Nacional da Ind\u00fastria (CNI).<\/p>\n<p>&nbsp;<\/p>\n<p>A nova tend\u00eancia faz com que as empresas n\u00e3o apenas reduzam custos e perdas produtivas, mas criem novas fontes de receita. Por exemplo, ao comercializar res\u00edduos \u00fateis a outros processos produtivos. A economia circular tamb\u00e9m contribui para promover o desenvolvimento de novos elos na cadeia produtiva, por meio de pr\u00e1ticas como otimiza\u00e7\u00e3o de processos, produto como servi\u00e7o, compartilhamento, extens\u00e3o da vida do produto, insumos circulares, recupera\u00e7\u00e3o de recursos e virtualiza\u00e7\u00e3o.<\/p>\n<p>&nbsp;<\/p>\n<p><strong>Modelo de neg\u00f3cios baseado em aluguel de estacas de a\u00e7o em vez da tradicional venda<\/strong><\/p>\n<p>&nbsp;<\/p>\n<p>Exemplo de que usou a economia circular para transformar o modelo de neg\u00f3cios \u00e9 a da multinacional ArcelorMittal, presente em 60 pa\u00edses e com 17 mil trabalhadores no Brasil. Ela inova no modelo de neg\u00f3cios ao alugar estacas pranchas met\u00e1licas para atender obras de conten\u00e7\u00e3o tempor\u00e1ria em substitui\u00e7\u00e3o a estruturas de concreto, mais dif\u00edceis de ser removidas. \u201cEstamos buscando desenvolver cada vez mais produtos de a\u00e7o, em especial para o setor da constru\u00e7\u00e3o, que possam ser reutilizadas em diversas obras sem passar novamente pelo processo produtivo\u201d, explica o gerente-geral de Rela\u00e7\u00f5es Institucionais e Sustentabilidade da ArcelorMittal Brasil, Guilherme Abreu.<\/p>\n<p>&nbsp;<\/p>\n<p>A empresa vende e reusa internamente em torno de 90% dos res\u00edduos gerados na produ\u00e7\u00e3o. Outra iniciativa s\u00e3o parcerias com ind\u00fastrias automotiva e de equipamentos dom\u00e9sticos para intensificar a recupera\u00e7\u00e3o de produtos em fim de uso e aumentar o uso de sucata como mat\u00e9ria-prima.<\/p>\n<p>&nbsp;<\/p>\n<p>Outra estrat\u00e9gia de economia circular da ArcelorMittal \u00e9 o plantio de florestas de eucalipto renov\u00e1veis. A empresa conta com 135 mil hectares de terra restaurada e usa a madeira do eucalipto plantado para produ\u00e7\u00e3o de carv\u00e3o vegetal que \u00e9 usado como redutor nos altos-fornos da unidade de Juiz de Fora. O Carbono presente no carv\u00e3o vegetal transforma-se em CO2 nos Altos-Fornos e em seguida \u00e9 absorvido pelas florestas renov\u00e1veis, retornando \u00e0 sua forma original de Carbono, e assim garantindo a circularidade.<\/p>\n<p>&nbsp;<\/p>\n<p><strong>Ind\u00fastria brasileira defende transi\u00e7\u00e3o gradual \u00e0 economia circular<\/strong><\/p>\n<p>&nbsp;<\/p>\n<p>Uma transi\u00e7\u00e3o gradual para a economia circular \u00e9 o ponto central das propostas da CNI ao comit\u00ea da norma de economia circular da Organiza\u00e7\u00e3o Internacional de Normaliza\u00e7\u00e3o (ISO, na sigla em ingl\u00eas), formado por 70 pa\u00edses. A ind\u00fastria brasileira quer que pr\u00e1ticas como recupera\u00e7\u00e3o energ\u00e9tica de res\u00edduos e elimina\u00e7\u00e3o de desperd\u00edcios nos processos produtivos sejam considerados na norma internacional para o processo de transi\u00e7\u00e3o para a economia circular. A previs\u00e3o \u00e9 que a norma t\u00e9cnica entre em vigor a partir de 2023.<\/p>\n<p>&nbsp;<\/p>\n<p>Pesquisa feita pela CNI em 2019 mostra que 76,5% das ind\u00fastrias desenvolvem alguma iniciativa de economia circular, embora a maior parte n\u00e3o saiba que as a\u00e7\u00f5es se enquadram nesse conceito. Entre as principais pr\u00e1ticas est\u00e3o a otimiza\u00e7\u00e3o de processos (56,5%), o uso de insumos circulares (37,1%) e a recupera\u00e7\u00e3o de recursos (24,1%). A pesquisa tamb\u00e9m mostrou que 88,2% dos entrevistados avaliaram a economia circular como importante ou muito importante para a ind\u00fastria brasileira. E a quest\u00e3o transborda a busca por efici\u00eancia.<\/p>\n<p>&nbsp;<\/p>\n<p>Levantamento sobre o perfil dos consumidores brasileiros, tamb\u00e9m da CNI, mostra que 38% dos entrevistados sempre verificam ou verificam \u00e0s vezes se os produtos foram produzidos de forma ambientalmente correta. A pesquisa revela que os brasileiros tamb\u00e9m t\u00eam mais consci\u00eancia sobre o destino do lixo. O n\u00famero de pessoas que separa o lixo para a reciclagem cresceu de 47%, em 2013, para 55% no ano passado.<\/p>\n<p>&nbsp;<\/p>\n<p><strong>Brasil pode se tornar refer\u00eancia na economia circular<\/strong><\/p>\n<p>&nbsp;<\/p>\n<p>Centros cient\u00edficos de excel\u00eancia, um mercado consumidor gigante e uma base industrial grande e diversificada tornam o Brasil atrativo para a economia circular, modelo que alia desenvolvimento econ\u00f4mico ao melhor uso de recursos naturais por meio de novas oportunidades de neg\u00f3cios e da otimiza\u00e7\u00e3o na fabrica\u00e7\u00e3o de produtos.<\/p>\n<p>&nbsp;<\/p>\n<p>A multinacional Flex, do setor eletroeletr\u00f4nico, vislumbrou esse potencial do pa\u00eds e, desde 2013, criou uma nova frente de neg\u00f3cios que existe s\u00f3 no Brasil, voltada \u00e0 recupera\u00e7\u00e3o de res\u00edduos eletr\u00f4nicos de empresas para as quais fornece.<\/p>\n<p>&nbsp;<\/p>\n<p>Em 2018, a f\u00e1brica de Sorocaba (SP) da Flex ganhou o certificado Zero Waste, por um processo de elimina\u00e7\u00e3o de 100% dos res\u00edduos eletr\u00f4nicos da HP, sua principal cliente. \u201cFoi a primeira f\u00e1brica da empresa no mundo que ganhou esse certificado\u201d, comemora Leandro Santos, vice-presidente de Opera\u00e7\u00e3o da Flex no Brasil. A empresa se especializou na destina\u00e7\u00e3o dos mais diversos tipos de res\u00edduos, de metais a papel\u00f5es e at\u00e9 borracha.<\/p>\n<p>&nbsp;<\/p>\n<p>Santos conta que o tamanho continental do pa\u00eds, aliada \u00e0 um grande mercado consumidor que atraiu uma diversidade industrial para c\u00e1, traz vantagens que permitem uma aprendizagem mais r\u00e1pida do processo de log\u00edstica reversa do que em outros pa\u00edses. \u201cO Brasil pode ser l\u00edder na economia circular\u201d, aposta Santos. (Portal Isto \u00c9 Dinheiro)<\/p>\n","protected":false},"excerpt":{"rendered":"<p>Portal Isto \u00c9 Dinheiro &nbsp; O a\u00e7o \u00e9 dos materiais mais usados no mundo e est\u00e1 nos mais diversos lugares \u2013 edif\u00edcios, infraestrutura, carros e caminh\u00f5es, equipamentos dom\u00e9sticos, embalagens, entre outros. O Brasil \u00e9 o 9\u00ba maior produtor mundial de a\u00e7o e, em 2019, foram produzidos 29 milh\u00f5es de toneladas de a\u00e7o no pa\u00eds, segundo\u2026 <a class=\"readmore\" href=\"https:\/\/dana.com.br\/canaldana\/2021\/04\/15\/saiba-como-a-economia-circular-melhora-a-producao-da-industria-e-protege-o-ambiente\/\">Leia mais \u00bb<\/a><\/p>\n","protected":false},"author":3,"featured_media":0,"comment_status":"closed","ping_status":"closed","sticky":false,"template":"","format":"standard","meta":{"_acf_changed":false,"footnotes":""},"categories":[79],"tags":[],"class_list":["post-49463","post","type-post","status-publish","format-standard","hentry","category-mercado"],"acf":[],"yoast_head":"<!-- This site is optimized with the Yoast SEO plugin v27.3 - https:\/\/yoast.com\/product\/yoast-seo-wordpress\/ -->\n<title>Saiba como a economia circular melhora a produ\u00e7\u00e3o da ind\u00fastria e protege o ambiente - Canal Dana<\/title>\n<meta name=\"robots\" content=\"index, follow, max-snippet:-1, max-image-preview:large, max-video-preview:-1\" \/>\n<link rel=\"canonical\" href=\"https:\/\/dana.com.br\/canaldana\/2021\/04\/15\/saiba-como-a-economia-circular-melhora-a-producao-da-industria-e-protege-o-ambiente\/\" \/>\n<meta property=\"og:locale\" content=\"pt_BR\" \/>\n<meta property=\"og:type\" content=\"article\" \/>\n<meta property=\"og:title\" content=\"Saiba como a economia circular melhora a produ\u00e7\u00e3o da ind\u00fastria e protege o ambiente - Canal Dana\" \/>\n<meta property=\"og:description\" content=\"Portal Isto \u00c9 Dinheiro &nbsp; O a\u00e7o \u00e9 dos materiais mais usados no mundo e est\u00e1 nos mais diversos lugares \u2013 edif\u00edcios, infraestrutura, carros e caminh\u00f5es, equipamentos dom\u00e9sticos, embalagens, entre outros. O Brasil \u00e9 o 9\u00ba maior produtor mundial de a\u00e7o e, em 2019, foram produzidos 29 milh\u00f5es de toneladas de a\u00e7o no pa\u00eds, segundo\u2026 Leia mais \u00bb\" \/>\n<meta property=\"og:url\" content=\"https:\/\/dana.com.br\/canaldana\/2021\/04\/15\/saiba-como-a-economia-circular-melhora-a-producao-da-industria-e-protege-o-ambiente\/\" \/>\n<meta property=\"og:site_name\" content=\"Canal Dana\" \/>\n<meta property=\"article:published_time\" content=\"2021-04-15T11:35:25+00:00\" \/>\n<meta name=\"author\" content=\"Canal Dana\" \/>\n<meta name=\"twitter:card\" content=\"summary_large_image\" \/>\n<meta name=\"twitter:label1\" content=\"Escrito por\" \/>\n\t<meta name=\"twitter:data1\" content=\"Canal Dana\" \/>\n\t<meta name=\"twitter:label2\" content=\"Est. tempo de leitura\" \/>\n\t<meta name=\"twitter:data2\" content=\"6 minutos\" \/>\n<script type=\"application\/ld+json\" class=\"yoast-schema-graph\">{\"@context\":\"https:\\\/\\\/schema.org\",\"@graph\":[{\"@type\":\"Article\",\"@id\":\"https:\\\/\\\/dana.com.br\\\/canaldana\\\/2021\\\/04\\\/15\\\/saiba-como-a-economia-circular-melhora-a-producao-da-industria-e-protege-o-ambiente\\\/#article\",\"isPartOf\":{\"@id\":\"https:\\\/\\\/dana.com.br\\\/canaldana\\\/2021\\\/04\\\/15\\\/saiba-como-a-economia-circular-melhora-a-producao-da-industria-e-protege-o-ambiente\\\/\"},\"author\":{\"name\":\"Canal Dana\",\"@id\":\"https:\\\/\\\/dana.com.br\\\/canaldana\\\/#\\\/schema\\\/person\\\/3c21f22f56fcf3bc46b94bc60ea4fef6\"},\"headline\":\"Saiba como a economia circular melhora a produ\u00e7\u00e3o da ind\u00fastria e protege o ambiente\",\"datePublished\":\"2021-04-15T11:35:25+00:00\",\"mainEntityOfPage\":{\"@id\":\"https:\\\/\\\/dana.com.br\\\/canaldana\\\/2021\\\/04\\\/15\\\/saiba-como-a-economia-circular-melhora-a-producao-da-industria-e-protege-o-ambiente\\\/\"},\"wordCount\":1171,\"articleSection\":[\"Mercado\"],\"inLanguage\":\"pt-BR\"},{\"@type\":\"WebPage\",\"@id\":\"https:\\\/\\\/dana.com.br\\\/canaldana\\\/2021\\\/04\\\/15\\\/saiba-como-a-economia-circular-melhora-a-producao-da-industria-e-protege-o-ambiente\\\/\",\"url\":\"https:\\\/\\\/dana.com.br\\\/canaldana\\\/2021\\\/04\\\/15\\\/saiba-como-a-economia-circular-melhora-a-producao-da-industria-e-protege-o-ambiente\\\/\",\"name\":\"Saiba como a economia circular melhora a produ\u00e7\u00e3o da ind\u00fastria e protege o ambiente - Canal Dana\",\"isPartOf\":{\"@id\":\"https:\\\/\\\/dana.com.br\\\/canaldana\\\/#website\"},\"datePublished\":\"2021-04-15T11:35:25+00:00\",\"author\":{\"@id\":\"https:\\\/\\\/dana.com.br\\\/canaldana\\\/#\\\/schema\\\/person\\\/3c21f22f56fcf3bc46b94bc60ea4fef6\"},\"breadcrumb\":{\"@id\":\"https:\\\/\\\/dana.com.br\\\/canaldana\\\/2021\\\/04\\\/15\\\/saiba-como-a-economia-circular-melhora-a-producao-da-industria-e-protege-o-ambiente\\\/#breadcrumb\"},\"inLanguage\":\"pt-BR\",\"potentialAction\":[{\"@type\":\"ReadAction\",\"target\":[\"https:\\\/\\\/dana.com.br\\\/canaldana\\\/2021\\\/04\\\/15\\\/saiba-como-a-economia-circular-melhora-a-producao-da-industria-e-protege-o-ambiente\\\/\"]}]},{\"@type\":\"BreadcrumbList\",\"@id\":\"https:\\\/\\\/dana.com.br\\\/canaldana\\\/2021\\\/04\\\/15\\\/saiba-como-a-economia-circular-melhora-a-producao-da-industria-e-protege-o-ambiente\\\/#breadcrumb\",\"itemListElement\":[{\"@type\":\"ListItem\",\"position\":1,\"name\":\"Home\",\"item\":\"https:\\\/\\\/dana.com.br\\\/canaldana\\\/\"},{\"@type\":\"ListItem\",\"position\":2,\"name\":\"Mercado\",\"item\":\"https:\\\/\\\/dana.com.br\\\/canaldana\\\/mercado\\\/\"},{\"@type\":\"ListItem\",\"position\":3,\"name\":\"Saiba como a economia circular melhora a produ\u00e7\u00e3o da ind\u00fastria e protege o ambiente\"}]},{\"@type\":\"WebSite\",\"@id\":\"https:\\\/\\\/dana.com.br\\\/canaldana\\\/#website\",\"url\":\"https:\\\/\\\/dana.com.br\\\/canaldana\\\/\",\"name\":\"Canal Dana\",\"description\":\"Informativo com as principais not\u00edcias da ind\u00fastria automotiva\",\"potentialAction\":[{\"@type\":\"SearchAction\",\"target\":{\"@type\":\"EntryPoint\",\"urlTemplate\":\"https:\\\/\\\/dana.com.br\\\/canaldana\\\/?s={search_term_string}\"},\"query-input\":{\"@type\":\"PropertyValueSpecification\",\"valueRequired\":true,\"valueName\":\"search_term_string\"}}],\"inLanguage\":\"pt-BR\"},{\"@type\":\"Person\",\"@id\":\"https:\\\/\\\/dana.com.br\\\/canaldana\\\/#\\\/schema\\\/person\\\/3c21f22f56fcf3bc46b94bc60ea4fef6\",\"name\":\"Canal Dana\",\"image\":{\"@type\":\"ImageObject\",\"inLanguage\":\"pt-BR\",\"@id\":\"https:\\\/\\\/secure.gravatar.com\\\/avatar\\\/420aaf9278582877d9018637c6817617705899d2858d7572ef0fe59a6b6454b4?s=96&d=mm&r=g\",\"url\":\"https:\\\/\\\/secure.gravatar.com\\\/avatar\\\/420aaf9278582877d9018637c6817617705899d2858d7572ef0fe59a6b6454b4?s=96&d=mm&r=g\",\"contentUrl\":\"https:\\\/\\\/secure.gravatar.com\\\/avatar\\\/420aaf9278582877d9018637c6817617705899d2858d7572ef0fe59a6b6454b4?s=96&d=mm&r=g\",\"caption\":\"Canal Dana\"},\"url\":\"https:\\\/\\\/dana.com.br\\\/canaldana\\\/author\\\/cdeditor\\\/\"}]}<\/script>\n<!-- \/ Yoast SEO plugin. -->","yoast_head_json":{"title":"Saiba como a economia circular melhora a produ\u00e7\u00e3o da ind\u00fastria e protege o ambiente - Canal Dana","robots":{"index":"index","follow":"follow","max-snippet":"max-snippet:-1","max-image-preview":"max-image-preview:large","max-video-preview":"max-video-preview:-1"},"canonical":"https:\/\/dana.com.br\/canaldana\/2021\/04\/15\/saiba-como-a-economia-circular-melhora-a-producao-da-industria-e-protege-o-ambiente\/","og_locale":"pt_BR","og_type":"article","og_title":"Saiba como a economia circular melhora a produ\u00e7\u00e3o da ind\u00fastria e protege o ambiente - Canal Dana","og_description":"Portal Isto \u00c9 Dinheiro &nbsp; O a\u00e7o \u00e9 dos materiais mais usados no mundo e est\u00e1 nos mais diversos lugares \u2013 edif\u00edcios, infraestrutura, carros e caminh\u00f5es, equipamentos dom\u00e9sticos, embalagens, entre outros. O Brasil \u00e9 o 9\u00ba maior produtor mundial de a\u00e7o e, em 2019, foram produzidos 29 milh\u00f5es de toneladas de a\u00e7o no pa\u00eds, segundo\u2026 Leia mais \u00bb","og_url":"https:\/\/dana.com.br\/canaldana\/2021\/04\/15\/saiba-como-a-economia-circular-melhora-a-producao-da-industria-e-protege-o-ambiente\/","og_site_name":"Canal Dana","article_published_time":"2021-04-15T11:35:25+00:00","author":"Canal Dana","twitter_card":"summary_large_image","twitter_misc":{"Escrito por":"Canal Dana","Est. tempo de leitura":"6 minutos"},"schema":{"@context":"https:\/\/schema.org","@graph":[{"@type":"Article","@id":"https:\/\/dana.com.br\/canaldana\/2021\/04\/15\/saiba-como-a-economia-circular-melhora-a-producao-da-industria-e-protege-o-ambiente\/#article","isPartOf":{"@id":"https:\/\/dana.com.br\/canaldana\/2021\/04\/15\/saiba-como-a-economia-circular-melhora-a-producao-da-industria-e-protege-o-ambiente\/"},"author":{"name":"Canal Dana","@id":"https:\/\/dana.com.br\/canaldana\/#\/schema\/person\/3c21f22f56fcf3bc46b94bc60ea4fef6"},"headline":"Saiba como a economia circular melhora a produ\u00e7\u00e3o da ind\u00fastria e protege o ambiente","datePublished":"2021-04-15T11:35:25+00:00","mainEntityOfPage":{"@id":"https:\/\/dana.com.br\/canaldana\/2021\/04\/15\/saiba-como-a-economia-circular-melhora-a-producao-da-industria-e-protege-o-ambiente\/"},"wordCount":1171,"articleSection":["Mercado"],"inLanguage":"pt-BR"},{"@type":"WebPage","@id":"https:\/\/dana.com.br\/canaldana\/2021\/04\/15\/saiba-como-a-economia-circular-melhora-a-producao-da-industria-e-protege-o-ambiente\/","url":"https:\/\/dana.com.br\/canaldana\/2021\/04\/15\/saiba-como-a-economia-circular-melhora-a-producao-da-industria-e-protege-o-ambiente\/","name":"Saiba como a economia circular melhora a produ\u00e7\u00e3o da ind\u00fastria e protege o ambiente - Canal Dana","isPartOf":{"@id":"https:\/\/dana.com.br\/canaldana\/#website"},"datePublished":"2021-04-15T11:35:25+00:00","author":{"@id":"https:\/\/dana.com.br\/canaldana\/#\/schema\/person\/3c21f22f56fcf3bc46b94bc60ea4fef6"},"breadcrumb":{"@id":"https:\/\/dana.com.br\/canaldana\/2021\/04\/15\/saiba-como-a-economia-circular-melhora-a-producao-da-industria-e-protege-o-ambiente\/#breadcrumb"},"inLanguage":"pt-BR","potentialAction":[{"@type":"ReadAction","target":["https:\/\/dana.com.br\/canaldana\/2021\/04\/15\/saiba-como-a-economia-circular-melhora-a-producao-da-industria-e-protege-o-ambiente\/"]}]},{"@type":"BreadcrumbList","@id":"https:\/\/dana.com.br\/canaldana\/2021\/04\/15\/saiba-como-a-economia-circular-melhora-a-producao-da-industria-e-protege-o-ambiente\/#breadcrumb","itemListElement":[{"@type":"ListItem","position":1,"name":"Home","item":"https:\/\/dana.com.br\/canaldana\/"},{"@type":"ListItem","position":2,"name":"Mercado","item":"https:\/\/dana.com.br\/canaldana\/mercado\/"},{"@type":"ListItem","position":3,"name":"Saiba como a economia circular melhora a produ\u00e7\u00e3o da ind\u00fastria e protege o ambiente"}]},{"@type":"WebSite","@id":"https:\/\/dana.com.br\/canaldana\/#website","url":"https:\/\/dana.com.br\/canaldana\/","name":"Canal Dana","description":"Informativo com as principais not\u00edcias da ind\u00fastria automotiva","potentialAction":[{"@type":"SearchAction","target":{"@type":"EntryPoint","urlTemplate":"https:\/\/dana.com.br\/canaldana\/?s={search_term_string}"},"query-input":{"@type":"PropertyValueSpecification","valueRequired":true,"valueName":"search_term_string"}}],"inLanguage":"pt-BR"},{"@type":"Person","@id":"https:\/\/dana.com.br\/canaldana\/#\/schema\/person\/3c21f22f56fcf3bc46b94bc60ea4fef6","name":"Canal Dana","image":{"@type":"ImageObject","inLanguage":"pt-BR","@id":"https:\/\/secure.gravatar.com\/avatar\/420aaf9278582877d9018637c6817617705899d2858d7572ef0fe59a6b6454b4?s=96&d=mm&r=g","url":"https:\/\/secure.gravatar.com\/avatar\/420aaf9278582877d9018637c6817617705899d2858d7572ef0fe59a6b6454b4?s=96&d=mm&r=g","contentUrl":"https:\/\/secure.gravatar.com\/avatar\/420aaf9278582877d9018637c6817617705899d2858d7572ef0fe59a6b6454b4?s=96&d=mm&r=g","caption":"Canal Dana"},"url":"https:\/\/dana.com.br\/canaldana\/author\/cdeditor\/"}]}},"_links":{"self":[{"href":"https:\/\/dana.com.br\/canaldana\/wp-json\/wp\/v2\/posts\/49463","targetHints":{"allow":["GET"]}}],"collection":[{"href":"https:\/\/dana.com.br\/canaldana\/wp-json\/wp\/v2\/posts"}],"about":[{"href":"https:\/\/dana.com.br\/canaldana\/wp-json\/wp\/v2\/types\/post"}],"author":[{"embeddable":true,"href":"https:\/\/dana.com.br\/canaldana\/wp-json\/wp\/v2\/users\/3"}],"replies":[{"embeddable":true,"href":"https:\/\/dana.com.br\/canaldana\/wp-json\/wp\/v2\/comments?post=49463"}],"version-history":[{"count":0,"href":"https:\/\/dana.com.br\/canaldana\/wp-json\/wp\/v2\/posts\/49463\/revisions"}],"wp:attachment":[{"href":"https:\/\/dana.com.br\/canaldana\/wp-json\/wp\/v2\/media?parent=49463"}],"wp:term":[{"taxonomy":"category","embeddable":true,"href":"https:\/\/dana.com.br\/canaldana\/wp-json\/wp\/v2\/categories?post=49463"},{"taxonomy":"post_tag","embeddable":true,"href":"https:\/\/dana.com.br\/canaldana\/wp-json\/wp\/v2\/tags?post=49463"}],"curies":[{"name":"wp","href":"https:\/\/api.w.org\/{rel}","templated":true}]}}