{"id":49250,"date":"2021-04-07T08:27:47","date_gmt":"2021-04-07T11:27:47","guid":{"rendered":"https:\/\/dana.com.br\/canaldana\/?p=49250"},"modified":"2021-04-07T08:27:47","modified_gmt":"2021-04-07T11:27:47","slug":"quadro-critico-na-rede-de-concessionarias","status":"publish","type":"post","link":"https:\/\/dana.com.br\/canaldana\/2021\/04\/07\/quadro-critico-na-rede-de-concessionarias\/","title":{"rendered":"Quadro cr\u00edtico na rede de concession\u00e1rias"},"content":{"rendered":"<p><em>AutoInd\u00fastria <\/em><\/p>\n<p>&nbsp;<\/p>\n<p>O mercado automotivo vive momento bastante ca\u00f3tico neste in\u00edcio de abril. H\u00e1 concession\u00e1rias fechadas ou trabalhando parcialmente em todo o Pa\u00eds por causa das medidas de isolamento decorrentes do agravamento da pandemia, f\u00e1bricas paralisadas por esse mesmo motivo e\/ou falta de componentes e escassez de produtos no varejo, um quadro que impede qualquer previsibilidade sobre o futuro do setor automotivo no Pa\u00eds.<\/p>\n<p>&nbsp;<\/p>\n<p>\u201cPior do que estoque baixo \u00e9 o risco de n\u00e3o reposi\u00e7\u00e3o do que est\u00e1 em falta\u201d, comenta o presidente da Fenabrave, Alarico Assump\u00e7\u00e3o J\u00fanior. Dados preliminares da entidade indicam um estoque na rede na faixa de 52 mil a 55 mil ve\u00edculos, o suficiente para 12 ou 13 dias no m\u00e1ximo. \u201cIsso considerando que o mercado est\u00e1 retra\u00eddo. Se a situa\u00e7\u00e3o fosse mais normal, seria equivalente a seis ou sete dias de venda\u201d.<\/p>\n<p>&nbsp;<\/p>\n<p>Ele lembra que na primeira onda da pandemia da Covid-19 havia estoques e a ind\u00fastria trabalhava sem problemas de abastecimento. \u201cHoje, os estoques praticamente n\u00e3o existem, tanto nas concession\u00e1rias como nos p\u00e1tios das montadoras. E a falta generalizada de pe\u00e7as e componentes vem provocando a paralisa\u00e7\u00e3o das linhas de montagem de v\u00e1rias montadoras, prejudicando a oferta de ve\u00edculos\u201d.<\/p>\n<p>&nbsp;<\/p>\n<p>O executivo programa para o pr\u00f3ximo m\u00eas a divulga\u00e7\u00e3o de um balan\u00e7o de quantas concession\u00e1rias j\u00e1 fecharam no Pa\u00eds e qual o n\u00edvel de desemprego decorrente da pandemia da Covid-19. \u201cQue houve fechamento de lojas e de postos de trabalho n\u00e3o temos d\u00favida. S\u00f3 n\u00e3o temos ainda os n\u00fameros\u201d, comenta Assump\u00e7\u00e3o J\u00fanior.<\/p>\n<p>&nbsp;<\/p>\n<p>Segundo ele, o momento \u00e9 t\u00e3o inst\u00e1vel e imprevis\u00edvel que a Fenabrave preferiu n\u00e3o fazer, neste in\u00edcio de abri, a revis\u00e3o das proje\u00e7\u00f5es que tradicionalmente realiza a cada trimestre. \u00c9 certo, contudo, que abril tem tudo para ser um m\u00eas bastante fraco, diante da paralisa\u00e7\u00e3o das f\u00e1bricas e das revendas.<\/p>\n<p>&nbsp;<\/p>\n<p>\u201cAs concession\u00e1rias est\u00e3o com grandes dificuldades, ser\u00e3o inevit\u00e1veis as fal\u00eancias no setor\u201d, destaca Assump\u00e7\u00e3o J\u00fanior. \u201cO fechamento total ou parcial das lojas preocupa demais, visto que a compra f\u00edsica continua predominando no setor. Temos tentado mostrar aos governadores que n\u00e3o h\u00e1 hist\u00f3rico de aglomera\u00e7\u00f5es nas concession\u00e1rias e, assim, elas poderiam estar funcionando sem prejudicar as a\u00e7\u00f5es na \u00e1rea de sa\u00fade\u201d.<\/p>\n<p>&nbsp;<\/p>\n<p>De acordo com a Fenabrave, mar\u00e7o teve balan\u00e7o positivo em rela\u00e7\u00e3o a fevereiro e ao mesmo m\u00eas do ano passado porque grande parte das vendas j\u00e1 tinham sido realizadas nos meses anteriores. \u201cOs clientes estavam aguardando a entrega dos ve\u00edculos pelos fabricantes, o que ocorreu em mar\u00e7o. S\u00f3 por isso os n\u00fameros s\u00e3o positivos\u201d.<\/p>\n<p>&nbsp;<\/p>\n<p>Balan\u00e7o divulgado nesta ter\u00e7a-feira, 6, pela entidade mostra que o segmento de autom\u00f3veis e comerciais leves, com 177.109 emplacamentos, apresentou alta de 13,7% em rela\u00e7\u00e3o ao mesmo m\u00eas do ano passado (155.784 unidades) e de 11,9% sobre fevereiro (158.226).<\/p>\n<p>&nbsp;<\/p>\n<p>J\u00e1 no acumulado do primeiro trimestre do ano, houve retra\u00e7\u00e3o de 6,5%, totalizando 497.885 autom\u00f3veis e comerciais leves emplacados, contra os 532.506 registrados no mesmo per\u00edodo de 2020. No ranking hist\u00f3rico, o m\u00eas de mar\u00e7o de 2021 est\u00e1 na 13\u00aa posi\u00e7\u00e3o e, no acumulado do ano, na 12\u00aa coloca\u00e7\u00e3o. (AutoInd\u00fastria\/Alzira Rodrigues)<\/p>\n","protected":false},"excerpt":{"rendered":"<p>AutoInd\u00fastria &nbsp; O mercado automotivo vive momento bastante ca\u00f3tico neste in\u00edcio de abril. H\u00e1 concession\u00e1rias fechadas ou trabalhando parcialmente em todo o Pa\u00eds por causa das medidas de isolamento decorrentes do agravamento da pandemia, f\u00e1bricas paralisadas por esse mesmo motivo e\/ou falta de componentes e escassez de produtos no varejo, um quadro que impede qualquer\u2026 <a class=\"readmore\" href=\"https:\/\/dana.com.br\/canaldana\/2021\/04\/07\/quadro-critico-na-rede-de-concessionarias\/\">Leia mais \u00bb<\/a><\/p>\n","protected":false},"author":3,"featured_media":0,"comment_status":"closed","ping_status":"closed","sticky":false,"template":"","format":"standard","meta":{"_acf_changed":false,"footnotes":""},"categories":[79],"tags":[],"class_list":["post-49250","post","type-post","status-publish","format-standard","hentry","category-mercado"],"acf":[],"yoast_head":"<!-- This site is optimized with the Yoast SEO plugin v27.3 - https:\/\/yoast.com\/product\/yoast-seo-wordpress\/ -->\n<title>Quadro cr\u00edtico na rede de concession\u00e1rias - Canal Dana<\/title>\n<meta name=\"robots\" content=\"index, follow, max-snippet:-1, max-image-preview:large, max-video-preview:-1\" \/>\n<link rel=\"canonical\" href=\"https:\/\/dana.com.br\/canaldana\/2021\/04\/07\/quadro-critico-na-rede-de-concessionarias\/\" \/>\n<meta property=\"og:locale\" content=\"pt_BR\" \/>\n<meta property=\"og:type\" content=\"article\" \/>\n<meta property=\"og:title\" content=\"Quadro cr\u00edtico na rede de concession\u00e1rias - Canal Dana\" \/>\n<meta property=\"og:description\" content=\"AutoInd\u00fastria &nbsp; O mercado automotivo vive momento bastante ca\u00f3tico neste in\u00edcio de abril. H\u00e1 concession\u00e1rias fechadas ou trabalhando parcialmente em todo o Pa\u00eds por causa das medidas de isolamento decorrentes do agravamento da pandemia, f\u00e1bricas paralisadas por esse mesmo motivo e\/ou falta de componentes e escassez de produtos no varejo, um quadro que impede qualquer\u2026 Leia mais \u00bb\" \/>\n<meta property=\"og:url\" content=\"https:\/\/dana.com.br\/canaldana\/2021\/04\/07\/quadro-critico-na-rede-de-concessionarias\/\" \/>\n<meta property=\"og:site_name\" content=\"Canal Dana\" \/>\n<meta property=\"article:published_time\" content=\"2021-04-07T11:27:47+00:00\" \/>\n<meta name=\"author\" content=\"Canal Dana\" \/>\n<meta name=\"twitter:card\" content=\"summary_large_image\" \/>\n<meta name=\"twitter:label1\" content=\"Escrito por\" \/>\n\t<meta name=\"twitter:data1\" content=\"Canal Dana\" \/>\n\t<meta name=\"twitter:label2\" content=\"Est. tempo de leitura\" \/>\n\t<meta name=\"twitter:data2\" content=\"3 minutos\" \/>\n<script type=\"application\/ld+json\" class=\"yoast-schema-graph\">{\"@context\":\"https:\\\/\\\/schema.org\",\"@graph\":[{\"@type\":\"Article\",\"@id\":\"https:\\\/\\\/dana.com.br\\\/canaldana\\\/2021\\\/04\\\/07\\\/quadro-critico-na-rede-de-concessionarias\\\/#article\",\"isPartOf\":{\"@id\":\"https:\\\/\\\/dana.com.br\\\/canaldana\\\/2021\\\/04\\\/07\\\/quadro-critico-na-rede-de-concessionarias\\\/\"},\"author\":{\"name\":\"Canal Dana\",\"@id\":\"https:\\\/\\\/dana.com.br\\\/canaldana\\\/#\\\/schema\\\/person\\\/3c21f22f56fcf3bc46b94bc60ea4fef6\"},\"headline\":\"Quadro cr\u00edtico na rede de concession\u00e1rias\",\"datePublished\":\"2021-04-07T11:27:47+00:00\",\"mainEntityOfPage\":{\"@id\":\"https:\\\/\\\/dana.com.br\\\/canaldana\\\/2021\\\/04\\\/07\\\/quadro-critico-na-rede-de-concessionarias\\\/\"},\"wordCount\":581,\"articleSection\":[\"Mercado\"],\"inLanguage\":\"pt-BR\"},{\"@type\":\"WebPage\",\"@id\":\"https:\\\/\\\/dana.com.br\\\/canaldana\\\/2021\\\/04\\\/07\\\/quadro-critico-na-rede-de-concessionarias\\\/\",\"url\":\"https:\\\/\\\/dana.com.br\\\/canaldana\\\/2021\\\/04\\\/07\\\/quadro-critico-na-rede-de-concessionarias\\\/\",\"name\":\"Quadro cr\u00edtico na rede de concession\u00e1rias - Canal Dana\",\"isPartOf\":{\"@id\":\"https:\\\/\\\/dana.com.br\\\/canaldana\\\/#website\"},\"datePublished\":\"2021-04-07T11:27:47+00:00\",\"author\":{\"@id\":\"https:\\\/\\\/dana.com.br\\\/canaldana\\\/#\\\/schema\\\/person\\\/3c21f22f56fcf3bc46b94bc60ea4fef6\"},\"breadcrumb\":{\"@id\":\"https:\\\/\\\/dana.com.br\\\/canaldana\\\/2021\\\/04\\\/07\\\/quadro-critico-na-rede-de-concessionarias\\\/#breadcrumb\"},\"inLanguage\":\"pt-BR\",\"potentialAction\":[{\"@type\":\"ReadAction\",\"target\":[\"https:\\\/\\\/dana.com.br\\\/canaldana\\\/2021\\\/04\\\/07\\\/quadro-critico-na-rede-de-concessionarias\\\/\"]}]},{\"@type\":\"BreadcrumbList\",\"@id\":\"https:\\\/\\\/dana.com.br\\\/canaldana\\\/2021\\\/04\\\/07\\\/quadro-critico-na-rede-de-concessionarias\\\/#breadcrumb\",\"itemListElement\":[{\"@type\":\"ListItem\",\"position\":1,\"name\":\"Home\",\"item\":\"https:\\\/\\\/dana.com.br\\\/canaldana\\\/\"},{\"@type\":\"ListItem\",\"position\":2,\"name\":\"Mercado\",\"item\":\"https:\\\/\\\/dana.com.br\\\/canaldana\\\/mercado\\\/\"},{\"@type\":\"ListItem\",\"position\":3,\"name\":\"Quadro cr\u00edtico na rede de concession\u00e1rias\"}]},{\"@type\":\"WebSite\",\"@id\":\"https:\\\/\\\/dana.com.br\\\/canaldana\\\/#website\",\"url\":\"https:\\\/\\\/dana.com.br\\\/canaldana\\\/\",\"name\":\"Canal Dana\",\"description\":\"Informativo com as principais not\u00edcias da ind\u00fastria automotiva\",\"potentialAction\":[{\"@type\":\"SearchAction\",\"target\":{\"@type\":\"EntryPoint\",\"urlTemplate\":\"https:\\\/\\\/dana.com.br\\\/canaldana\\\/?s={search_term_string}\"},\"query-input\":{\"@type\":\"PropertyValueSpecification\",\"valueRequired\":true,\"valueName\":\"search_term_string\"}}],\"inLanguage\":\"pt-BR\"},{\"@type\":\"Person\",\"@id\":\"https:\\\/\\\/dana.com.br\\\/canaldana\\\/#\\\/schema\\\/person\\\/3c21f22f56fcf3bc46b94bc60ea4fef6\",\"name\":\"Canal Dana\",\"image\":{\"@type\":\"ImageObject\",\"inLanguage\":\"pt-BR\",\"@id\":\"https:\\\/\\\/secure.gravatar.com\\\/avatar\\\/420aaf9278582877d9018637c6817617705899d2858d7572ef0fe59a6b6454b4?s=96&d=mm&r=g\",\"url\":\"https:\\\/\\\/secure.gravatar.com\\\/avatar\\\/420aaf9278582877d9018637c6817617705899d2858d7572ef0fe59a6b6454b4?s=96&d=mm&r=g\",\"contentUrl\":\"https:\\\/\\\/secure.gravatar.com\\\/avatar\\\/420aaf9278582877d9018637c6817617705899d2858d7572ef0fe59a6b6454b4?s=96&d=mm&r=g\",\"caption\":\"Canal Dana\"},\"url\":\"https:\\\/\\\/dana.com.br\\\/canaldana\\\/author\\\/cdeditor\\\/\"}]}<\/script>\n<!-- \/ Yoast SEO plugin. -->","yoast_head_json":{"title":"Quadro cr\u00edtico na rede de concession\u00e1rias - Canal Dana","robots":{"index":"index","follow":"follow","max-snippet":"max-snippet:-1","max-image-preview":"max-image-preview:large","max-video-preview":"max-video-preview:-1"},"canonical":"https:\/\/dana.com.br\/canaldana\/2021\/04\/07\/quadro-critico-na-rede-de-concessionarias\/","og_locale":"pt_BR","og_type":"article","og_title":"Quadro cr\u00edtico na rede de concession\u00e1rias - Canal Dana","og_description":"AutoInd\u00fastria &nbsp; O mercado automotivo vive momento bastante ca\u00f3tico neste in\u00edcio de abril. H\u00e1 concession\u00e1rias fechadas ou trabalhando parcialmente em todo o Pa\u00eds por causa das medidas de isolamento decorrentes do agravamento da pandemia, f\u00e1bricas paralisadas por esse mesmo motivo e\/ou falta de componentes e escassez de produtos no varejo, um quadro que impede qualquer\u2026 Leia mais \u00bb","og_url":"https:\/\/dana.com.br\/canaldana\/2021\/04\/07\/quadro-critico-na-rede-de-concessionarias\/","og_site_name":"Canal Dana","article_published_time":"2021-04-07T11:27:47+00:00","author":"Canal Dana","twitter_card":"summary_large_image","twitter_misc":{"Escrito por":"Canal Dana","Est. tempo de leitura":"3 minutos"},"schema":{"@context":"https:\/\/schema.org","@graph":[{"@type":"Article","@id":"https:\/\/dana.com.br\/canaldana\/2021\/04\/07\/quadro-critico-na-rede-de-concessionarias\/#article","isPartOf":{"@id":"https:\/\/dana.com.br\/canaldana\/2021\/04\/07\/quadro-critico-na-rede-de-concessionarias\/"},"author":{"name":"Canal Dana","@id":"https:\/\/dana.com.br\/canaldana\/#\/schema\/person\/3c21f22f56fcf3bc46b94bc60ea4fef6"},"headline":"Quadro cr\u00edtico na rede de concession\u00e1rias","datePublished":"2021-04-07T11:27:47+00:00","mainEntityOfPage":{"@id":"https:\/\/dana.com.br\/canaldana\/2021\/04\/07\/quadro-critico-na-rede-de-concessionarias\/"},"wordCount":581,"articleSection":["Mercado"],"inLanguage":"pt-BR"},{"@type":"WebPage","@id":"https:\/\/dana.com.br\/canaldana\/2021\/04\/07\/quadro-critico-na-rede-de-concessionarias\/","url":"https:\/\/dana.com.br\/canaldana\/2021\/04\/07\/quadro-critico-na-rede-de-concessionarias\/","name":"Quadro cr\u00edtico na rede de concession\u00e1rias - Canal Dana","isPartOf":{"@id":"https:\/\/dana.com.br\/canaldana\/#website"},"datePublished":"2021-04-07T11:27:47+00:00","author":{"@id":"https:\/\/dana.com.br\/canaldana\/#\/schema\/person\/3c21f22f56fcf3bc46b94bc60ea4fef6"},"breadcrumb":{"@id":"https:\/\/dana.com.br\/canaldana\/2021\/04\/07\/quadro-critico-na-rede-de-concessionarias\/#breadcrumb"},"inLanguage":"pt-BR","potentialAction":[{"@type":"ReadAction","target":["https:\/\/dana.com.br\/canaldana\/2021\/04\/07\/quadro-critico-na-rede-de-concessionarias\/"]}]},{"@type":"BreadcrumbList","@id":"https:\/\/dana.com.br\/canaldana\/2021\/04\/07\/quadro-critico-na-rede-de-concessionarias\/#breadcrumb","itemListElement":[{"@type":"ListItem","position":1,"name":"Home","item":"https:\/\/dana.com.br\/canaldana\/"},{"@type":"ListItem","position":2,"name":"Mercado","item":"https:\/\/dana.com.br\/canaldana\/mercado\/"},{"@type":"ListItem","position":3,"name":"Quadro cr\u00edtico na rede de concession\u00e1rias"}]},{"@type":"WebSite","@id":"https:\/\/dana.com.br\/canaldana\/#website","url":"https:\/\/dana.com.br\/canaldana\/","name":"Canal Dana","description":"Informativo com as principais not\u00edcias da ind\u00fastria automotiva","potentialAction":[{"@type":"SearchAction","target":{"@type":"EntryPoint","urlTemplate":"https:\/\/dana.com.br\/canaldana\/?s={search_term_string}"},"query-input":{"@type":"PropertyValueSpecification","valueRequired":true,"valueName":"search_term_string"}}],"inLanguage":"pt-BR"},{"@type":"Person","@id":"https:\/\/dana.com.br\/canaldana\/#\/schema\/person\/3c21f22f56fcf3bc46b94bc60ea4fef6","name":"Canal Dana","image":{"@type":"ImageObject","inLanguage":"pt-BR","@id":"https:\/\/secure.gravatar.com\/avatar\/420aaf9278582877d9018637c6817617705899d2858d7572ef0fe59a6b6454b4?s=96&d=mm&r=g","url":"https:\/\/secure.gravatar.com\/avatar\/420aaf9278582877d9018637c6817617705899d2858d7572ef0fe59a6b6454b4?s=96&d=mm&r=g","contentUrl":"https:\/\/secure.gravatar.com\/avatar\/420aaf9278582877d9018637c6817617705899d2858d7572ef0fe59a6b6454b4?s=96&d=mm&r=g","caption":"Canal Dana"},"url":"https:\/\/dana.com.br\/canaldana\/author\/cdeditor\/"}]}},"_links":{"self":[{"href":"https:\/\/dana.com.br\/canaldana\/wp-json\/wp\/v2\/posts\/49250","targetHints":{"allow":["GET"]}}],"collection":[{"href":"https:\/\/dana.com.br\/canaldana\/wp-json\/wp\/v2\/posts"}],"about":[{"href":"https:\/\/dana.com.br\/canaldana\/wp-json\/wp\/v2\/types\/post"}],"author":[{"embeddable":true,"href":"https:\/\/dana.com.br\/canaldana\/wp-json\/wp\/v2\/users\/3"}],"replies":[{"embeddable":true,"href":"https:\/\/dana.com.br\/canaldana\/wp-json\/wp\/v2\/comments?post=49250"}],"version-history":[{"count":0,"href":"https:\/\/dana.com.br\/canaldana\/wp-json\/wp\/v2\/posts\/49250\/revisions"}],"wp:attachment":[{"href":"https:\/\/dana.com.br\/canaldana\/wp-json\/wp\/v2\/media?parent=49250"}],"wp:term":[{"taxonomy":"category","embeddable":true,"href":"https:\/\/dana.com.br\/canaldana\/wp-json\/wp\/v2\/categories?post=49250"},{"taxonomy":"post_tag","embeddable":true,"href":"https:\/\/dana.com.br\/canaldana\/wp-json\/wp\/v2\/tags?post=49250"}],"curies":[{"name":"wp","href":"https:\/\/api.w.org\/{rel}","templated":true}]}}