{"id":48868,"date":"2021-03-22T08:10:04","date_gmt":"2021-03-22T11:10:04","guid":{"rendered":"https:\/\/dana.com.br\/canaldana\/?p=48868"},"modified":"2021-03-22T08:10:04","modified_gmt":"2021-03-22T11:10:04","slug":"ceo-da-scania-diz-que-falta-de-eletronicos-pode-paralisar-producao-da-montadora-na-suecia","status":"publish","type":"post","link":"https:\/\/dana.com.br\/canaldana\/2021\/03\/22\/ceo-da-scania-diz-que-falta-de-eletronicos-pode-paralisar-producao-da-montadora-na-suecia\/","title":{"rendered":"CEO da Scania diz que falta de eletr\u00f4nicos pode paralisar produ\u00e7\u00e3o da montadora na Su\u00e9cia"},"content":{"rendered":"<p><em>Blog do Caminhoneiro<\/em><\/p>\n<p>&nbsp;<\/p>\n<p>A ind\u00fastria automotiva mundial est\u00e1 enfrentando um grande problema, com a falta de equipamentos eletr\u00f4nicos, como chips e placas, usados em diversos sistemas dos ve\u00edculos. De acordo com Henrik Henriksson, CEO da Scania em recente entrevista ao jornal sueco Dagens Industri, a montadora poder\u00e1 ter que interromper a produ\u00e7\u00e3o se o problema n\u00e3o for solucionado. \u201cEm algum momento durante o primeiro ou segundo trimestre, teremos que parar\u201d, disse o CEO da montadora.<\/p>\n<p>&nbsp;<\/p>\n<p>O problema tamb\u00e9m aumenta \u00e0 medida que o n\u00famero de pedidos de caminh\u00f5es tem crescido, o que deveria impulsionar a produ\u00e7\u00e3o, mas a falta de componentes tem causado atrasos nas linhas de montagem.<\/p>\n<p>&nbsp;<\/p>\n<p>\u201cA situa\u00e7\u00e3o est\u00e1 muito tensa e n\u00e3o teremos componentes suficientes. Podemos n\u00e3o ter que parar completamente, mas teremos que reduzir (produ\u00e7\u00e3o) durante o primeiro ou segundo trimestre\u201d, disse o porta-voz da Scania, Hans-Ake Danielsson, em entrevista \u00e0 Ag\u00eancia Reuters.<\/p>\n<p>&nbsp;<\/p>\n<p>Al\u00e9m da Scania, a Volvo tamb\u00e9m j\u00e1 teve que pausar a produ\u00e7\u00e3o de caminh\u00f5es em sua f\u00e1brica de Ghent, na B\u00e9lgica, temporariamente, pela falta de componentes eletr\u00f4nicos.<\/p>\n<p>&nbsp;<\/p>\n<p>Com a ind\u00fastria automotiva paralisada no ano passado por conta da pandemia do coronav\u00edrus, muitas empresas que forneciam pe\u00e7as para montagem dos ve\u00edculos redirecionaram sua produ\u00e7\u00e3o para outros setores. Foi o que aconteceu com a ind\u00fastria de chips e placas eletr\u00f4nicas, que voltou sua produ\u00e7\u00e3o para a produ\u00e7\u00e3o de equipamentos dom\u00e9sticos, como televis\u00f5es e v\u00eddeo games, por exemplo. (Blog do Caminhoneiro\/Rafael Brusque)<\/p>\n","protected":false},"excerpt":{"rendered":"<p>Blog do Caminhoneiro &nbsp; A ind\u00fastria automotiva mundial est\u00e1 enfrentando um grande problema, com a falta de equipamentos eletr\u00f4nicos, como chips e placas, usados em diversos sistemas dos ve\u00edculos. De acordo com Henrik Henriksson, CEO da Scania em recente entrevista ao jornal sueco Dagens Industri, a montadora poder\u00e1 ter que interromper a produ\u00e7\u00e3o se o\u2026 <a class=\"readmore\" href=\"https:\/\/dana.com.br\/canaldana\/2021\/03\/22\/ceo-da-scania-diz-que-falta-de-eletronicos-pode-paralisar-producao-da-montadora-na-suecia\/\">Leia mais \u00bb<\/a><\/p>\n","protected":false},"author":3,"featured_media":0,"comment_status":"closed","ping_status":"closed","sticky":false,"template":"","format":"standard","meta":{"_acf_changed":false,"footnotes":""},"categories":[79],"tags":[],"class_list":["post-48868","post","type-post","status-publish","format-standard","hentry","category-mercado"],"acf":[],"yoast_head":"<!-- This site is optimized with the Yoast SEO plugin v27.3 - https:\/\/yoast.com\/product\/yoast-seo-wordpress\/ -->\n<title>CEO da Scania diz que falta de eletr\u00f4nicos pode paralisar produ\u00e7\u00e3o da montadora na Su\u00e9cia - Canal Dana<\/title>\n<meta name=\"robots\" content=\"index, follow, max-snippet:-1, max-image-preview:large, max-video-preview:-1\" \/>\n<link rel=\"canonical\" href=\"https:\/\/dana.com.br\/canaldana\/2021\/03\/22\/ceo-da-scania-diz-que-falta-de-eletronicos-pode-paralisar-producao-da-montadora-na-suecia\/\" \/>\n<meta property=\"og:locale\" content=\"pt_BR\" \/>\n<meta property=\"og:type\" content=\"article\" \/>\n<meta property=\"og:title\" content=\"CEO da Scania diz que falta de eletr\u00f4nicos pode paralisar produ\u00e7\u00e3o da montadora na Su\u00e9cia - Canal Dana\" \/>\n<meta property=\"og:description\" content=\"Blog do Caminhoneiro &nbsp; A ind\u00fastria automotiva mundial est\u00e1 enfrentando um grande problema, com a falta de equipamentos eletr\u00f4nicos, como chips e placas, usados em diversos sistemas dos ve\u00edculos. De acordo com Henrik Henriksson, CEO da Scania em recente entrevista ao jornal sueco Dagens Industri, a montadora poder\u00e1 ter que interromper a produ\u00e7\u00e3o se o\u2026 Leia mais \u00bb\" \/>\n<meta property=\"og:url\" content=\"https:\/\/dana.com.br\/canaldana\/2021\/03\/22\/ceo-da-scania-diz-que-falta-de-eletronicos-pode-paralisar-producao-da-montadora-na-suecia\/\" \/>\n<meta property=\"og:site_name\" content=\"Canal Dana\" \/>\n<meta property=\"article:published_time\" content=\"2021-03-22T11:10:04+00:00\" \/>\n<meta name=\"author\" content=\"Canal Dana\" \/>\n<meta name=\"twitter:card\" content=\"summary_large_image\" \/>\n<meta name=\"twitter:label1\" content=\"Escrito por\" \/>\n\t<meta name=\"twitter:data1\" content=\"Canal Dana\" \/>\n\t<meta name=\"twitter:label2\" content=\"Est. tempo de leitura\" \/>\n\t<meta name=\"twitter:data2\" content=\"1 minuto\" \/>\n<script type=\"application\/ld+json\" class=\"yoast-schema-graph\">{\"@context\":\"https:\\\/\\\/schema.org\",\"@graph\":[{\"@type\":\"Article\",\"@id\":\"https:\\\/\\\/dana.com.br\\\/canaldana\\\/2021\\\/03\\\/22\\\/ceo-da-scania-diz-que-falta-de-eletronicos-pode-paralisar-producao-da-montadora-na-suecia\\\/#article\",\"isPartOf\":{\"@id\":\"https:\\\/\\\/dana.com.br\\\/canaldana\\\/2021\\\/03\\\/22\\\/ceo-da-scania-diz-que-falta-de-eletronicos-pode-paralisar-producao-da-montadora-na-suecia\\\/\"},\"author\":{\"name\":\"Canal Dana\",\"@id\":\"https:\\\/\\\/dana.com.br\\\/canaldana\\\/#\\\/schema\\\/person\\\/3c21f22f56fcf3bc46b94bc60ea4fef6\"},\"headline\":\"CEO da Scania diz que falta de eletr\u00f4nicos pode paralisar produ\u00e7\u00e3o da montadora na Su\u00e9cia\",\"datePublished\":\"2021-03-22T11:10:04+00:00\",\"mainEntityOfPage\":{\"@id\":\"https:\\\/\\\/dana.com.br\\\/canaldana\\\/2021\\\/03\\\/22\\\/ceo-da-scania-diz-que-falta-de-eletronicos-pode-paralisar-producao-da-montadora-na-suecia\\\/\"},\"wordCount\":291,\"articleSection\":[\"Mercado\"],\"inLanguage\":\"pt-BR\"},{\"@type\":\"WebPage\",\"@id\":\"https:\\\/\\\/dana.com.br\\\/canaldana\\\/2021\\\/03\\\/22\\\/ceo-da-scania-diz-que-falta-de-eletronicos-pode-paralisar-producao-da-montadora-na-suecia\\\/\",\"url\":\"https:\\\/\\\/dana.com.br\\\/canaldana\\\/2021\\\/03\\\/22\\\/ceo-da-scania-diz-que-falta-de-eletronicos-pode-paralisar-producao-da-montadora-na-suecia\\\/\",\"name\":\"CEO da Scania diz que falta de eletr\u00f4nicos pode paralisar produ\u00e7\u00e3o da montadora na Su\u00e9cia - Canal Dana\",\"isPartOf\":{\"@id\":\"https:\\\/\\\/dana.com.br\\\/canaldana\\\/#website\"},\"datePublished\":\"2021-03-22T11:10:04+00:00\",\"author\":{\"@id\":\"https:\\\/\\\/dana.com.br\\\/canaldana\\\/#\\\/schema\\\/person\\\/3c21f22f56fcf3bc46b94bc60ea4fef6\"},\"breadcrumb\":{\"@id\":\"https:\\\/\\\/dana.com.br\\\/canaldana\\\/2021\\\/03\\\/22\\\/ceo-da-scania-diz-que-falta-de-eletronicos-pode-paralisar-producao-da-montadora-na-suecia\\\/#breadcrumb\"},\"inLanguage\":\"pt-BR\",\"potentialAction\":[{\"@type\":\"ReadAction\",\"target\":[\"https:\\\/\\\/dana.com.br\\\/canaldana\\\/2021\\\/03\\\/22\\\/ceo-da-scania-diz-que-falta-de-eletronicos-pode-paralisar-producao-da-montadora-na-suecia\\\/\"]}]},{\"@type\":\"BreadcrumbList\",\"@id\":\"https:\\\/\\\/dana.com.br\\\/canaldana\\\/2021\\\/03\\\/22\\\/ceo-da-scania-diz-que-falta-de-eletronicos-pode-paralisar-producao-da-montadora-na-suecia\\\/#breadcrumb\",\"itemListElement\":[{\"@type\":\"ListItem\",\"position\":1,\"name\":\"Home\",\"item\":\"https:\\\/\\\/dana.com.br\\\/canaldana\\\/\"},{\"@type\":\"ListItem\",\"position\":2,\"name\":\"Mercado\",\"item\":\"https:\\\/\\\/dana.com.br\\\/canaldana\\\/mercado\\\/\"},{\"@type\":\"ListItem\",\"position\":3,\"name\":\"CEO da Scania diz que falta de eletr\u00f4nicos pode paralisar produ\u00e7\u00e3o da montadora na Su\u00e9cia\"}]},{\"@type\":\"WebSite\",\"@id\":\"https:\\\/\\\/dana.com.br\\\/canaldana\\\/#website\",\"url\":\"https:\\\/\\\/dana.com.br\\\/canaldana\\\/\",\"name\":\"Canal Dana\",\"description\":\"Informativo com as principais not\u00edcias da ind\u00fastria automotiva\",\"potentialAction\":[{\"@type\":\"SearchAction\",\"target\":{\"@type\":\"EntryPoint\",\"urlTemplate\":\"https:\\\/\\\/dana.com.br\\\/canaldana\\\/?s={search_term_string}\"},\"query-input\":{\"@type\":\"PropertyValueSpecification\",\"valueRequired\":true,\"valueName\":\"search_term_string\"}}],\"inLanguage\":\"pt-BR\"},{\"@type\":\"Person\",\"@id\":\"https:\\\/\\\/dana.com.br\\\/canaldana\\\/#\\\/schema\\\/person\\\/3c21f22f56fcf3bc46b94bc60ea4fef6\",\"name\":\"Canal Dana\",\"image\":{\"@type\":\"ImageObject\",\"inLanguage\":\"pt-BR\",\"@id\":\"https:\\\/\\\/secure.gravatar.com\\\/avatar\\\/420aaf9278582877d9018637c6817617705899d2858d7572ef0fe59a6b6454b4?s=96&d=mm&r=g\",\"url\":\"https:\\\/\\\/secure.gravatar.com\\\/avatar\\\/420aaf9278582877d9018637c6817617705899d2858d7572ef0fe59a6b6454b4?s=96&d=mm&r=g\",\"contentUrl\":\"https:\\\/\\\/secure.gravatar.com\\\/avatar\\\/420aaf9278582877d9018637c6817617705899d2858d7572ef0fe59a6b6454b4?s=96&d=mm&r=g\",\"caption\":\"Canal Dana\"},\"url\":\"https:\\\/\\\/dana.com.br\\\/canaldana\\\/author\\\/cdeditor\\\/\"}]}<\/script>\n<!-- \/ Yoast SEO plugin. -->","yoast_head_json":{"title":"CEO da Scania diz que falta de eletr\u00f4nicos pode paralisar produ\u00e7\u00e3o da montadora na Su\u00e9cia - Canal Dana","robots":{"index":"index","follow":"follow","max-snippet":"max-snippet:-1","max-image-preview":"max-image-preview:large","max-video-preview":"max-video-preview:-1"},"canonical":"https:\/\/dana.com.br\/canaldana\/2021\/03\/22\/ceo-da-scania-diz-que-falta-de-eletronicos-pode-paralisar-producao-da-montadora-na-suecia\/","og_locale":"pt_BR","og_type":"article","og_title":"CEO da Scania diz que falta de eletr\u00f4nicos pode paralisar produ\u00e7\u00e3o da montadora na Su\u00e9cia - Canal Dana","og_description":"Blog do Caminhoneiro &nbsp; A ind\u00fastria automotiva mundial est\u00e1 enfrentando um grande problema, com a falta de equipamentos eletr\u00f4nicos, como chips e placas, usados em diversos sistemas dos ve\u00edculos. De acordo com Henrik Henriksson, CEO da Scania em recente entrevista ao jornal sueco Dagens Industri, a montadora poder\u00e1 ter que interromper a produ\u00e7\u00e3o se o\u2026 Leia mais \u00bb","og_url":"https:\/\/dana.com.br\/canaldana\/2021\/03\/22\/ceo-da-scania-diz-que-falta-de-eletronicos-pode-paralisar-producao-da-montadora-na-suecia\/","og_site_name":"Canal Dana","article_published_time":"2021-03-22T11:10:04+00:00","author":"Canal Dana","twitter_card":"summary_large_image","twitter_misc":{"Escrito por":"Canal Dana","Est. tempo de leitura":"1 minuto"},"schema":{"@context":"https:\/\/schema.org","@graph":[{"@type":"Article","@id":"https:\/\/dana.com.br\/canaldana\/2021\/03\/22\/ceo-da-scania-diz-que-falta-de-eletronicos-pode-paralisar-producao-da-montadora-na-suecia\/#article","isPartOf":{"@id":"https:\/\/dana.com.br\/canaldana\/2021\/03\/22\/ceo-da-scania-diz-que-falta-de-eletronicos-pode-paralisar-producao-da-montadora-na-suecia\/"},"author":{"name":"Canal Dana","@id":"https:\/\/dana.com.br\/canaldana\/#\/schema\/person\/3c21f22f56fcf3bc46b94bc60ea4fef6"},"headline":"CEO da Scania diz que falta de eletr\u00f4nicos pode paralisar produ\u00e7\u00e3o da montadora na Su\u00e9cia","datePublished":"2021-03-22T11:10:04+00:00","mainEntityOfPage":{"@id":"https:\/\/dana.com.br\/canaldana\/2021\/03\/22\/ceo-da-scania-diz-que-falta-de-eletronicos-pode-paralisar-producao-da-montadora-na-suecia\/"},"wordCount":291,"articleSection":["Mercado"],"inLanguage":"pt-BR"},{"@type":"WebPage","@id":"https:\/\/dana.com.br\/canaldana\/2021\/03\/22\/ceo-da-scania-diz-que-falta-de-eletronicos-pode-paralisar-producao-da-montadora-na-suecia\/","url":"https:\/\/dana.com.br\/canaldana\/2021\/03\/22\/ceo-da-scania-diz-que-falta-de-eletronicos-pode-paralisar-producao-da-montadora-na-suecia\/","name":"CEO da Scania diz que falta de eletr\u00f4nicos pode paralisar produ\u00e7\u00e3o da montadora na Su\u00e9cia - Canal Dana","isPartOf":{"@id":"https:\/\/dana.com.br\/canaldana\/#website"},"datePublished":"2021-03-22T11:10:04+00:00","author":{"@id":"https:\/\/dana.com.br\/canaldana\/#\/schema\/person\/3c21f22f56fcf3bc46b94bc60ea4fef6"},"breadcrumb":{"@id":"https:\/\/dana.com.br\/canaldana\/2021\/03\/22\/ceo-da-scania-diz-que-falta-de-eletronicos-pode-paralisar-producao-da-montadora-na-suecia\/#breadcrumb"},"inLanguage":"pt-BR","potentialAction":[{"@type":"ReadAction","target":["https:\/\/dana.com.br\/canaldana\/2021\/03\/22\/ceo-da-scania-diz-que-falta-de-eletronicos-pode-paralisar-producao-da-montadora-na-suecia\/"]}]},{"@type":"BreadcrumbList","@id":"https:\/\/dana.com.br\/canaldana\/2021\/03\/22\/ceo-da-scania-diz-que-falta-de-eletronicos-pode-paralisar-producao-da-montadora-na-suecia\/#breadcrumb","itemListElement":[{"@type":"ListItem","position":1,"name":"Home","item":"https:\/\/dana.com.br\/canaldana\/"},{"@type":"ListItem","position":2,"name":"Mercado","item":"https:\/\/dana.com.br\/canaldana\/mercado\/"},{"@type":"ListItem","position":3,"name":"CEO da Scania diz que falta de eletr\u00f4nicos pode paralisar produ\u00e7\u00e3o da montadora na Su\u00e9cia"}]},{"@type":"WebSite","@id":"https:\/\/dana.com.br\/canaldana\/#website","url":"https:\/\/dana.com.br\/canaldana\/","name":"Canal Dana","description":"Informativo com as principais not\u00edcias da ind\u00fastria automotiva","potentialAction":[{"@type":"SearchAction","target":{"@type":"EntryPoint","urlTemplate":"https:\/\/dana.com.br\/canaldana\/?s={search_term_string}"},"query-input":{"@type":"PropertyValueSpecification","valueRequired":true,"valueName":"search_term_string"}}],"inLanguage":"pt-BR"},{"@type":"Person","@id":"https:\/\/dana.com.br\/canaldana\/#\/schema\/person\/3c21f22f56fcf3bc46b94bc60ea4fef6","name":"Canal Dana","image":{"@type":"ImageObject","inLanguage":"pt-BR","@id":"https:\/\/secure.gravatar.com\/avatar\/420aaf9278582877d9018637c6817617705899d2858d7572ef0fe59a6b6454b4?s=96&d=mm&r=g","url":"https:\/\/secure.gravatar.com\/avatar\/420aaf9278582877d9018637c6817617705899d2858d7572ef0fe59a6b6454b4?s=96&d=mm&r=g","contentUrl":"https:\/\/secure.gravatar.com\/avatar\/420aaf9278582877d9018637c6817617705899d2858d7572ef0fe59a6b6454b4?s=96&d=mm&r=g","caption":"Canal Dana"},"url":"https:\/\/dana.com.br\/canaldana\/author\/cdeditor\/"}]}},"_links":{"self":[{"href":"https:\/\/dana.com.br\/canaldana\/wp-json\/wp\/v2\/posts\/48868","targetHints":{"allow":["GET"]}}],"collection":[{"href":"https:\/\/dana.com.br\/canaldana\/wp-json\/wp\/v2\/posts"}],"about":[{"href":"https:\/\/dana.com.br\/canaldana\/wp-json\/wp\/v2\/types\/post"}],"author":[{"embeddable":true,"href":"https:\/\/dana.com.br\/canaldana\/wp-json\/wp\/v2\/users\/3"}],"replies":[{"embeddable":true,"href":"https:\/\/dana.com.br\/canaldana\/wp-json\/wp\/v2\/comments?post=48868"}],"version-history":[{"count":0,"href":"https:\/\/dana.com.br\/canaldana\/wp-json\/wp\/v2\/posts\/48868\/revisions"}],"wp:attachment":[{"href":"https:\/\/dana.com.br\/canaldana\/wp-json\/wp\/v2\/media?parent=48868"}],"wp:term":[{"taxonomy":"category","embeddable":true,"href":"https:\/\/dana.com.br\/canaldana\/wp-json\/wp\/v2\/categories?post=48868"},{"taxonomy":"post_tag","embeddable":true,"href":"https:\/\/dana.com.br\/canaldana\/wp-json\/wp\/v2\/tags?post=48868"}],"curies":[{"name":"wp","href":"https:\/\/api.w.org\/{rel}","templated":true}]}}