{"id":48565,"date":"2021-03-08T08:49:27","date_gmt":"2021-03-08T11:49:27","guid":{"rendered":"https:\/\/dana.com.br\/canaldana\/?p=48565"},"modified":"2021-03-08T08:49:27","modified_gmt":"2021-03-08T11:49:27","slug":"marco-e-preocupante-diz-presidente-da-anfavea","status":"publish","type":"post","link":"https:\/\/dana.com.br\/canaldana\/2021\/03\/08\/marco-e-preocupante-diz-presidente-da-anfavea\/","title":{"rendered":"\u201cMar\u00e7o \u00e9 preocupante\u201d, diz presidente da Anfavea"},"content":{"rendered":"<p><em>AutoInd\u00fastria <\/em><\/p>\n<p>&nbsp;<\/p>\n<p>A falta de mat\u00e9rias-primas e componentes, como semicondutores e pneus, continua afetando a ind\u00fastria automotiva brasileira, que produziu em fevereiro apenas 197 mil ve\u00edculos, uma queda de 3,5% sobre o mesmo m\u00eas de 2019. Desde a crise de 2016 n\u00e3o havia um n\u00famero t\u00e3o baixo para o m\u00eas e mar\u00e7o deve ser ainda mais cr\u00edtico diante das j\u00e1 anunciadas paralisa\u00e7\u00f5es da General Motors em Gravata\u00ed, RS, e da Honda em Sumar\u00e9, SP.<\/p>\n<p>&nbsp;<\/p>\n<p>O presidente da Anfavea, Luiz Carlos Moraes, reconhece que as paradas em andamento este m\u00eas v\u00e3o afetar as vendas internas, exporta\u00e7\u00f5es e at\u00e9 mesmo a cadeia fornecedora, que ter\u00e1 de se adaptar aos novos programas das fabricantes. \u201cMar\u00e7o \u00e9 preocupante\u201d, admitiu o executivo.<\/p>\n<p>&nbsp;<\/p>\n<p>Ele disse que a entidade n\u00e3o chegou a fazer proje\u00e7\u00f5es para o m\u00eas, mas admitiu que tudo indica que haver\u00e1 nova queda. Os dirigentes da Anfavea concentraram-se nas duas \u00faltimas duas semanas em preparar material para a coletiva de imprensa desta sexta-feira, 5, durante a qual Moraes mostrou n\u00fameros do Custo Brasil e enfatizou a import\u00e2ncia da vacina para que o Pa\u00eds volte a crescer.<\/p>\n<p>&nbsp;<\/p>\n<p>\u201cTemos duas crises se agravando. A sanit\u00e1ria \u00e9 a que mais preocupa, pois vem ceifando cada vez mais vidas de brasileiros. A crise conjuntural, consequ\u00eancia da primeira, vem desorganizando toda a cadeia global de fornecimento e provocando gargalos e paradas cada vez maiores nas f\u00e1bricas\u201d, comentou o presidente da Anfavea, lembrando que a situa\u00e7\u00e3o piora com a fragilidade estrutural do ambiente de neg\u00f3cios no Brasil, que n\u00e3o vem sendo atacada adequadamente pelas v\u00e1rias esferas do poder p\u00fablico.<\/p>\n<p>&nbsp;<\/p>\n<p>A consequ\u00eancia disso tudo, segundo ele, \u00e9 um horizonte absolutamente nebuloso para o planejamento estrat\u00e9gico das empresas. Com rela\u00e7\u00e3o ao desempenho do primeiro bimestre deste ano, Moraes comenta que os n\u00fameros at\u00e9 foram bons considerando que muitas empresas n\u00e3o deram f\u00e9rias coletivas em janeiro e trabalharam at\u00e9 durante o Carnaval para tentar compensar atrasos e paradas por falta de insumos e recompor os baixos estoques.<\/p>\n<p>&nbsp;<\/p>\n<p>No acumulado de janeiro e fevereiro, foram fabricadas 396,7 mil unidades, com pequena alta de 0,2% sobre id\u00eantico per\u00edodo de 2020. O mercado interno, no entanto, est\u00e1 em retra\u00e7\u00e3o neste in\u00edcio de ano. Com 167,4 mil licenciamentos no m\u00eas passado, registrou-se queda de 16,7% sobre fevereiro do ano passado e de 2,2% sobre janeiro. As vendas totalizaram 394,5 mil no bimestre, recuo de 14,2% em rela\u00e7\u00e3o a id\u00eantico per\u00edodo de 2019.<\/p>\n<p>&nbsp;<\/p>\n<p>No que diz respeito \u00e0 crise sanit\u00e1ria, Moraes informou que a Anfavea, preocupada com o ritmo lento da vacina\u00e7\u00e3o no Brasil e com os reflexos disso na sa\u00fade da popula\u00e7\u00e3o e na economia do Pa\u00eds, aderiu em fevereiro ao movimento apartid\u00e1rio Unidos Pela Vacina, criado pelo Grupo Mulheres do Brasil, liderado pela empres\u00e1ria Luiza Helena Trajano.<\/p>\n<p>&nbsp;<\/p>\n<p>Al\u00e9m de terem esquema espec\u00edfico para acompanhar casos de Covid-19 em suas instala\u00e7\u00f5es, as associadas da Anfavea est\u00e3o em contato com v\u00e1rias prefeituras para facilitar apoio log\u00edstico de transporte e armazenagem, e tamb\u00e9m para oferecer as estruturas m\u00e9dicas das f\u00e1bricas (enfermarias e profissionais de sa\u00fade) para campanhas de vacina\u00e7\u00e3o. (AutoInd\u00fastria\/Alzira Rodrigues)<\/p>\n","protected":false},"excerpt":{"rendered":"<p>AutoInd\u00fastria &nbsp; A falta de mat\u00e9rias-primas e componentes, como semicondutores e pneus, continua afetando a ind\u00fastria automotiva brasileira, que produziu em fevereiro apenas 197 mil ve\u00edculos, uma queda de 3,5% sobre o mesmo m\u00eas de 2019. Desde a crise de 2016 n\u00e3o havia um n\u00famero t\u00e3o baixo para o m\u00eas e mar\u00e7o deve ser ainda\u2026 <a class=\"readmore\" href=\"https:\/\/dana.com.br\/canaldana\/2021\/03\/08\/marco-e-preocupante-diz-presidente-da-anfavea\/\">Leia mais \u00bb<\/a><\/p>\n","protected":false},"author":3,"featured_media":0,"comment_status":"closed","ping_status":"closed","sticky":false,"template":"","format":"standard","meta":{"_acf_changed":false,"footnotes":""},"categories":[79],"tags":[],"class_list":["post-48565","post","type-post","status-publish","format-standard","hentry","category-mercado"],"acf":[],"yoast_head":"<!-- This site is optimized with the Yoast SEO plugin v27.3 - https:\/\/yoast.com\/product\/yoast-seo-wordpress\/ -->\n<title>\u201cMar\u00e7o \u00e9 preocupante\u201d, diz presidente da Anfavea - Canal Dana<\/title>\n<meta name=\"robots\" content=\"index, follow, max-snippet:-1, max-image-preview:large, max-video-preview:-1\" \/>\n<link rel=\"canonical\" href=\"https:\/\/dana.com.br\/canaldana\/2021\/03\/08\/marco-e-preocupante-diz-presidente-da-anfavea\/\" \/>\n<meta property=\"og:locale\" content=\"pt_BR\" \/>\n<meta property=\"og:type\" content=\"article\" \/>\n<meta property=\"og:title\" content=\"\u201cMar\u00e7o \u00e9 preocupante\u201d, diz presidente da Anfavea - Canal Dana\" \/>\n<meta property=\"og:description\" content=\"AutoInd\u00fastria &nbsp; A falta de mat\u00e9rias-primas e componentes, como semicondutores e pneus, continua afetando a ind\u00fastria automotiva brasileira, que produziu em fevereiro apenas 197 mil ve\u00edculos, uma queda de 3,5% sobre o mesmo m\u00eas de 2019. Desde a crise de 2016 n\u00e3o havia um n\u00famero t\u00e3o baixo para o m\u00eas e mar\u00e7o deve ser ainda\u2026 Leia mais \u00bb\" \/>\n<meta property=\"og:url\" content=\"https:\/\/dana.com.br\/canaldana\/2021\/03\/08\/marco-e-preocupante-diz-presidente-da-anfavea\/\" \/>\n<meta property=\"og:site_name\" content=\"Canal Dana\" \/>\n<meta property=\"article:published_time\" content=\"2021-03-08T11:49:27+00:00\" \/>\n<meta name=\"author\" content=\"Canal Dana\" \/>\n<meta name=\"twitter:card\" content=\"summary_large_image\" \/>\n<meta name=\"twitter:label1\" content=\"Escrito por\" \/>\n\t<meta name=\"twitter:data1\" content=\"Canal Dana\" \/>\n\t<meta name=\"twitter:label2\" content=\"Est. tempo de leitura\" \/>\n\t<meta name=\"twitter:data2\" content=\"3 minutos\" \/>\n<script type=\"application\/ld+json\" class=\"yoast-schema-graph\">{\"@context\":\"https:\\\/\\\/schema.org\",\"@graph\":[{\"@type\":\"Article\",\"@id\":\"https:\\\/\\\/dana.com.br\\\/canaldana\\\/2021\\\/03\\\/08\\\/marco-e-preocupante-diz-presidente-da-anfavea\\\/#article\",\"isPartOf\":{\"@id\":\"https:\\\/\\\/dana.com.br\\\/canaldana\\\/2021\\\/03\\\/08\\\/marco-e-preocupante-diz-presidente-da-anfavea\\\/\"},\"author\":{\"name\":\"Canal Dana\",\"@id\":\"https:\\\/\\\/dana.com.br\\\/canaldana\\\/#\\\/schema\\\/person\\\/3c21f22f56fcf3bc46b94bc60ea4fef6\"},\"headline\":\"\u201cMar\u00e7o \u00e9 preocupante\u201d, diz presidente da Anfavea\",\"datePublished\":\"2021-03-08T11:49:27+00:00\",\"mainEntityOfPage\":{\"@id\":\"https:\\\/\\\/dana.com.br\\\/canaldana\\\/2021\\\/03\\\/08\\\/marco-e-preocupante-diz-presidente-da-anfavea\\\/\"},\"wordCount\":562,\"articleSection\":[\"Mercado\"],\"inLanguage\":\"pt-BR\"},{\"@type\":\"WebPage\",\"@id\":\"https:\\\/\\\/dana.com.br\\\/canaldana\\\/2021\\\/03\\\/08\\\/marco-e-preocupante-diz-presidente-da-anfavea\\\/\",\"url\":\"https:\\\/\\\/dana.com.br\\\/canaldana\\\/2021\\\/03\\\/08\\\/marco-e-preocupante-diz-presidente-da-anfavea\\\/\",\"name\":\"\u201cMar\u00e7o \u00e9 preocupante\u201d, diz presidente da Anfavea - Canal Dana\",\"isPartOf\":{\"@id\":\"https:\\\/\\\/dana.com.br\\\/canaldana\\\/#website\"},\"datePublished\":\"2021-03-08T11:49:27+00:00\",\"author\":{\"@id\":\"https:\\\/\\\/dana.com.br\\\/canaldana\\\/#\\\/schema\\\/person\\\/3c21f22f56fcf3bc46b94bc60ea4fef6\"},\"breadcrumb\":{\"@id\":\"https:\\\/\\\/dana.com.br\\\/canaldana\\\/2021\\\/03\\\/08\\\/marco-e-preocupante-diz-presidente-da-anfavea\\\/#breadcrumb\"},\"inLanguage\":\"pt-BR\",\"potentialAction\":[{\"@type\":\"ReadAction\",\"target\":[\"https:\\\/\\\/dana.com.br\\\/canaldana\\\/2021\\\/03\\\/08\\\/marco-e-preocupante-diz-presidente-da-anfavea\\\/\"]}]},{\"@type\":\"BreadcrumbList\",\"@id\":\"https:\\\/\\\/dana.com.br\\\/canaldana\\\/2021\\\/03\\\/08\\\/marco-e-preocupante-diz-presidente-da-anfavea\\\/#breadcrumb\",\"itemListElement\":[{\"@type\":\"ListItem\",\"position\":1,\"name\":\"Home\",\"item\":\"https:\\\/\\\/dana.com.br\\\/canaldana\\\/\"},{\"@type\":\"ListItem\",\"position\":2,\"name\":\"Mercado\",\"item\":\"https:\\\/\\\/dana.com.br\\\/canaldana\\\/mercado\\\/\"},{\"@type\":\"ListItem\",\"position\":3,\"name\":\"\u201cMar\u00e7o \u00e9 preocupante\u201d, diz presidente da Anfavea\"}]},{\"@type\":\"WebSite\",\"@id\":\"https:\\\/\\\/dana.com.br\\\/canaldana\\\/#website\",\"url\":\"https:\\\/\\\/dana.com.br\\\/canaldana\\\/\",\"name\":\"Canal Dana\",\"description\":\"Informativo com as principais not\u00edcias da ind\u00fastria automotiva\",\"potentialAction\":[{\"@type\":\"SearchAction\",\"target\":{\"@type\":\"EntryPoint\",\"urlTemplate\":\"https:\\\/\\\/dana.com.br\\\/canaldana\\\/?s={search_term_string}\"},\"query-input\":{\"@type\":\"PropertyValueSpecification\",\"valueRequired\":true,\"valueName\":\"search_term_string\"}}],\"inLanguage\":\"pt-BR\"},{\"@type\":\"Person\",\"@id\":\"https:\\\/\\\/dana.com.br\\\/canaldana\\\/#\\\/schema\\\/person\\\/3c21f22f56fcf3bc46b94bc60ea4fef6\",\"name\":\"Canal Dana\",\"image\":{\"@type\":\"ImageObject\",\"inLanguage\":\"pt-BR\",\"@id\":\"https:\\\/\\\/secure.gravatar.com\\\/avatar\\\/420aaf9278582877d9018637c6817617705899d2858d7572ef0fe59a6b6454b4?s=96&d=mm&r=g\",\"url\":\"https:\\\/\\\/secure.gravatar.com\\\/avatar\\\/420aaf9278582877d9018637c6817617705899d2858d7572ef0fe59a6b6454b4?s=96&d=mm&r=g\",\"contentUrl\":\"https:\\\/\\\/secure.gravatar.com\\\/avatar\\\/420aaf9278582877d9018637c6817617705899d2858d7572ef0fe59a6b6454b4?s=96&d=mm&r=g\",\"caption\":\"Canal Dana\"},\"url\":\"https:\\\/\\\/dana.com.br\\\/canaldana\\\/author\\\/cdeditor\\\/\"}]}<\/script>\n<!-- \/ Yoast SEO plugin. -->","yoast_head_json":{"title":"\u201cMar\u00e7o \u00e9 preocupante\u201d, diz presidente da Anfavea - Canal Dana","robots":{"index":"index","follow":"follow","max-snippet":"max-snippet:-1","max-image-preview":"max-image-preview:large","max-video-preview":"max-video-preview:-1"},"canonical":"https:\/\/dana.com.br\/canaldana\/2021\/03\/08\/marco-e-preocupante-diz-presidente-da-anfavea\/","og_locale":"pt_BR","og_type":"article","og_title":"\u201cMar\u00e7o \u00e9 preocupante\u201d, diz presidente da Anfavea - Canal Dana","og_description":"AutoInd\u00fastria &nbsp; A falta de mat\u00e9rias-primas e componentes, como semicondutores e pneus, continua afetando a ind\u00fastria automotiva brasileira, que produziu em fevereiro apenas 197 mil ve\u00edculos, uma queda de 3,5% sobre o mesmo m\u00eas de 2019. Desde a crise de 2016 n\u00e3o havia um n\u00famero t\u00e3o baixo para o m\u00eas e mar\u00e7o deve ser ainda\u2026 Leia mais \u00bb","og_url":"https:\/\/dana.com.br\/canaldana\/2021\/03\/08\/marco-e-preocupante-diz-presidente-da-anfavea\/","og_site_name":"Canal Dana","article_published_time":"2021-03-08T11:49:27+00:00","author":"Canal Dana","twitter_card":"summary_large_image","twitter_misc":{"Escrito por":"Canal Dana","Est. tempo de leitura":"3 minutos"},"schema":{"@context":"https:\/\/schema.org","@graph":[{"@type":"Article","@id":"https:\/\/dana.com.br\/canaldana\/2021\/03\/08\/marco-e-preocupante-diz-presidente-da-anfavea\/#article","isPartOf":{"@id":"https:\/\/dana.com.br\/canaldana\/2021\/03\/08\/marco-e-preocupante-diz-presidente-da-anfavea\/"},"author":{"name":"Canal Dana","@id":"https:\/\/dana.com.br\/canaldana\/#\/schema\/person\/3c21f22f56fcf3bc46b94bc60ea4fef6"},"headline":"\u201cMar\u00e7o \u00e9 preocupante\u201d, diz presidente da Anfavea","datePublished":"2021-03-08T11:49:27+00:00","mainEntityOfPage":{"@id":"https:\/\/dana.com.br\/canaldana\/2021\/03\/08\/marco-e-preocupante-diz-presidente-da-anfavea\/"},"wordCount":562,"articleSection":["Mercado"],"inLanguage":"pt-BR"},{"@type":"WebPage","@id":"https:\/\/dana.com.br\/canaldana\/2021\/03\/08\/marco-e-preocupante-diz-presidente-da-anfavea\/","url":"https:\/\/dana.com.br\/canaldana\/2021\/03\/08\/marco-e-preocupante-diz-presidente-da-anfavea\/","name":"\u201cMar\u00e7o \u00e9 preocupante\u201d, diz presidente da Anfavea - Canal Dana","isPartOf":{"@id":"https:\/\/dana.com.br\/canaldana\/#website"},"datePublished":"2021-03-08T11:49:27+00:00","author":{"@id":"https:\/\/dana.com.br\/canaldana\/#\/schema\/person\/3c21f22f56fcf3bc46b94bc60ea4fef6"},"breadcrumb":{"@id":"https:\/\/dana.com.br\/canaldana\/2021\/03\/08\/marco-e-preocupante-diz-presidente-da-anfavea\/#breadcrumb"},"inLanguage":"pt-BR","potentialAction":[{"@type":"ReadAction","target":["https:\/\/dana.com.br\/canaldana\/2021\/03\/08\/marco-e-preocupante-diz-presidente-da-anfavea\/"]}]},{"@type":"BreadcrumbList","@id":"https:\/\/dana.com.br\/canaldana\/2021\/03\/08\/marco-e-preocupante-diz-presidente-da-anfavea\/#breadcrumb","itemListElement":[{"@type":"ListItem","position":1,"name":"Home","item":"https:\/\/dana.com.br\/canaldana\/"},{"@type":"ListItem","position":2,"name":"Mercado","item":"https:\/\/dana.com.br\/canaldana\/mercado\/"},{"@type":"ListItem","position":3,"name":"\u201cMar\u00e7o \u00e9 preocupante\u201d, diz presidente da Anfavea"}]},{"@type":"WebSite","@id":"https:\/\/dana.com.br\/canaldana\/#website","url":"https:\/\/dana.com.br\/canaldana\/","name":"Canal Dana","description":"Informativo com as principais not\u00edcias da ind\u00fastria automotiva","potentialAction":[{"@type":"SearchAction","target":{"@type":"EntryPoint","urlTemplate":"https:\/\/dana.com.br\/canaldana\/?s={search_term_string}"},"query-input":{"@type":"PropertyValueSpecification","valueRequired":true,"valueName":"search_term_string"}}],"inLanguage":"pt-BR"},{"@type":"Person","@id":"https:\/\/dana.com.br\/canaldana\/#\/schema\/person\/3c21f22f56fcf3bc46b94bc60ea4fef6","name":"Canal Dana","image":{"@type":"ImageObject","inLanguage":"pt-BR","@id":"https:\/\/secure.gravatar.com\/avatar\/420aaf9278582877d9018637c6817617705899d2858d7572ef0fe59a6b6454b4?s=96&d=mm&r=g","url":"https:\/\/secure.gravatar.com\/avatar\/420aaf9278582877d9018637c6817617705899d2858d7572ef0fe59a6b6454b4?s=96&d=mm&r=g","contentUrl":"https:\/\/secure.gravatar.com\/avatar\/420aaf9278582877d9018637c6817617705899d2858d7572ef0fe59a6b6454b4?s=96&d=mm&r=g","caption":"Canal Dana"},"url":"https:\/\/dana.com.br\/canaldana\/author\/cdeditor\/"}]}},"_links":{"self":[{"href":"https:\/\/dana.com.br\/canaldana\/wp-json\/wp\/v2\/posts\/48565","targetHints":{"allow":["GET"]}}],"collection":[{"href":"https:\/\/dana.com.br\/canaldana\/wp-json\/wp\/v2\/posts"}],"about":[{"href":"https:\/\/dana.com.br\/canaldana\/wp-json\/wp\/v2\/types\/post"}],"author":[{"embeddable":true,"href":"https:\/\/dana.com.br\/canaldana\/wp-json\/wp\/v2\/users\/3"}],"replies":[{"embeddable":true,"href":"https:\/\/dana.com.br\/canaldana\/wp-json\/wp\/v2\/comments?post=48565"}],"version-history":[{"count":0,"href":"https:\/\/dana.com.br\/canaldana\/wp-json\/wp\/v2\/posts\/48565\/revisions"}],"wp:attachment":[{"href":"https:\/\/dana.com.br\/canaldana\/wp-json\/wp\/v2\/media?parent=48565"}],"wp:term":[{"taxonomy":"category","embeddable":true,"href":"https:\/\/dana.com.br\/canaldana\/wp-json\/wp\/v2\/categories?post=48565"},{"taxonomy":"post_tag","embeddable":true,"href":"https:\/\/dana.com.br\/canaldana\/wp-json\/wp\/v2\/tags?post=48565"}],"curies":[{"name":"wp","href":"https:\/\/api.w.org\/{rel}","templated":true}]}}