{"id":48505,"date":"2021-03-04T08:15:08","date_gmt":"2021-03-04T11:15:08","guid":{"rendered":"https:\/\/dana.com.br\/canaldana\/?p=48505"},"modified":"2021-03-04T08:15:08","modified_gmt":"2021-03-04T11:15:08","slug":"sem-producao-local-ford-e-mercedes-benz-desabam-no-bimestre","status":"publish","type":"post","link":"https:\/\/dana.com.br\/canaldana\/2021\/03\/04\/sem-producao-local-ford-e-mercedes-benz-desabam-no-bimestre\/","title":{"rendered":"Sem produ\u00e7\u00e3o local, Ford e Mercedes-Benz desabam no bimestre"},"content":{"rendered":"<p><em>AutoInd\u00fastria <\/em><\/p>\n<p>&nbsp;<\/p>\n<p>A decis\u00e3o de encerrar a produ\u00e7\u00e3o local de autom\u00f3veis fez um estrago no desempenho comercial de Ford e Mercedes-Benz no Brasil em 2021. Encerrado o primeiro bimestre, a norte-americana j\u00e1 aparece apenas como a 9\u00aa marca mais vendida, com somente 11,9 mil unidades licenciadas, enquanto a alem\u00e3 ficou na 4\u00aa posi\u00e7\u00e3o entre as marcas ditas premium, com 806 emplacamentos e bem abaixo das l\u00edderes.<\/p>\n<p>&nbsp;<\/p>\n<p>A abrupta queda da Ford, que encerrou 2020 na 5\u00aa posi\u00e7\u00e3o, era mais do que esperada, j\u00e1 que perto de 85% de suas vendas\u00a0\u00a0 dependiam dos nacionais Ka, Ka Sedan e EcoSport. Com a proximidade do fim da fabrica\u00e7\u00e3o nacional, revelada em meados de janeiro, a pr\u00f3pria Ford tratou de desacelerar antecipadamente a linha de montagem de Cama\u00e7ari, BA, para reduzir os estoques na rede de concession\u00e1rias.<\/p>\n<p>&nbsp;<\/p>\n<p>Se no primeiro bimestre de 2020 a marca vendera 29,5 mil autom\u00f3veis e comerciais leves, nos dois meses iniciais de 2021 acumulou menos da metade, 11,9 mil. Perto de 3,7 mil deles no m\u00eas passado: sendo 1,5 mil Ka, pouco mais de 500 unidades do Ka Sedan e 280 do EcoSport.<\/p>\n<p>&nbsp;<\/p>\n<p>Em mar\u00e7o e abril esses n\u00fameros ser\u00e3o ainda menores e, certamente, antes do encerramento do primeiro semestre a Ford ter\u00e1 se tornado uma mera importadora. Negociar\u00e1 somente a picape Ranger, fabricada na Argentina, e os SUVs Territory, Edge e o anunciado Bronco, al\u00e9m do esportivo Mustang. Com exce\u00e7\u00e3o da Ranger, produtos dedicados a segmentos de vendas bastante restritas, nichos.<\/p>\n<p>&nbsp;<\/p>\n<p>A Mercedes-Benz dependia muito menos da produ\u00e7\u00e3o brasileira do que a Ford. Da agora fechada f\u00e1brica de Iracem\u00e1polis, SP, at\u00e9 dezembro sa\u00eda o GLA. Mesmo como segundo modelo mais vendido da marca, o crossover lan\u00e7ado em 2016 somou 1,2 mil unidades licenciadas em 2020, 18% dos mais de 6,8 mil autom\u00f3veis de passeio negociados pela montadora.<\/p>\n<p>&nbsp;<\/p>\n<p>A Mercedes-Benz alcan\u00e7ou t\u00edmidos 806 licenciamentos no bimestre, com somente dois modelos, o sed\u00e3 Classe C e o SUV GLB, respondendo por quase 80% do total negociado. O n\u00famero \u00e9 41% menor para um mercado total que encolheu menos da metade no per\u00edodo, 19%.<\/p>\n<p>&nbsp;<\/p>\n<p>A compara\u00e7\u00e3o com o desempenho da l\u00edder BMW explicita o desafio que ser\u00e1 para a Mercedes-Benz voltar ao topo do segmento ocupado por ela pela \u00faltima vez no bi\u00eanio 2017-2018. No bimestre, a concorrente superou 1,6 mil emplacamentos, queda de 4% com rela\u00e7\u00e3o a igual per\u00edodo do ano passado e muito abaixo da m\u00e9dia.<\/p>\n<p>&nbsp;<\/p>\n<p>E vender somente a metade do que a principal concorrente j\u00e1 n\u00e3o \u00e9 novidade. Em 2020, a rela\u00e7\u00e3o foi a mesma. Para cada Mercedes-Benz vendido, foram negociados dois BMW no Brasil: 6,8 mil contra 12,4 mil.<\/p>\n<p>&nbsp;<\/p>\n<p>E outro fator contr\u00e1rio: enquanto a forte aprecia\u00e7\u00e3o de d\u00f3lar e euro tem reduzido a margem de negocia\u00e7\u00e3o dos revendedores para seduzir os clientes &#8211; mesmo no caso de autom\u00f3veis de faixa de pre\u00e7os elevadas &#8211; a BMW, \u00fanica do segmento a manter f\u00e1brica aqui, acaba de anunciar o aumento de 10% da produ\u00e7\u00e3o em Araquari, SC.<\/p>\n<p>&nbsp;<\/p>\n<p>O ritmo mais acelerado da linha beneficiar\u00e1 os modelos X1 e S\u00e9rie 3, o carro da marca mais vendido e concorrente direto do Classe C. Juntos, eles representaram 65% das vendas da BMW no ano passado. Um refor\u00e7o e tanto! (AutoInd\u00fastria\/George Guimar\u00e3es)<\/p>\n","protected":false},"excerpt":{"rendered":"<p>AutoInd\u00fastria &nbsp; A decis\u00e3o de encerrar a produ\u00e7\u00e3o local de autom\u00f3veis fez um estrago no desempenho comercial de Ford e Mercedes-Benz no Brasil em 2021. Encerrado o primeiro bimestre, a norte-americana j\u00e1 aparece apenas como a 9\u00aa marca mais vendida, com somente 11,9 mil unidades licenciadas, enquanto a alem\u00e3 ficou na 4\u00aa posi\u00e7\u00e3o entre as\u2026 <a class=\"readmore\" href=\"https:\/\/dana.com.br\/canaldana\/2021\/03\/04\/sem-producao-local-ford-e-mercedes-benz-desabam-no-bimestre\/\">Leia mais \u00bb<\/a><\/p>\n","protected":false},"author":3,"featured_media":0,"comment_status":"closed","ping_status":"closed","sticky":false,"template":"","format":"standard","meta":{"_acf_changed":false,"footnotes":""},"categories":[61],"tags":[],"class_list":["post-48505","post","type-post","status-publish","format-standard","hentry","category-destaques"],"acf":[],"yoast_head":"<!-- This site is optimized with the Yoast SEO plugin v27.3 - https:\/\/yoast.com\/product\/yoast-seo-wordpress\/ -->\n<title>Sem produ\u00e7\u00e3o local, Ford e Mercedes-Benz desabam no bimestre - Canal Dana<\/title>\n<meta name=\"robots\" content=\"index, follow, max-snippet:-1, max-image-preview:large, max-video-preview:-1\" \/>\n<link rel=\"canonical\" href=\"https:\/\/dana.com.br\/canaldana\/2021\/03\/04\/sem-producao-local-ford-e-mercedes-benz-desabam-no-bimestre\/\" \/>\n<meta property=\"og:locale\" content=\"pt_BR\" \/>\n<meta property=\"og:type\" content=\"article\" \/>\n<meta property=\"og:title\" content=\"Sem produ\u00e7\u00e3o local, Ford e Mercedes-Benz desabam no bimestre - Canal Dana\" \/>\n<meta property=\"og:description\" content=\"AutoInd\u00fastria &nbsp; A decis\u00e3o de encerrar a produ\u00e7\u00e3o local de autom\u00f3veis fez um estrago no desempenho comercial de Ford e Mercedes-Benz no Brasil em 2021. Encerrado o primeiro bimestre, a norte-americana j\u00e1 aparece apenas como a 9\u00aa marca mais vendida, com somente 11,9 mil unidades licenciadas, enquanto a alem\u00e3 ficou na 4\u00aa posi\u00e7\u00e3o entre as\u2026 Leia mais \u00bb\" \/>\n<meta property=\"og:url\" content=\"https:\/\/dana.com.br\/canaldana\/2021\/03\/04\/sem-producao-local-ford-e-mercedes-benz-desabam-no-bimestre\/\" \/>\n<meta property=\"og:site_name\" content=\"Canal Dana\" \/>\n<meta property=\"article:published_time\" content=\"2021-03-04T11:15:08+00:00\" \/>\n<meta name=\"author\" content=\"Canal Dana\" \/>\n<meta name=\"twitter:card\" content=\"summary_large_image\" \/>\n<meta name=\"twitter:label1\" content=\"Escrito por\" \/>\n\t<meta name=\"twitter:data1\" content=\"Canal Dana\" \/>\n\t<meta name=\"twitter:label2\" content=\"Est. tempo de leitura\" \/>\n\t<meta name=\"twitter:data2\" content=\"3 minutos\" \/>\n<script type=\"application\/ld+json\" class=\"yoast-schema-graph\">{\"@context\":\"https:\\\/\\\/schema.org\",\"@graph\":[{\"@type\":\"Article\",\"@id\":\"https:\\\/\\\/dana.com.br\\\/canaldana\\\/2021\\\/03\\\/04\\\/sem-producao-local-ford-e-mercedes-benz-desabam-no-bimestre\\\/#article\",\"isPartOf\":{\"@id\":\"https:\\\/\\\/dana.com.br\\\/canaldana\\\/2021\\\/03\\\/04\\\/sem-producao-local-ford-e-mercedes-benz-desabam-no-bimestre\\\/\"},\"author\":{\"name\":\"Canal Dana\",\"@id\":\"https:\\\/\\\/dana.com.br\\\/canaldana\\\/#\\\/schema\\\/person\\\/3c21f22f56fcf3bc46b94bc60ea4fef6\"},\"headline\":\"Sem produ\u00e7\u00e3o local, Ford e Mercedes-Benz desabam no bimestre\",\"datePublished\":\"2021-03-04T11:15:08+00:00\",\"mainEntityOfPage\":{\"@id\":\"https:\\\/\\\/dana.com.br\\\/canaldana\\\/2021\\\/03\\\/04\\\/sem-producao-local-ford-e-mercedes-benz-desabam-no-bimestre\\\/\"},\"wordCount\":565,\"articleSection\":[\"Destaques\"],\"inLanguage\":\"pt-BR\"},{\"@type\":\"WebPage\",\"@id\":\"https:\\\/\\\/dana.com.br\\\/canaldana\\\/2021\\\/03\\\/04\\\/sem-producao-local-ford-e-mercedes-benz-desabam-no-bimestre\\\/\",\"url\":\"https:\\\/\\\/dana.com.br\\\/canaldana\\\/2021\\\/03\\\/04\\\/sem-producao-local-ford-e-mercedes-benz-desabam-no-bimestre\\\/\",\"name\":\"Sem produ\u00e7\u00e3o local, Ford e Mercedes-Benz desabam no bimestre - Canal Dana\",\"isPartOf\":{\"@id\":\"https:\\\/\\\/dana.com.br\\\/canaldana\\\/#website\"},\"datePublished\":\"2021-03-04T11:15:08+00:00\",\"author\":{\"@id\":\"https:\\\/\\\/dana.com.br\\\/canaldana\\\/#\\\/schema\\\/person\\\/3c21f22f56fcf3bc46b94bc60ea4fef6\"},\"breadcrumb\":{\"@id\":\"https:\\\/\\\/dana.com.br\\\/canaldana\\\/2021\\\/03\\\/04\\\/sem-producao-local-ford-e-mercedes-benz-desabam-no-bimestre\\\/#breadcrumb\"},\"inLanguage\":\"pt-BR\",\"potentialAction\":[{\"@type\":\"ReadAction\",\"target\":[\"https:\\\/\\\/dana.com.br\\\/canaldana\\\/2021\\\/03\\\/04\\\/sem-producao-local-ford-e-mercedes-benz-desabam-no-bimestre\\\/\"]}]},{\"@type\":\"BreadcrumbList\",\"@id\":\"https:\\\/\\\/dana.com.br\\\/canaldana\\\/2021\\\/03\\\/04\\\/sem-producao-local-ford-e-mercedes-benz-desabam-no-bimestre\\\/#breadcrumb\",\"itemListElement\":[{\"@type\":\"ListItem\",\"position\":1,\"name\":\"Home\",\"item\":\"https:\\\/\\\/dana.com.br\\\/canaldana\\\/\"},{\"@type\":\"ListItem\",\"position\":2,\"name\":\"Destaques\",\"item\":\"https:\\\/\\\/dana.com.br\\\/canaldana\\\/destaques\\\/\"},{\"@type\":\"ListItem\",\"position\":3,\"name\":\"Sem produ\u00e7\u00e3o local, Ford e Mercedes-Benz desabam no bimestre\"}]},{\"@type\":\"WebSite\",\"@id\":\"https:\\\/\\\/dana.com.br\\\/canaldana\\\/#website\",\"url\":\"https:\\\/\\\/dana.com.br\\\/canaldana\\\/\",\"name\":\"Canal Dana\",\"description\":\"Informativo com as principais not\u00edcias da ind\u00fastria automotiva\",\"potentialAction\":[{\"@type\":\"SearchAction\",\"target\":{\"@type\":\"EntryPoint\",\"urlTemplate\":\"https:\\\/\\\/dana.com.br\\\/canaldana\\\/?s={search_term_string}\"},\"query-input\":{\"@type\":\"PropertyValueSpecification\",\"valueRequired\":true,\"valueName\":\"search_term_string\"}}],\"inLanguage\":\"pt-BR\"},{\"@type\":\"Person\",\"@id\":\"https:\\\/\\\/dana.com.br\\\/canaldana\\\/#\\\/schema\\\/person\\\/3c21f22f56fcf3bc46b94bc60ea4fef6\",\"name\":\"Canal Dana\",\"image\":{\"@type\":\"ImageObject\",\"inLanguage\":\"pt-BR\",\"@id\":\"https:\\\/\\\/secure.gravatar.com\\\/avatar\\\/420aaf9278582877d9018637c6817617705899d2858d7572ef0fe59a6b6454b4?s=96&d=mm&r=g\",\"url\":\"https:\\\/\\\/secure.gravatar.com\\\/avatar\\\/420aaf9278582877d9018637c6817617705899d2858d7572ef0fe59a6b6454b4?s=96&d=mm&r=g\",\"contentUrl\":\"https:\\\/\\\/secure.gravatar.com\\\/avatar\\\/420aaf9278582877d9018637c6817617705899d2858d7572ef0fe59a6b6454b4?s=96&d=mm&r=g\",\"caption\":\"Canal Dana\"},\"url\":\"https:\\\/\\\/dana.com.br\\\/canaldana\\\/author\\\/cdeditor\\\/\"}]}<\/script>\n<!-- \/ Yoast SEO plugin. -->","yoast_head_json":{"title":"Sem produ\u00e7\u00e3o local, Ford e Mercedes-Benz desabam no bimestre - Canal Dana","robots":{"index":"index","follow":"follow","max-snippet":"max-snippet:-1","max-image-preview":"max-image-preview:large","max-video-preview":"max-video-preview:-1"},"canonical":"https:\/\/dana.com.br\/canaldana\/2021\/03\/04\/sem-producao-local-ford-e-mercedes-benz-desabam-no-bimestre\/","og_locale":"pt_BR","og_type":"article","og_title":"Sem produ\u00e7\u00e3o local, Ford e Mercedes-Benz desabam no bimestre - Canal Dana","og_description":"AutoInd\u00fastria &nbsp; A decis\u00e3o de encerrar a produ\u00e7\u00e3o local de autom\u00f3veis fez um estrago no desempenho comercial de Ford e Mercedes-Benz no Brasil em 2021. Encerrado o primeiro bimestre, a norte-americana j\u00e1 aparece apenas como a 9\u00aa marca mais vendida, com somente 11,9 mil unidades licenciadas, enquanto a alem\u00e3 ficou na 4\u00aa posi\u00e7\u00e3o entre as\u2026 Leia mais \u00bb","og_url":"https:\/\/dana.com.br\/canaldana\/2021\/03\/04\/sem-producao-local-ford-e-mercedes-benz-desabam-no-bimestre\/","og_site_name":"Canal Dana","article_published_time":"2021-03-04T11:15:08+00:00","author":"Canal Dana","twitter_card":"summary_large_image","twitter_misc":{"Escrito por":"Canal Dana","Est. tempo de leitura":"3 minutos"},"schema":{"@context":"https:\/\/schema.org","@graph":[{"@type":"Article","@id":"https:\/\/dana.com.br\/canaldana\/2021\/03\/04\/sem-producao-local-ford-e-mercedes-benz-desabam-no-bimestre\/#article","isPartOf":{"@id":"https:\/\/dana.com.br\/canaldana\/2021\/03\/04\/sem-producao-local-ford-e-mercedes-benz-desabam-no-bimestre\/"},"author":{"name":"Canal Dana","@id":"https:\/\/dana.com.br\/canaldana\/#\/schema\/person\/3c21f22f56fcf3bc46b94bc60ea4fef6"},"headline":"Sem produ\u00e7\u00e3o local, Ford e Mercedes-Benz desabam no bimestre","datePublished":"2021-03-04T11:15:08+00:00","mainEntityOfPage":{"@id":"https:\/\/dana.com.br\/canaldana\/2021\/03\/04\/sem-producao-local-ford-e-mercedes-benz-desabam-no-bimestre\/"},"wordCount":565,"articleSection":["Destaques"],"inLanguage":"pt-BR"},{"@type":"WebPage","@id":"https:\/\/dana.com.br\/canaldana\/2021\/03\/04\/sem-producao-local-ford-e-mercedes-benz-desabam-no-bimestre\/","url":"https:\/\/dana.com.br\/canaldana\/2021\/03\/04\/sem-producao-local-ford-e-mercedes-benz-desabam-no-bimestre\/","name":"Sem produ\u00e7\u00e3o local, Ford e Mercedes-Benz desabam no bimestre - Canal Dana","isPartOf":{"@id":"https:\/\/dana.com.br\/canaldana\/#website"},"datePublished":"2021-03-04T11:15:08+00:00","author":{"@id":"https:\/\/dana.com.br\/canaldana\/#\/schema\/person\/3c21f22f56fcf3bc46b94bc60ea4fef6"},"breadcrumb":{"@id":"https:\/\/dana.com.br\/canaldana\/2021\/03\/04\/sem-producao-local-ford-e-mercedes-benz-desabam-no-bimestre\/#breadcrumb"},"inLanguage":"pt-BR","potentialAction":[{"@type":"ReadAction","target":["https:\/\/dana.com.br\/canaldana\/2021\/03\/04\/sem-producao-local-ford-e-mercedes-benz-desabam-no-bimestre\/"]}]},{"@type":"BreadcrumbList","@id":"https:\/\/dana.com.br\/canaldana\/2021\/03\/04\/sem-producao-local-ford-e-mercedes-benz-desabam-no-bimestre\/#breadcrumb","itemListElement":[{"@type":"ListItem","position":1,"name":"Home","item":"https:\/\/dana.com.br\/canaldana\/"},{"@type":"ListItem","position":2,"name":"Destaques","item":"https:\/\/dana.com.br\/canaldana\/destaques\/"},{"@type":"ListItem","position":3,"name":"Sem produ\u00e7\u00e3o local, Ford e Mercedes-Benz desabam no bimestre"}]},{"@type":"WebSite","@id":"https:\/\/dana.com.br\/canaldana\/#website","url":"https:\/\/dana.com.br\/canaldana\/","name":"Canal Dana","description":"Informativo com as principais not\u00edcias da ind\u00fastria automotiva","potentialAction":[{"@type":"SearchAction","target":{"@type":"EntryPoint","urlTemplate":"https:\/\/dana.com.br\/canaldana\/?s={search_term_string}"},"query-input":{"@type":"PropertyValueSpecification","valueRequired":true,"valueName":"search_term_string"}}],"inLanguage":"pt-BR"},{"@type":"Person","@id":"https:\/\/dana.com.br\/canaldana\/#\/schema\/person\/3c21f22f56fcf3bc46b94bc60ea4fef6","name":"Canal Dana","image":{"@type":"ImageObject","inLanguage":"pt-BR","@id":"https:\/\/secure.gravatar.com\/avatar\/420aaf9278582877d9018637c6817617705899d2858d7572ef0fe59a6b6454b4?s=96&d=mm&r=g","url":"https:\/\/secure.gravatar.com\/avatar\/420aaf9278582877d9018637c6817617705899d2858d7572ef0fe59a6b6454b4?s=96&d=mm&r=g","contentUrl":"https:\/\/secure.gravatar.com\/avatar\/420aaf9278582877d9018637c6817617705899d2858d7572ef0fe59a6b6454b4?s=96&d=mm&r=g","caption":"Canal Dana"},"url":"https:\/\/dana.com.br\/canaldana\/author\/cdeditor\/"}]}},"_links":{"self":[{"href":"https:\/\/dana.com.br\/canaldana\/wp-json\/wp\/v2\/posts\/48505","targetHints":{"allow":["GET"]}}],"collection":[{"href":"https:\/\/dana.com.br\/canaldana\/wp-json\/wp\/v2\/posts"}],"about":[{"href":"https:\/\/dana.com.br\/canaldana\/wp-json\/wp\/v2\/types\/post"}],"author":[{"embeddable":true,"href":"https:\/\/dana.com.br\/canaldana\/wp-json\/wp\/v2\/users\/3"}],"replies":[{"embeddable":true,"href":"https:\/\/dana.com.br\/canaldana\/wp-json\/wp\/v2\/comments?post=48505"}],"version-history":[{"count":0,"href":"https:\/\/dana.com.br\/canaldana\/wp-json\/wp\/v2\/posts\/48505\/revisions"}],"wp:attachment":[{"href":"https:\/\/dana.com.br\/canaldana\/wp-json\/wp\/v2\/media?parent=48505"}],"wp:term":[{"taxonomy":"category","embeddable":true,"href":"https:\/\/dana.com.br\/canaldana\/wp-json\/wp\/v2\/categories?post=48505"},{"taxonomy":"post_tag","embeddable":true,"href":"https:\/\/dana.com.br\/canaldana\/wp-json\/wp\/v2\/tags?post=48505"}],"curies":[{"name":"wp","href":"https:\/\/api.w.org\/{rel}","templated":true}]}}