{"id":48375,"date":"2021-02-26T08:47:38","date_gmt":"2021-02-26T11:47:38","guid":{"rendered":"https:\/\/dana.com.br\/canaldana\/?p=48375"},"modified":"2021-02-26T08:47:38","modified_gmt":"2021-02-26T11:47:38","slug":"precos-dos-carros-subiram-96-na-media-em-um-ano","status":"publish","type":"post","link":"https:\/\/dana.com.br\/canaldana\/2021\/02\/26\/precos-dos-carros-subiram-96-na-media-em-um-ano\/","title":{"rendered":"Pre\u00e7os dos carros subiram 9,6% na m\u00e9dia em um ano"},"content":{"rendered":"<p><em>AutoInd\u00fastria<\/em><\/p>\n<p>&nbsp;<\/p>\n<p>A partir de uma an\u00e1lise envolvendo os 13 carros 0 km mais vendidos no Pa\u00eds, a KBB divulgou estudo indicando uma alta m\u00e9dia de 9,4% nos pre\u00e7os praticados no varejo automotivo ao longo de 2020. O Renault Kwid foi o que teve maior \u00edndice de reajuste, de 18,2%, enquanto o Hyundai HB20 foi o \u00fanico com varia\u00e7\u00e3o negativa, de 1,49%.<\/p>\n<p>&nbsp;<\/p>\n<p>O compacto da marca francesa teve o pre\u00e7o elevado de R$ 38.425 para R$ 45.367 no per\u00edodo de um ano, enquanto o da marca coreana foi reduzido de R$ 62.090 para R$ 61.120. Dos modelos pesquisados, apenas dois \u2013 al\u00e9m do HB20 \u2013 tiveram varia\u00e7\u00f5es abaixo da infla\u00e7\u00e3o medida pelo IPCA, que se consolidou em 4,52% em 2020: o Ford Ka, com reajuste de 2,32%, e o Hyundai Creta de 0,91%.<\/p>\n<p>&nbsp;<\/p>\n<p>Em seu estudo, a KBB, Kelley Blue Book Brasil, empresa especializada em pesquisa de pre\u00e7os de carros novos e usados, destaca a elevada alta nos custos de produ\u00e7\u00e3o dos autom\u00f3veis decorrente de uma s\u00e9rie de impactos provocados pela pandemia da Covid-19 na ind\u00fastria mundial.<\/p>\n<p>&nbsp;<\/p>\n<p>Para determinar a lista dos carros analisados, a empresa utilizou o ranking dos 15 autom\u00f3veis e comerciais leves mais vendidos de 2020 elaborado pela Fenabrave. Treze fizeram parte do estudo por contarem com hist\u00f3rico de 12 meses de pre\u00e7o no ano, considerando apenas o ano modelo 2020 para cada um dos ve\u00edculos selecionados.<\/p>\n<p>&nbsp;<\/p>\n<p>Por esse recorte, a nova gera\u00e7\u00e3o da Fiat Strada e o Chevrolet Tracker 2021 \u2013 que est\u00e3o entre os 15 ve\u00edculos mais vendidos do per\u00edodo \u2013 n\u00e3o entraram na lista. O segundo modelo com maior alta foi o Volkswagen Gol, que subiu 17,7% de R$ 49.733 para R$ 58.258, e o terceiro o Chevrolet Onix, com alta de 11,86%, de R$ 58.041 para R$ 64.782. (AutoInd\u00fastria)<\/p>\n","protected":false},"excerpt":{"rendered":"<p>AutoInd\u00fastria &nbsp; A partir de uma an\u00e1lise envolvendo os 13 carros 0 km mais vendidos no Pa\u00eds, a KBB divulgou estudo indicando uma alta m\u00e9dia de 9,4% nos pre\u00e7os praticados no varejo automotivo ao longo de 2020. O Renault Kwid foi o que teve maior \u00edndice de reajuste, de 18,2%, enquanto o Hyundai HB20 foi\u2026 <a class=\"readmore\" href=\"https:\/\/dana.com.br\/canaldana\/2021\/02\/26\/precos-dos-carros-subiram-96-na-media-em-um-ano\/\">Leia mais \u00bb<\/a><\/p>\n","protected":false},"author":3,"featured_media":0,"comment_status":"closed","ping_status":"closed","sticky":false,"template":"","format":"standard","meta":{"_acf_changed":false,"footnotes":""},"categories":[61],"tags":[],"class_list":["post-48375","post","type-post","status-publish","format-standard","hentry","category-destaques"],"acf":[],"yoast_head":"<!-- This site is optimized with the Yoast SEO plugin v27.5 - https:\/\/yoast.com\/product\/yoast-seo-wordpress\/ -->\n<title>Pre\u00e7os dos carros subiram 9,6% na m\u00e9dia em um ano - Canal Dana<\/title>\n<meta name=\"robots\" content=\"index, follow, max-snippet:-1, max-image-preview:large, max-video-preview:-1\" \/>\n<link rel=\"canonical\" href=\"https:\/\/dana.com.br\/canaldana\/2021\/02\/26\/precos-dos-carros-subiram-96-na-media-em-um-ano\/\" \/>\n<meta property=\"og:locale\" content=\"pt_BR\" \/>\n<meta property=\"og:type\" content=\"article\" \/>\n<meta property=\"og:title\" content=\"Pre\u00e7os dos carros subiram 9,6% na m\u00e9dia em um ano - Canal Dana\" \/>\n<meta property=\"og:description\" content=\"AutoInd\u00fastria &nbsp; A partir de uma an\u00e1lise envolvendo os 13 carros 0 km mais vendidos no Pa\u00eds, a KBB divulgou estudo indicando uma alta m\u00e9dia de 9,4% nos pre\u00e7os praticados no varejo automotivo ao longo de 2020. O Renault Kwid foi o que teve maior \u00edndice de reajuste, de 18,2%, enquanto o Hyundai HB20 foi\u2026 Leia mais \u00bb\" \/>\n<meta property=\"og:url\" content=\"https:\/\/dana.com.br\/canaldana\/2021\/02\/26\/precos-dos-carros-subiram-96-na-media-em-um-ano\/\" \/>\n<meta property=\"og:site_name\" content=\"Canal Dana\" \/>\n<meta property=\"article:published_time\" content=\"2021-02-26T11:47:38+00:00\" \/>\n<meta name=\"author\" content=\"Canal Dana\" \/>\n<meta name=\"twitter:card\" content=\"summary_large_image\" \/>\n<meta name=\"twitter:label1\" content=\"Escrito por\" \/>\n\t<meta name=\"twitter:data1\" content=\"Canal Dana\" \/>\n\t<meta name=\"twitter:label2\" content=\"Est. tempo de leitura\" \/>\n\t<meta name=\"twitter:data2\" content=\"1 minuto\" \/>\n<script type=\"application\/ld+json\" class=\"yoast-schema-graph\">{\"@context\":\"https:\\\/\\\/schema.org\",\"@graph\":[{\"@type\":\"Article\",\"@id\":\"https:\\\/\\\/dana.com.br\\\/canaldana\\\/2021\\\/02\\\/26\\\/precos-dos-carros-subiram-96-na-media-em-um-ano\\\/#article\",\"isPartOf\":{\"@id\":\"https:\\\/\\\/dana.com.br\\\/canaldana\\\/2021\\\/02\\\/26\\\/precos-dos-carros-subiram-96-na-media-em-um-ano\\\/\"},\"author\":{\"name\":\"Canal Dana\",\"@id\":\"https:\\\/\\\/dana.com.br\\\/canaldana\\\/#\\\/schema\\\/person\\\/3c21f22f56fcf3bc46b94bc60ea4fef6\"},\"headline\":\"Pre\u00e7os dos carros subiram 9,6% na m\u00e9dia em um ano\",\"datePublished\":\"2021-02-26T11:47:38+00:00\",\"mainEntityOfPage\":{\"@id\":\"https:\\\/\\\/dana.com.br\\\/canaldana\\\/2021\\\/02\\\/26\\\/precos-dos-carros-subiram-96-na-media-em-um-ano\\\/\"},\"wordCount\":307,\"articleSection\":[\"Destaques\"],\"inLanguage\":\"pt-BR\"},{\"@type\":\"WebPage\",\"@id\":\"https:\\\/\\\/dana.com.br\\\/canaldana\\\/2021\\\/02\\\/26\\\/precos-dos-carros-subiram-96-na-media-em-um-ano\\\/\",\"url\":\"https:\\\/\\\/dana.com.br\\\/canaldana\\\/2021\\\/02\\\/26\\\/precos-dos-carros-subiram-96-na-media-em-um-ano\\\/\",\"name\":\"Pre\u00e7os dos carros subiram 9,6% na m\u00e9dia em um ano - Canal Dana\",\"isPartOf\":{\"@id\":\"https:\\\/\\\/dana.com.br\\\/canaldana\\\/#website\"},\"datePublished\":\"2021-02-26T11:47:38+00:00\",\"author\":{\"@id\":\"https:\\\/\\\/dana.com.br\\\/canaldana\\\/#\\\/schema\\\/person\\\/3c21f22f56fcf3bc46b94bc60ea4fef6\"},\"breadcrumb\":{\"@id\":\"https:\\\/\\\/dana.com.br\\\/canaldana\\\/2021\\\/02\\\/26\\\/precos-dos-carros-subiram-96-na-media-em-um-ano\\\/#breadcrumb\"},\"inLanguage\":\"pt-BR\",\"potentialAction\":[{\"@type\":\"ReadAction\",\"target\":[\"https:\\\/\\\/dana.com.br\\\/canaldana\\\/2021\\\/02\\\/26\\\/precos-dos-carros-subiram-96-na-media-em-um-ano\\\/\"]}]},{\"@type\":\"BreadcrumbList\",\"@id\":\"https:\\\/\\\/dana.com.br\\\/canaldana\\\/2021\\\/02\\\/26\\\/precos-dos-carros-subiram-96-na-media-em-um-ano\\\/#breadcrumb\",\"itemListElement\":[{\"@type\":\"ListItem\",\"position\":1,\"name\":\"Home\",\"item\":\"https:\\\/\\\/dana.com.br\\\/canaldana\\\/\"},{\"@type\":\"ListItem\",\"position\":2,\"name\":\"Destaques\",\"item\":\"https:\\\/\\\/dana.com.br\\\/canaldana\\\/destaques\\\/\"},{\"@type\":\"ListItem\",\"position\":3,\"name\":\"Pre\u00e7os dos carros subiram 9,6% na m\u00e9dia em um ano\"}]},{\"@type\":\"WebSite\",\"@id\":\"https:\\\/\\\/dana.com.br\\\/canaldana\\\/#website\",\"url\":\"https:\\\/\\\/dana.com.br\\\/canaldana\\\/\",\"name\":\"Canal Dana\",\"description\":\"Informativo com as principais not\u00edcias da ind\u00fastria automotiva\",\"potentialAction\":[{\"@type\":\"SearchAction\",\"target\":{\"@type\":\"EntryPoint\",\"urlTemplate\":\"https:\\\/\\\/dana.com.br\\\/canaldana\\\/?s={search_term_string}\"},\"query-input\":{\"@type\":\"PropertyValueSpecification\",\"valueRequired\":true,\"valueName\":\"search_term_string\"}}],\"inLanguage\":\"pt-BR\"},{\"@type\":\"Person\",\"@id\":\"https:\\\/\\\/dana.com.br\\\/canaldana\\\/#\\\/schema\\\/person\\\/3c21f22f56fcf3bc46b94bc60ea4fef6\",\"name\":\"Canal Dana\",\"image\":{\"@type\":\"ImageObject\",\"inLanguage\":\"pt-BR\",\"@id\":\"https:\\\/\\\/secure.gravatar.com\\\/avatar\\\/420aaf9278582877d9018637c6817617705899d2858d7572ef0fe59a6b6454b4?s=96&d=mm&r=g\",\"url\":\"https:\\\/\\\/secure.gravatar.com\\\/avatar\\\/420aaf9278582877d9018637c6817617705899d2858d7572ef0fe59a6b6454b4?s=96&d=mm&r=g\",\"contentUrl\":\"https:\\\/\\\/secure.gravatar.com\\\/avatar\\\/420aaf9278582877d9018637c6817617705899d2858d7572ef0fe59a6b6454b4?s=96&d=mm&r=g\",\"caption\":\"Canal Dana\"},\"url\":\"https:\\\/\\\/dana.com.br\\\/canaldana\\\/author\\\/cdeditor\\\/\"}]}<\/script>\n<!-- \/ Yoast SEO plugin. -->","yoast_head_json":{"title":"Pre\u00e7os dos carros subiram 9,6% na m\u00e9dia em um ano - Canal Dana","robots":{"index":"index","follow":"follow","max-snippet":"max-snippet:-1","max-image-preview":"max-image-preview:large","max-video-preview":"max-video-preview:-1"},"canonical":"https:\/\/dana.com.br\/canaldana\/2021\/02\/26\/precos-dos-carros-subiram-96-na-media-em-um-ano\/","og_locale":"pt_BR","og_type":"article","og_title":"Pre\u00e7os dos carros subiram 9,6% na m\u00e9dia em um ano - Canal Dana","og_description":"AutoInd\u00fastria &nbsp; A partir de uma an\u00e1lise envolvendo os 13 carros 0 km mais vendidos no Pa\u00eds, a KBB divulgou estudo indicando uma alta m\u00e9dia de 9,4% nos pre\u00e7os praticados no varejo automotivo ao longo de 2020. O Renault Kwid foi o que teve maior \u00edndice de reajuste, de 18,2%, enquanto o Hyundai HB20 foi\u2026 Leia mais \u00bb","og_url":"https:\/\/dana.com.br\/canaldana\/2021\/02\/26\/precos-dos-carros-subiram-96-na-media-em-um-ano\/","og_site_name":"Canal Dana","article_published_time":"2021-02-26T11:47:38+00:00","author":"Canal Dana","twitter_card":"summary_large_image","twitter_misc":{"Escrito por":"Canal Dana","Est. tempo de leitura":"1 minuto"},"schema":{"@context":"https:\/\/schema.org","@graph":[{"@type":"Article","@id":"https:\/\/dana.com.br\/canaldana\/2021\/02\/26\/precos-dos-carros-subiram-96-na-media-em-um-ano\/#article","isPartOf":{"@id":"https:\/\/dana.com.br\/canaldana\/2021\/02\/26\/precos-dos-carros-subiram-96-na-media-em-um-ano\/"},"author":{"name":"Canal Dana","@id":"https:\/\/dana.com.br\/canaldana\/#\/schema\/person\/3c21f22f56fcf3bc46b94bc60ea4fef6"},"headline":"Pre\u00e7os dos carros subiram 9,6% na m\u00e9dia em um ano","datePublished":"2021-02-26T11:47:38+00:00","mainEntityOfPage":{"@id":"https:\/\/dana.com.br\/canaldana\/2021\/02\/26\/precos-dos-carros-subiram-96-na-media-em-um-ano\/"},"wordCount":307,"articleSection":["Destaques"],"inLanguage":"pt-BR"},{"@type":"WebPage","@id":"https:\/\/dana.com.br\/canaldana\/2021\/02\/26\/precos-dos-carros-subiram-96-na-media-em-um-ano\/","url":"https:\/\/dana.com.br\/canaldana\/2021\/02\/26\/precos-dos-carros-subiram-96-na-media-em-um-ano\/","name":"Pre\u00e7os dos carros subiram 9,6% na m\u00e9dia em um ano - Canal Dana","isPartOf":{"@id":"https:\/\/dana.com.br\/canaldana\/#website"},"datePublished":"2021-02-26T11:47:38+00:00","author":{"@id":"https:\/\/dana.com.br\/canaldana\/#\/schema\/person\/3c21f22f56fcf3bc46b94bc60ea4fef6"},"breadcrumb":{"@id":"https:\/\/dana.com.br\/canaldana\/2021\/02\/26\/precos-dos-carros-subiram-96-na-media-em-um-ano\/#breadcrumb"},"inLanguage":"pt-BR","potentialAction":[{"@type":"ReadAction","target":["https:\/\/dana.com.br\/canaldana\/2021\/02\/26\/precos-dos-carros-subiram-96-na-media-em-um-ano\/"]}]},{"@type":"BreadcrumbList","@id":"https:\/\/dana.com.br\/canaldana\/2021\/02\/26\/precos-dos-carros-subiram-96-na-media-em-um-ano\/#breadcrumb","itemListElement":[{"@type":"ListItem","position":1,"name":"Home","item":"https:\/\/dana.com.br\/canaldana\/"},{"@type":"ListItem","position":2,"name":"Destaques","item":"https:\/\/dana.com.br\/canaldana\/destaques\/"},{"@type":"ListItem","position":3,"name":"Pre\u00e7os dos carros subiram 9,6% na m\u00e9dia em um ano"}]},{"@type":"WebSite","@id":"https:\/\/dana.com.br\/canaldana\/#website","url":"https:\/\/dana.com.br\/canaldana\/","name":"Canal Dana","description":"Informativo com as principais not\u00edcias da ind\u00fastria automotiva","potentialAction":[{"@type":"SearchAction","target":{"@type":"EntryPoint","urlTemplate":"https:\/\/dana.com.br\/canaldana\/?s={search_term_string}"},"query-input":{"@type":"PropertyValueSpecification","valueRequired":true,"valueName":"search_term_string"}}],"inLanguage":"pt-BR"},{"@type":"Person","@id":"https:\/\/dana.com.br\/canaldana\/#\/schema\/person\/3c21f22f56fcf3bc46b94bc60ea4fef6","name":"Canal Dana","image":{"@type":"ImageObject","inLanguage":"pt-BR","@id":"https:\/\/secure.gravatar.com\/avatar\/420aaf9278582877d9018637c6817617705899d2858d7572ef0fe59a6b6454b4?s=96&d=mm&r=g","url":"https:\/\/secure.gravatar.com\/avatar\/420aaf9278582877d9018637c6817617705899d2858d7572ef0fe59a6b6454b4?s=96&d=mm&r=g","contentUrl":"https:\/\/secure.gravatar.com\/avatar\/420aaf9278582877d9018637c6817617705899d2858d7572ef0fe59a6b6454b4?s=96&d=mm&r=g","caption":"Canal Dana"},"url":"https:\/\/dana.com.br\/canaldana\/author\/cdeditor\/"}]}},"_links":{"self":[{"href":"https:\/\/dana.com.br\/canaldana\/wp-json\/wp\/v2\/posts\/48375","targetHints":{"allow":["GET"]}}],"collection":[{"href":"https:\/\/dana.com.br\/canaldana\/wp-json\/wp\/v2\/posts"}],"about":[{"href":"https:\/\/dana.com.br\/canaldana\/wp-json\/wp\/v2\/types\/post"}],"author":[{"embeddable":true,"href":"https:\/\/dana.com.br\/canaldana\/wp-json\/wp\/v2\/users\/3"}],"replies":[{"embeddable":true,"href":"https:\/\/dana.com.br\/canaldana\/wp-json\/wp\/v2\/comments?post=48375"}],"version-history":[{"count":0,"href":"https:\/\/dana.com.br\/canaldana\/wp-json\/wp\/v2\/posts\/48375\/revisions"}],"wp:attachment":[{"href":"https:\/\/dana.com.br\/canaldana\/wp-json\/wp\/v2\/media?parent=48375"}],"wp:term":[{"taxonomy":"category","embeddable":true,"href":"https:\/\/dana.com.br\/canaldana\/wp-json\/wp\/v2\/categories?post=48375"},{"taxonomy":"post_tag","embeddable":true,"href":"https:\/\/dana.com.br\/canaldana\/wp-json\/wp\/v2\/tags?post=48375"}],"curies":[{"name":"wp","href":"https:\/\/api.w.org\/{rel}","templated":true}]}}