{"id":48371,"date":"2021-02-26T08:46:00","date_gmt":"2021-02-26T11:46:00","guid":{"rendered":"https:\/\/dana.com.br\/canaldana\/?p=48371"},"modified":"2021-02-26T08:46:00","modified_gmt":"2021-02-26T11:46:00","slug":"insumo-no-atacado-tem-forte-alta-em-12-meses","status":"publish","type":"post","link":"https:\/\/dana.com.br\/canaldana\/2021\/02\/26\/insumo-no-atacado-tem-forte-alta-em-12-meses\/","title":{"rendered":"Insumo no atacado tem forte alta em 12 meses"},"content":{"rendered":"<p><em>O Estado de S. Paulo <\/em><\/p>\n<p>&nbsp;<\/p>\n<p>Puxados pelo mercado internacional, os pre\u00e7os em reais das mat\u00e9rias-primas brutas, que incluem min\u00e9rio de ferro, cobre, soja, bovinos, entre outras importantes commodities, deram um galope em janeiro. Em 12 meses, registraram a maior alta da s\u00e9rie iniciada em agosto de 1995.<\/p>\n<p>&nbsp;<\/p>\n<p>Entre fevereiro de 2020 e o m\u00eas passado, a cota\u00e7\u00e3o em reais dessas mat\u00e9rias-primas no atacado subiu 71,61%, segundo dados da Funda\u00e7\u00e3o Get\u00falio Vargas (FGV), apurados para o c\u00e1lculo do \u00cdndice Geral de Pre\u00e7os-Disponibilidade Interna (IGPDI). Foi um avan\u00e7o de mais de dez pontos porcentuais em apenas um m\u00eas e uma mudan\u00e7a de tend\u00eancia. Em dezembro, o ritmo de alta havia perdido for\u00e7a em rela\u00e7\u00e3o a novembro.<\/p>\n<p>&nbsp;<\/p>\n<p>\u201cOs pre\u00e7os em alta dessas commodities, que s\u00e3o a base de muitas cadeias de produ\u00e7\u00e3o da economia, sobrecarregam v\u00e1rios segmentos\u201d, alertou o economista Andr\u00e9 Braz, coordenador do \u00cdndice Pre\u00e7os ao Consumidor da FGV. \u201c\u00c9 um impacto difuso, porque, no caso das commodities met\u00e1licas, pega boa parte da cadeia industrial\u201d, concorda o economista-chefe da MB Associados, Sergio Vale.<\/p>\n<p>&nbsp;<\/p>\n<p>O reflexo direto da escalada das cota\u00e7\u00f5es das mat\u00e9rias-primas no dia a dia \u00e9 mais press\u00e3o de custos na ind\u00fastria, que pode resultar em novos reajustes de pre\u00e7os ao consumidor. O leque de produtos cujos pre\u00e7os podem ser afetados pela escalada das mat\u00e9rias-primas \u00e9 amplo: vai de insumos usados na constru\u00e7\u00e3o civil, na ind\u00fastria qu\u00edmica at\u00e9 o carro zero.<\/p>\n<p>&nbsp;<\/p>\n<p>Mas o estrago mais vis\u00edvel e imediato \u00e9 na mesa do brasileiro, no tradicional prato feito. Em 12 meses at\u00e9 janeiro, arroz, feij\u00e3o preto, carne e ovo subiram 74,14%, 54,24%, 22,82% e 10,13%, respectivamente, segundo dados da infla\u00e7\u00e3o oficial, o \u00cdndice de Pre\u00e7os ao Consumidor Amplo (IPCA) do IBGE.<\/p>\n<p>&nbsp;<\/p>\n<p>N\u00e3o \u00e9 de hoje que a comida tem sido a vil\u00e3 da infla\u00e7\u00e3o. Em 12 meses at\u00e9 janeiro, a alimenta\u00e7\u00e3o no domic\u00edlio acumula alta de quase 20% no IPCA. \u00c9 um resultado quatro vezes maior do que a infla\u00e7\u00e3o geral no mesmo per\u00edodo (4,56%).<\/p>\n<p>&nbsp;<\/p>\n<p>No m\u00eas passado, os pre\u00e7os do grupo alimenta\u00e7\u00e3o e bebidas no indicador at\u00e9 desaceleraram em rela\u00e7\u00e3o a dezembro. Mesmo assim, registraram aumento na casa de 1% em apenas um m\u00eas. Tamb\u00e9m em janeiro os alimentos responderam por quase a totalidade da infla\u00e7\u00e3o geral do m\u00eas (0,22 pontos de 0,25%). \u201cAcima de 1% em um m\u00eas na alimenta\u00e7\u00e3o, preocupa\u201d, diz Braz.<\/p>\n<p>&nbsp;<\/p>\n<p><strong>Peso no bolso<\/strong><\/p>\n<p>&nbsp;<\/p>\n<p>Na cesta b\u00e1sica da Funda\u00e7\u00e3o Procon de S\u00e3o Paulo, os pre\u00e7os de 28 itens que comp\u00f5em a lista de alimentos tamb\u00e9m subiram mais de 1% no m\u00eas passado. A cesta de comida que custava, em m\u00e9dia, R$ 883,28 em dezembro, atingiu R$ 893,37 em janeiro e comprometeu mais de 80% da renda das fam\u00edlias que vivem com um sal\u00e1rio-m\u00ednimo. Para os mais pobres, o gasto com alimentos consome a maior parte da renda e sobra muito pouco para as demais despesas b\u00e1sicas.<\/p>\n<p>&nbsp;<\/p>\n<p>Entre os alimentos que mais contribu\u00edram para alta de pre\u00e7os da cesta b\u00e1sica do Procon, est\u00e3o aves e embutido. Milho e soja, que ficaram 68,9% e 96,3% mais caros no atacado nos \u00faltimos 12 meses, s\u00e3o usados para alimentar os animais.<\/p>\n<p>&nbsp;<\/p>\n<p>Diante de tantas press\u00f5es, economistas j\u00e1 come\u00e7am a revisar para cima as proje\u00e7\u00f5es de infla\u00e7\u00e3o para 2021. No Boletim Focus, do Banco Central, da semana passada o mercado projetava 3,62% para a mediana do IPCA e, nesta semana, subiu para 3,82%. H\u00e1 um m\u00eas a expectativa era de uma alta de 3,50%.<\/p>\n<p>&nbsp;<\/p>\n<p>As proje\u00e7\u00f5es do mercado est\u00e3o acima de 3,75%, o centro da meta. \u201cPara mim, 3,75% \u00e9 piso, a infla\u00e7\u00e3o ser\u00e1 pressionada n\u00e3o s\u00f3 por alimentos\u201d, diz Braz. Por enquanto, ele projeta um IPCA em torno de 4% para este ano.<\/p>\n<p>&nbsp;<\/p>\n<p>Mais pessimista, o economista F\u00e1bio Silveira, s\u00f3cio da MacroSector, espera infla\u00e7\u00e3o \u201cdesconfort\u00e1vel\u201d de 4,5% para 2021, a mesma marca de 2020. Na sua avalia\u00e7\u00e3o, o principal motivo \u00e9 a press\u00e3o do c\u00e2mbio acumulada ao longo de 2020, de mais de 30%. \u201cAs empresas est\u00e3o tentando repassar para o varejo, mesmo com a demanda fraca.\u201d<\/p>\n<p>&nbsp;<\/p>\n<p>Vale, da MB Associados, \u00e9 outro economista que est\u00e1 pessimista com a infla\u00e7\u00e3o. \u201c\u00c9 muito prov\u00e1vel que veremos as tr\u00eas grandes cadeias de commodities \u2013 agropecu\u00e1rias, met\u00e1licas e petr\u00f3leo \u2013 causarem press\u00e3o inflacion\u00e1ria ao longo do ano\u201d, diz. A consultoria tem a expectativa de que a infla\u00e7\u00e3o fique em 3,8% em 2021, mas j\u00e1 considera aumentar essa proje\u00e7\u00e3o. (O Estado de S. Paulo\/M\u00e1rcia De Chiara)<\/p>\n","protected":false},"excerpt":{"rendered":"<p>O Estado de S. Paulo &nbsp; Puxados pelo mercado internacional, os pre\u00e7os em reais das mat\u00e9rias-primas brutas, que incluem min\u00e9rio de ferro, cobre, soja, bovinos, entre outras importantes commodities, deram um galope em janeiro. Em 12 meses, registraram a maior alta da s\u00e9rie iniciada em agosto de 1995. &nbsp; Entre fevereiro de 2020 e o\u2026 <a class=\"readmore\" href=\"https:\/\/dana.com.br\/canaldana\/2021\/02\/26\/insumo-no-atacado-tem-forte-alta-em-12-meses\/\">Leia mais \u00bb<\/a><\/p>\n","protected":false},"author":3,"featured_media":0,"comment_status":"closed","ping_status":"closed","sticky":false,"template":"","format":"standard","meta":{"_acf_changed":false,"footnotes":""},"categories":[79],"tags":[],"class_list":["post-48371","post","type-post","status-publish","format-standard","hentry","category-mercado"],"acf":[],"yoast_head":"<!-- This site is optimized with the Yoast SEO plugin v27.3 - https:\/\/yoast.com\/product\/yoast-seo-wordpress\/ -->\n<title>Insumo no atacado tem forte alta em 12 meses - Canal Dana<\/title>\n<meta name=\"robots\" content=\"index, follow, max-snippet:-1, max-image-preview:large, max-video-preview:-1\" \/>\n<link rel=\"canonical\" href=\"https:\/\/dana.com.br\/canaldana\/2021\/02\/26\/insumo-no-atacado-tem-forte-alta-em-12-meses\/\" \/>\n<meta property=\"og:locale\" content=\"pt_BR\" \/>\n<meta property=\"og:type\" content=\"article\" \/>\n<meta property=\"og:title\" content=\"Insumo no atacado tem forte alta em 12 meses - Canal Dana\" \/>\n<meta property=\"og:description\" content=\"O Estado de S. Paulo &nbsp; Puxados pelo mercado internacional, os pre\u00e7os em reais das mat\u00e9rias-primas brutas, que incluem min\u00e9rio de ferro, cobre, soja, bovinos, entre outras importantes commodities, deram um galope em janeiro. Em 12 meses, registraram a maior alta da s\u00e9rie iniciada em agosto de 1995. &nbsp; Entre fevereiro de 2020 e o\u2026 Leia mais \u00bb\" \/>\n<meta property=\"og:url\" content=\"https:\/\/dana.com.br\/canaldana\/2021\/02\/26\/insumo-no-atacado-tem-forte-alta-em-12-meses\/\" \/>\n<meta property=\"og:site_name\" content=\"Canal Dana\" \/>\n<meta property=\"article:published_time\" content=\"2021-02-26T11:46:00+00:00\" \/>\n<meta name=\"author\" content=\"Canal Dana\" \/>\n<meta name=\"twitter:card\" content=\"summary_large_image\" \/>\n<meta name=\"twitter:label1\" content=\"Escrito por\" \/>\n\t<meta name=\"twitter:data1\" content=\"Canal Dana\" \/>\n\t<meta name=\"twitter:label2\" content=\"Est. tempo de leitura\" \/>\n\t<meta name=\"twitter:data2\" content=\"4 minutos\" \/>\n<script type=\"application\/ld+json\" class=\"yoast-schema-graph\">{\"@context\":\"https:\\\/\\\/schema.org\",\"@graph\":[{\"@type\":\"Article\",\"@id\":\"https:\\\/\\\/dana.com.br\\\/canaldana\\\/2021\\\/02\\\/26\\\/insumo-no-atacado-tem-forte-alta-em-12-meses\\\/#article\",\"isPartOf\":{\"@id\":\"https:\\\/\\\/dana.com.br\\\/canaldana\\\/2021\\\/02\\\/26\\\/insumo-no-atacado-tem-forte-alta-em-12-meses\\\/\"},\"author\":{\"name\":\"Canal Dana\",\"@id\":\"https:\\\/\\\/dana.com.br\\\/canaldana\\\/#\\\/schema\\\/person\\\/3c21f22f56fcf3bc46b94bc60ea4fef6\"},\"headline\":\"Insumo no atacado tem forte alta em 12 meses\",\"datePublished\":\"2021-02-26T11:46:00+00:00\",\"mainEntityOfPage\":{\"@id\":\"https:\\\/\\\/dana.com.br\\\/canaldana\\\/2021\\\/02\\\/26\\\/insumo-no-atacado-tem-forte-alta-em-12-meses\\\/\"},\"wordCount\":791,\"articleSection\":[\"Mercado\"],\"inLanguage\":\"pt-BR\"},{\"@type\":\"WebPage\",\"@id\":\"https:\\\/\\\/dana.com.br\\\/canaldana\\\/2021\\\/02\\\/26\\\/insumo-no-atacado-tem-forte-alta-em-12-meses\\\/\",\"url\":\"https:\\\/\\\/dana.com.br\\\/canaldana\\\/2021\\\/02\\\/26\\\/insumo-no-atacado-tem-forte-alta-em-12-meses\\\/\",\"name\":\"Insumo no atacado tem forte alta em 12 meses - Canal Dana\",\"isPartOf\":{\"@id\":\"https:\\\/\\\/dana.com.br\\\/canaldana\\\/#website\"},\"datePublished\":\"2021-02-26T11:46:00+00:00\",\"author\":{\"@id\":\"https:\\\/\\\/dana.com.br\\\/canaldana\\\/#\\\/schema\\\/person\\\/3c21f22f56fcf3bc46b94bc60ea4fef6\"},\"breadcrumb\":{\"@id\":\"https:\\\/\\\/dana.com.br\\\/canaldana\\\/2021\\\/02\\\/26\\\/insumo-no-atacado-tem-forte-alta-em-12-meses\\\/#breadcrumb\"},\"inLanguage\":\"pt-BR\",\"potentialAction\":[{\"@type\":\"ReadAction\",\"target\":[\"https:\\\/\\\/dana.com.br\\\/canaldana\\\/2021\\\/02\\\/26\\\/insumo-no-atacado-tem-forte-alta-em-12-meses\\\/\"]}]},{\"@type\":\"BreadcrumbList\",\"@id\":\"https:\\\/\\\/dana.com.br\\\/canaldana\\\/2021\\\/02\\\/26\\\/insumo-no-atacado-tem-forte-alta-em-12-meses\\\/#breadcrumb\",\"itemListElement\":[{\"@type\":\"ListItem\",\"position\":1,\"name\":\"Home\",\"item\":\"https:\\\/\\\/dana.com.br\\\/canaldana\\\/\"},{\"@type\":\"ListItem\",\"position\":2,\"name\":\"Mercado\",\"item\":\"https:\\\/\\\/dana.com.br\\\/canaldana\\\/mercado\\\/\"},{\"@type\":\"ListItem\",\"position\":3,\"name\":\"Insumo no atacado tem forte alta em 12 meses\"}]},{\"@type\":\"WebSite\",\"@id\":\"https:\\\/\\\/dana.com.br\\\/canaldana\\\/#website\",\"url\":\"https:\\\/\\\/dana.com.br\\\/canaldana\\\/\",\"name\":\"Canal Dana\",\"description\":\"Informativo com as principais not\u00edcias da ind\u00fastria automotiva\",\"potentialAction\":[{\"@type\":\"SearchAction\",\"target\":{\"@type\":\"EntryPoint\",\"urlTemplate\":\"https:\\\/\\\/dana.com.br\\\/canaldana\\\/?s={search_term_string}\"},\"query-input\":{\"@type\":\"PropertyValueSpecification\",\"valueRequired\":true,\"valueName\":\"search_term_string\"}}],\"inLanguage\":\"pt-BR\"},{\"@type\":\"Person\",\"@id\":\"https:\\\/\\\/dana.com.br\\\/canaldana\\\/#\\\/schema\\\/person\\\/3c21f22f56fcf3bc46b94bc60ea4fef6\",\"name\":\"Canal Dana\",\"image\":{\"@type\":\"ImageObject\",\"inLanguage\":\"pt-BR\",\"@id\":\"https:\\\/\\\/secure.gravatar.com\\\/avatar\\\/420aaf9278582877d9018637c6817617705899d2858d7572ef0fe59a6b6454b4?s=96&d=mm&r=g\",\"url\":\"https:\\\/\\\/secure.gravatar.com\\\/avatar\\\/420aaf9278582877d9018637c6817617705899d2858d7572ef0fe59a6b6454b4?s=96&d=mm&r=g\",\"contentUrl\":\"https:\\\/\\\/secure.gravatar.com\\\/avatar\\\/420aaf9278582877d9018637c6817617705899d2858d7572ef0fe59a6b6454b4?s=96&d=mm&r=g\",\"caption\":\"Canal Dana\"},\"url\":\"https:\\\/\\\/dana.com.br\\\/canaldana\\\/author\\\/cdeditor\\\/\"}]}<\/script>\n<!-- \/ Yoast SEO plugin. -->","yoast_head_json":{"title":"Insumo no atacado tem forte alta em 12 meses - Canal Dana","robots":{"index":"index","follow":"follow","max-snippet":"max-snippet:-1","max-image-preview":"max-image-preview:large","max-video-preview":"max-video-preview:-1"},"canonical":"https:\/\/dana.com.br\/canaldana\/2021\/02\/26\/insumo-no-atacado-tem-forte-alta-em-12-meses\/","og_locale":"pt_BR","og_type":"article","og_title":"Insumo no atacado tem forte alta em 12 meses - Canal Dana","og_description":"O Estado de S. Paulo &nbsp; Puxados pelo mercado internacional, os pre\u00e7os em reais das mat\u00e9rias-primas brutas, que incluem min\u00e9rio de ferro, cobre, soja, bovinos, entre outras importantes commodities, deram um galope em janeiro. Em 12 meses, registraram a maior alta da s\u00e9rie iniciada em agosto de 1995. &nbsp; Entre fevereiro de 2020 e o\u2026 Leia mais \u00bb","og_url":"https:\/\/dana.com.br\/canaldana\/2021\/02\/26\/insumo-no-atacado-tem-forte-alta-em-12-meses\/","og_site_name":"Canal Dana","article_published_time":"2021-02-26T11:46:00+00:00","author":"Canal Dana","twitter_card":"summary_large_image","twitter_misc":{"Escrito por":"Canal Dana","Est. tempo de leitura":"4 minutos"},"schema":{"@context":"https:\/\/schema.org","@graph":[{"@type":"Article","@id":"https:\/\/dana.com.br\/canaldana\/2021\/02\/26\/insumo-no-atacado-tem-forte-alta-em-12-meses\/#article","isPartOf":{"@id":"https:\/\/dana.com.br\/canaldana\/2021\/02\/26\/insumo-no-atacado-tem-forte-alta-em-12-meses\/"},"author":{"name":"Canal Dana","@id":"https:\/\/dana.com.br\/canaldana\/#\/schema\/person\/3c21f22f56fcf3bc46b94bc60ea4fef6"},"headline":"Insumo no atacado tem forte alta em 12 meses","datePublished":"2021-02-26T11:46:00+00:00","mainEntityOfPage":{"@id":"https:\/\/dana.com.br\/canaldana\/2021\/02\/26\/insumo-no-atacado-tem-forte-alta-em-12-meses\/"},"wordCount":791,"articleSection":["Mercado"],"inLanguage":"pt-BR"},{"@type":"WebPage","@id":"https:\/\/dana.com.br\/canaldana\/2021\/02\/26\/insumo-no-atacado-tem-forte-alta-em-12-meses\/","url":"https:\/\/dana.com.br\/canaldana\/2021\/02\/26\/insumo-no-atacado-tem-forte-alta-em-12-meses\/","name":"Insumo no atacado tem forte alta em 12 meses - Canal Dana","isPartOf":{"@id":"https:\/\/dana.com.br\/canaldana\/#website"},"datePublished":"2021-02-26T11:46:00+00:00","author":{"@id":"https:\/\/dana.com.br\/canaldana\/#\/schema\/person\/3c21f22f56fcf3bc46b94bc60ea4fef6"},"breadcrumb":{"@id":"https:\/\/dana.com.br\/canaldana\/2021\/02\/26\/insumo-no-atacado-tem-forte-alta-em-12-meses\/#breadcrumb"},"inLanguage":"pt-BR","potentialAction":[{"@type":"ReadAction","target":["https:\/\/dana.com.br\/canaldana\/2021\/02\/26\/insumo-no-atacado-tem-forte-alta-em-12-meses\/"]}]},{"@type":"BreadcrumbList","@id":"https:\/\/dana.com.br\/canaldana\/2021\/02\/26\/insumo-no-atacado-tem-forte-alta-em-12-meses\/#breadcrumb","itemListElement":[{"@type":"ListItem","position":1,"name":"Home","item":"https:\/\/dana.com.br\/canaldana\/"},{"@type":"ListItem","position":2,"name":"Mercado","item":"https:\/\/dana.com.br\/canaldana\/mercado\/"},{"@type":"ListItem","position":3,"name":"Insumo no atacado tem forte alta em 12 meses"}]},{"@type":"WebSite","@id":"https:\/\/dana.com.br\/canaldana\/#website","url":"https:\/\/dana.com.br\/canaldana\/","name":"Canal Dana","description":"Informativo com as principais not\u00edcias da ind\u00fastria automotiva","potentialAction":[{"@type":"SearchAction","target":{"@type":"EntryPoint","urlTemplate":"https:\/\/dana.com.br\/canaldana\/?s={search_term_string}"},"query-input":{"@type":"PropertyValueSpecification","valueRequired":true,"valueName":"search_term_string"}}],"inLanguage":"pt-BR"},{"@type":"Person","@id":"https:\/\/dana.com.br\/canaldana\/#\/schema\/person\/3c21f22f56fcf3bc46b94bc60ea4fef6","name":"Canal Dana","image":{"@type":"ImageObject","inLanguage":"pt-BR","@id":"https:\/\/secure.gravatar.com\/avatar\/420aaf9278582877d9018637c6817617705899d2858d7572ef0fe59a6b6454b4?s=96&d=mm&r=g","url":"https:\/\/secure.gravatar.com\/avatar\/420aaf9278582877d9018637c6817617705899d2858d7572ef0fe59a6b6454b4?s=96&d=mm&r=g","contentUrl":"https:\/\/secure.gravatar.com\/avatar\/420aaf9278582877d9018637c6817617705899d2858d7572ef0fe59a6b6454b4?s=96&d=mm&r=g","caption":"Canal Dana"},"url":"https:\/\/dana.com.br\/canaldana\/author\/cdeditor\/"}]}},"_links":{"self":[{"href":"https:\/\/dana.com.br\/canaldana\/wp-json\/wp\/v2\/posts\/48371","targetHints":{"allow":["GET"]}}],"collection":[{"href":"https:\/\/dana.com.br\/canaldana\/wp-json\/wp\/v2\/posts"}],"about":[{"href":"https:\/\/dana.com.br\/canaldana\/wp-json\/wp\/v2\/types\/post"}],"author":[{"embeddable":true,"href":"https:\/\/dana.com.br\/canaldana\/wp-json\/wp\/v2\/users\/3"}],"replies":[{"embeddable":true,"href":"https:\/\/dana.com.br\/canaldana\/wp-json\/wp\/v2\/comments?post=48371"}],"version-history":[{"count":0,"href":"https:\/\/dana.com.br\/canaldana\/wp-json\/wp\/v2\/posts\/48371\/revisions"}],"wp:attachment":[{"href":"https:\/\/dana.com.br\/canaldana\/wp-json\/wp\/v2\/media?parent=48371"}],"wp:term":[{"taxonomy":"category","embeddable":true,"href":"https:\/\/dana.com.br\/canaldana\/wp-json\/wp\/v2\/categories?post=48371"},{"taxonomy":"post_tag","embeddable":true,"href":"https:\/\/dana.com.br\/canaldana\/wp-json\/wp\/v2\/tags?post=48371"}],"curies":[{"name":"wp","href":"https:\/\/api.w.org\/{rel}","templated":true}]}}