{"id":48357,"date":"2021-02-26T08:36:19","date_gmt":"2021-02-26T11:36:19","guid":{"rendered":"https:\/\/dana.com.br\/canaldana\/?p=48357"},"modified":"2021-02-26T08:36:19","modified_gmt":"2021-02-26T11:36:19","slug":"byd-inova-e-relanca-o-furgao-100-eletrico-et3-no-brasil","status":"publish","type":"post","link":"https:\/\/dana.com.br\/canaldana\/2021\/02\/26\/byd-inova-e-relanca-o-furgao-100-eletrico-et3-no-brasil\/","title":{"rendered":"BYD inova e relan\u00e7a o Furg\u00e3o 100% el\u00e9trico eT3 no Brasil"},"content":{"rendered":"<p><em>Revista Torque<\/em><\/p>\n<p>&nbsp;<\/p>\n<p>A BYD, empresa global de energia limpa e ve\u00edculos el\u00e9tricos, acaba de lan\u00e7ar a nova vers\u00e3o do Furg\u00e3o eT3. Com tecnologia altamente inovadora, o ve\u00edculo apresenta recursos \u00fanicos e maior rentabilidade. A nova vers\u00e3o apresenta novo pack de baterias, o que trouxe redu\u00e7\u00e3o do peso do ve\u00edculo de 1870 para 1700 kg. Outras novidades nessa nova vers\u00e3o s\u00e3o a limita\u00e7\u00e3o da velocidade para at\u00e9 100km\/hora, trazendo mais seguran\u00e7a e maior autonomia, e o sistema de recarga DC, mais r\u00e1pido e est\u00e1vel.<\/p>\n<p>&nbsp;<\/p>\n<p>Com autonomia para at\u00e9 300 km e possibilidade de recarga r\u00e1pida de 20% a 80% da bateria em apenas 30 minutos, o que garante at\u00e9 180 km a mais de viagem, o modelo tem capacidade para 720 kg de carga e espa\u00e7o no compartimento para 3,3 mil litros.<\/p>\n<p>&nbsp;<\/p>\n<p>Henrique Antunes, Diretor de Vendas da empresa, conta que \u201cAtualmente a BYD tem mais de 50 ve\u00edculos em opera\u00e7\u00e3o no Brasil. At\u00e9 o final do ano almejamos que essa frota triplique em todo pa\u00eds.\u201d Segundo o executivo, um fator que tem chamado a aten\u00e7\u00e3o das empresas \u00e9 o custo operacional: \u201co Furg\u00e3o BYD eT3 garante maior precis\u00e3o na previs\u00e3o de custos. Isso porque o pre\u00e7o da energia el\u00e9trica n\u00e3o tem varia\u00e7\u00e3o em grande escala, como ocorre com os combust\u00edveis em geral, conclui o executivo.<\/p>\n<p>&nbsp;<\/p>\n<p>\u201cUma nova experi\u00eancia com facilidades e recursos \u00fanicos que tornar\u00e3o as entregas mais r\u00e1pidas, produtivas, econ\u00f4micas, silenciosas e, acima de tudo \u00e9 zero emiss\u00f5es de poluentes. Ou seja, mais uma vez a BYD inovando na mobilidade verde\u201d, refor\u00e7a Adalberto Maluf, Diretor de Marketing e Sustentabilidade da empresa.<\/p>\n<p>&nbsp;<\/p>\n<p>Diversas empresas engajadas em reduzir as emiss\u00f5es de poluentes de seus processos log\u00edsticos j\u00e1 colocaram em opera\u00e7\u00e3o os furg\u00f5es 100% el\u00e9tricos BYD eT3. Para \u00cdtalo Portes, Gerente de Compras da Pepsico, a parceria com a BYD ajudou a mensurar, dentro de um plano de testes, os benef\u00edcios ambientais do produto. \u201cA gente tem como realmente mitigar e eliminar todas as emiss\u00f5es de CO2 de forma gradativa, como \u00e9 o plano da companhia\u201d, explicou ele.<\/p>\n<p>&nbsp;<\/p>\n<p>A empresa Corpus Saneamento e Obras, ap\u00f3s a implanta\u00e7\u00e3o de caminh\u00f5es BYD 100% el\u00e9tricos para a coleta de lixo residencial, adquiriu um furg\u00e3o BYD eT3 para a coleta de res\u00edduos de servi\u00e7os de sa\u00fade. Jo\u00e3o Paschoalini, Diretor Operacional da Corpus, destaca os ganhos operacionais do ve\u00edculo. \u201cEle tem 100% de aprova\u00e7\u00e3o, porque tem muita disponibilidade. Ele tem um ganho nas opera\u00e7\u00f5es por causa da disponibilidade do carro, porque neste per\u00edodo que ele est\u00e1 com a gente, n\u00e3o teve nenhuma parada por manuten\u00e7\u00e3o corretiva. Ele faz as manuten\u00e7\u00f5es preventivas normalmente, mas n\u00e3o tem parada fora da programa\u00e7\u00e3o. Isto \u00e9 uma vantagem muito grande\u201d.<\/p>\n<p>&nbsp;<\/p>\n<p>\u201cO nosso sonho era ter um ve\u00edculo 100% el\u00e9trico e a BYD foi a escolha natural porque foi a primeira a oferecer um ve\u00edculo com as dimens\u00f5es que a gente precisava. O ve\u00edculo el\u00e9trico, bem como a bicicleta, trabalha sem a emiss\u00e3o de polui\u00e7\u00e3o e sem barulho\u201d, explica o gestor da empresa de entregas Carbono Zero, Leonardo Lorentz.<\/p>\n<p>&nbsp;<\/p>\n<p>Informa\u00e7\u00f5es T\u00e9cnicas:<\/p>\n<p>&nbsp;<\/p>\n<p>\u2013 Carregamento de bateria em at\u00e9 duas horas<\/p>\n<p>\u2013 720 kg de capacidade de carga<\/p>\n<p>\u2013 Fechadura eletr\u00f4nica com sensor de presen\u00e7a<\/p>\n<p>\u2013 Transmiss\u00e3o autom\u00e1tica<\/p>\n<p>\u2013 Farol de neblina<\/p>\n<p>\u2013 Duas portas deslizantes<\/p>\n<p>\u2013 Freio de rampa autom\u00e1tico<\/p>\n<p>\u2013 Sensor de estacionamento<\/p>\n<p>\u2013 Porta com abertura para cima<\/p>\n<p>\u2013 Regulagem de n\u00edvel dos far\u00f3is<\/p>\n<p>\u2013 Sistema regenerativo: a cada desacelera\u00e7\u00e3o ocorre um mini abastecimento da bateria<\/p>\n<p>\u2013 Comandos no volante:<\/p>\n<p>&nbsp;<\/p>\n<ul>\n<li>altera\u00e7\u00f5es de telas do glass cockpit<\/li>\n<li>ativar\/desativar ru\u00eddo sonoro para alerta de seguran\u00e7a para pedestre<\/li>\n<\/ul>\n<p>&nbsp;<\/p>\n<p>\u2013 Freio de estacionamento com acionamento eletr\u00f4nico<\/p>\n<p>\u2013 Bancos de couro com apoio de bra\u00e7o<\/p>\n<p>\u2013 Ar-condicionado autom\u00e1tico digital com sensor de temperatura externa<\/p>\n<p>\u2013 Airbag duplo<\/p>\n<p>\u2013 One pedal driving<\/p>\n<p>(Revista Torque)<\/p>\n","protected":false},"excerpt":{"rendered":"<p>Revista Torque &nbsp; A BYD, empresa global de energia limpa e ve\u00edculos el\u00e9tricos, acaba de lan\u00e7ar a nova vers\u00e3o do Furg\u00e3o eT3. Com tecnologia altamente inovadora, o ve\u00edculo apresenta recursos \u00fanicos e maior rentabilidade. A nova vers\u00e3o apresenta novo pack de baterias, o que trouxe redu\u00e7\u00e3o do peso do ve\u00edculo de 1870 para 1700 kg.\u2026 <a class=\"readmore\" href=\"https:\/\/dana.com.br\/canaldana\/2021\/02\/26\/byd-inova-e-relanca-o-furgao-100-eletrico-et3-no-brasil\/\">Leia mais \u00bb<\/a><\/p>\n","protected":false},"author":3,"featured_media":0,"comment_status":"closed","ping_status":"closed","sticky":false,"template":"","format":"standard","meta":{"_acf_changed":false,"footnotes":""},"categories":[110],"tags":[],"class_list":["post-48357","post","type-post","status-publish","format-standard","hentry","category-eletricos"],"acf":[],"yoast_head":"<!-- This site is optimized with the Yoast SEO plugin v27.3 - https:\/\/yoast.com\/product\/yoast-seo-wordpress\/ -->\n<title>BYD inova e relan\u00e7a o Furg\u00e3o 100% el\u00e9trico eT3 no Brasil - Canal Dana<\/title>\n<meta name=\"robots\" content=\"index, follow, max-snippet:-1, max-image-preview:large, max-video-preview:-1\" \/>\n<link rel=\"canonical\" href=\"https:\/\/dana.com.br\/canaldana\/2021\/02\/26\/byd-inova-e-relanca-o-furgao-100-eletrico-et3-no-brasil\/\" \/>\n<meta property=\"og:locale\" content=\"pt_BR\" \/>\n<meta property=\"og:type\" content=\"article\" \/>\n<meta property=\"og:title\" content=\"BYD inova e relan\u00e7a o Furg\u00e3o 100% el\u00e9trico eT3 no Brasil - Canal Dana\" \/>\n<meta property=\"og:description\" content=\"Revista Torque &nbsp; A BYD, empresa global de energia limpa e ve\u00edculos el\u00e9tricos, acaba de lan\u00e7ar a nova vers\u00e3o do Furg\u00e3o eT3. Com tecnologia altamente inovadora, o ve\u00edculo apresenta recursos \u00fanicos e maior rentabilidade. A nova vers\u00e3o apresenta novo pack de baterias, o que trouxe redu\u00e7\u00e3o do peso do ve\u00edculo de 1870 para 1700 kg.\u2026 Leia mais \u00bb\" \/>\n<meta property=\"og:url\" content=\"https:\/\/dana.com.br\/canaldana\/2021\/02\/26\/byd-inova-e-relanca-o-furgao-100-eletrico-et3-no-brasil\/\" \/>\n<meta property=\"og:site_name\" content=\"Canal Dana\" \/>\n<meta property=\"article:published_time\" content=\"2021-02-26T11:36:19+00:00\" \/>\n<meta name=\"author\" content=\"Canal Dana\" \/>\n<meta name=\"twitter:card\" content=\"summary_large_image\" \/>\n<meta name=\"twitter:label1\" content=\"Escrito por\" \/>\n\t<meta name=\"twitter:data1\" content=\"Canal Dana\" \/>\n\t<meta name=\"twitter:label2\" content=\"Est. tempo de leitura\" \/>\n\t<meta name=\"twitter:data2\" content=\"3 minutos\" \/>\n<script type=\"application\/ld+json\" class=\"yoast-schema-graph\">{\"@context\":\"https:\\\/\\\/schema.org\",\"@graph\":[{\"@type\":\"Article\",\"@id\":\"https:\\\/\\\/dana.com.br\\\/canaldana\\\/2021\\\/02\\\/26\\\/byd-inova-e-relanca-o-furgao-100-eletrico-et3-no-brasil\\\/#article\",\"isPartOf\":{\"@id\":\"https:\\\/\\\/dana.com.br\\\/canaldana\\\/2021\\\/02\\\/26\\\/byd-inova-e-relanca-o-furgao-100-eletrico-et3-no-brasil\\\/\"},\"author\":{\"name\":\"Canal Dana\",\"@id\":\"https:\\\/\\\/dana.com.br\\\/canaldana\\\/#\\\/schema\\\/person\\\/3c21f22f56fcf3bc46b94bc60ea4fef6\"},\"headline\":\"BYD inova e relan\u00e7a o Furg\u00e3o 100% el\u00e9trico eT3 no Brasil\",\"datePublished\":\"2021-02-26T11:36:19+00:00\",\"mainEntityOfPage\":{\"@id\":\"https:\\\/\\\/dana.com.br\\\/canaldana\\\/2021\\\/02\\\/26\\\/byd-inova-e-relanca-o-furgao-100-eletrico-et3-no-brasil\\\/\"},\"wordCount\":690,\"articleSection\":[\"El\u00e9tricos\"],\"inLanguage\":\"pt-BR\"},{\"@type\":\"WebPage\",\"@id\":\"https:\\\/\\\/dana.com.br\\\/canaldana\\\/2021\\\/02\\\/26\\\/byd-inova-e-relanca-o-furgao-100-eletrico-et3-no-brasil\\\/\",\"url\":\"https:\\\/\\\/dana.com.br\\\/canaldana\\\/2021\\\/02\\\/26\\\/byd-inova-e-relanca-o-furgao-100-eletrico-et3-no-brasil\\\/\",\"name\":\"BYD inova e relan\u00e7a o Furg\u00e3o 100% el\u00e9trico eT3 no Brasil - Canal Dana\",\"isPartOf\":{\"@id\":\"https:\\\/\\\/dana.com.br\\\/canaldana\\\/#website\"},\"datePublished\":\"2021-02-26T11:36:19+00:00\",\"author\":{\"@id\":\"https:\\\/\\\/dana.com.br\\\/canaldana\\\/#\\\/schema\\\/person\\\/3c21f22f56fcf3bc46b94bc60ea4fef6\"},\"breadcrumb\":{\"@id\":\"https:\\\/\\\/dana.com.br\\\/canaldana\\\/2021\\\/02\\\/26\\\/byd-inova-e-relanca-o-furgao-100-eletrico-et3-no-brasil\\\/#breadcrumb\"},\"inLanguage\":\"pt-BR\",\"potentialAction\":[{\"@type\":\"ReadAction\",\"target\":[\"https:\\\/\\\/dana.com.br\\\/canaldana\\\/2021\\\/02\\\/26\\\/byd-inova-e-relanca-o-furgao-100-eletrico-et3-no-brasil\\\/\"]}]},{\"@type\":\"BreadcrumbList\",\"@id\":\"https:\\\/\\\/dana.com.br\\\/canaldana\\\/2021\\\/02\\\/26\\\/byd-inova-e-relanca-o-furgao-100-eletrico-et3-no-brasil\\\/#breadcrumb\",\"itemListElement\":[{\"@type\":\"ListItem\",\"position\":1,\"name\":\"Home\",\"item\":\"https:\\\/\\\/dana.com.br\\\/canaldana\\\/\"},{\"@type\":\"ListItem\",\"position\":2,\"name\":\"El\u00e9tricos\",\"item\":\"https:\\\/\\\/dana.com.br\\\/canaldana\\\/eletricos\\\/\"},{\"@type\":\"ListItem\",\"position\":3,\"name\":\"BYD inova e relan\u00e7a o Furg\u00e3o 100% el\u00e9trico eT3 no Brasil\"}]},{\"@type\":\"WebSite\",\"@id\":\"https:\\\/\\\/dana.com.br\\\/canaldana\\\/#website\",\"url\":\"https:\\\/\\\/dana.com.br\\\/canaldana\\\/\",\"name\":\"Canal Dana\",\"description\":\"Informativo com as principais not\u00edcias da ind\u00fastria automotiva\",\"potentialAction\":[{\"@type\":\"SearchAction\",\"target\":{\"@type\":\"EntryPoint\",\"urlTemplate\":\"https:\\\/\\\/dana.com.br\\\/canaldana\\\/?s={search_term_string}\"},\"query-input\":{\"@type\":\"PropertyValueSpecification\",\"valueRequired\":true,\"valueName\":\"search_term_string\"}}],\"inLanguage\":\"pt-BR\"},{\"@type\":\"Person\",\"@id\":\"https:\\\/\\\/dana.com.br\\\/canaldana\\\/#\\\/schema\\\/person\\\/3c21f22f56fcf3bc46b94bc60ea4fef6\",\"name\":\"Canal Dana\",\"image\":{\"@type\":\"ImageObject\",\"inLanguage\":\"pt-BR\",\"@id\":\"https:\\\/\\\/secure.gravatar.com\\\/avatar\\\/420aaf9278582877d9018637c6817617705899d2858d7572ef0fe59a6b6454b4?s=96&d=mm&r=g\",\"url\":\"https:\\\/\\\/secure.gravatar.com\\\/avatar\\\/420aaf9278582877d9018637c6817617705899d2858d7572ef0fe59a6b6454b4?s=96&d=mm&r=g\",\"contentUrl\":\"https:\\\/\\\/secure.gravatar.com\\\/avatar\\\/420aaf9278582877d9018637c6817617705899d2858d7572ef0fe59a6b6454b4?s=96&d=mm&r=g\",\"caption\":\"Canal Dana\"},\"url\":\"https:\\\/\\\/dana.com.br\\\/canaldana\\\/author\\\/cdeditor\\\/\"}]}<\/script>\n<!-- \/ Yoast SEO plugin. -->","yoast_head_json":{"title":"BYD inova e relan\u00e7a o Furg\u00e3o 100% el\u00e9trico eT3 no Brasil - Canal Dana","robots":{"index":"index","follow":"follow","max-snippet":"max-snippet:-1","max-image-preview":"max-image-preview:large","max-video-preview":"max-video-preview:-1"},"canonical":"https:\/\/dana.com.br\/canaldana\/2021\/02\/26\/byd-inova-e-relanca-o-furgao-100-eletrico-et3-no-brasil\/","og_locale":"pt_BR","og_type":"article","og_title":"BYD inova e relan\u00e7a o Furg\u00e3o 100% el\u00e9trico eT3 no Brasil - Canal Dana","og_description":"Revista Torque &nbsp; A BYD, empresa global de energia limpa e ve\u00edculos el\u00e9tricos, acaba de lan\u00e7ar a nova vers\u00e3o do Furg\u00e3o eT3. Com tecnologia altamente inovadora, o ve\u00edculo apresenta recursos \u00fanicos e maior rentabilidade. A nova vers\u00e3o apresenta novo pack de baterias, o que trouxe redu\u00e7\u00e3o do peso do ve\u00edculo de 1870 para 1700 kg.\u2026 Leia mais \u00bb","og_url":"https:\/\/dana.com.br\/canaldana\/2021\/02\/26\/byd-inova-e-relanca-o-furgao-100-eletrico-et3-no-brasil\/","og_site_name":"Canal Dana","article_published_time":"2021-02-26T11:36:19+00:00","author":"Canal Dana","twitter_card":"summary_large_image","twitter_misc":{"Escrito por":"Canal Dana","Est. tempo de leitura":"3 minutos"},"schema":{"@context":"https:\/\/schema.org","@graph":[{"@type":"Article","@id":"https:\/\/dana.com.br\/canaldana\/2021\/02\/26\/byd-inova-e-relanca-o-furgao-100-eletrico-et3-no-brasil\/#article","isPartOf":{"@id":"https:\/\/dana.com.br\/canaldana\/2021\/02\/26\/byd-inova-e-relanca-o-furgao-100-eletrico-et3-no-brasil\/"},"author":{"name":"Canal Dana","@id":"https:\/\/dana.com.br\/canaldana\/#\/schema\/person\/3c21f22f56fcf3bc46b94bc60ea4fef6"},"headline":"BYD inova e relan\u00e7a o Furg\u00e3o 100% el\u00e9trico eT3 no Brasil","datePublished":"2021-02-26T11:36:19+00:00","mainEntityOfPage":{"@id":"https:\/\/dana.com.br\/canaldana\/2021\/02\/26\/byd-inova-e-relanca-o-furgao-100-eletrico-et3-no-brasil\/"},"wordCount":690,"articleSection":["El\u00e9tricos"],"inLanguage":"pt-BR"},{"@type":"WebPage","@id":"https:\/\/dana.com.br\/canaldana\/2021\/02\/26\/byd-inova-e-relanca-o-furgao-100-eletrico-et3-no-brasil\/","url":"https:\/\/dana.com.br\/canaldana\/2021\/02\/26\/byd-inova-e-relanca-o-furgao-100-eletrico-et3-no-brasil\/","name":"BYD inova e relan\u00e7a o Furg\u00e3o 100% el\u00e9trico eT3 no Brasil - Canal Dana","isPartOf":{"@id":"https:\/\/dana.com.br\/canaldana\/#website"},"datePublished":"2021-02-26T11:36:19+00:00","author":{"@id":"https:\/\/dana.com.br\/canaldana\/#\/schema\/person\/3c21f22f56fcf3bc46b94bc60ea4fef6"},"breadcrumb":{"@id":"https:\/\/dana.com.br\/canaldana\/2021\/02\/26\/byd-inova-e-relanca-o-furgao-100-eletrico-et3-no-brasil\/#breadcrumb"},"inLanguage":"pt-BR","potentialAction":[{"@type":"ReadAction","target":["https:\/\/dana.com.br\/canaldana\/2021\/02\/26\/byd-inova-e-relanca-o-furgao-100-eletrico-et3-no-brasil\/"]}]},{"@type":"BreadcrumbList","@id":"https:\/\/dana.com.br\/canaldana\/2021\/02\/26\/byd-inova-e-relanca-o-furgao-100-eletrico-et3-no-brasil\/#breadcrumb","itemListElement":[{"@type":"ListItem","position":1,"name":"Home","item":"https:\/\/dana.com.br\/canaldana\/"},{"@type":"ListItem","position":2,"name":"El\u00e9tricos","item":"https:\/\/dana.com.br\/canaldana\/eletricos\/"},{"@type":"ListItem","position":3,"name":"BYD inova e relan\u00e7a o Furg\u00e3o 100% el\u00e9trico eT3 no Brasil"}]},{"@type":"WebSite","@id":"https:\/\/dana.com.br\/canaldana\/#website","url":"https:\/\/dana.com.br\/canaldana\/","name":"Canal Dana","description":"Informativo com as principais not\u00edcias da ind\u00fastria automotiva","potentialAction":[{"@type":"SearchAction","target":{"@type":"EntryPoint","urlTemplate":"https:\/\/dana.com.br\/canaldana\/?s={search_term_string}"},"query-input":{"@type":"PropertyValueSpecification","valueRequired":true,"valueName":"search_term_string"}}],"inLanguage":"pt-BR"},{"@type":"Person","@id":"https:\/\/dana.com.br\/canaldana\/#\/schema\/person\/3c21f22f56fcf3bc46b94bc60ea4fef6","name":"Canal Dana","image":{"@type":"ImageObject","inLanguage":"pt-BR","@id":"https:\/\/secure.gravatar.com\/avatar\/420aaf9278582877d9018637c6817617705899d2858d7572ef0fe59a6b6454b4?s=96&d=mm&r=g","url":"https:\/\/secure.gravatar.com\/avatar\/420aaf9278582877d9018637c6817617705899d2858d7572ef0fe59a6b6454b4?s=96&d=mm&r=g","contentUrl":"https:\/\/secure.gravatar.com\/avatar\/420aaf9278582877d9018637c6817617705899d2858d7572ef0fe59a6b6454b4?s=96&d=mm&r=g","caption":"Canal Dana"},"url":"https:\/\/dana.com.br\/canaldana\/author\/cdeditor\/"}]}},"_links":{"self":[{"href":"https:\/\/dana.com.br\/canaldana\/wp-json\/wp\/v2\/posts\/48357","targetHints":{"allow":["GET"]}}],"collection":[{"href":"https:\/\/dana.com.br\/canaldana\/wp-json\/wp\/v2\/posts"}],"about":[{"href":"https:\/\/dana.com.br\/canaldana\/wp-json\/wp\/v2\/types\/post"}],"author":[{"embeddable":true,"href":"https:\/\/dana.com.br\/canaldana\/wp-json\/wp\/v2\/users\/3"}],"replies":[{"embeddable":true,"href":"https:\/\/dana.com.br\/canaldana\/wp-json\/wp\/v2\/comments?post=48357"}],"version-history":[{"count":0,"href":"https:\/\/dana.com.br\/canaldana\/wp-json\/wp\/v2\/posts\/48357\/revisions"}],"wp:attachment":[{"href":"https:\/\/dana.com.br\/canaldana\/wp-json\/wp\/v2\/media?parent=48357"}],"wp:term":[{"taxonomy":"category","embeddable":true,"href":"https:\/\/dana.com.br\/canaldana\/wp-json\/wp\/v2\/categories?post=48357"},{"taxonomy":"post_tag","embeddable":true,"href":"https:\/\/dana.com.br\/canaldana\/wp-json\/wp\/v2\/tags?post=48357"}],"curies":[{"name":"wp","href":"https:\/\/api.w.org\/{rel}","templated":true}]}}